{"id":5457,"date":"2026-04-17T16:27:42","date_gmt":"2026-04-17T14:27:42","guid":{"rendered":"https:\/\/www.procoiffure.com\/blog\/?p=5457"},"modified":"2026-04-29T16:45:55","modified_gmt":"2026-04-29T14:45:55","slug":"hinaiti-secret-polynesien-cheveux-doux-brillants","status":"publish","type":"post","link":"https:\/\/www.procoiffure.com\/blog\/hinaiti-secret-polynesien-cheveux-doux-brillants\/","title":{"rendered":"Hinaiti : Un univers o\u00f9 la l\u00e9gende polyn\u00e9sienne rencontre l&rsquo;excellence capillaire."},"content":{"rendered":"\n<p>Et si le soin des cheveux devenait un v\u00e9ritable rituel d\u2019\u00e9vasion ? Avec <strong>Hinaiti<\/strong>, la beaut\u00e9 capillaire s\u2019inspire de la Polyn\u00e9sie, de ses lagons, de ses traditions et de ses ingr\u00e9dients pr\u00e9cieux, tout en s\u2019appuyant sur une fabrication fran\u00e7aise exigeante. Cette nouvelle gamme invite \u00e0 redonner aux cheveux ce qu\u2019ils perdent au fil du temps : de la douceur, de la brillance, de l\u2019hydratation et une sensation de fibre plus forte.<\/p>\n\n\n\n<p>Pens\u00e9e pour les <strong>cheveux secs, ternes et ab\u00eem\u00e9s<\/strong>, la gamme Hinaiti convient \u00e9galement aux cheveux color\u00e9s, d\u00e9color\u00e9s ou liss\u00e9s. Elle s\u2019adresse \u00e0 celles et ceux qui recherchent une routine sensorielle, efficace et raffin\u00e9e, capable d\u2019accompagner les cheveux fragilis\u00e9s sans les alourdir.<\/p>\n\n\n\n<p>Disponible chez <a href=\"https:\/\/www.procoiffure.com\/brand\/hinaiti\">Pro Coiffure Esth\u00e9tique<\/a>, Hinaiti r\u00e9unit trois soins essentiels : le shampooing, le conditionneur cr\u00e8me de coiffage et le masque. Ensemble, ils composent une routine compl\u00e8te inspir\u00e9e par deux tr\u00e9sors embl\u00e9matiques de Tahiti : <strong>la poudre de perle noire<\/strong> et <strong>l\u2019huile vierge de coco<\/strong>.<\/p>\n\n\n\n<h2 class=\"wp-block-heading\">Hinaiti, quand la l\u00e9gende polyn\u00e9sienne rencontre l\u2019expertise capillaire<\/h2>\n\n\n\n<h3 class=\"wp-block-heading\"><strong>Une marque inspir\u00e9e par Hina<\/strong><\/h3>\n\n\n\n<p>Le nom Hinaiti signifie \u00ab Petite Hina \u00bb. Il rend hommage \u00e0 Hina, figure f\u00e9minine majeure des l\u00e9gendes polyn\u00e9siennes, associ\u00e9e \u00e0 la lune et \u00e0 la fertilit\u00e9. \u00c0 travers cet univers, la marque c\u00e9l\u00e8bre la beaut\u00e9 des femmes polyn\u00e9siennes, pour qui les cheveux sont bien plus qu\u2019un attribut esth\u00e9tique : ils sont un symbole de f\u00e9minit\u00e9, de force et d\u2019harmonie avec la nature.<br>Cette inspiration se retrouve dans chaque d\u00e9tail de la gamme. Les textures, les actifs, la fragrance et l\u2019identit\u00e9 visuelle \u00e9voquent les \u00eeles du Pacifique, tout en conservant une approche professionnelle du soin capillaire.<\/p>\n\n\n\n<h3 class=\"wp-block-heading\">Une fabrication fran\u00e7aise exigeante<\/h3>\n\n\n\n<p>Hinaiti associe l\u2019inspiration tahitienne \u00e0 la rigueur cosm\u00e9tique fran\u00e7aise. Les soins sont fabriqu\u00e9s en France et formul\u00e9s avec plus de 97 % d\u2019ingr\u00e9dients d\u2019origine naturelle selon la marque. Cette alliance permet de proposer une routine \u00e0 la fois sensorielle et technique, pens\u00e9e pour r\u00e9pondre aux besoins r\u00e9els des cheveux fragilis\u00e9s.<\/p>\n\n\n\n<p>L\u2019objectif n\u2019est pas simplement d\u2019embellir la chevelure en surface. La gamme cherche \u00e0 accompagner la fibre capillaire dans une d\u00e9marche plus globale : nettoyer avec douceur, nourrir, hydrater, faciliter le coiffage et aider les cheveux \u00e0 retrouver une apparence plus saine.<\/p>\n\n\n\n<h2 class=\"wp-block-heading\">Pour quels cheveux utiliser la gamme Hinaiti ?<\/h2>\n\n\n\n<p>La routine Hinaiti est particuli\u00e8rement recommand\u00e9e aux <strong>cheveux secs<\/strong>, qui manquent de nutrition et deviennent r\u00eaches au toucher. Elle convient aussi aux <strong>cheveux ternes<\/strong>, lorsque la fibre ne refl\u00e8te plus correctement la lumi\u00e8re, ainsi qu\u2019aux <strong>cheveux ab\u00eem\u00e9s<\/strong> par les colorations, d\u00e9colorations, lissages, appareils chauffants, expositions solaires ou agressions ext\u00e9rieures.<\/p>\n\n\n\n<p>Les cheveux boucl\u00e9s, ondul\u00e9s ou textur\u00e9s peuvent \u00e9galement y trouver un r\u00e9el int\u00e9r\u00eat, car ils sont naturellement plus sujets \u00e0 la s\u00e9cheresse. Sur ce type de chevelure, une routine nourrissante et d\u00e9m\u00ealante aide \u00e0 limiter l\u2019aspect mousseux, \u00e0 redonner du ressort et \u00e0 am\u00e9liorer la d\u00e9finition.<\/p>\n\n\n\n<p>Pour les cheveux color\u00e9s ou d\u00e9color\u00e9s, l\u2019enjeu est diff\u00e9rent mais tout aussi important : pr\u00e9server la douceur, limiter la casse, maintenir la brillance et \u00e9viter que les longueurs ne deviennent poreuses. Hinaiti s\u2019int\u00e8gre alors comme une routine de soin r\u00e9guli\u00e8re, id\u00e9ale apr\u00e8s une prestation technique ou lorsque les cheveux semblent perdre en vitalit\u00e9.<\/p>\n\n\n\n<h2 class=\"wp-block-heading\">Les actifs pr\u00e9cieux au c\u0153ur des formules Hinaiti<\/h2>\n\n\n\n<h3 class=\"wp-block-heading\">La poudre de perle noire de Tahiti<\/h3>\n\n\n\n<p>Joyau rare de la Polyn\u00e9sie, la <strong>perle noire de Tahiti<\/strong> est l\u2019un des actifs signatures de Hinaiti. Elle est associ\u00e9e \u00e0 l\u2019\u00e9clat, \u00e0 la min\u00e9ralit\u00e9 et \u00e0 la beaut\u00e9 lumineuse des lagons.<\/p>\n\n\n\n<div class=\"wp-block-group is-nowrap is-layout-flex wp-container-core-group-is-layout-6c531013 wp-block-group-is-layout-flex\">\n<figure class=\"wp-block-image size-large\"><img fetchpriority=\"high\" decoding=\"async\" width=\"1024\" height=\"576\" src=\"https:\/\/www.procoiffure.com\/blog\/wp-content\/uploads\/2026\/04\/hinaiti-perle-noir-soin-capillaire-naturel-1024x576.png\" alt=\"perle noire de tahiti\" class=\"wp-image-5546\" srcset=\"https:\/\/www.procoiffure.com\/blog\/wp-content\/uploads\/2026\/04\/hinaiti-perle-noir-soin-capillaire-naturel-1024x576.png 1024w, https:\/\/www.procoiffure.com\/blog\/wp-content\/uploads\/2026\/04\/hinaiti-perle-noir-soin-capillaire-naturel-300x169.png 300w, https:\/\/www.procoiffure.com\/blog\/wp-content\/uploads\/2026\/04\/hinaiti-perle-noir-soin-capillaire-naturel-768x432.png 768w, https:\/\/www.procoiffure.com\/blog\/wp-content\/uploads\/2026\/04\/hinaiti-perle-noir-soin-capillaire-naturel-1536x864.png 1536w, https:\/\/www.procoiffure.com\/blog\/wp-content\/uploads\/2026\/04\/hinaiti-perle-noir-soin-capillaire-naturel.png 1688w\" sizes=\"(max-width: 1024px) 100vw, 1024px\" \/><\/figure>\n\n\n\n<p>Dans les formules capillaires Hinaiti, la poudre de perle noire est mise en avant pour ses propri\u00e9t\u00e9s embellissantes. Elle aide \u00e0 r\u00e9v\u00e9ler la brillance, \u00e0 apporter une sensation de cheveu plus doux et \u00e0 contribuer \u00e0 une fibre visiblement plus lumineuse. Elle est \u00e9galement pr\u00e9sent\u00e9e pour son action remin\u00e9ralisante et purifiante, int\u00e9ressante lorsque les cheveux semblent fatigu\u00e9s ou ternes.<\/p>\n<\/div>\n\n\n\n<h3 class=\"wp-block-heading\">L\u2019huile vierge de coco tahitienne<\/h3>\n\n\n\n<div class=\"wp-block-group is-nowrap is-layout-flex wp-container-core-group-is-layout-6c531013 wp-block-group-is-layout-flex\">\n<figure class=\"wp-block-image size-large\"><img decoding=\"async\" width=\"1024\" height=\"576\" src=\"https:\/\/www.procoiffure.com\/blog\/wp-content\/uploads\/2026\/04\/hinaiti-huile-de-coco-shampoing-naturel-1-1-1024x576.jpg\" alt=\"huile vierge de coco tahitienne \" class=\"wp-image-5547\" srcset=\"https:\/\/www.procoiffure.com\/blog\/wp-content\/uploads\/2026\/04\/hinaiti-huile-de-coco-shampoing-naturel-1-1-1024x576.jpg 1024w, https:\/\/www.procoiffure.com\/blog\/wp-content\/uploads\/2026\/04\/hinaiti-huile-de-coco-shampoing-naturel-1-1-300x169.jpg 300w, https:\/\/www.procoiffure.com\/blog\/wp-content\/uploads\/2026\/04\/hinaiti-huile-de-coco-shampoing-naturel-1-1-768x432.jpg 768w, https:\/\/www.procoiffure.com\/blog\/wp-content\/uploads\/2026\/04\/hinaiti-huile-de-coco-shampoing-naturel-1-1.jpg 1100w\" sizes=\"(max-width: 1024px) 100vw, 1024px\" \/><\/figure>\n\n\n\n<p>Autre ingr\u00e9dient embl\u00e9matique : <strong>l\u2019huile vierge de coco<\/strong>. Issue de l\u2019univers polyn\u00e9sien, elle est reconnue pour son affinit\u00e9 avec les cheveux secs et sensibilis\u00e9s. Elle apporte une sensation de nutrition intense, am\u00e9liore la souplesse et facilite le d\u00e9m\u00ealage.<\/p>\n<\/div>\n\n\n\n<p>L\u2019huile de coco est particuli\u00e8rement appr\u00e9ci\u00e9e sur les longueurs qui s\u2019emm\u00ealent facilement, les pointes s\u00e8ches et les cheveux qui manquent de discipline. Elle contribue \u00e0 rendre la mati\u00e8re plus douce, plus souple et plus agr\u00e9able \u00e0 coiffer.<\/p>\n\n\n\n<h3 class=\"wp-block-heading\">Les c\u00e9ramides phytor\u00e9paratrices<\/h3>\n\n\n\n<p>Hinaiti int\u00e8gre \u00e9galement des <strong>c\u00e9ramides phytor\u00e9paratrices<\/strong>, pens\u00e9es pour renforcer la fibre capillaire. Les c\u00e9ramides sont int\u00e9ressantes dans les soins pour cheveux ab\u00eem\u00e9s, car elles participent \u00e0 l\u2019effet barri\u00e8re et au confort de la fibre.<\/p>\n\n\n\n<p>Sur des cheveux sensibilis\u00e9s par les techniques ou la chaleur, cette approche aide \u00e0 am\u00e9liorer l\u2019apparence g\u00e9n\u00e9rale de la chevelure. Les longueurs semblent plus gain\u00e9es, mieux prot\u00e9g\u00e9es et moins vuln\u00e9rables au dess\u00e8chement.<\/p>\n\n\n\n<h3 class=\"wp-block-heading\">Le Moisturizer Repair Barrier<\/h3>\n\n\n\n<p>La technologie <strong>Moisturizer Repair Barrier<\/strong> compl\u00e8te l\u2019action de la gamme. Elle est pr\u00e9sent\u00e9e comme un complexe qui aide \u00e0 r\u00e9guler la perte en eau, \u00e0 hydrater durablement le cuir chevelu, \u00e0 nourrir, adoucir et prot\u00e9ger.<\/p>\n\n\n\n<p>C\u2019est un point essentiel, car une belle chevelure ne d\u00e9pend pas uniquement des longueurs. Un cuir chevelu inconfortable, sec ou d\u00e9s\u00e9quilibr\u00e9 peut influencer la qualit\u00e9 des cheveux. Hinaiti propose donc une approche compl\u00e8te, orient\u00e9e \u00e0 la fois vers la fibre et le cuir chevelu.<\/p>\n\n\n\n<h2 class=\"wp-block-heading\">La routine Hinaiti<\/h2>\n\n\n\n<figure class=\"wp-block-image aligncenter size-large is-resized\"><img decoding=\"async\" width=\"1024\" height=\"768\" src=\"https:\/\/www.procoiffure.com\/blog\/wp-content\/uploads\/2026\/04\/ChatGPT-Image-29-avr.-2026-14_51_22-3-1024x768.png\" alt=\"routine capillaire Hinaiti \" class=\"wp-image-5544\" style=\"width:371px;height:auto\" srcset=\"https:\/\/www.procoiffure.com\/blog\/wp-content\/uploads\/2026\/04\/ChatGPT-Image-29-avr.-2026-14_51_22-3-1024x768.png 1024w, https:\/\/www.procoiffure.com\/blog\/wp-content\/uploads\/2026\/04\/ChatGPT-Image-29-avr.-2026-14_51_22-3-300x225.png 300w, https:\/\/www.procoiffure.com\/blog\/wp-content\/uploads\/2026\/04\/ChatGPT-Image-29-avr.-2026-14_51_22-3-768x576.png 768w, https:\/\/www.procoiffure.com\/blog\/wp-content\/uploads\/2026\/04\/ChatGPT-Image-29-avr.-2026-14_51_22-3.png 1448w\" sizes=\"(max-width: 1024px) 100vw, 1024px\" \/><\/figure>\n\n\n\n<h3 class=\"wp-block-heading\">Le Shampooing Nourrissant &amp; R\u00e9parateur Hinaiti<\/h3>\n\n\n\n<div class=\"wp-block-group is-nowrap is-layout-flex wp-container-core-group-is-layout-6c531013 wp-block-group-is-layout-flex\">\n<figure class=\"wp-block-image size-full\"><img loading=\"lazy\" decoding=\"async\" width=\"798\" height=\"798\" src=\"https:\/\/www.procoiffure.com\/blog\/wp-content\/uploads\/2026\/04\/574274113_18351661378161274_1316111670785785038_n-1.jpg\" alt=\"Shampooing nourrissant et reparateur\" class=\"wp-image-5539\" srcset=\"https:\/\/www.procoiffure.com\/blog\/wp-content\/uploads\/2026\/04\/574274113_18351661378161274_1316111670785785038_n-1.jpg 798w, https:\/\/www.procoiffure.com\/blog\/wp-content\/uploads\/2026\/04\/574274113_18351661378161274_1316111670785785038_n-1-300x300.jpg 300w, https:\/\/www.procoiffure.com\/blog\/wp-content\/uploads\/2026\/04\/574274113_18351661378161274_1316111670785785038_n-1-150x150.jpg 150w, https:\/\/www.procoiffure.com\/blog\/wp-content\/uploads\/2026\/04\/574274113_18351661378161274_1316111670785785038_n-1-768x768.jpg 768w\" sizes=\"(max-width: 798px) 100vw, 798px\" \/><\/figure>\n\n\n\n<p>Premi\u00e8re \u00e9tape de la routine, le <a href=\"https:\/\/www.procoiffure.com\/shampoing-nourrissant-reparateur-hinaiti-250ml\">Shampooing Nourrissant &amp; R\u00e9parateur Hinaiti 250 ml<\/a> nettoie les cheveux avec douceur tout en aidant \u00e0 prot\u00e9ger et fortifier la fibre. Sa texture cr\u00e8me est id\u00e9ale pour les cheveux secs ou sensibilis\u00e9s qui ont besoin d\u2019un lavage respectueux.<\/p>\n<\/div>\n\n\n\n<p>Il aide \u00e0 apporter brillance et souplesse, tout en adoucissant le cuir chevelu. Pour les cheveux ab\u00eem\u00e9s, c\u2019est une \u00e9tape importante : un shampooing trop d\u00e9capant peut accentuer la s\u00e9cheresse, tandis qu\u2019un shampooing adapt\u00e9 pr\u00e9pare les longueurs \u00e0 recevoir les soins suivants.<\/p>\n\n\n\n<h3 class=\"wp-block-heading\">Le Conditionneur Nourrissant &amp; R\u00e9parateur Hinaiti<\/h3>\n\n\n\n<div class=\"wp-block-group is-nowrap is-layout-flex wp-container-core-group-is-layout-6c531013 wp-block-group-is-layout-flex\">\n<figure class=\"wp-block-image size-full\"><img loading=\"lazy\" decoding=\"async\" width=\"768\" height=\"768\" src=\"https:\/\/www.procoiffure.com\/blog\/wp-content\/uploads\/2026\/04\/conditionneur_plage-2-1.jpg\" alt=\"conditionneur cr\u00e8me de coiffage Hinaiti \" class=\"wp-image-5541\" srcset=\"https:\/\/www.procoiffure.com\/blog\/wp-content\/uploads\/2026\/04\/conditionneur_plage-2-1.jpg 768w, https:\/\/www.procoiffure.com\/blog\/wp-content\/uploads\/2026\/04\/conditionneur_plage-2-1-300x300.jpg 300w, https:\/\/www.procoiffure.com\/blog\/wp-content\/uploads\/2026\/04\/conditionneur_plage-2-1-150x150.jpg 150w\" sizes=\"(max-width: 768px) 100vw, 768px\" \/><\/figure>\n\n\n\n<p>Le <a href=\"https:\/\/www.procoiffure.com\/conditionneur-et-creme-de-coiffage-hinaiti-250ml\">Conditionneur et Cr\u00e8me de Coiffage Hinaiti 250 ml<\/a> est un soin 2 en 1 particuli\u00e8rement pratique. Utilis\u00e9 comme conditionneur, il aide \u00e0 d\u00e9m\u00ealer, hydrater, nourrir et assouplir les cheveux apr\u00e8s le shampooing. Utilis\u00e9 comme cr\u00e8me de coiffage, il permet de structurer la chevelure avec une tenue l\u00e9g\u00e8re, sans alourdir les longueurs.<\/p>\n<\/div>\n\n\n\n<p>C\u2019est un produit tr\u00e8s int\u00e9ressant pour les cheveux secs, boucl\u00e9s, ondul\u00e9s ou indisciplin\u00e9s. Il facilite le coiffage, am\u00e9liore la douceur au toucher et aide les cheveux \u00e0 conserver un mouvement naturel.<\/p>\n\n\n\n<h3 class=\"wp-block-heading\">Le Masque Hydratant &amp; R\u00e9parateur Hinaiti<\/h3>\n\n\n\n<div class=\"wp-block-group is-nowrap is-layout-flex wp-container-core-group-is-layout-6c531013 wp-block-group-is-layout-flex\">\n<figure class=\"wp-block-image size-full\"><img loading=\"lazy\" decoding=\"async\" width=\"864\" height=\"864\" src=\"https:\/\/www.procoiffure.com\/blog\/wp-content\/uploads\/2026\/04\/587487533_18354344287161274_675782288413192040_n-1.jpg\" alt=\"masque hydratant &amp; r\u00e9parateur hinaiti\" class=\"wp-image-5542\" srcset=\"https:\/\/www.procoiffure.com\/blog\/wp-content\/uploads\/2026\/04\/587487533_18354344287161274_675782288413192040_n-1.jpg 864w, https:\/\/www.procoiffure.com\/blog\/wp-content\/uploads\/2026\/04\/587487533_18354344287161274_675782288413192040_n-1-300x300.jpg 300w, https:\/\/www.procoiffure.com\/blog\/wp-content\/uploads\/2026\/04\/587487533_18354344287161274_675782288413192040_n-1-150x150.jpg 150w, https:\/\/www.procoiffure.com\/blog\/wp-content\/uploads\/2026\/04\/587487533_18354344287161274_675782288413192040_n-1-768x768.jpg 768w\" sizes=\"(max-width: 864px) 100vw, 864px\" \/><\/figure>\n\n\n\n<p>Pour une action plus profonde, le <a href=\"https:\/\/www.procoiffure.com\/masque-reparateur-hinaiti-200-ml\">Masque Hydratant &amp; R\u00e9parateur Hinaiti 200 ml<\/a> compl\u00e8te parfaitement la routine. Il s\u2019adresse aux cheveux qui ont besoin d\u2019un soin plus intense, notamment lorsque les longueurs sont r\u00eaches, poreuses ou difficiles \u00e0 d\u00e9m\u00ealer.<\/p>\n<\/div>\n\n\n\n<p>Appliqu\u00e9 une \u00e0 deux fois par semaine, il aide \u00e0 hydrater, nourrir et r\u00e9parer l\u2019apparence de la fibre. Il apporte un vrai moment de soin, id\u00e9al pour restaurer progressivement la douceur et la brillance des cheveux secs ou ab\u00eem\u00e9s.<\/p>\n\n\n\n<h3 class=\"wp-block-heading\">La Trousse Cure R\u00e9g\u00e9n\u00e9rante Hinaiti<\/h3>\n\n\n\n<div class=\"wp-block-group is-nowrap is-layout-flex wp-container-core-group-is-layout-6c531013 wp-block-group-is-layout-flex\">\n<figure class=\"wp-block-image size-full\"><img loading=\"lazy\" decoding=\"async\" width=\"594\" height=\"588\" src=\"https:\/\/www.procoiffure.com\/blog\/wp-content\/uploads\/2026\/04\/image.png\" alt=\"trousse cure r\u00e9g\u00e9n\u00e9rante hinaiti\" class=\"wp-image-5543\" srcset=\"https:\/\/www.procoiffure.com\/blog\/wp-content\/uploads\/2026\/04\/image.png 594w, https:\/\/www.procoiffure.com\/blog\/wp-content\/uploads\/2026\/04\/image-300x297.png 300w\" sizes=\"(max-width: 594px) 100vw, 594px\" \/><\/figure>\n\n\n\n<p>Pour adopter la routine compl\u00e8te, la <a href=\"https:\/\/www.procoiffure.com\/trousse-cure-regenerante-hinaiti\">Trousse Cure R\u00e9g\u00e9n\u00e9rante Hinaiti<\/a> est une excellente option. Elle r\u00e9unit les indispensables de la gamme dans un format id\u00e9al pour d\u00e9couvrir Hinaiti ou offrir un rituel capillaire premium.<\/p>\n<\/div>\n\n\n\n<p><\/p>\n\n\n\n<h2 class=\"wp-block-heading\">Comment utiliser Hinaiti pour optimiser les r\u00e9sultats ?<\/h2>\n\n\n\n<p>Commencez par appliquer le shampooing sur cheveux mouill\u00e9s. Massez d\u00e9licatement le cuir chevelu avec la pulpe des doigts, sans frotter les longueurs. Rincez soigneusement \u00e0 l\u2019eau ti\u00e8de.<\/p>\n\n\n\n<p>Apr\u00e8s le shampooing, appliquez le conditionneur sur les longueurs et les pointes. En suite, laissez agir quelques instants, puis d\u00e9m\u00ealez avec douceur. Astuce : Sur cheveux boucl\u00e9s ou textur\u00e9s, il peut aussi \u00eatre utilis\u00e9 en petite quantit\u00e9 comme cr\u00e8me de coiffage pour aider \u00e0 d\u00e9finir la mati\u00e8re.<\/p>\n\n\n\n<p>Une \u00e0 deux fois par semaine, remplacez ou compl\u00e9tez le conditionneur avec le masque. Laissez poser quelques minutes, puis rincez abondamment. Pour les cheveux tr\u00e8s secs ou ab\u00eem\u00e9s, la r\u00e9gularit\u00e9 est essentielle : les r\u00e9sultats s\u2019installent progressivement lorsque la routine est suivie pendant plusieurs semaines.<\/p>\n\n\n\n<h2 class=\"wp-block-heading\">Une fragrance solaire : Fleur de Lagon<\/h2>\n\n\n\n<p>Hinaiti ne soigne pas seulement les cheveux, elle transforme aussi la routine en exp\u00e9rience sensorielle. Sa fragrance <strong>Fleur de Lagon<\/strong> \u00e9voque les \u00eeles du Pacifique avec des notes douces, florales et solaires autour de la coco.<\/p>\n\n\n\n<p>Ce parfum d\u00e9licat accompagne le geste sans \u00eatre envahissant. Il laisse sur les cheveux une sensation de fra\u00eecheur, de propret\u00e9 et d\u2019\u00e9vasion, comme une parenth\u00e8se tropicale dans la salle de bain.<\/p>\n\n\n\n<figure class=\"wp-block-image aligncenter size-large is-resized\"><img loading=\"lazy\" decoding=\"async\" width=\"1024\" height=\"768\" src=\"https:\/\/www.procoiffure.com\/blog\/wp-content\/uploads\/2026\/04\/ChatGPT-Image-29-avr.-2026-14_51_22-1-1024x768.png\" alt=\"Gamme Hinaiti parfum d\u00e9licat\" class=\"wp-image-5555\" style=\"aspect-ratio:1.3333490454866839;width:795px;height:auto\" srcset=\"https:\/\/www.procoiffure.com\/blog\/wp-content\/uploads\/2026\/04\/ChatGPT-Image-29-avr.-2026-14_51_22-1-1024x768.png 1024w, https:\/\/www.procoiffure.com\/blog\/wp-content\/uploads\/2026\/04\/ChatGPT-Image-29-avr.-2026-14_51_22-1-300x225.png 300w, https:\/\/www.procoiffure.com\/blog\/wp-content\/uploads\/2026\/04\/ChatGPT-Image-29-avr.-2026-14_51_22-1-768x576.png 768w, https:\/\/www.procoiffure.com\/blog\/wp-content\/uploads\/2026\/04\/ChatGPT-Image-29-avr.-2026-14_51_22-1.png 1448w\" sizes=\"(max-width: 1024px) 100vw, 1024px\" \/><\/figure>\n\n\n\n<h2 class=\"wp-block-heading\">Quels r\u00e9sultats attendre ?<\/h2>\n\n\n\n<p>D\u00e8s 28 jours, les cheveux apparaissent plus doux, plus soyeux, mieux hydrat\u00e9s et plus brillants. De puis, le cuir chevelu semble \u00e9galement plus confortable et r\u00e9\u00e9quilibr\u00e9.<\/p>\n\n\n\n<figure class=\"wp-block-image aligncenter size-large is-resized is-style-default\"><img loading=\"lazy\" decoding=\"async\" width=\"825\" height=\"1024\" src=\"https:\/\/www.procoiffure.com\/blog\/wp-content\/uploads\/2026\/04\/HINAITI-APRES-1-825x1024.jpg\" alt=\"Avant \/ apr\u00e8s Hinaiti  \" class=\"wp-image-5548\" style=\"aspect-ratio:0.8056923918992884;width:230px;height:auto\" srcset=\"https:\/\/www.procoiffure.com\/blog\/wp-content\/uploads\/2026\/04\/HINAITI-APRES-1-825x1024.jpg 825w, https:\/\/www.procoiffure.com\/blog\/wp-content\/uploads\/2026\/04\/HINAITI-APRES-1-242x300.jpg 242w, https:\/\/www.procoiffure.com\/blog\/wp-content\/uploads\/2026\/04\/HINAITI-APRES-1-768x953.jpg 768w, https:\/\/www.procoiffure.com\/blog\/wp-content\/uploads\/2026\/04\/HINAITI-APRES-1-1238x1536.jpg 1238w, https:\/\/www.procoiffure.com\/blog\/wp-content\/uploads\/2026\/04\/HINAITI-APRES-1.jpg 1547w\" sizes=\"(max-width: 825px) 100vw, 825px\" \/><\/figure>\n\n\n\n<figure class=\"wp-block-image aligncenter size-large is-resized\"><img loading=\"lazy\" decoding=\"async\" width=\"825\" height=\"1024\" src=\"https:\/\/www.procoiffure.com\/blog\/wp-content\/uploads\/2026\/04\/HINAITI-AVANT-2-1-825x1024.png\" alt=\"Avant \/ apr\u00e8s Hinaiti \" class=\"wp-image-5551\" style=\"width:228px;height:auto\" srcset=\"https:\/\/www.procoiffure.com\/blog\/wp-content\/uploads\/2026\/04\/HINAITI-AVANT-2-1-825x1024.png 825w, https:\/\/www.procoiffure.com\/blog\/wp-content\/uploads\/2026\/04\/HINAITI-AVANT-2-1-242x300.png 242w, https:\/\/www.procoiffure.com\/blog\/wp-content\/uploads\/2026\/04\/HINAITI-AVANT-2-1-768x953.png 768w, https:\/\/www.procoiffure.com\/blog\/wp-content\/uploads\/2026\/04\/HINAITI-AVANT-2-1-1238x1536.png 1238w, https:\/\/www.procoiffure.com\/blog\/wp-content\/uploads\/2026\/04\/HINAITI-AVANT-2-1.png 1547w\" sizes=\"(max-width: 825px) 100vw, 825px\" \/><\/figure>\n\n\n\n<div class=\"wp-block-group is-nowrap is-layout-flex wp-container-core-group-is-layout-6c531013 wp-block-group-is-layout-flex\">\n<p>Comme pour toute routine capillaire, les r\u00e9sultats d\u00e9pendent de l\u2019\u00e9tat initial des cheveux, de la r\u00e9gularit\u00e9 d\u2019utilisation et des habitudes quotidiennes. Pour pr\u00e9server les b\u00e9n\u00e9fices, il est conseill\u00e9 de limiter les appareils chauffants, d\u2019utiliser une temp\u00e9rature mod\u00e9r\u00e9e lors du s\u00e9chage et de prot\u00e9ger les cheveux lors des expositions prolong\u00e9es au soleil.<\/p>\n<\/div>\n\n\n\n<figure class=\"wp-block-image aligncenter size-large is-resized\"><img loading=\"lazy\" decoding=\"async\" width=\"1024\" height=\"414\" src=\"https:\/\/www.procoiffure.com\/blog\/wp-content\/uploads\/2026\/04\/33image-light-1024x414.jpg\" alt=\"\" class=\"wp-image-5554\" style=\"aspect-ratio:2.473504721930745;width:858px;height:auto\" srcset=\"https:\/\/www.procoiffure.com\/blog\/wp-content\/uploads\/2026\/04\/33image-light-1024x414.jpg 1024w, https:\/\/www.procoiffure.com\/blog\/wp-content\/uploads\/2026\/04\/33image-light-300x121.jpg 300w, https:\/\/www.procoiffure.com\/blog\/wp-content\/uploads\/2026\/04\/33image-light-768x310.jpg 768w, https:\/\/www.procoiffure.com\/blog\/wp-content\/uploads\/2026\/04\/33image-light-1536x621.jpg 1536w, https:\/\/www.procoiffure.com\/blog\/wp-content\/uploads\/2026\/04\/33image-light.jpg 1920w\" sizes=\"(max-width: 1024px) 100vw, 1024px\" \/><\/figure>\n\n\n\n<h2 class=\"wp-block-heading\"><strong>Plus qu\u2019une marque, un rituel de beaut\u00e9 h\u00e9rit\u00e9 de la Polyn\u00e9sie<\/strong><\/h2>\n\n\n\n<p>Hinaiti ne se r\u00e9sume pas \u00e0 une routine capillaire : c\u2019est une parenth\u00e8se de soin inspir\u00e9e de la Polyn\u00e9sie, pens\u00e9e pour redonner aux cheveux secs, ternes ou ab\u00eem\u00e9s une sensation de douceur, de confort et de beaut\u00e9 retrouv\u00e9e.<\/p>\n\n\n\n<p>Avec ses actifs pr\u00e9cieux, ses textures sensorielles et sa fabrication fran\u00e7aise, la gamme accompagne la chevelure jour apr\u00e8s jour, avec une vraie exigence de soin. Une belle invitation \u00e0 ralentir, \u00e0 sublimer sa mati\u00e8re naturelle et \u00e0 faire de chaque lavage un rituel plus pr\u00e9cieux.<\/p>\n\n\n\n<p>Venez d\u00e9couvrir la routine Hinaiti chez <strong>Pro Coiffure Esth\u00e9tique<\/strong>, directement sur notre site, ainsi que dans nos boutiques de <strong>Nice Pastorelli, Cannes, Grasse, Menton, Mandelieu, Polygone Riviera et Antibes Olympie<\/strong>.<\/p>\n","protected":false},"excerpt":{"rendered":"<p>Et si le soin des cheveux devenait un v\u00e9ritable rituel d\u2019\u00e9vasion ? Avec Hinaiti, la beaut\u00e9 capillaire s\u2019inspire de la Polyn\u00e9sie, de ses lagons, de ses traditions et de ses ingr\u00e9dients pr\u00e9cieux, tout en s\u2019appuyant sur une fabrication fran\u00e7aise exigeante. Cette nouvelle gamme invite \u00e0 redonner aux cheveux ce qu\u2019ils perdent au fil du temps [&hellip;]<\/p>\n","protected":false},"author":4,"featured_media":5476,"comment_status":"open","ping_status":"open","sticky":false,"template":"","format":"standard","meta":{"_jetpack_memberships_contains_paid_content":false,"footnotes":""},"categories":[5,7],"tags":[],"class_list":["post-5457","post","type-post","status-publish","format-standard","has-post-thumbnail","hentry","category-coiffure","category-tendance"],"yoast_head":"<!-- This site is optimized with the Yoast SEO plugin v27.2 - https:\/\/yoast.com\/product\/yoast-seo-wordpress\/ -->\n<title>Hinaiti : le secret polyn\u00e9sien pour des cheveux doux et brillants<\/title>\n<meta name=\"description\" content=\"Plongez dans l\u2019univers Hinaiti, une routine capillaire inspir\u00e9e de la Polyn\u00e9sie pour retrouver des cheveux plus doux, brillants et visiblement nourris.\" \/>\n<meta name=\"robots\" content=\"index, follow, max-snippet:-1, max-image-preview:large, max-video-preview:-1\" \/>\n<link rel=\"canonical\" href=\"https:\/\/www.procoiffure.com\/blog\/hinaiti-secret-polynesien-cheveux-doux-brillants\/\" \/>\n<meta property=\"og:locale\" content=\"fr_FR\" \/>\n<meta property=\"og:type\" content=\"article\" \/>\n<meta property=\"og:title\" content=\"Hinaiti : le secret polyn\u00e9sien pour des cheveux doux et brillants\" \/>\n<meta property=\"og:description\" content=\"Plongez dans l\u2019univers Hinaiti, une routine capillaire inspir\u00e9e de la Polyn\u00e9sie pour retrouver des cheveux plus doux, brillants et visiblement nourris.\" \/>\n<meta property=\"og:url\" content=\"https:\/\/www.procoiffure.com\/blog\/hinaiti-secret-polynesien-cheveux-doux-brillants\/\" \/>\n<meta property=\"og:site_name\" content=\"L&#039;actu beaut\u00e9 | Pro Coiffure Esht\u00e9tique\" \/>\n<meta property=\"article:published_time\" content=\"2026-04-17T14:27:42+00:00\" \/>\n<meta property=\"article:modified_time\" content=\"2026-04-29T14:45:55+00:00\" \/>\n<meta property=\"og:image\" content=\"https:\/\/www.procoiffure.com\/blog\/wp-content\/uploads\/2026\/04\/Visuels-Blog-Couverture-5.png\" \/>\n\t<meta property=\"og:image:width\" content=\"1080\" \/>\n\t<meta property=\"og:image:height\" content=\"1080\" \/>\n\t<meta property=\"og:image:type\" content=\"image\/png\" \/>\n<meta name=\"author\" content=\"Elodie Soulier\" \/>\n<meta name=\"twitter:card\" content=\"summary_large_image\" \/>\n<meta name=\"twitter:label1\" content=\"\u00c9crit par\" \/>\n\t<meta name=\"twitter:data1\" content=\"Elodie Soulier\" \/>\n\t<meta name=\"twitter:label2\" content=\"Dur\u00e9e de lecture estim\u00e9e\" \/>\n\t<meta name=\"twitter:data2\" content=\"11 minutes\" \/>\n<script type=\"application\/ld+json\" class=\"yoast-schema-graph\">{\"@context\":\"https:\/\/schema.org\",\"@graph\":[{\"@type\":\"Article\",\"@id\":\"https:\/\/www.procoiffure.com\/blog\/hinaiti-secret-polynesien-cheveux-doux-brillants\/#article\",\"isPartOf\":{\"@id\":\"https:\/\/www.procoiffure.com\/blog\/hinaiti-secret-polynesien-cheveux-doux-brillants\/\"},\"author\":{\"name\":\"Elodie Soulier\",\"@id\":\"https:\/\/www.procoiffure.com\/blog\/#\/schema\/person\/1737ca6207ae0dec18ceab1195f285c8\"},\"headline\":\"Hinaiti : Un univers o\u00f9 la l\u00e9gende polyn\u00e9sienne rencontre l&rsquo;excellence capillaire.\",\"datePublished\":\"2026-04-17T14:27:42+00:00\",\"dateModified\":\"2026-04-29T14:45:55+00:00\",\"mainEntityOfPage\":{\"@id\":\"https:\/\/www.procoiffure.com\/blog\/hinaiti-secret-polynesien-cheveux-doux-brillants\/\"},\"wordCount\":1793,\"commentCount\":0,\"publisher\":{\"@id\":\"https:\/\/www.procoiffure.com\/blog\/#organization\"},\"image\":{\"@id\":\"https:\/\/www.procoiffure.com\/blog\/hinaiti-secret-polynesien-cheveux-doux-brillants\/#primaryimage\"},\"thumbnailUrl\":\"https:\/\/www.procoiffure.com\/blog\/wp-content\/uploads\/2026\/04\/Visuels-Blog-Couverture-5.png\",\"articleSection\":[\"Coiffure\",\"Tendance\"],\"inLanguage\":\"fr-FR\",\"potentialAction\":[{\"@type\":\"CommentAction\",\"name\":\"Comment\",\"target\":[\"https:\/\/www.procoiffure.com\/blog\/hinaiti-secret-polynesien-cheveux-doux-brillants\/#respond\"]}]},{\"@type\":\"WebPage\",\"@id\":\"https:\/\/www.procoiffure.com\/blog\/hinaiti-secret-polynesien-cheveux-doux-brillants\/\",\"url\":\"https:\/\/www.procoiffure.com\/blog\/hinaiti-secret-polynesien-cheveux-doux-brillants\/\",\"name\":\"Hinaiti : le secret polyn\u00e9sien pour des cheveux doux et brillants\",\"isPartOf\":{\"@id\":\"https:\/\/www.procoiffure.com\/blog\/#website\"},\"primaryImageOfPage\":{\"@id\":\"https:\/\/www.procoiffure.com\/blog\/hinaiti-secret-polynesien-cheveux-doux-brillants\/#primaryimage\"},\"image\":{\"@id\":\"https:\/\/www.procoiffure.com\/blog\/hinaiti-secret-polynesien-cheveux-doux-brillants\/#primaryimage\"},\"thumbnailUrl\":\"https:\/\/www.procoiffure.com\/blog\/wp-content\/uploads\/2026\/04\/Visuels-Blog-Couverture-5.png\",\"datePublished\":\"2026-04-17T14:27:42+00:00\",\"dateModified\":\"2026-04-29T14:45:55+00:00\",\"description\":\"Plongez dans l\u2019univers Hinaiti, une routine capillaire inspir\u00e9e de la Polyn\u00e9sie pour retrouver des cheveux plus doux, brillants et visiblement nourris.\",\"breadcrumb\":{\"@id\":\"https:\/\/www.procoiffure.com\/blog\/hinaiti-secret-polynesien-cheveux-doux-brillants\/#breadcrumb\"},\"inLanguage\":\"fr-FR\",\"potentialAction\":[{\"@type\":\"ReadAction\",\"target\":[\"https:\/\/www.procoiffure.com\/blog\/hinaiti-secret-polynesien-cheveux-doux-brillants\/\"]}]},{\"@type\":\"ImageObject\",\"inLanguage\":\"fr-FR\",\"@id\":\"https:\/\/www.procoiffure.com\/blog\/hinaiti-secret-polynesien-cheveux-doux-brillants\/#primaryimage\",\"url\":\"https:\/\/www.procoiffure.com\/blog\/wp-content\/uploads\/2026\/04\/Visuels-Blog-Couverture-5.png\",\"contentUrl\":\"https:\/\/www.procoiffure.com\/blog\/wp-content\/uploads\/2026\/04\/Visuels-Blog-Couverture-5.png\",\"width\":1080,\"height\":1080},{\"@type\":\"BreadcrumbList\",\"@id\":\"https:\/\/www.procoiffure.com\/blog\/hinaiti-secret-polynesien-cheveux-doux-brillants\/#breadcrumb\",\"itemListElement\":[{\"@type\":\"ListItem\",\"position\":1,\"name\":\"Accueil\",\"item\":\"https:\/\/www.procoiffure.com\/blog\/\"},{\"@type\":\"ListItem\",\"position\":2,\"name\":\"Hinaiti : Un univers o\u00f9 la l\u00e9gende polyn\u00e9sienne rencontre l&rsquo;excellence capillaire.\"}]},{\"@type\":\"WebSite\",\"@id\":\"https:\/\/www.procoiffure.com\/blog\/#website\",\"url\":\"https:\/\/www.procoiffure.com\/blog\/\",\"name\":\"L'actu beaut\u00e9 | Pro Coiffure Esth\u00e9tique\",\"description\":\"\",\"publisher\":{\"@id\":\"https:\/\/www.procoiffure.com\/blog\/#organization\"},\"potentialAction\":[{\"@type\":\"SearchAction\",\"target\":{\"@type\":\"EntryPoint\",\"urlTemplate\":\"https:\/\/www.procoiffure.com\/blog\/?s={search_term_string}\"},\"query-input\":{\"@type\":\"PropertyValueSpecification\",\"valueRequired\":true,\"valueName\":\"search_term_string\"}}],\"inLanguage\":\"fr-FR\"},{\"@type\":\"Organization\",\"@id\":\"https:\/\/www.procoiffure.com\/blog\/#organization\",\"name\":\"Le Blog de No\u00e9mie\",\"url\":\"https:\/\/www.procoiffure.com\/blog\/\",\"logo\":{\"@type\":\"ImageObject\",\"inLanguage\":\"fr-FR\",\"@id\":\"https:\/\/www.procoiffure.com\/blog\/#\/schema\/logo\/image\/\",\"url\":\"https:\/\/www.procoiffure.com\/blog\/wp-content\/uploads\/2025\/03\/LOGO-BLOG-1.png\",\"contentUrl\":\"https:\/\/www.procoiffure.com\/blog\/wp-content\/uploads\/2025\/03\/LOGO-BLOG-1.png\",\"width\":998,\"height\":397,\"caption\":\"Le Blog de No\u00e9mie\"},\"image\":{\"@id\":\"https:\/\/www.procoiffure.com\/blog\/#\/schema\/logo\/image\/\"}},{\"@type\":\"Person\",\"@id\":\"https:\/\/www.procoiffure.com\/blog\/#\/schema\/person\/1737ca6207ae0dec18ceab1195f285c8\",\"name\":\"Elodie Soulier\",\"image\":{\"@type\":\"ImageObject\",\"inLanguage\":\"fr-FR\",\"@id\":\"https:\/\/secure.gravatar.com\/avatar\/1d7d61bb3f84fbe0ce04787c39b28f1c9e04603618601bee9eaed59905cd11ef?s=96&d=color&r=g\",\"url\":\"https:\/\/secure.gravatar.com\/avatar\/1d7d61bb3f84fbe0ce04787c39b28f1c9e04603618601bee9eaed59905cd11ef?s=96&d=color&r=g\",\"contentUrl\":\"https:\/\/secure.gravatar.com\/avatar\/1d7d61bb3f84fbe0ce04787c39b28f1c9e04603618601bee9eaed59905cd11ef?s=96&d=color&r=g\",\"caption\":\"Elodie Soulier\"},\"url\":\"https:\/\/www.procoiffure.com\/blog\/author\/elodie-soul\/\"}]}<\/script>\n<!-- \/ Yoast SEO plugin. -->","yoast_head_json":{"title":"Hinaiti : le secret polyn\u00e9sien pour des cheveux doux et brillants","description":"Plongez dans l\u2019univers Hinaiti, une routine capillaire inspir\u00e9e de la Polyn\u00e9sie pour retrouver des cheveux plus doux, brillants et visiblement nourris.","robots":{"index":"index","follow":"follow","max-snippet":"max-snippet:-1","max-image-preview":"max-image-preview:large","max-video-preview":"max-video-preview:-1"},"canonical":"https:\/\/www.procoiffure.com\/blog\/hinaiti-secret-polynesien-cheveux-doux-brillants\/","og_locale":"fr_FR","og_type":"article","og_title":"Hinaiti : le secret polyn\u00e9sien pour des cheveux doux et brillants","og_description":"Plongez dans l\u2019univers Hinaiti, une routine capillaire inspir\u00e9e de la Polyn\u00e9sie pour retrouver des cheveux plus doux, brillants et visiblement nourris.","og_url":"https:\/\/www.procoiffure.com\/blog\/hinaiti-secret-polynesien-cheveux-doux-brillants\/","og_site_name":"L&#039;actu beaut\u00e9 | Pro Coiffure Esht\u00e9tique","article_published_time":"2026-04-17T14:27:42+00:00","article_modified_time":"2026-04-29T14:45:55+00:00","og_image":[{"width":1080,"height":1080,"url":"https:\/\/www.procoiffure.com\/blog\/wp-content\/uploads\/2026\/04\/Visuels-Blog-Couverture-5.png","type":"image\/png"}],"author":"Elodie Soulier","twitter_card":"summary_large_image","twitter_misc":{"\u00c9crit par":"Elodie Soulier","Dur\u00e9e de lecture estim\u00e9e":"11 minutes"},"schema":{"@context":"https:\/\/schema.org","@graph":[{"@type":"Article","@id":"https:\/\/www.procoiffure.com\/blog\/hinaiti-secret-polynesien-cheveux-doux-brillants\/#article","isPartOf":{"@id":"https:\/\/www.procoiffure.com\/blog\/hinaiti-secret-polynesien-cheveux-doux-brillants\/"},"author":{"name":"Elodie Soulier","@id":"https:\/\/www.procoiffure.com\/blog\/#\/schema\/person\/1737ca6207ae0dec18ceab1195f285c8"},"headline":"Hinaiti : Un univers o\u00f9 la l\u00e9gende polyn\u00e9sienne rencontre l&rsquo;excellence capillaire.","datePublished":"2026-04-17T14:27:42+00:00","dateModified":"2026-04-29T14:45:55+00:00","mainEntityOfPage":{"@id":"https:\/\/www.procoiffure.com\/blog\/hinaiti-secret-polynesien-cheveux-doux-brillants\/"},"wordCount":1793,"commentCount":0,"publisher":{"@id":"https:\/\/www.procoiffure.com\/blog\/#organization"},"image":{"@id":"https:\/\/www.procoiffure.com\/blog\/hinaiti-secret-polynesien-cheveux-doux-brillants\/#primaryimage"},"thumbnailUrl":"https:\/\/www.procoiffure.com\/blog\/wp-content\/uploads\/2026\/04\/Visuels-Blog-Couverture-5.png","articleSection":["Coiffure","Tendance"],"inLanguage":"fr-FR","potentialAction":[{"@type":"CommentAction","name":"Comment","target":["https:\/\/www.procoiffure.com\/blog\/hinaiti-secret-polynesien-cheveux-doux-brillants\/#respond"]}]},{"@type":"WebPage","@id":"https:\/\/www.procoiffure.com\/blog\/hinaiti-secret-polynesien-cheveux-doux-brillants\/","url":"https:\/\/www.procoiffure.com\/blog\/hinaiti-secret-polynesien-cheveux-doux-brillants\/","name":"Hinaiti : le secret polyn\u00e9sien pour des cheveux doux et brillants","isPartOf":{"@id":"https:\/\/www.procoiffure.com\/blog\/#website"},"primaryImageOfPage":{"@id":"https:\/\/www.procoiffure.com\/blog\/hinaiti-secret-polynesien-cheveux-doux-brillants\/#primaryimage"},"image":{"@id":"https:\/\/www.procoiffure.com\/blog\/hinaiti-secret-polynesien-cheveux-doux-brillants\/#primaryimage"},"thumbnailUrl":"https:\/\/www.procoiffure.com\/blog\/wp-content\/uploads\/2026\/04\/Visuels-Blog-Couverture-5.png","datePublished":"2026-04-17T14:27:42+00:00","dateModified":"2026-04-29T14:45:55+00:00","description":"Plongez dans l\u2019univers Hinaiti, une routine capillaire inspir\u00e9e de la Polyn\u00e9sie pour retrouver des cheveux plus doux, brillants et visiblement nourris.","breadcrumb":{"@id":"https:\/\/www.procoiffure.com\/blog\/hinaiti-secret-polynesien-cheveux-doux-brillants\/#breadcrumb"},"inLanguage":"fr-FR","potentialAction":[{"@type":"ReadAction","target":["https:\/\/www.procoiffure.com\/blog\/hinaiti-secret-polynesien-cheveux-doux-brillants\/"]}]},{"@type":"ImageObject","inLanguage":"fr-FR","@id":"https:\/\/www.procoiffure.com\/blog\/hinaiti-secret-polynesien-cheveux-doux-brillants\/#primaryimage","url":"https:\/\/www.procoiffure.com\/blog\/wp-content\/uploads\/2026\/04\/Visuels-Blog-Couverture-5.png","contentUrl":"https:\/\/www.procoiffure.com\/blog\/wp-content\/uploads\/2026\/04\/Visuels-Blog-Couverture-5.png","width":1080,"height":1080},{"@type":"BreadcrumbList","@id":"https:\/\/www.procoiffure.com\/blog\/hinaiti-secret-polynesien-cheveux-doux-brillants\/#breadcrumb","itemListElement":[{"@type":"ListItem","position":1,"name":"Accueil","item":"https:\/\/www.procoiffure.com\/blog\/"},{"@type":"ListItem","position":2,"name":"Hinaiti : Un univers o\u00f9 la l\u00e9gende polyn\u00e9sienne rencontre l&rsquo;excellence capillaire."}]},{"@type":"WebSite","@id":"https:\/\/www.procoiffure.com\/blog\/#website","url":"https:\/\/www.procoiffure.com\/blog\/","name":"L'actu beaut\u00e9 | Pro Coiffure Esth\u00e9tique","description":"","publisher":{"@id":"https:\/\/www.procoiffure.com\/blog\/#organization"},"potentialAction":[{"@type":"SearchAction","target":{"@type":"EntryPoint","urlTemplate":"https:\/\/www.procoiffure.com\/blog\/?s={search_term_string}"},"query-input":{"@type":"PropertyValueSpecification","valueRequired":true,"valueName":"search_term_string"}}],"inLanguage":"fr-FR"},{"@type":"Organization","@id":"https:\/\/www.procoiffure.com\/blog\/#organization","name":"Le Blog de No\u00e9mie","url":"https:\/\/www.procoiffure.com\/blog\/","logo":{"@type":"ImageObject","inLanguage":"fr-FR","@id":"https:\/\/www.procoiffure.com\/blog\/#\/schema\/logo\/image\/","url":"https:\/\/www.procoiffure.com\/blog\/wp-content\/uploads\/2025\/03\/LOGO-BLOG-1.png","contentUrl":"https:\/\/www.procoiffure.com\/blog\/wp-content\/uploads\/2025\/03\/LOGO-BLOG-1.png","width":998,"height":397,"caption":"Le Blog de No\u00e9mie"},"image":{"@id":"https:\/\/www.procoiffure.com\/blog\/#\/schema\/logo\/image\/"}},{"@type":"Person","@id":"https:\/\/www.procoiffure.com\/blog\/#\/schema\/person\/1737ca6207ae0dec18ceab1195f285c8","name":"Elodie Soulier","image":{"@type":"ImageObject","inLanguage":"fr-FR","@id":"https:\/\/secure.gravatar.com\/avatar\/1d7d61bb3f84fbe0ce04787c39b28f1c9e04603618601bee9eaed59905cd11ef?s=96&d=color&r=g","url":"https:\/\/secure.gravatar.com\/avatar\/1d7d61bb3f84fbe0ce04787c39b28f1c9e04603618601bee9eaed59905cd11ef?s=96&d=color&r=g","contentUrl":"https:\/\/secure.gravatar.com\/avatar\/1d7d61bb3f84fbe0ce04787c39b28f1c9e04603618601bee9eaed59905cd11ef?s=96&d=color&r=g","caption":"Elodie Soulier"},"url":"https:\/\/www.procoiffure.com\/blog\/author\/elodie-soul\/"}]}},"jetpack_featured_media_url":"https:\/\/www.procoiffure.com\/blog\/wp-content\/uploads\/2026\/04\/Visuels-Blog-Couverture-5.png","jetpack_sharing_enabled":true,"_links":{"self":[{"href":"https:\/\/www.procoiffure.com\/blog\/wp-json\/wp\/v2\/posts\/5457","targetHints":{"allow":["GET"]}}],"collection":[{"href":"https:\/\/www.procoiffure.com\/blog\/wp-json\/wp\/v2\/posts"}],"about":[{"href":"https:\/\/www.procoiffure.com\/blog\/wp-json\/wp\/v2\/types\/post"}],"author":[{"embeddable":true,"href":"https:\/\/www.procoiffure.com\/blog\/wp-json\/wp\/v2\/users\/4"}],"replies":[{"embeddable":true,"href":"https:\/\/www.procoiffure.com\/blog\/wp-json\/wp\/v2\/comments?post=5457"}],"version-history":[{"count":7,"href":"https:\/\/www.procoiffure.com\/blog\/wp-json\/wp\/v2\/posts\/5457\/revisions"}],"predecessor-version":[{"id":5561,"href":"https:\/\/www.procoiffure.com\/blog\/wp-json\/wp\/v2\/posts\/5457\/revisions\/5561"}],"wp:featuredmedia":[{"embeddable":true,"href":"https:\/\/www.procoiffure.com\/blog\/wp-json\/wp\/v2\/media\/5476"}],"wp:attachment":[{"href":"https:\/\/www.procoiffure.com\/blog\/wp-json\/wp\/v2\/media?parent=5457"}],"wp:term":[{"taxonomy":"category","embeddable":true,"href":"https:\/\/www.procoiffure.com\/blog\/wp-json\/wp\/v2\/categories?post=5457"},{"taxonomy":"post_tag","embeddable":true,"href":"https:\/\/www.procoiffure.com\/blog\/wp-json\/wp\/v2\/tags?post=5457"}],"curies":[{"name":"wp","href":"https:\/\/api.w.org\/{rel}","templated":true}]}}