{"id":5456,"date":"2026-04-27T14:49:14","date_gmt":"2026-04-27T12:49:14","guid":{"rendered":"https:\/\/www.procoiffure.com\/blog\/?p=5456"},"modified":"2026-04-27T14:49:37","modified_gmt":"2026-04-27T12:49:37","slug":"tendances-ongles-printemps-ete-2026-manucures","status":"publish","type":"post","link":"https:\/\/www.procoiffure.com\/blog\/tendances-ongles-printemps-ete-2026-manucures\/","title":{"rendered":"Tendances ongles printemps \u00e9t\u00e9 2026 : les manucures \u00e0 adopter cette saison"},"content":{"rendered":"\n<p>L\u2019onglerie 2026 s\u2019annonce plus libre, plus lumineuse et plus expressive que jamais. Apr\u00e8s plusieurs saisons domin\u00e9es par les ongles tr\u00e8s naturels, les nuances nude et les manucures minimalistes, les tendances \u00e9voluent vers un \u00e9quilibre subtil : des bases propres et \u00e9l\u00e9gantes, mais relev\u00e9es par des effets chrom\u00e9s, des d\u00e9tails bijoux, des couleurs pastel, des finitions magn\u00e9tiques ou des accents artistiques.<\/p>\n\n\n\n<p>Cette ann\u00e9e, les ongles tendance ne se contentent plus d\u2019\u00eatre \u00ab\u00a0\u201cjolis\u201d : ils deviennent un v\u00e9ritable accessoire de style, capable de compl\u00e9ter une tenue, d\u2019illuminer les mains et d\u2019exprimer une personnalit\u00e9.<\/p>\n\n\n\n<h2 class=\"wp-block-heading\">1. Les ongles chrome doux : l\u2019effet lumineux incontournable<\/h2>\n\n\n\n<p>Le <strong>chrome<\/strong> reste l\u2019une des grandes tendances onglerie de 2026, mais il se porte de mani\u00e8re plus raffin\u00e9e qu\u2019auparavant. On d\u00e9laisse le miroir tr\u00e8s intense au profit d\u2019effets plus subtils : argent glac\u00e9, rose nacr\u00e9, beige m\u00e9tallis\u00e9, champagne ou chrome lavande.<\/p>\n\n\n\n<p>Les inspirations manucure du moment confirment le retour du chrome, avec des finitions m\u00e9talliques plus douces, plus lumineuses et plus faciles \u00e0 porter au quotidien.<br><\/p>\n\n\n\n<figure class=\"wp-block-image size-large is-resized\"><img fetchpriority=\"high\" decoding=\"async\" width=\"1024\" height=\"1024\" src=\"https:\/\/www.procoiffure.com\/blog\/wp-content\/uploads\/2026\/04\/ChatGPT-Image-27-avr.-2026-12_06_31-1024x1024.png\" alt=\"\" class=\"wp-image-5516\" style=\"width:500px\" srcset=\"https:\/\/www.procoiffure.com\/blog\/wp-content\/uploads\/2026\/04\/ChatGPT-Image-27-avr.-2026-12_06_31-1024x1024.png 1024w, https:\/\/www.procoiffure.com\/blog\/wp-content\/uploads\/2026\/04\/ChatGPT-Image-27-avr.-2026-12_06_31-300x300.png 300w, https:\/\/www.procoiffure.com\/blog\/wp-content\/uploads\/2026\/04\/ChatGPT-Image-27-avr.-2026-12_06_31-150x150.png 150w, https:\/\/www.procoiffure.com\/blog\/wp-content\/uploads\/2026\/04\/ChatGPT-Image-27-avr.-2026-12_06_31-768x768.png 768w, https:\/\/www.procoiffure.com\/blog\/wp-content\/uploads\/2026\/04\/ChatGPT-Image-27-avr.-2026-12_06_31.png 1254w\" sizes=\"(max-width: 1024px) 100vw, 1024px\" \/><\/figure>\n\n\n\n<figure class=\"wp-block-image size-large is-resized\"><img decoding=\"async\" width=\"819\" height=\"1024\" src=\"https:\/\/www.procoiffure.com\/blog\/wp-content\/uploads\/2026\/04\/ChatGPT-Image-24-avr.-2026-15_22_34-4-819x1024.png\" alt=\"\" class=\"wp-image-5484\" style=\"aspect-ratio:0.7998073681675897;object-fit:cover;width:500px\" srcset=\"https:\/\/www.procoiffure.com\/blog\/wp-content\/uploads\/2026\/04\/ChatGPT-Image-24-avr.-2026-15_22_34-4-819x1024.png 819w, https:\/\/www.procoiffure.com\/blog\/wp-content\/uploads\/2026\/04\/ChatGPT-Image-24-avr.-2026-15_22_34-4-240x300.png 240w, https:\/\/www.procoiffure.com\/blog\/wp-content\/uploads\/2026\/04\/ChatGPT-Image-24-avr.-2026-15_22_34-4-768x960.png 768w, https:\/\/www.procoiffure.com\/blog\/wp-content\/uploads\/2026\/04\/ChatGPT-Image-24-avr.-2026-15_22_34-4.png 1122w\" sizes=\"(max-width: 819px) 100vw, 819px\" \/><\/figure>\n\n\n\n<h3 class=\"wp-block-heading\">Comment l\u2019adopter ?<\/h3>\n\n\n\n<p>Sur ongles courts, le chrome donne imm\u00e9diatement un effet soign\u00e9 et moderne. Sur ongles longs en amande, il devient plus spectaculaire. Pour une version \u00e9l\u00e9gante au quotidien, choisissez une base ros\u00e9e ou laiteuse, puis ajoutez une poudre chrome fine en finition.<\/p>\n\n\n\n<h2 class=\"wp-block-heading\">2. La micro-French revisit\u00e9e<\/h2>\n\n\n\n<p>La <strong>French manucure<\/strong> ne dispara\u00eet pas, mais elle se transforme. En 2026, elle devient plus fine, plus graphique, parfois color\u00e9e, parfois m\u00e9tallis\u00e9e. La micro-French, avec son trait tr\u00e8s d\u00e9licat sur le bord libre de l\u2019ongle, reste id\u00e9ale pour celles qui veulent une manucure chic sans surcharge.<\/p>\n\n\n\n<p>La French manucure se r\u00e9invente en 2026 avec des pointes plus fines, des effets transparents, des touches color\u00e9es et des finitions parfois mates ou m\u00e9tallis\u00e9es.<\/p>\n\n\n\n<h3 class=\"wp-block-heading\">Les versions les plus tendance<\/h3>\n\n\n\n<p>La micro-French blanche reste intemporelle, mais les variantes bleu ciel, noir cerise, argent, dor\u00e9 ou rouge profond sont particuli\u00e8rement modernes. Elle convient tr\u00e8s bien aux ongles courts, carr\u00e9s arrondis ou en forme <strong>squoval<\/strong>.<\/p>\n\n\n\n<figure class=\"wp-block-image size-large is-resized\"><img decoding=\"async\" width=\"819\" height=\"1024\" src=\"https:\/\/www.procoiffure.com\/blog\/wp-content\/uploads\/2026\/04\/ChatGPT-Image-24-avr.-2026-15_22_34-2-819x1024.png\" alt=\"\" class=\"wp-image-5482\" style=\"aspect-ratio:0.7998286081553952;width:500px\" srcset=\"https:\/\/www.procoiffure.com\/blog\/wp-content\/uploads\/2026\/04\/ChatGPT-Image-24-avr.-2026-15_22_34-2-819x1024.png 819w, https:\/\/www.procoiffure.com\/blog\/wp-content\/uploads\/2026\/04\/ChatGPT-Image-24-avr.-2026-15_22_34-2-240x300.png 240w, https:\/\/www.procoiffure.com\/blog\/wp-content\/uploads\/2026\/04\/ChatGPT-Image-24-avr.-2026-15_22_34-2-768x960.png 768w, https:\/\/www.procoiffure.com\/blog\/wp-content\/uploads\/2026\/04\/ChatGPT-Image-24-avr.-2026-15_22_34-2.png 1122w\" sizes=\"(max-width: 819px) 100vw, 819px\" \/><\/figure>\n\n\n\n<figure class=\"wp-block-image size-large is-resized\"><img loading=\"lazy\" decoding=\"async\" width=\"1024\" height=\"1024\" src=\"https:\/\/www.procoiffure.com\/blog\/wp-content\/uploads\/2026\/04\/ChatGPT-Image-27-avr.-2026-12_05_23-1024x1024.png\" alt=\"\" class=\"wp-image-5515\" style=\"width:500px\" srcset=\"https:\/\/www.procoiffure.com\/blog\/wp-content\/uploads\/2026\/04\/ChatGPT-Image-27-avr.-2026-12_05_23-1024x1024.png 1024w, https:\/\/www.procoiffure.com\/blog\/wp-content\/uploads\/2026\/04\/ChatGPT-Image-27-avr.-2026-12_05_23-300x300.png 300w, https:\/\/www.procoiffure.com\/blog\/wp-content\/uploads\/2026\/04\/ChatGPT-Image-27-avr.-2026-12_05_23-150x150.png 150w, https:\/\/www.procoiffure.com\/blog\/wp-content\/uploads\/2026\/04\/ChatGPT-Image-27-avr.-2026-12_05_23-768x768.png 768w, https:\/\/www.procoiffure.com\/blog\/wp-content\/uploads\/2026\/04\/ChatGPT-Image-27-avr.-2026-12_05_23.png 1254w\" sizes=\"(max-width: 1024px) 100vw, 1024px\" \/><\/figure>\n\n\n\n<figure class=\"wp-block-image size-large is-resized\"><img loading=\"lazy\" decoding=\"async\" width=\"1024\" height=\"1024\" src=\"https:\/\/www.procoiffure.com\/blog\/wp-content\/uploads\/2026\/04\/ChatGPT-Image-27-avr.-2026-11_46_56-1024x1024.png\" alt=\"\" class=\"wp-image-5513\" style=\"width:500px\" srcset=\"https:\/\/www.procoiffure.com\/blog\/wp-content\/uploads\/2026\/04\/ChatGPT-Image-27-avr.-2026-11_46_56-1024x1024.png 1024w, https:\/\/www.procoiffure.com\/blog\/wp-content\/uploads\/2026\/04\/ChatGPT-Image-27-avr.-2026-11_46_56-300x300.png 300w, https:\/\/www.procoiffure.com\/blog\/wp-content\/uploads\/2026\/04\/ChatGPT-Image-27-avr.-2026-11_46_56-150x150.png 150w, https:\/\/www.procoiffure.com\/blog\/wp-content\/uploads\/2026\/04\/ChatGPT-Image-27-avr.-2026-11_46_56-768x768.png 768w, https:\/\/www.procoiffure.com\/blog\/wp-content\/uploads\/2026\/04\/ChatGPT-Image-27-avr.-2026-11_46_56.png 1254w\" sizes=\"(max-width: 1024px) 100vw, 1024px\" \/><\/figure>\n\n\n\n<figure class=\"wp-block-image size-large is-resized\"><img loading=\"lazy\" decoding=\"async\" width=\"1024\" height=\"1024\" src=\"https:\/\/www.procoiffure.com\/blog\/wp-content\/uploads\/2026\/04\/ChatGPT-Image-27-avr.-2026-11_59_54-1024x1024.png\" alt=\"\" class=\"wp-image-5514\" style=\"width:500px\" srcset=\"https:\/\/www.procoiffure.com\/blog\/wp-content\/uploads\/2026\/04\/ChatGPT-Image-27-avr.-2026-11_59_54-1024x1024.png 1024w, https:\/\/www.procoiffure.com\/blog\/wp-content\/uploads\/2026\/04\/ChatGPT-Image-27-avr.-2026-11_59_54-300x300.png 300w, https:\/\/www.procoiffure.com\/blog\/wp-content\/uploads\/2026\/04\/ChatGPT-Image-27-avr.-2026-11_59_54-150x150.png 150w, https:\/\/www.procoiffure.com\/blog\/wp-content\/uploads\/2026\/04\/ChatGPT-Image-27-avr.-2026-11_59_54-768x768.png 768w, https:\/\/www.procoiffure.com\/blog\/wp-content\/uploads\/2026\/04\/ChatGPT-Image-27-avr.-2026-11_59_54.png 1254w\" sizes=\"(max-width: 1024px) 100vw, 1024px\" \/><\/figure>\n\n\n\n<h2 class=\"wp-block-heading\">3. Les milky nails : propres, doux, lumineux<\/h2>\n\n\n\n<p>Les <strong>milky nails<\/strong> poursuivent leur succ\u00e8s. Litt\u00e9ralement \u00ab ongles laiteux \u00bb, ils d\u00e9signent une manucure translucide, douce et l\u00e9g\u00e8rement voil\u00e9e, qui donne aux ongles un aspect propre, lumineux et naturel. Cette tendance repose sur des teintes translucides : blanc laiteux, rose p\u00e2le, beige clair ou nude l\u00e9g\u00e8rement opalescent. Le r\u00e9sultat est propre, lumineux, naturel, mais plus travaill\u00e9 qu\u2019un simple vernis transparent.<\/p>\n\n\n\n<p>Parmi les inspirations fortes de la saison, on retrouve le retour des manucures douces, avec des finis laiteux, nuageux et presque imperceptibles. On met notamment en avant les manucures \u201csoft\u201d, comme les effets cloud et les finis sheer.<\/p>\n\n\n\n<h3 class=\"wp-block-heading\">Pour qui ?<\/h3>\n\n\n\n<p>C\u2019est une option parfaite pour les personnes qui aiment les mains nettes, les looks professionnels et les manucures faciles \u00e0 porter. Elle est aussi id\u00e9ale avant un \u00e9v\u00e9nement, car elle allonge visuellement les doigts sans attirer excessivement l\u2019attention.<\/p>\n\n\n\n<figure class=\"wp-block-image size-large is-resized\"><img loading=\"lazy\" decoding=\"async\" width=\"1024\" height=\"1024\" src=\"https:\/\/www.procoiffure.com\/blog\/wp-content\/uploads\/2026\/04\/ChatGPT-Image-27-avr.-2026-11_47_01-1024x1024.png\" alt=\"\" class=\"wp-image-5518\" style=\"width:500px\" srcset=\"https:\/\/www.procoiffure.com\/blog\/wp-content\/uploads\/2026\/04\/ChatGPT-Image-27-avr.-2026-11_47_01-1024x1024.png 1024w, https:\/\/www.procoiffure.com\/blog\/wp-content\/uploads\/2026\/04\/ChatGPT-Image-27-avr.-2026-11_47_01-300x300.png 300w, https:\/\/www.procoiffure.com\/blog\/wp-content\/uploads\/2026\/04\/ChatGPT-Image-27-avr.-2026-11_47_01-150x150.png 150w, https:\/\/www.procoiffure.com\/blog\/wp-content\/uploads\/2026\/04\/ChatGPT-Image-27-avr.-2026-11_47_01-768x768.png 768w, https:\/\/www.procoiffure.com\/blog\/wp-content\/uploads\/2026\/04\/ChatGPT-Image-27-avr.-2026-11_47_01.png 1254w\" sizes=\"(max-width: 1024px) 100vw, 1024px\" \/><\/figure>\n\n\n\n<figure class=\"wp-block-image size-large is-resized\"><img loading=\"lazy\" decoding=\"async\" width=\"819\" height=\"1024\" src=\"https:\/\/www.procoiffure.com\/blog\/wp-content\/uploads\/2026\/04\/ChatGPT-Image-24-avr.-2026-15_22_34-1-1-819x1024.png\" alt=\"\" class=\"wp-image-5483\" style=\"width:500px\" srcset=\"https:\/\/www.procoiffure.com\/blog\/wp-content\/uploads\/2026\/04\/ChatGPT-Image-24-avr.-2026-15_22_34-1-1-819x1024.png 819w, https:\/\/www.procoiffure.com\/blog\/wp-content\/uploads\/2026\/04\/ChatGPT-Image-24-avr.-2026-15_22_34-1-1-240x300.png 240w, https:\/\/www.procoiffure.com\/blog\/wp-content\/uploads\/2026\/04\/ChatGPT-Image-24-avr.-2026-15_22_34-1-1-768x960.png 768w, https:\/\/www.procoiffure.com\/blog\/wp-content\/uploads\/2026\/04\/ChatGPT-Image-24-avr.-2026-15_22_34-1-1.png 1122w\" sizes=\"(max-width: 819px) 100vw, 819px\" \/><\/figure>\n\n\n\n<figure class=\"wp-block-image size-large is-resized\"><img loading=\"lazy\" decoding=\"async\" width=\"1024\" height=\"1024\" src=\"https:\/\/www.procoiffure.com\/blog\/wp-content\/uploads\/2026\/04\/ChatGPT-Image-27-avr.-2026-11_47_11-1024x1024.png\" alt=\"\" class=\"wp-image-5517\" style=\"width:500px\" srcset=\"https:\/\/www.procoiffure.com\/blog\/wp-content\/uploads\/2026\/04\/ChatGPT-Image-27-avr.-2026-11_47_11-1024x1024.png 1024w, https:\/\/www.procoiffure.com\/blog\/wp-content\/uploads\/2026\/04\/ChatGPT-Image-27-avr.-2026-11_47_11-300x300.png 300w, https:\/\/www.procoiffure.com\/blog\/wp-content\/uploads\/2026\/04\/ChatGPT-Image-27-avr.-2026-11_47_11-150x150.png 150w, https:\/\/www.procoiffure.com\/blog\/wp-content\/uploads\/2026\/04\/ChatGPT-Image-27-avr.-2026-11_47_11-768x768.png 768w, https:\/\/www.procoiffure.com\/blog\/wp-content\/uploads\/2026\/04\/ChatGPT-Image-27-avr.-2026-11_47_11.png 1254w\" sizes=\"(max-width: 1024px) 100vw, 1024px\" \/><\/figure>\n\n\n\n<figure class=\"wp-block-image size-large is-resized\"><img loading=\"lazy\" decoding=\"async\" width=\"1024\" height=\"1024\" src=\"https:\/\/www.procoiffure.com\/blog\/wp-content\/uploads\/2026\/04\/ChatGPT-Image-27-avr.-2026-11_46_48-1024x1024.png\" alt=\"\" class=\"wp-image-5512\" style=\"width:500px\" srcset=\"https:\/\/www.procoiffure.com\/blog\/wp-content\/uploads\/2026\/04\/ChatGPT-Image-27-avr.-2026-11_46_48-1024x1024.png 1024w, https:\/\/www.procoiffure.com\/blog\/wp-content\/uploads\/2026\/04\/ChatGPT-Image-27-avr.-2026-11_46_48-300x300.png 300w, https:\/\/www.procoiffure.com\/blog\/wp-content\/uploads\/2026\/04\/ChatGPT-Image-27-avr.-2026-11_46_48-150x150.png 150w, https:\/\/www.procoiffure.com\/blog\/wp-content\/uploads\/2026\/04\/ChatGPT-Image-27-avr.-2026-11_46_48-768x768.png 768w, https:\/\/www.procoiffure.com\/blog\/wp-content\/uploads\/2026\/04\/ChatGPT-Image-27-avr.-2026-11_46_48.png 1254w\" sizes=\"(max-width: 1024px) 100vw, 1024px\" \/><\/figure>\n\n\n\n<h2 class=\"wp-block-heading\">4. Les d\u00e9tails bijoux et strass raffin\u00e9s<\/h2>\n\n\n\n<p>Apr\u00e8s les tendances tr\u00e8s minimalistes, les <strong>ongles bijoux<\/strong> reviennent avec \u00e9l\u00e9gance. Il ne s\u2019agit pas forc\u00e9ment de couvrir tous les ongles de strass, mais plut\u00f4t d\u2019ajouter une touche pr\u00e9cieuse : une mini-pierre au centre d\u2019une fleur, quelques perles en relief, un accent dor\u00e9 ou un d\u00e9tail cristal sur deux doigts.<\/p>\n\n\n\n<p>Les \u201cgem nails\u201d sont v\u00e9ritablement l\u2019une des tendances manucure les plus vues du printemps 2026, port\u00e9e par le retour d\u2019une esth\u00e9tique plus joyeuse et plus fantaisie. <\/p>\n\n\n\n<h3 class=\"wp-block-heading\">Le bon \u00e9quilibre<\/h3>\n\n\n\n<p>Pour rester chic, privil\u00e9giez une base nude, ros\u00e9e, laiteuse ou rouge classique, puis ajoutez les ornements avec parcimonie. Pour une tenue optimale, l\u2019id\u00e9al est de travailler avec une base adapt\u00e9e, un primer de qualit\u00e9, un top coat professionnel et des accessoires de pr\u00e9cision. Chez <a href=\"https:\/\/www.procoiffure.com\/catalog\/onglerie\/vernis-a-ongles\" type=\"link\" id=\"https:\/\/www.procoiffure.com\/catalog\/onglerie\/vernis-a-ongles\">Pro Coiffure Esth\u00e9tique<\/a>, vous pouvez retrouver une s\u00e9lection de produits professionnels pour pr\u00e9parer l\u2019ongle, r\u00e9aliser la pose et prolonger la brillance de votre manucure.<\/p>\n\n\n\n<figure class=\"wp-block-image size-large is-resized\"><img loading=\"lazy\" decoding=\"async\" width=\"819\" height=\"1024\" src=\"https:\/\/www.procoiffure.com\/blog\/wp-content\/uploads\/2026\/04\/ChatGPT-Image-24-avr.-2026-15_22_35-5-819x1024.png\" alt=\"\" class=\"wp-image-5485\" style=\"aspect-ratio:0.799833921527922;object-fit:cover;width:500px\" srcset=\"https:\/\/www.procoiffure.com\/blog\/wp-content\/uploads\/2026\/04\/ChatGPT-Image-24-avr.-2026-15_22_35-5-819x1024.png 819w, https:\/\/www.procoiffure.com\/blog\/wp-content\/uploads\/2026\/04\/ChatGPT-Image-24-avr.-2026-15_22_35-5-240x300.png 240w, https:\/\/www.procoiffure.com\/blog\/wp-content\/uploads\/2026\/04\/ChatGPT-Image-24-avr.-2026-15_22_35-5-768x960.png 768w, https:\/\/www.procoiffure.com\/blog\/wp-content\/uploads\/2026\/04\/ChatGPT-Image-24-avr.-2026-15_22_35-5.png 1122w\" sizes=\"(max-width: 819px) 100vw, 819px\" \/><\/figure>\n\n\n\n<figure class=\"wp-block-image size-large is-resized\"><img loading=\"lazy\" decoding=\"async\" width=\"1024\" height=\"1024\" src=\"https:\/\/www.procoiffure.com\/blog\/wp-content\/uploads\/2026\/04\/ChatGPT-Image-27-avr.-2026-11_46_24-1024x1024.png\" alt=\"\" class=\"wp-image-5511\" style=\"width:500px\" srcset=\"https:\/\/www.procoiffure.com\/blog\/wp-content\/uploads\/2026\/04\/ChatGPT-Image-27-avr.-2026-11_46_24-1024x1024.png 1024w, https:\/\/www.procoiffure.com\/blog\/wp-content\/uploads\/2026\/04\/ChatGPT-Image-27-avr.-2026-11_46_24-300x300.png 300w, https:\/\/www.procoiffure.com\/blog\/wp-content\/uploads\/2026\/04\/ChatGPT-Image-27-avr.-2026-11_46_24-150x150.png 150w, https:\/\/www.procoiffure.com\/blog\/wp-content\/uploads\/2026\/04\/ChatGPT-Image-27-avr.-2026-11_46_24-768x768.png 768w, https:\/\/www.procoiffure.com\/blog\/wp-content\/uploads\/2026\/04\/ChatGPT-Image-27-avr.-2026-11_46_24.png 1254w\" sizes=\"(max-width: 1024px) 100vw, 1024px\" \/><\/figure>\n\n\n\n<h2 class=\"wp-block-heading\"><strong>5. Les fleurs 3D : une touche romantique et sculpt\u00e9e<\/strong><\/h2>\n\n\n\n<p>Les <strong>fleurs 3D<\/strong> font leur grand retour dans les tendances onglerie 2026. Contrairement aux motifs floraux dessin\u00e9s \u00e0 plat, elles sont r\u00e9alis\u00e9es en l\u00e9ger relief, \u00e0 l\u2019aide de gel, de r\u00e9sine ou d\u2019\u00e9l\u00e9ments d\u00e9coratifs sp\u00e9cifiques. Le r\u00e9sultat est plus travaill\u00e9, plus textur\u00e9 et particuli\u00e8rement \u00e9l\u00e9gant lorsqu\u2019il reste bien dos\u00e9.<\/p>\n\n\n\n<p>Cette tendance s\u00e9duit par son c\u00f4t\u00e9 \u00e0 la fois romantique, d\u00e9licat et couture. On la retrouve sur des bases nude, ros\u00e9es, laiteuses ou pastel, avec de petites fleurs blanches, des p\u00e9tales translucides, des d\u00e9tails nacr\u00e9s ou de tr\u00e8s fines touches dor\u00e9es.<\/p>\n\n\n\n<p><strong>Comment les porter sans surcharge ?<\/strong><\/p>\n\n\n\n<p>Pour un rendu chic, mieux vaut \u00e9viter d\u2019en placer sur tous les ongles. Une ou deux fleurs en relief sur un accent nail suffisent \u00e0 apporter du caract\u00e8re \u00e0 la manucure. Les fleurs 3D sont id\u00e9ales pour un mariage, une c\u00e9r\u00e9monie, les beaux jours ou une pose sophistiqu\u00e9e, tout en restant f\u00e9minine et raffin\u00e9e.<\/p>\n\n\n\n<figure class=\"wp-block-image size-large is-resized\"><img loading=\"lazy\" decoding=\"async\" width=\"819\" height=\"1024\" src=\"https:\/\/www.procoiffure.com\/blog\/wp-content\/uploads\/2026\/04\/ChatGPT-Image-27-avr.-2026-14_29_52-3-819x1024.png\" alt=\"\" class=\"wp-image-5521\" style=\"width:500px\" srcset=\"https:\/\/www.procoiffure.com\/blog\/wp-content\/uploads\/2026\/04\/ChatGPT-Image-27-avr.-2026-14_29_52-3-819x1024.png 819w, https:\/\/www.procoiffure.com\/blog\/wp-content\/uploads\/2026\/04\/ChatGPT-Image-27-avr.-2026-14_29_52-3-240x300.png 240w, https:\/\/www.procoiffure.com\/blog\/wp-content\/uploads\/2026\/04\/ChatGPT-Image-27-avr.-2026-14_29_52-3-768x960.png 768w, https:\/\/www.procoiffure.com\/blog\/wp-content\/uploads\/2026\/04\/ChatGPT-Image-27-avr.-2026-14_29_52-3.png 1122w\" sizes=\"(max-width: 819px) 100vw, 819px\" \/><\/figure>\n\n\n\n<figure class=\"wp-block-image size-large is-resized\"><img loading=\"lazy\" decoding=\"async\" width=\"819\" height=\"1024\" src=\"https:\/\/www.procoiffure.com\/blog\/wp-content\/uploads\/2026\/04\/ChatGPT-Image-27-avr.-2026-14_36_48-819x1024.png\" alt=\"\" class=\"wp-image-5524\" style=\"width:500px\" srcset=\"https:\/\/www.procoiffure.com\/blog\/wp-content\/uploads\/2026\/04\/ChatGPT-Image-27-avr.-2026-14_36_48-819x1024.png 819w, https:\/\/www.procoiffure.com\/blog\/wp-content\/uploads\/2026\/04\/ChatGPT-Image-27-avr.-2026-14_36_48-240x300.png 240w, https:\/\/www.procoiffure.com\/blog\/wp-content\/uploads\/2026\/04\/ChatGPT-Image-27-avr.-2026-14_36_48-768x960.png 768w, https:\/\/www.procoiffure.com\/blog\/wp-content\/uploads\/2026\/04\/ChatGPT-Image-27-avr.-2026-14_36_48.png 1122w\" sizes=\"(max-width: 819px) 100vw, 819px\" \/><\/figure>\n\n\n\n<figure class=\"wp-block-image size-large is-resized\"><img loading=\"lazy\" decoding=\"async\" width=\"819\" height=\"1024\" src=\"https:\/\/www.procoiffure.com\/blog\/wp-content\/uploads\/2026\/04\/ChatGPT-Image-27-avr.-2026-14_29_52-1-819x1024.png\" alt=\"\" class=\"wp-image-5523\" style=\"width:500px\" srcset=\"https:\/\/www.procoiffure.com\/blog\/wp-content\/uploads\/2026\/04\/ChatGPT-Image-27-avr.-2026-14_29_52-1-819x1024.png 819w, https:\/\/www.procoiffure.com\/blog\/wp-content\/uploads\/2026\/04\/ChatGPT-Image-27-avr.-2026-14_29_52-1-240x300.png 240w, https:\/\/www.procoiffure.com\/blog\/wp-content\/uploads\/2026\/04\/ChatGPT-Image-27-avr.-2026-14_29_52-1-768x960.png 768w, https:\/\/www.procoiffure.com\/blog\/wp-content\/uploads\/2026\/04\/ChatGPT-Image-27-avr.-2026-14_29_52-1.png 1122w\" sizes=\"(max-width: 819px) 100vw, 819px\" \/><\/figure>\n\n\n\n<figure class=\"wp-block-image size-large is-resized\"><img loading=\"lazy\" decoding=\"async\" width=\"819\" height=\"1024\" src=\"https:\/\/www.procoiffure.com\/blog\/wp-content\/uploads\/2026\/04\/ChatGPT-Image-27-avr.-2026-14_29_52-4-819x1024.png\" alt=\"\" class=\"wp-image-5522\" style=\"width:500px\" srcset=\"https:\/\/www.procoiffure.com\/blog\/wp-content\/uploads\/2026\/04\/ChatGPT-Image-27-avr.-2026-14_29_52-4-819x1024.png 819w, https:\/\/www.procoiffure.com\/blog\/wp-content\/uploads\/2026\/04\/ChatGPT-Image-27-avr.-2026-14_29_52-4-240x300.png 240w, https:\/\/www.procoiffure.com\/blog\/wp-content\/uploads\/2026\/04\/ChatGPT-Image-27-avr.-2026-14_29_52-4-768x960.png 768w, https:\/\/www.procoiffure.com\/blog\/wp-content\/uploads\/2026\/04\/ChatGPT-Image-27-avr.-2026-14_29_52-4.png 1122w\" sizes=\"(max-width: 819px) 100vw, 819px\" \/><\/figure>\n\n\n\n<h2 class=\"wp-block-heading\">6. Les effets cat eye et magn\u00e9tiques<\/h2>\n\n\n\n<p>L\u2019effet <strong>cat eye<\/strong>, obtenu avec un vernis magn\u00e9tique, revient tr\u00e8s fort. Il cr\u00e9e un reflet lumineux qui semble se d\u00e9placer selon la lumi\u00e8re. En 2026, on le retrouve en argent, brun glac\u00e9, prune, bleu nuit, vert profond ou rose champagne.<\/p>\n\n\n\n<p>Les effets m\u00e9talliques et magn\u00e9tiques s\u2019imposent parmi les grandes inspirations <strong>nail art 2026<\/strong>, notamment gr\u00e2ce \u00e0 leur rendu sophistiqu\u00e9 et presque futuriste.<br><\/p>\n\n\n\n<h3 class=\"wp-block-heading\">Pourquoi on l\u2019aime ?<\/h3>\n\n\n\n<p>Parce qu\u2019il donne du relief sans n\u00e9cessairement ajouter de d\u00e9cor. C\u2019est une excellente alternative pour celles qui veulent une manucure originale, mais \u00e9l\u00e9gante.<\/p>\n\n\n\n<figure class=\"wp-block-image size-large is-resized\"><img loading=\"lazy\" decoding=\"async\" width=\"819\" height=\"1024\" src=\"https:\/\/www.procoiffure.com\/blog\/wp-content\/uploads\/2026\/04\/ChatGPT-Image-24-avr.-2026-15_22_34-3-819x1024.png\" alt=\"\" class=\"wp-image-5486\" style=\"aspect-ratio:0.7998225245877394;object-fit:cover;width:500px\" srcset=\"https:\/\/www.procoiffure.com\/blog\/wp-content\/uploads\/2026\/04\/ChatGPT-Image-24-avr.-2026-15_22_34-3-819x1024.png 819w, https:\/\/www.procoiffure.com\/blog\/wp-content\/uploads\/2026\/04\/ChatGPT-Image-24-avr.-2026-15_22_34-3-240x300.png 240w, https:\/\/www.procoiffure.com\/blog\/wp-content\/uploads\/2026\/04\/ChatGPT-Image-24-avr.-2026-15_22_34-3-768x960.png 768w, https:\/\/www.procoiffure.com\/blog\/wp-content\/uploads\/2026\/04\/ChatGPT-Image-24-avr.-2026-15_22_34-3.png 1122w\" sizes=\"(max-width: 819px) 100vw, 819px\" \/><\/figure>\n\n\n\n<figure class=\"wp-block-image size-large is-resized\"><img loading=\"lazy\" decoding=\"async\" width=\"819\" height=\"1024\" src=\"https:\/\/www.procoiffure.com\/blog\/wp-content\/uploads\/2026\/04\/ChatGPT-Image-27-avr.-2026-14_39_36-819x1024.png\" alt=\"\" class=\"wp-image-5526\" style=\"width:500px\" srcset=\"https:\/\/www.procoiffure.com\/blog\/wp-content\/uploads\/2026\/04\/ChatGPT-Image-27-avr.-2026-14_39_36-819x1024.png 819w, https:\/\/www.procoiffure.com\/blog\/wp-content\/uploads\/2026\/04\/ChatGPT-Image-27-avr.-2026-14_39_36-240x300.png 240w, https:\/\/www.procoiffure.com\/blog\/wp-content\/uploads\/2026\/04\/ChatGPT-Image-27-avr.-2026-14_39_36-768x960.png 768w, https:\/\/www.procoiffure.com\/blog\/wp-content\/uploads\/2026\/04\/ChatGPT-Image-27-avr.-2026-14_39_36.png 1122w\" sizes=\"(max-width: 819px) 100vw, 819px\" \/><\/figure>\n\n\n\n<figure class=\"wp-block-image size-large is-resized\"><img loading=\"lazy\" decoding=\"async\" width=\"819\" height=\"1024\" src=\"https:\/\/www.procoiffure.com\/blog\/wp-content\/uploads\/2026\/04\/ChatGPT-Image-27-avr.-2026-14_39_41-819x1024.png\" alt=\"\" class=\"wp-image-5525\" style=\"width:500px\" srcset=\"https:\/\/www.procoiffure.com\/blog\/wp-content\/uploads\/2026\/04\/ChatGPT-Image-27-avr.-2026-14_39_41-819x1024.png 819w, https:\/\/www.procoiffure.com\/blog\/wp-content\/uploads\/2026\/04\/ChatGPT-Image-27-avr.-2026-14_39_41-240x300.png 240w, https:\/\/www.procoiffure.com\/blog\/wp-content\/uploads\/2026\/04\/ChatGPT-Image-27-avr.-2026-14_39_41-768x960.png 768w, https:\/\/www.procoiffure.com\/blog\/wp-content\/uploads\/2026\/04\/ChatGPT-Image-27-avr.-2026-14_39_41.png 1122w\" sizes=\"(max-width: 819px) 100vw, 819px\" \/><\/figure>\n\n\n\n<figure class=\"wp-block-image size-large is-resized\"><img loading=\"lazy\" decoding=\"async\" width=\"1024\" height=\"1024\" src=\"https:\/\/www.procoiffure.com\/blog\/wp-content\/uploads\/2026\/04\/ChatGPT-Image-27-avr.-2026-11_47_23-1024x1024.png\" alt=\"\" class=\"wp-image-5510\" style=\"width:500px\" srcset=\"https:\/\/www.procoiffure.com\/blog\/wp-content\/uploads\/2026\/04\/ChatGPT-Image-27-avr.-2026-11_47_23-1024x1024.png 1024w, https:\/\/www.procoiffure.com\/blog\/wp-content\/uploads\/2026\/04\/ChatGPT-Image-27-avr.-2026-11_47_23-300x300.png 300w, https:\/\/www.procoiffure.com\/blog\/wp-content\/uploads\/2026\/04\/ChatGPT-Image-27-avr.-2026-11_47_23-150x150.png 150w, https:\/\/www.procoiffure.com\/blog\/wp-content\/uploads\/2026\/04\/ChatGPT-Image-27-avr.-2026-11_47_23-768x768.png 768w, https:\/\/www.procoiffure.com\/blog\/wp-content\/uploads\/2026\/04\/ChatGPT-Image-27-avr.-2026-11_47_23.png 1254w\" sizes=\"(max-width: 1024px) 100vw, 1024px\" \/><\/figure>\n\n\n\n<h2 class=\"wp-block-heading\">7. Les pastels lumineux : lavande, bleu ciel, jaune <strong>p\u00e2le<\/strong><\/h2>\n\n\n\n<p>Les couleurs pastel reviennent, mais dans des versions plus fra\u00eeches et plus modernes : <strong>lavande laiteux<\/strong>, bleu brumeux, rose translucide, vert menthe doux et surtout <strong>jaune p\u00e2le<\/strong>. C&rsquo;est la nuance phare du printemps 2026, lumineuse sans \u00eatre criarde.<\/p>\n\n\n\n<p>Le printemps 2026 met \u00e9galement en avant les pastels, les effets nacr\u00e9s, les d\u00e9grad\u00e9s doux, les fleurs d\u00e9licates et les effets aura.<\/p>\n\n\n\n<h3 class=\"wp-block-heading\">Comment les porter ?<\/h3>\n\n\n\n<p>En couleur pleine pour une manucure fra\u00eeche, ou en accent nail pour une version plus discr\u00e8te. Les pastels sont particuli\u00e8rement flatteurs sur ongles courts et arrondis.<\/p>\n\n\n\n<figure class=\"wp-block-image size-large is-resized\"><img loading=\"lazy\" decoding=\"async\" width=\"819\" height=\"1024\" src=\"https:\/\/www.procoiffure.com\/blog\/wp-content\/uploads\/2026\/04\/ChatGPT-Image-24-avr.-2026-15_22_35-6-819x1024.png\" alt=\"\" class=\"wp-image-5487\" style=\"aspect-ratio:0.8002971400272378;object-fit:cover;width:500px\" srcset=\"https:\/\/www.procoiffure.com\/blog\/wp-content\/uploads\/2026\/04\/ChatGPT-Image-24-avr.-2026-15_22_35-6-819x1024.png 819w, https:\/\/www.procoiffure.com\/blog\/wp-content\/uploads\/2026\/04\/ChatGPT-Image-24-avr.-2026-15_22_35-6-240x300.png 240w, https:\/\/www.procoiffure.com\/blog\/wp-content\/uploads\/2026\/04\/ChatGPT-Image-24-avr.-2026-15_22_35-6-768x960.png 768w, https:\/\/www.procoiffure.com\/blog\/wp-content\/uploads\/2026\/04\/ChatGPT-Image-24-avr.-2026-15_22_35-6.png 1122w\" sizes=\"(max-width: 819px) 100vw, 819px\" \/><\/figure>\n\n\n\n<figure class=\"wp-block-image size-large is-resized\"><img loading=\"lazy\" decoding=\"async\" width=\"1024\" height=\"1024\" src=\"https:\/\/www.procoiffure.com\/blog\/wp-content\/uploads\/2026\/04\/ChatGPT-Image-27-avr.-2026-11_59_32-1024x1024.png\" alt=\"\" class=\"wp-image-5509\" style=\"width:500px\" srcset=\"https:\/\/www.procoiffure.com\/blog\/wp-content\/uploads\/2026\/04\/ChatGPT-Image-27-avr.-2026-11_59_32-1024x1024.png 1024w, https:\/\/www.procoiffure.com\/blog\/wp-content\/uploads\/2026\/04\/ChatGPT-Image-27-avr.-2026-11_59_32-300x300.png 300w, https:\/\/www.procoiffure.com\/blog\/wp-content\/uploads\/2026\/04\/ChatGPT-Image-27-avr.-2026-11_59_32-150x150.png 150w, https:\/\/www.procoiffure.com\/blog\/wp-content\/uploads\/2026\/04\/ChatGPT-Image-27-avr.-2026-11_59_32-768x768.png 768w, https:\/\/www.procoiffure.com\/blog\/wp-content\/uploads\/2026\/04\/ChatGPT-Image-27-avr.-2026-11_59_32.png 1254w\" sizes=\"(max-width: 1024px) 100vw, 1024px\" \/><\/figure>\n\n\n\n<figure class=\"wp-block-image size-large is-resized\"><img loading=\"lazy\" decoding=\"async\" width=\"1024\" height=\"1024\" src=\"https:\/\/www.procoiffure.com\/blog\/wp-content\/uploads\/2026\/04\/ChatGPT-Image-27-avr.-2026-11_59_37-1024x1024.png\" alt=\"\" class=\"wp-image-5508\" style=\"width:500px\" srcset=\"https:\/\/www.procoiffure.com\/blog\/wp-content\/uploads\/2026\/04\/ChatGPT-Image-27-avr.-2026-11_59_37-1024x1024.png 1024w, https:\/\/www.procoiffure.com\/blog\/wp-content\/uploads\/2026\/04\/ChatGPT-Image-27-avr.-2026-11_59_37-300x300.png 300w, https:\/\/www.procoiffure.com\/blog\/wp-content\/uploads\/2026\/04\/ChatGPT-Image-27-avr.-2026-11_59_37-150x150.png 150w, https:\/\/www.procoiffure.com\/blog\/wp-content\/uploads\/2026\/04\/ChatGPT-Image-27-avr.-2026-11_59_37-768x768.png 768w, https:\/\/www.procoiffure.com\/blog\/wp-content\/uploads\/2026\/04\/ChatGPT-Image-27-avr.-2026-11_59_37.png 1254w\" sizes=\"(max-width: 1024px) 100vw, 1024px\" \/><\/figure>\n\n\n\n<h2 class=\"wp-block-heading\">8. Les aura nails et d\u00e9grad\u00e9s flout\u00e9s<\/h2>\n\n\n\n<p>Les <strong>aura nails<\/strong> continuent de s\u00e9duire. Leur principe : un halo de couleur diffus au centre de l\u2019ongle, souvent sur une base nude ou transparente. L\u2019effet est doux, presque vaporeux, et permet de jouer avec les couleurs sans obtenir un r\u00e9sultat trop charg\u00e9.<\/p>\n\n\n\n<p>On les retrouve en rose et orange, bleu et lilas, vert et jaune, ou encore en version plus sophistiqu\u00e9e avec un voile chrome par-dessus.<\/p>\n\n\n\n<figure class=\"wp-block-image size-large is-resized\"><img loading=\"lazy\" decoding=\"async\" width=\"1024\" height=\"1024\" src=\"https:\/\/www.procoiffure.com\/blog\/wp-content\/uploads\/2026\/04\/ChatGPT-Image-24-avr.-2026-17_29_15-1-1024x1024.png\" alt=\"\" class=\"wp-image-5492\" style=\"width:500px\" srcset=\"https:\/\/www.procoiffure.com\/blog\/wp-content\/uploads\/2026\/04\/ChatGPT-Image-24-avr.-2026-17_29_15-1-1024x1024.png 1024w, https:\/\/www.procoiffure.com\/blog\/wp-content\/uploads\/2026\/04\/ChatGPT-Image-24-avr.-2026-17_29_15-1-300x300.png 300w, https:\/\/www.procoiffure.com\/blog\/wp-content\/uploads\/2026\/04\/ChatGPT-Image-24-avr.-2026-17_29_15-1-150x150.png 150w, https:\/\/www.procoiffure.com\/blog\/wp-content\/uploads\/2026\/04\/ChatGPT-Image-24-avr.-2026-17_29_15-1-768x768.png 768w, https:\/\/www.procoiffure.com\/blog\/wp-content\/uploads\/2026\/04\/ChatGPT-Image-24-avr.-2026-17_29_15-1.png 1254w\" sizes=\"(max-width: 1024px) 100vw, 1024px\" \/><\/figure>\n\n\n\n<figure class=\"wp-block-image size-large is-resized\"><img loading=\"lazy\" decoding=\"async\" width=\"1024\" height=\"1024\" src=\"https:\/\/www.procoiffure.com\/blog\/wp-content\/uploads\/2026\/04\/ChatGPT-Image-27-avr.-2026-11_59_41-1024x1024.png\" alt=\"\" class=\"wp-image-5507\" style=\"width:500px\" srcset=\"https:\/\/www.procoiffure.com\/blog\/wp-content\/uploads\/2026\/04\/ChatGPT-Image-27-avr.-2026-11_59_41-1024x1024.png 1024w, https:\/\/www.procoiffure.com\/blog\/wp-content\/uploads\/2026\/04\/ChatGPT-Image-27-avr.-2026-11_59_41-300x300.png 300w, https:\/\/www.procoiffure.com\/blog\/wp-content\/uploads\/2026\/04\/ChatGPT-Image-27-avr.-2026-11_59_41-150x150.png 150w, https:\/\/www.procoiffure.com\/blog\/wp-content\/uploads\/2026\/04\/ChatGPT-Image-27-avr.-2026-11_59_41-768x768.png 768w, https:\/\/www.procoiffure.com\/blog\/wp-content\/uploads\/2026\/04\/ChatGPT-Image-27-avr.-2026-11_59_41.png 1254w\" sizes=\"(max-width: 1024px) 100vw, 1024px\" \/><\/figure>\n\n\n\n<h2 class=\"wp-block-heading\">9. Les ongles courts, carr\u00e9s arrondis et squoval<\/h2>\n\n\n\n<p>C\u00f4t\u00e9 formes, les ongles tr\u00e8s longs restent pr\u00e9sents pour les looks artistiques, mais la grande tendance pratique reste aux <strong>ongles courts<\/strong> et bien structur\u00e9s. La forme squoval (carr\u00e9e avec les angles adoucis) est particuli\u00e8rement appr\u00e9ci\u00e9e, car elle allie confort, \u00e9l\u00e9gance et solidit\u00e9.<\/p>\n\n\n\n<p>Du c\u00f4t\u00e9 des faux ongles comme des poses sur ongles naturels, les formes courtes, carr\u00e9es et squoval restent tr\u00e8s recherch\u00e9es. Les manucures minimalistes et les effets naturels continuent \u00e9galement de s\u00e9duire.<br><\/p>\n\n\n\n<figure class=\"wp-block-image size-large is-resized\"><img loading=\"lazy\" decoding=\"async\" width=\"1024\" height=\"1024\" src=\"https:\/\/www.procoiffure.com\/blog\/wp-content\/uploads\/2026\/04\/ChatGPT-Image-24-avr.-2026-17_29_15-2-1024x1024.png\" alt=\"\" class=\"wp-image-5491\" style=\"width:500px\" srcset=\"https:\/\/www.procoiffure.com\/blog\/wp-content\/uploads\/2026\/04\/ChatGPT-Image-24-avr.-2026-17_29_15-2-1024x1024.png 1024w, https:\/\/www.procoiffure.com\/blog\/wp-content\/uploads\/2026\/04\/ChatGPT-Image-24-avr.-2026-17_29_15-2-300x300.png 300w, https:\/\/www.procoiffure.com\/blog\/wp-content\/uploads\/2026\/04\/ChatGPT-Image-24-avr.-2026-17_29_15-2-150x150.png 150w, https:\/\/www.procoiffure.com\/blog\/wp-content\/uploads\/2026\/04\/ChatGPT-Image-24-avr.-2026-17_29_15-2-768x768.png 768w, https:\/\/www.procoiffure.com\/blog\/wp-content\/uploads\/2026\/04\/ChatGPT-Image-24-avr.-2026-17_29_15-2.png 1254w\" sizes=\"(max-width: 1024px) 100vw, 1024px\" \/><\/figure>\n\n\n\n<figure class=\"wp-block-image size-large is-resized\"><img loading=\"lazy\" decoding=\"async\" width=\"1024\" height=\"1024\" src=\"https:\/\/www.procoiffure.com\/blog\/wp-content\/uploads\/2026\/04\/ChatGPT-Image-27-avr.-2026-11_59_45-1024x1024.png\" alt=\"\" class=\"wp-image-5506\" style=\"width:500px\" srcset=\"https:\/\/www.procoiffure.com\/blog\/wp-content\/uploads\/2026\/04\/ChatGPT-Image-27-avr.-2026-11_59_45-1024x1024.png 1024w, https:\/\/www.procoiffure.com\/blog\/wp-content\/uploads\/2026\/04\/ChatGPT-Image-27-avr.-2026-11_59_45-300x300.png 300w, https:\/\/www.procoiffure.com\/blog\/wp-content\/uploads\/2026\/04\/ChatGPT-Image-27-avr.-2026-11_59_45-150x150.png 150w, https:\/\/www.procoiffure.com\/blog\/wp-content\/uploads\/2026\/04\/ChatGPT-Image-27-avr.-2026-11_59_45-768x768.png 768w, https:\/\/www.procoiffure.com\/blog\/wp-content\/uploads\/2026\/04\/ChatGPT-Image-27-avr.-2026-11_59_45.png 1254w\" sizes=\"(max-width: 1024px) 100vw, 1024px\" \/><\/figure>\n\n\n\n<h2 class=\"wp-block-heading\">10. Les couleurs profondes : bordeaux, noir cerise, bleu brumeux<\/h2>\n\n\n\n<p>Les teintes sombres ne disparaissent pas. Le bordeaux romantique, le rouge cerise noire, le brun chocolat et les bleus brumeux s\u2019imposent comme des alternatives sophistiqu\u00e9es au nude classique. Ces nuances profondes, associ\u00e9es \u00e0 des bleus plus doux, font partie des grandes tendances couleurs 2026.<\/p>\n\n\n\n<p>Ces teintes sont parfaites sur ongles courts, car elles donnent imm\u00e9diatement un rendu chic, net et affirm\u00e9.<\/p>\n\n\n\n<figure class=\"wp-block-image size-large is-resized\"><img loading=\"lazy\" decoding=\"async\" width=\"1024\" height=\"1024\" src=\"https:\/\/www.procoiffure.com\/blog\/wp-content\/uploads\/2026\/04\/ChatGPT-Image-24-avr.-2026-17_36_12-1024x1024.png\" alt=\"\" class=\"wp-image-5498\" style=\"width:537px;height:auto\" srcset=\"https:\/\/www.procoiffure.com\/blog\/wp-content\/uploads\/2026\/04\/ChatGPT-Image-24-avr.-2026-17_36_12-1024x1024.png 1024w, https:\/\/www.procoiffure.com\/blog\/wp-content\/uploads\/2026\/04\/ChatGPT-Image-24-avr.-2026-17_36_12-300x300.png 300w, https:\/\/www.procoiffure.com\/blog\/wp-content\/uploads\/2026\/04\/ChatGPT-Image-24-avr.-2026-17_36_12-150x150.png 150w, https:\/\/www.procoiffure.com\/blog\/wp-content\/uploads\/2026\/04\/ChatGPT-Image-24-avr.-2026-17_36_12-768x768.png 768w, https:\/\/www.procoiffure.com\/blog\/wp-content\/uploads\/2026\/04\/ChatGPT-Image-24-avr.-2026-17_36_12.png 1254w\" sizes=\"(max-width: 1024px) 100vw, 1024px\" \/><\/figure>\n\n\n\n<figure class=\"wp-block-image size-large is-resized\"><img loading=\"lazy\" decoding=\"async\" width=\"1024\" height=\"1024\" src=\"https:\/\/www.procoiffure.com\/blog\/wp-content\/uploads\/2026\/04\/ChatGPT-Image-27-avr.-2026-12_00_03-1024x1024.png\" alt=\"\" class=\"wp-image-5505\" style=\"width:537px;height:auto\" srcset=\"https:\/\/www.procoiffure.com\/blog\/wp-content\/uploads\/2026\/04\/ChatGPT-Image-27-avr.-2026-12_00_03-1024x1024.png 1024w, https:\/\/www.procoiffure.com\/blog\/wp-content\/uploads\/2026\/04\/ChatGPT-Image-27-avr.-2026-12_00_03-300x300.png 300w, https:\/\/www.procoiffure.com\/blog\/wp-content\/uploads\/2026\/04\/ChatGPT-Image-27-avr.-2026-12_00_03-150x150.png 150w, https:\/\/www.procoiffure.com\/blog\/wp-content\/uploads\/2026\/04\/ChatGPT-Image-27-avr.-2026-12_00_03-768x768.png 768w, https:\/\/www.procoiffure.com\/blog\/wp-content\/uploads\/2026\/04\/ChatGPT-Image-27-avr.-2026-12_00_03.png 1254w\" sizes=\"(max-width: 1024px) 100vw, 1024px\" \/><\/figure>\n\n\n\n<h2 class=\"wp-block-heading\">11. Les ongles effet vitrail et les effets transparents<\/h2>\n\n\n\n<p>Plus artistique, la tendance des \u00ab stained glass nails \u00bb, ou ongles effet vitrail, joue avec la transparence, les contours m\u00e9talliques, les couleurs pr\u00e9cieuses et les reflets lumineux. <\/p>\n\n\n\n<p>C&rsquo;est la tendance forte du printemps-\u00e9t\u00e9 2026, avec des tons bijoux, des d\u00e9tails chrome et des effets multidimensionnels.<\/p>\n\n\n\n<p>C\u2019est une option id\u00e9ale pour les vacances, les mariages, les festivals ou les clientes qui aiment les manucures vraiment personnalis\u00e9es.<\/p>\n\n\n\n<figure class=\"wp-block-image size-large is-resized\"><img loading=\"lazy\" decoding=\"async\" width=\"1024\" height=\"1024\" src=\"https:\/\/www.procoiffure.com\/blog\/wp-content\/uploads\/2026\/04\/ChatGPT-Image-24-avr.-2026-17_32_44-1-1024x1024.png\" alt=\"\" class=\"wp-image-5494\" style=\"width:500px\" srcset=\"https:\/\/www.procoiffure.com\/blog\/wp-content\/uploads\/2026\/04\/ChatGPT-Image-24-avr.-2026-17_32_44-1-1024x1024.png 1024w, https:\/\/www.procoiffure.com\/blog\/wp-content\/uploads\/2026\/04\/ChatGPT-Image-24-avr.-2026-17_32_44-1-300x300.png 300w, https:\/\/www.procoiffure.com\/blog\/wp-content\/uploads\/2026\/04\/ChatGPT-Image-24-avr.-2026-17_32_44-1-150x150.png 150w, https:\/\/www.procoiffure.com\/blog\/wp-content\/uploads\/2026\/04\/ChatGPT-Image-24-avr.-2026-17_32_44-1-768x768.png 768w, https:\/\/www.procoiffure.com\/blog\/wp-content\/uploads\/2026\/04\/ChatGPT-Image-24-avr.-2026-17_32_44-1.png 1254w\" sizes=\"(max-width: 1024px) 100vw, 1024px\" \/><\/figure>\n\n\n\n<figure class=\"wp-block-image size-large is-resized\"><img loading=\"lazy\" decoding=\"async\" width=\"1024\" height=\"1024\" src=\"https:\/\/www.procoiffure.com\/blog\/wp-content\/uploads\/2026\/04\/ChatGPT-Image-27-avr.-2026-12_00_07-1024x1024.png\" alt=\"\" class=\"wp-image-5504\" style=\"width:500px\" srcset=\"https:\/\/www.procoiffure.com\/blog\/wp-content\/uploads\/2026\/04\/ChatGPT-Image-27-avr.-2026-12_00_07-1024x1024.png 1024w, https:\/\/www.procoiffure.com\/blog\/wp-content\/uploads\/2026\/04\/ChatGPT-Image-27-avr.-2026-12_00_07-300x300.png 300w, https:\/\/www.procoiffure.com\/blog\/wp-content\/uploads\/2026\/04\/ChatGPT-Image-27-avr.-2026-12_00_07-150x150.png 150w, https:\/\/www.procoiffure.com\/blog\/wp-content\/uploads\/2026\/04\/ChatGPT-Image-27-avr.-2026-12_00_07-768x768.png 768w, https:\/\/www.procoiffure.com\/blog\/wp-content\/uploads\/2026\/04\/ChatGPT-Image-27-avr.-2026-12_00_07.png 1254w\" sizes=\"(max-width: 1024px) 100vw, 1024px\" \/><\/figure>\n\n\n\n<h2 class=\"wp-block-heading\">Besoin d&rsquo;id\u00e9es pour vos ongles ? Quelle tendance choisir selon son style ?<\/h2>\n\n\n\n<p>Les tendances onglerie printemps-\u00e9t\u00e9 2026 offrent une belle libert\u00e9. Pour une manucure discr\u00e8te et \u00e9l\u00e9gante, misez sur les <strong>milky nails<\/strong>, la micro-French ou les pastels doux. Plus tendance, optez pour le chrome, l\u2019effet cat eye ou les aura nails. Pour une occasion sp\u00e9ciale, les d\u00e9tails bijoux, les fleurs 3D et les effets vitrail apportent une touche pr\u00e9cieuse et tr\u00e8s actuelle.<\/p>\n\n\n\n<p>Le plus important reste de choisir une manucure adapt\u00e9e \u00e0 votre style de vie, \u00e0 la forme de vos ongles et \u00e0 votre personnalit\u00e9. Une tendance r\u00e9ussie n\u2019est jamais une tendance copi\u00e9e \u00e0 l\u2019identique : c\u2019est une inspiration bien choisie, travaill\u00e9e avec soin, et r\u00e9alis\u00e9e avec des produits professionnels de qualit\u00e9.<\/p>\n","protected":false},"excerpt":{"rendered":"<p>L\u2019onglerie 2026 s\u2019annonce plus libre, plus lumineuse et plus expressive que jamais. Apr\u00e8s plusieurs saisons domin\u00e9es par les ongles tr\u00e8s naturels, les nuances nude et les manucures minimalistes, les tendances \u00e9voluent vers un \u00e9quilibre subtil : des bases propres et \u00e9l\u00e9gantes, mais relev\u00e9es par des effets chrom\u00e9s, des d\u00e9tails bijoux, des couleurs pastel, des finitions [&hellip;]<\/p>\n","protected":false},"author":4,"featured_media":5503,"comment_status":"open","ping_status":"open","sticky":false,"template":"","format":"standard","meta":{"_jetpack_memberships_contains_paid_content":false,"footnotes":""},"categories":[13],"tags":[],"class_list":["post-5456","post","type-post","status-publish","format-standard","has-post-thumbnail","hentry","category-onglerie"],"yoast_head":"<!-- This site is optimized with the Yoast SEO plugin v27.2 - https:\/\/yoast.com\/product\/yoast-seo-wordpress\/ -->\n<title>Tendances ongles printemps-\u00e9t\u00e9 2026 : les manucures \u00e0 adopter<\/title>\n<meta name=\"description\" content=\"D\u00e9couvrez les tendances ongles printemps-\u00e9t\u00e9 2026 : chrome doux, micro-French, fleurs 3D, cat eye, pastels, aura nails et effets vitrail.\" \/>\n<meta name=\"robots\" content=\"index, follow, max-snippet:-1, max-image-preview:large, max-video-preview:-1\" \/>\n<link rel=\"canonical\" href=\"https:\/\/www.procoiffure.com\/blog\/tendances-ongles-printemps-ete-2026-manucures\/\" \/>\n<meta property=\"og:locale\" content=\"fr_FR\" \/>\n<meta property=\"og:type\" content=\"article\" \/>\n<meta property=\"og:title\" content=\"Tendances ongles printemps-\u00e9t\u00e9 2026 : les manucures \u00e0 adopter\" \/>\n<meta property=\"og:description\" content=\"D\u00e9couvrez les tendances ongles printemps-\u00e9t\u00e9 2026 : chrome doux, micro-French, fleurs 3D, cat eye, pastels, aura nails et effets vitrail.\" \/>\n<meta property=\"og:url\" content=\"https:\/\/www.procoiffure.com\/blog\/tendances-ongles-printemps-ete-2026-manucures\/\" \/>\n<meta property=\"og:site_name\" content=\"L&#039;actu beaut\u00e9 | Pro Coiffure Esht\u00e9tique\" \/>\n<meta property=\"article:published_time\" content=\"2026-04-27T12:49:14+00:00\" \/>\n<meta property=\"article:modified_time\" content=\"2026-04-27T12:49:37+00:00\" \/>\n<meta property=\"og:image\" content=\"https:\/\/www.procoiffure.com\/blog\/wp-content\/uploads\/2026\/04\/Visuels-Blog-Couverture-8-1024x1024.png\" \/>\n\t<meta property=\"og:image:width\" content=\"1024\" \/>\n\t<meta property=\"og:image:height\" content=\"1024\" \/>\n\t<meta property=\"og:image:type\" content=\"image\/png\" \/>\n<meta name=\"author\" content=\"Elodie Soulier\" \/>\n<meta name=\"twitter:card\" content=\"summary_large_image\" \/>\n<meta name=\"twitter:label1\" content=\"\u00c9crit par\" \/>\n\t<meta name=\"twitter:data1\" content=\"Elodie Soulier\" \/>\n\t<meta name=\"twitter:label2\" content=\"Dur\u00e9e de lecture estim\u00e9e\" \/>\n\t<meta name=\"twitter:data2\" content=\"14 minutes\" \/>\n<script type=\"application\/ld+json\" class=\"yoast-schema-graph\">{\"@context\":\"https:\/\/schema.org\",\"@graph\":[{\"@type\":\"Article\",\"@id\":\"https:\/\/www.procoiffure.com\/blog\/tendances-ongles-printemps-ete-2026-manucures\/#article\",\"isPartOf\":{\"@id\":\"https:\/\/www.procoiffure.com\/blog\/tendances-ongles-printemps-ete-2026-manucures\/\"},\"author\":{\"name\":\"Elodie Soulier\",\"@id\":\"https:\/\/www.procoiffure.com\/blog\/#\/schema\/person\/1737ca6207ae0dec18ceab1195f285c8\"},\"headline\":\"Tendances ongles printemps \u00e9t\u00e9 2026 : les manucures \u00e0 adopter cette saison\",\"datePublished\":\"2026-04-27T12:49:14+00:00\",\"dateModified\":\"2026-04-27T12:49:37+00:00\",\"mainEntityOfPage\":{\"@id\":\"https:\/\/www.procoiffure.com\/blog\/tendances-ongles-printemps-ete-2026-manucures\/\"},\"wordCount\":1554,\"commentCount\":0,\"publisher\":{\"@id\":\"https:\/\/www.procoiffure.com\/blog\/#organization\"},\"image\":{\"@id\":\"https:\/\/www.procoiffure.com\/blog\/tendances-ongles-printemps-ete-2026-manucures\/#primaryimage\"},\"thumbnailUrl\":\"https:\/\/www.procoiffure.com\/blog\/wp-content\/uploads\/2026\/04\/Visuels-Blog-Couverture-8.png\",\"articleSection\":[\"Onglerie\"],\"inLanguage\":\"fr-FR\",\"potentialAction\":[{\"@type\":\"CommentAction\",\"name\":\"Comment\",\"target\":[\"https:\/\/www.procoiffure.com\/blog\/tendances-ongles-printemps-ete-2026-manucures\/#respond\"]}]},{\"@type\":\"WebPage\",\"@id\":\"https:\/\/www.procoiffure.com\/blog\/tendances-ongles-printemps-ete-2026-manucures\/\",\"url\":\"https:\/\/www.procoiffure.com\/blog\/tendances-ongles-printemps-ete-2026-manucures\/\",\"name\":\"Tendances ongles printemps-\u00e9t\u00e9 2026 : les manucures \u00e0 adopter\",\"isPartOf\":{\"@id\":\"https:\/\/www.procoiffure.com\/blog\/#website\"},\"primaryImageOfPage\":{\"@id\":\"https:\/\/www.procoiffure.com\/blog\/tendances-ongles-printemps-ete-2026-manucures\/#primaryimage\"},\"image\":{\"@id\":\"https:\/\/www.procoiffure.com\/blog\/tendances-ongles-printemps-ete-2026-manucures\/#primaryimage\"},\"thumbnailUrl\":\"https:\/\/www.procoiffure.com\/blog\/wp-content\/uploads\/2026\/04\/Visuels-Blog-Couverture-8.png\",\"datePublished\":\"2026-04-27T12:49:14+00:00\",\"dateModified\":\"2026-04-27T12:49:37+00:00\",\"description\":\"D\u00e9couvrez les tendances ongles printemps-\u00e9t\u00e9 2026 : chrome doux, micro-French, fleurs 3D, cat eye, pastels, aura nails et effets vitrail.\",\"breadcrumb\":{\"@id\":\"https:\/\/www.procoiffure.com\/blog\/tendances-ongles-printemps-ete-2026-manucures\/#breadcrumb\"},\"inLanguage\":\"fr-FR\",\"potentialAction\":[{\"@type\":\"ReadAction\",\"target\":[\"https:\/\/www.procoiffure.com\/blog\/tendances-ongles-printemps-ete-2026-manucures\/\"]}]},{\"@type\":\"ImageObject\",\"inLanguage\":\"fr-FR\",\"@id\":\"https:\/\/www.procoiffure.com\/blog\/tendances-ongles-printemps-ete-2026-manucures\/#primaryimage\",\"url\":\"https:\/\/www.procoiffure.com\/blog\/wp-content\/uploads\/2026\/04\/Visuels-Blog-Couverture-8.png\",\"contentUrl\":\"https:\/\/www.procoiffure.com\/blog\/wp-content\/uploads\/2026\/04\/Visuels-Blog-Couverture-8.png\",\"width\":1080,\"height\":1080},{\"@type\":\"BreadcrumbList\",\"@id\":\"https:\/\/www.procoiffure.com\/blog\/tendances-ongles-printemps-ete-2026-manucures\/#breadcrumb\",\"itemListElement\":[{\"@type\":\"ListItem\",\"position\":1,\"name\":\"Accueil\",\"item\":\"https:\/\/www.procoiffure.com\/blog\/\"},{\"@type\":\"ListItem\",\"position\":2,\"name\":\"Tendances ongles printemps \u00e9t\u00e9 2026 : les manucures \u00e0 adopter cette saison\"}]},{\"@type\":\"WebSite\",\"@id\":\"https:\/\/www.procoiffure.com\/blog\/#website\",\"url\":\"https:\/\/www.procoiffure.com\/blog\/\",\"name\":\"L'actu beaut\u00e9 | Pro Coiffure Esth\u00e9tique\",\"description\":\"\",\"publisher\":{\"@id\":\"https:\/\/www.procoiffure.com\/blog\/#organization\"},\"potentialAction\":[{\"@type\":\"SearchAction\",\"target\":{\"@type\":\"EntryPoint\",\"urlTemplate\":\"https:\/\/www.procoiffure.com\/blog\/?s={search_term_string}\"},\"query-input\":{\"@type\":\"PropertyValueSpecification\",\"valueRequired\":true,\"valueName\":\"search_term_string\"}}],\"inLanguage\":\"fr-FR\"},{\"@type\":\"Organization\",\"@id\":\"https:\/\/www.procoiffure.com\/blog\/#organization\",\"name\":\"Le Blog de No\u00e9mie\",\"url\":\"https:\/\/www.procoiffure.com\/blog\/\",\"logo\":{\"@type\":\"ImageObject\",\"inLanguage\":\"fr-FR\",\"@id\":\"https:\/\/www.procoiffure.com\/blog\/#\/schema\/logo\/image\/\",\"url\":\"https:\/\/www.procoiffure.com\/blog\/wp-content\/uploads\/2025\/03\/LOGO-BLOG-1.png\",\"contentUrl\":\"https:\/\/www.procoiffure.com\/blog\/wp-content\/uploads\/2025\/03\/LOGO-BLOG-1.png\",\"width\":998,\"height\":397,\"caption\":\"Le Blog de No\u00e9mie\"},\"image\":{\"@id\":\"https:\/\/www.procoiffure.com\/blog\/#\/schema\/logo\/image\/\"}},{\"@type\":\"Person\",\"@id\":\"https:\/\/www.procoiffure.com\/blog\/#\/schema\/person\/1737ca6207ae0dec18ceab1195f285c8\",\"name\":\"Elodie Soulier\",\"image\":{\"@type\":\"ImageObject\",\"inLanguage\":\"fr-FR\",\"@id\":\"https:\/\/secure.gravatar.com\/avatar\/1d7d61bb3f84fbe0ce04787c39b28f1c9e04603618601bee9eaed59905cd11ef?s=96&d=color&r=g\",\"url\":\"https:\/\/secure.gravatar.com\/avatar\/1d7d61bb3f84fbe0ce04787c39b28f1c9e04603618601bee9eaed59905cd11ef?s=96&d=color&r=g\",\"contentUrl\":\"https:\/\/secure.gravatar.com\/avatar\/1d7d61bb3f84fbe0ce04787c39b28f1c9e04603618601bee9eaed59905cd11ef?s=96&d=color&r=g\",\"caption\":\"Elodie Soulier\"},\"url\":\"https:\/\/www.procoiffure.com\/blog\/author\/elodie-soul\/\"}]}<\/script>\n<!-- \/ Yoast SEO plugin. -->","yoast_head_json":{"title":"Tendances ongles printemps-\u00e9t\u00e9 2026 : les manucures \u00e0 adopter","description":"D\u00e9couvrez les tendances ongles printemps-\u00e9t\u00e9 2026 : chrome doux, micro-French, fleurs 3D, cat eye, pastels, aura nails et effets vitrail.","robots":{"index":"index","follow":"follow","max-snippet":"max-snippet:-1","max-image-preview":"max-image-preview:large","max-video-preview":"max-video-preview:-1"},"canonical":"https:\/\/www.procoiffure.com\/blog\/tendances-ongles-printemps-ete-2026-manucures\/","og_locale":"fr_FR","og_type":"article","og_title":"Tendances ongles printemps-\u00e9t\u00e9 2026 : les manucures \u00e0 adopter","og_description":"D\u00e9couvrez les tendances ongles printemps-\u00e9t\u00e9 2026 : chrome doux, micro-French, fleurs 3D, cat eye, pastels, aura nails et effets vitrail.","og_url":"https:\/\/www.procoiffure.com\/blog\/tendances-ongles-printemps-ete-2026-manucures\/","og_site_name":"L&#039;actu beaut\u00e9 | Pro Coiffure Esht\u00e9tique","article_published_time":"2026-04-27T12:49:14+00:00","article_modified_time":"2026-04-27T12:49:37+00:00","og_image":[{"width":1024,"height":1024,"url":"https:\/\/www.procoiffure.com\/blog\/wp-content\/uploads\/2026\/04\/Visuels-Blog-Couverture-8-1024x1024.png","type":"image\/png"}],"author":"Elodie Soulier","twitter_card":"summary_large_image","twitter_misc":{"\u00c9crit par":"Elodie Soulier","Dur\u00e9e de lecture estim\u00e9e":"14 minutes"},"schema":{"@context":"https:\/\/schema.org","@graph":[{"@type":"Article","@id":"https:\/\/www.procoiffure.com\/blog\/tendances-ongles-printemps-ete-2026-manucures\/#article","isPartOf":{"@id":"https:\/\/www.procoiffure.com\/blog\/tendances-ongles-printemps-ete-2026-manucures\/"},"author":{"name":"Elodie Soulier","@id":"https:\/\/www.procoiffure.com\/blog\/#\/schema\/person\/1737ca6207ae0dec18ceab1195f285c8"},"headline":"Tendances ongles printemps \u00e9t\u00e9 2026 : les manucures \u00e0 adopter cette saison","datePublished":"2026-04-27T12:49:14+00:00","dateModified":"2026-04-27T12:49:37+00:00","mainEntityOfPage":{"@id":"https:\/\/www.procoiffure.com\/blog\/tendances-ongles-printemps-ete-2026-manucures\/"},"wordCount":1554,"commentCount":0,"publisher":{"@id":"https:\/\/www.procoiffure.com\/blog\/#organization"},"image":{"@id":"https:\/\/www.procoiffure.com\/blog\/tendances-ongles-printemps-ete-2026-manucures\/#primaryimage"},"thumbnailUrl":"https:\/\/www.procoiffure.com\/blog\/wp-content\/uploads\/2026\/04\/Visuels-Blog-Couverture-8.png","articleSection":["Onglerie"],"inLanguage":"fr-FR","potentialAction":[{"@type":"CommentAction","name":"Comment","target":["https:\/\/www.procoiffure.com\/blog\/tendances-ongles-printemps-ete-2026-manucures\/#respond"]}]},{"@type":"WebPage","@id":"https:\/\/www.procoiffure.com\/blog\/tendances-ongles-printemps-ete-2026-manucures\/","url":"https:\/\/www.procoiffure.com\/blog\/tendances-ongles-printemps-ete-2026-manucures\/","name":"Tendances ongles printemps-\u00e9t\u00e9 2026 : les manucures \u00e0 adopter","isPartOf":{"@id":"https:\/\/www.procoiffure.com\/blog\/#website"},"primaryImageOfPage":{"@id":"https:\/\/www.procoiffure.com\/blog\/tendances-ongles-printemps-ete-2026-manucures\/#primaryimage"},"image":{"@id":"https:\/\/www.procoiffure.com\/blog\/tendances-ongles-printemps-ete-2026-manucures\/#primaryimage"},"thumbnailUrl":"https:\/\/www.procoiffure.com\/blog\/wp-content\/uploads\/2026\/04\/Visuels-Blog-Couverture-8.png","datePublished":"2026-04-27T12:49:14+00:00","dateModified":"2026-04-27T12:49:37+00:00","description":"D\u00e9couvrez les tendances ongles printemps-\u00e9t\u00e9 2026 : chrome doux, micro-French, fleurs 3D, cat eye, pastels, aura nails et effets vitrail.","breadcrumb":{"@id":"https:\/\/www.procoiffure.com\/blog\/tendances-ongles-printemps-ete-2026-manucures\/#breadcrumb"},"inLanguage":"fr-FR","potentialAction":[{"@type":"ReadAction","target":["https:\/\/www.procoiffure.com\/blog\/tendances-ongles-printemps-ete-2026-manucures\/"]}]},{"@type":"ImageObject","inLanguage":"fr-FR","@id":"https:\/\/www.procoiffure.com\/blog\/tendances-ongles-printemps-ete-2026-manucures\/#primaryimage","url":"https:\/\/www.procoiffure.com\/blog\/wp-content\/uploads\/2026\/04\/Visuels-Blog-Couverture-8.png","contentUrl":"https:\/\/www.procoiffure.com\/blog\/wp-content\/uploads\/2026\/04\/Visuels-Blog-Couverture-8.png","width":1080,"height":1080},{"@type":"BreadcrumbList","@id":"https:\/\/www.procoiffure.com\/blog\/tendances-ongles-printemps-ete-2026-manucures\/#breadcrumb","itemListElement":[{"@type":"ListItem","position":1,"name":"Accueil","item":"https:\/\/www.procoiffure.com\/blog\/"},{"@type":"ListItem","position":2,"name":"Tendances ongles printemps \u00e9t\u00e9 2026 : les manucures \u00e0 adopter cette saison"}]},{"@type":"WebSite","@id":"https:\/\/www.procoiffure.com\/blog\/#website","url":"https:\/\/www.procoiffure.com\/blog\/","name":"L'actu beaut\u00e9 | Pro Coiffure Esth\u00e9tique","description":"","publisher":{"@id":"https:\/\/www.procoiffure.com\/blog\/#organization"},"potentialAction":[{"@type":"SearchAction","target":{"@type":"EntryPoint","urlTemplate":"https:\/\/www.procoiffure.com\/blog\/?s={search_term_string}"},"query-input":{"@type":"PropertyValueSpecification","valueRequired":true,"valueName":"search_term_string"}}],"inLanguage":"fr-FR"},{"@type":"Organization","@id":"https:\/\/www.procoiffure.com\/blog\/#organization","name":"Le Blog de No\u00e9mie","url":"https:\/\/www.procoiffure.com\/blog\/","logo":{"@type":"ImageObject","inLanguage":"fr-FR","@id":"https:\/\/www.procoiffure.com\/blog\/#\/schema\/logo\/image\/","url":"https:\/\/www.procoiffure.com\/blog\/wp-content\/uploads\/2025\/03\/LOGO-BLOG-1.png","contentUrl":"https:\/\/www.procoiffure.com\/blog\/wp-content\/uploads\/2025\/03\/LOGO-BLOG-1.png","width":998,"height":397,"caption":"Le Blog de No\u00e9mie"},"image":{"@id":"https:\/\/www.procoiffure.com\/blog\/#\/schema\/logo\/image\/"}},{"@type":"Person","@id":"https:\/\/www.procoiffure.com\/blog\/#\/schema\/person\/1737ca6207ae0dec18ceab1195f285c8","name":"Elodie Soulier","image":{"@type":"ImageObject","inLanguage":"fr-FR","@id":"https:\/\/secure.gravatar.com\/avatar\/1d7d61bb3f84fbe0ce04787c39b28f1c9e04603618601bee9eaed59905cd11ef?s=96&d=color&r=g","url":"https:\/\/secure.gravatar.com\/avatar\/1d7d61bb3f84fbe0ce04787c39b28f1c9e04603618601bee9eaed59905cd11ef?s=96&d=color&r=g","contentUrl":"https:\/\/secure.gravatar.com\/avatar\/1d7d61bb3f84fbe0ce04787c39b28f1c9e04603618601bee9eaed59905cd11ef?s=96&d=color&r=g","caption":"Elodie Soulier"},"url":"https:\/\/www.procoiffure.com\/blog\/author\/elodie-soul\/"}]}},"jetpack_featured_media_url":"https:\/\/www.procoiffure.com\/blog\/wp-content\/uploads\/2026\/04\/Visuels-Blog-Couverture-8.png","jetpack_sharing_enabled":true,"_links":{"self":[{"href":"https:\/\/www.procoiffure.com\/blog\/wp-json\/wp\/v2\/posts\/5456","targetHints":{"allow":["GET"]}}],"collection":[{"href":"https:\/\/www.procoiffure.com\/blog\/wp-json\/wp\/v2\/posts"}],"about":[{"href":"https:\/\/www.procoiffure.com\/blog\/wp-json\/wp\/v2\/types\/post"}],"author":[{"embeddable":true,"href":"https:\/\/www.procoiffure.com\/blog\/wp-json\/wp\/v2\/users\/4"}],"replies":[{"embeddable":true,"href":"https:\/\/www.procoiffure.com\/blog\/wp-json\/wp\/v2\/comments?post=5456"}],"version-history":[{"count":7,"href":"https:\/\/www.procoiffure.com\/blog\/wp-json\/wp\/v2\/posts\/5456\/revisions"}],"predecessor-version":[{"id":5528,"href":"https:\/\/www.procoiffure.com\/blog\/wp-json\/wp\/v2\/posts\/5456\/revisions\/5528"}],"wp:featuredmedia":[{"embeddable":true,"href":"https:\/\/www.procoiffure.com\/blog\/wp-json\/wp\/v2\/media\/5503"}],"wp:attachment":[{"href":"https:\/\/www.procoiffure.com\/blog\/wp-json\/wp\/v2\/media?parent=5456"}],"wp:term":[{"taxonomy":"category","embeddable":true,"href":"https:\/\/www.procoiffure.com\/blog\/wp-json\/wp\/v2\/categories?post=5456"},{"taxonomy":"post_tag","embeddable":true,"href":"https:\/\/www.procoiffure.com\/blog\/wp-json\/wp\/v2\/tags?post=5456"}],"curies":[{"name":"wp","href":"https:\/\/api.w.org\/{rel}","templated":true}]}}