{"id":5153,"date":"2026-03-05T10:23:10","date_gmt":"2026-03-05T09:23:10","guid":{"rendered":"https:\/\/www.procoiffure.com\/blog\/?p=5153"},"modified":"2026-03-06T14:32:26","modified_gmt":"2026-03-06T13:32:26","slug":"idees-de-nail-art-fruite","status":"publish","type":"post","link":"https:\/\/www.procoiffure.com\/blog\/idees-de-nail-art-fruite\/","title":{"rendered":"Manucure fruit\u00e9e &#038; florale : 5 id\u00e9es de nail art inspir\u00e9es de la nouvelle collection Peggy Sage"},"content":{"rendered":"\n<p>Et si vos ongles avaient, eux aussi, droit \u00e0 leur dose de fra\u00eecheur et de gourmandise ?<\/p>\n\n\n\n<p>Cette saison, les couleurs inspir\u00e9es des fruits s\u2019invitent absolument partout ! Vos ongles n&rsquo;\u00e9chapperont pas \u00e0 cette v\u00e9ritable explosion de bonne humeur. Jaune citron lumineux, framboise intense, p\u00eache d\u00e9licate, melon pastel, ou vert d&rsquo;eau\u2026 ces teintes pleines de vitalit\u00e9 transforment instantan\u00e9ment une manucure classique en cr\u00e9ation pleine de fra\u00eecheur !<\/p>\n\n\n\n<p>Avec sa nouvelle collection <strong>Fruity Garden<\/strong>, <strong>Peggy Sage<\/strong> capture parfaitement cet esprit estival et color\u00e9. Une palette fra\u00eeche et p\u00e9tillante qui donne envie de jouer avec les couleurs et de laisser parler sa cr\u00e9ativit\u00e9.<\/p>\n\n\n\n<p>Voici <strong>5 id\u00e9es de nail art fruit\u00e9<\/strong> pour adopter cette tendance et apporter une touche vitamin\u00e9e \u00e0 vos ongles.<\/p>\n\n\n\n<h2 class=\"wp-block-heading\">La manucure fruit\u00e9e : la tendance vitamin\u00e9e<\/h2>\n\n\n\n<p>Impossible de passer \u00e0 c\u00f4t\u00e9 : les manucures color\u00e9es et gourmandes font leur grand retour. Inspir\u00e9es des couleurs naturelles des fruits, elles apportent instantan\u00e9ment fra\u00eecheur, lumi\u00e8re et bonne humeur.<\/p>\n\n\n\n<p>Ces teintes acidul\u00e9es ont tout pour plaire : elles illuminent les mains, s\u2019adaptent \u00e0 tous les styles et permettent de cr\u00e9er des looks aussi bien minimalistes que plus cr\u00e9atifs.<\/p>\n\n\n\n<p>Que l\u2019on pr\u00e9f\u00e8re une couleur pleine \u00e9l\u00e9gante ou un nail art fruit\u00e9 plus audacieux, les nuances fruit\u00e9es offrent une infinit\u00e9 de possibilit\u00e9s. Une chose est s\u00fbre : elles donnent imm\u00e9diatement envie de prolonger l\u2019\u00e9t\u00e9.<\/p>\n\n\n\n<h2 class=\"wp-block-heading\">Une palette fra\u00eeche et gourmande avec la collection Fruity Garden<\/h2>\n\n\n\n<p>Fini les longues journ\u00e9es de grisaille : avec <strong><a href=\"https:\/\/www.procoiffure.com\/catalog\/peggy-sage-fruity-garden\">Fruity Garden<\/a><\/strong>, Peggy Sage imagine une collection inspir\u00e9e des jardins d\u2019\u00e9t\u00e9 et des fruits gorg\u00e9s de soleil.<\/p>\n\n\n\n<div class=\"wp-block-group is-nowrap is-layout-flex wp-container-core-group-is-layout-6c531013 wp-block-group-is-layout-flex\">\n<figure class=\"wp-block-image size-full is-resized has-custom-border\"><img fetchpriority=\"high\" decoding=\"async\" width=\"819\" height=\"923\" src=\"https:\/\/www.procoiffure.com\/blog\/wp-content\/uploads\/2026\/03\/1_LAK_spring26.jpg\" alt=\"\" class=\"wp-image-5164\" style=\"border-style:none;border-width:0px;border-top-left-radius:0px;border-top-right-radius:0px;border-bottom-left-radius:0px;border-bottom-right-radius:0px;width:246px;height:auto\" srcset=\"https:\/\/www.procoiffure.com\/blog\/wp-content\/uploads\/2026\/03\/1_LAK_spring26.jpg 819w, https:\/\/www.procoiffure.com\/blog\/wp-content\/uploads\/2026\/03\/1_LAK_spring26-266x300.jpg 266w, https:\/\/www.procoiffure.com\/blog\/wp-content\/uploads\/2026\/03\/1_LAK_spring26-768x866.jpg 768w\" sizes=\"(max-width: 819px) 100vw, 819px\" \/><\/figure>\n\n\n\n<h4 class=\"wp-block-heading\"><a href=\"https:\/\/www.procoiffure.com\/catalogsearch\/1-LAK&amp;familly=&amp;order=pert\">1-LAK &#8211; Sans TPO\/HEMA Vernis semi permanent 3-en-1<\/a><\/h4>\n<\/div>\n\n\n\n<div class=\"wp-block-group is-nowrap is-layout-flex wp-container-core-group-is-layout-6c531013 wp-block-group-is-layout-flex\">\n<figure class=\"wp-block-image size-large is-resized has-custom-border\"><img decoding=\"async\" width=\"908\" height=\"1024\" src=\"https:\/\/www.procoiffure.com\/blog\/wp-content\/uploads\/2026\/03\/I_LAK_spring26-908x1024.jpg\" alt=\"\" class=\"wp-image-5158\" style=\"border-style:none;border-width:0px;border-top-left-radius:0px;border-top-right-radius:0px;border-bottom-left-radius:0px;border-bottom-right-radius:0px;aspect-ratio:0.8869179600886918;width:244px;height:auto\" srcset=\"https:\/\/www.procoiffure.com\/blog\/wp-content\/uploads\/2026\/03\/I_LAK_spring26-908x1024.jpg 908w, https:\/\/www.procoiffure.com\/blog\/wp-content\/uploads\/2026\/03\/I_LAK_spring26-266x300.jpg 266w, https:\/\/www.procoiffure.com\/blog\/wp-content\/uploads\/2026\/03\/I_LAK_spring26-768x866.jpg 768w, https:\/\/www.procoiffure.com\/blog\/wp-content\/uploads\/2026\/03\/I_LAK_spring26.jpg 1200w\" sizes=\"(max-width: 908px) 100vw, 908px\" \/><\/figure>\n\n\n\n<div class=\"wp-block-group is-nowrap is-layout-flex wp-container-core-group-is-layout-6c531013 wp-block-group-is-layout-flex\">\n<h4 class=\"wp-block-heading\"><a href=\"https:\/\/www.procoiffure.com\/catalogsearch\/I-LAK&amp;familly=&amp;order=pert\"><strong>I-LAK &#8211; Sans TPO Vernis semi-permanent<\/strong><\/a><\/h4>\n<\/div>\n<\/div>\n\n\n\n<div class=\"wp-block-group is-nowrap is-layout-flex wp-container-core-group-is-layout-6c531013 wp-block-group-is-layout-flex\">\n<figure class=\"wp-block-image size-full is-resized has-custom-border\"><img decoding=\"async\" width=\"819\" height=\"923\" src=\"https:\/\/www.procoiffure.com\/blog\/wp-content\/uploads\/2026\/03\/GREEN_LAK_spring26.jpg\" alt=\"\" class=\"wp-image-5165\" style=\"border-top-left-radius:0px;border-top-right-radius:0px;border-bottom-left-radius:0px;border-bottom-right-radius:0px;aspect-ratio:0.887400361712104;width:245px;height:auto\" srcset=\"https:\/\/www.procoiffure.com\/blog\/wp-content\/uploads\/2026\/03\/GREEN_LAK_spring26.jpg 819w, https:\/\/www.procoiffure.com\/blog\/wp-content\/uploads\/2026\/03\/GREEN_LAK_spring26-266x300.jpg 266w, https:\/\/www.procoiffure.com\/blog\/wp-content\/uploads\/2026\/03\/GREEN_LAK_spring26-768x866.jpg 768w\" sizes=\"(max-width: 819px) 100vw, 819px\" \/><\/figure>\n\n\n\n<div class=\"wp-block-group is-nowrap is-layout-flex wp-container-core-group-is-layout-6c531013 wp-block-group-is-layout-flex\">\n<h4 class=\"wp-block-heading\"><a href=\"https:\/\/www.procoiffure.com\/catalogsearch\/GREEN%20LAK?familly=&amp;keyword=GREEN%20LAK&amp;searchorder=pert&amp;page=1\"><strong>GREEN LAK &#8211; Vernis \u00e0 ongles LED Vegan<\/strong><\/a> <\/h4>\n<\/div>\n<\/div>\n\n\n\n<div class=\"wp-block-group is-nowrap is-layout-flex wp-container-core-group-is-layout-6c531013 wp-block-group-is-layout-flex\">\n<p>Les couleurs oscillent entre teintes douces et nuances plus vitamin\u00e9es, pour cr\u00e9er des manucures pleines de fra\u00eecheur et de lumi\u00e8re. On y retrouve cet \u00e9quilibre parfait entre <strong>gourmandise et \u00e9l\u00e9gance,<\/strong> qui permet de porter ces couleurs aussi bien au quotidien que pour une occasion particuli\u00e8re.<\/p>\n\n\n\n<figure class=\"wp-block-image size-large\"><img loading=\"lazy\" decoding=\"async\" width=\"956\" height=\"1024\" src=\"https:\/\/www.procoiffure.com\/blog\/wp-content\/uploads\/2026\/03\/proto_green-956x1024.jpg\" alt=\"\" class=\"wp-image-5167\" srcset=\"https:\/\/www.procoiffure.com\/blog\/wp-content\/uploads\/2026\/03\/proto_green-956x1024.jpg 956w, https:\/\/www.procoiffure.com\/blog\/wp-content\/uploads\/2026\/03\/proto_green-280x300.jpg 280w, https:\/\/www.procoiffure.com\/blog\/wp-content\/uploads\/2026\/03\/proto_green-768x823.jpg 768w, https:\/\/www.procoiffure.com\/blog\/wp-content\/uploads\/2026\/03\/proto_green.jpg 1400w\" sizes=\"(max-width: 956px) 100vw, 956px\" \/><\/figure>\n<\/div>\n\n\n\n<h2 class=\"wp-block-heading\">5 id\u00e9es de nail art fruit\u00e9 &amp; floral \u00e0 tester<\/h2>\n\n\n\n<h3 class=\"wp-block-heading\">1. La manucure citron pleine de fra\u00eecheur<\/h3>\n\n\n\n<div class=\"wp-block-group is-nowrap is-layout-flex wp-container-core-group-is-layout-6c531013 wp-block-group-is-layout-flex\">\n<figure class=\"wp-block-image size-full is-resized\"><img loading=\"lazy\" decoding=\"async\" width=\"819\" height=\"923\" src=\"https:\/\/www.procoiffure.com\/blog\/wp-content\/uploads\/2026\/03\/191092-3-1.jpg\" alt=\"\" class=\"wp-image-5157\" style=\"aspect-ratio:0.8874256046599974;object-fit:cover;width:1000px;height:auto\" srcset=\"https:\/\/www.procoiffure.com\/blog\/wp-content\/uploads\/2026\/03\/191092-3-1.jpg 819w, https:\/\/www.procoiffure.com\/blog\/wp-content\/uploads\/2026\/03\/191092-3-1-266x300.jpg 266w, https:\/\/www.procoiffure.com\/blog\/wp-content\/uploads\/2026\/03\/191092-3-1-768x866.jpg 768w\" sizes=\"(max-width: 819px) 100vw, 819px\" \/><\/figure>\n\n\n\n<p><strong>Impossible de r\u00e9sister \u00e0 une teinte citron \u00e9clatante. <\/strong>Lumineuse et joyeuse, elle apporte instantan\u00e9ment une touche solaire aux mains. Appliqu\u00e9e en couleur pleine, elle cr\u00e9e une manucure simple mais pleine de caract\u00e8re. Associ\u00e9e \u00e0 quelques d\u00e9tails graphiques, elle devient encore plus originale.<\/p>\n<\/div>\n\n\n\n<div class=\"wp-block-group is-nowrap is-layout-flex wp-container-core-group-is-layout-6c531013 wp-block-group-is-layout-flex\">\n<p><strong>Une teinte parfaite pour celles qui veulent une manucure lumineuse et pleine d\u2019\u00e9nergie.<\/strong><\/p>\n\n\n\n<figure class=\"wp-block-image size-full is-resized\"><img loading=\"lazy\" decoding=\"async\" width=\"133\" height=\"150\" src=\"https:\/\/www.procoiffure.com\/blog\/wp-content\/uploads\/2026\/03\/191092-2.jpg\" alt=\"\" class=\"wp-image-5156\" style=\"aspect-ratio:0.887344647868502;width:168px;height:auto\"\/><\/figure>\n<\/div>\n\n\n\n<div class=\"wp-block-group is-nowrap is-layout-flex wp-container-core-group-is-layout-6c531013 wp-block-group-is-layout-flex\">\n<figure class=\"wp-block-image size-full is-resized\"><img loading=\"lazy\" decoding=\"async\" width=\"819\" height=\"923\" src=\"https:\/\/www.procoiffure.com\/blog\/wp-content\/uploads\/2026\/03\/191092-1.jpg\" alt=\"\" class=\"wp-image-5163\" style=\"width:176px;height:auto\" srcset=\"https:\/\/www.procoiffure.com\/blog\/wp-content\/uploads\/2026\/03\/191092-1.jpg 819w, https:\/\/www.procoiffure.com\/blog\/wp-content\/uploads\/2026\/03\/191092-1-266x300.jpg 266w, https:\/\/www.procoiffure.com\/blog\/wp-content\/uploads\/2026\/03\/191092-1-768x866.jpg 768w\" sizes=\"(max-width: 819px) 100vw, 819px\" \/><\/figure>\n\n\n\n<p><a href=\"https:\/\/www.procoiffure.com\/vernis-semi-permanent-i-lak-lemon-sorbet-peggy-sage-11ml\">Vernis semi-permanent I-LAK Lemon Sorbet Peggy Sage 11ml<\/a><br><\/p>\n<\/div>\n\n\n\n<p>La couleur framboise est id\u00e9ale pour celles qui aiment les teintes riches et gourmandes. Intense sans \u00eatre trop sombre, elle habille les ongles avec \u00e9l\u00e9gance.<\/p>\n\n\n\n<h3 class=\"wp-block-heading\">2. Des ongles framboise gourmands<\/h3>\n\n\n\n<div class=\"wp-block-group is-nowrap is-layout-flex wp-container-core-group-is-layout-6c531013 wp-block-group-is-layout-flex\">\n<figure class=\"wp-block-image size-full is-resized\"><img loading=\"lazy\" decoding=\"async\" width=\"819\" height=\"923\" src=\"https:\/\/www.procoiffure.com\/blog\/wp-content\/uploads\/2026\/03\/191087-3.jpg\" alt=\"\" class=\"wp-image-5161\" style=\"aspect-ratio:0.8873483535528596;object-fit:cover;width:1000px;height:auto\" srcset=\"https:\/\/www.procoiffure.com\/blog\/wp-content\/uploads\/2026\/03\/191087-3.jpg 819w, https:\/\/www.procoiffure.com\/blog\/wp-content\/uploads\/2026\/03\/191087-3-266x300.jpg 266w, https:\/\/www.procoiffure.com\/blog\/wp-content\/uploads\/2026\/03\/191087-3-768x866.jpg 768w\" sizes=\"(max-width: 819px) 100vw, 819px\" \/><\/figure>\n\n\n\n<p>En finition brillante, elle rappelle la couleur des fruits d\u2019\u00e9t\u00e9 et offre une manucure \u00e0 la fois moderne et sophistiqu\u00e9e. Un choix parfait pour une manucure \u00e0 la fois chic et vitamin\u00e9e.<\/p>\n<\/div>\n\n\n\n<div class=\"wp-block-group is-nowrap is-layout-flex wp-container-core-group-is-layout-6c531013 wp-block-group-is-layout-flex\">\n<p><a href=\"https:\/\/www.procoiffure.com\/vernis-semi-permanent-i-lak-rasperry-sorbet-peggy-sage-11ml\">Vernis semi-permanent I-LAK Raspberry Sorbet Peggy Sage 11ml<\/a><br><\/p>\n\n\n\n<figure class=\"wp-block-image size-full is-resized\"><img loading=\"lazy\" decoding=\"async\" width=\"819\" height=\"923\" src=\"https:\/\/www.procoiffure.com\/blog\/wp-content\/uploads\/2026\/03\/191087-2-1.jpg\" alt=\"\" class=\"wp-image-5162\" style=\"width:191px;height:auto\" srcset=\"https:\/\/www.procoiffure.com\/blog\/wp-content\/uploads\/2026\/03\/191087-2-1.jpg 819w, https:\/\/www.procoiffure.com\/blog\/wp-content\/uploads\/2026\/03\/191087-2-1-266x300.jpg 266w, https:\/\/www.procoiffure.com\/blog\/wp-content\/uploads\/2026\/03\/191087-2-1-768x866.jpg 768w\" sizes=\"(max-width: 819px) 100vw, 819px\" \/><\/figure>\n<\/div>\n\n\n\n<h3 class=\"wp-block-heading\">3. La manucure fleurs minimalistes<\/h3>\n\n\n\n<div class=\"wp-block-group is-layout-constrained wp-block-group-is-layout-constrained\">\n<p>Quelques petites fleurs s\u00e9ch\u00e9es sur une base nude ou pastel suffisent \u00e0 transformer une manucure simple en cr\u00e9ation d\u00e9licate.<\/p>\n\n\n\n<p>D\u00e9posez votre fleur s\u00e9ch\u00e9e sur l\u2019ongle \u00e0 l\u2019aide d&rsquo;une pince pour nail art. Appliquez une couche de top coat pour maintenir les fleurs en place et donner une finition lisse.<\/p>\n<\/div>\n\n\n\n<p>L&rsquo;astuce Peggy Sage : pr\u00e9lever des petits morceaux de fleurs pour un r\u00e9sultat plus raffin\u00e9.<\/p>\n\n\n\n<p>Ce style discret est id\u00e9al pour celles qui aiment les nail art \u00e9l\u00e9gants et faciles \u00e0 porter au quotidien.<\/p>\n\n\n\n<div class=\"wp-block-group is-nowrap is-layout-flex wp-container-core-group-is-layout-6c531013 wp-block-group-is-layout-flex\">\n<p><a href=\"https:\/\/www.procoiffure.com\/decor-d-ongles-fleurs-sechees-red-branches-peggy-sage\">D\u00e9cor d&rsquo;ongles fleurs s\u00e9ch\u00e9es red branches Peggy Sage<\/a><\/p>\n\n\n\n<figure class=\"wp-block-image size-full is-resized has-custom-border\"><img loading=\"lazy\" decoding=\"async\" width=\"819\" height=\"228\" src=\"https:\/\/www.procoiffure.com\/blog\/wp-content\/uploads\/2026\/03\/decors_fleurs_sechees-1.jpg\" alt=\"\" class=\"wp-image-5189\" style=\"border-top-left-radius:100px;border-top-right-radius:100px;border-bottom-left-radius:100px;border-bottom-right-radius:100px;object-fit:cover;width:1000px;height:auto\" srcset=\"https:\/\/www.procoiffure.com\/blog\/wp-content\/uploads\/2026\/03\/decors_fleurs_sechees-1.jpg 819w, https:\/\/www.procoiffure.com\/blog\/wp-content\/uploads\/2026\/03\/decors_fleurs_sechees-1-300x84.jpg 300w, https:\/\/www.procoiffure.com\/blog\/wp-content\/uploads\/2026\/03\/decors_fleurs_sechees-1-768x214.jpg 768w\" sizes=\"(max-width: 819px) 100vw, 819px\" \/><\/figure>\n<\/div>\n\n\n\n<div class=\"wp-block-group is-nowrap is-layout-flex wp-container-core-group-is-layout-6c531013 wp-block-group-is-layout-flex\">\n<figure class=\"wp-block-image size-full is-resized has-custom-border\"><img loading=\"lazy\" decoding=\"async\" width=\"819\" height=\"231\" src=\"https:\/\/www.procoiffure.com\/blog\/wp-content\/uploads\/2026\/03\/decors_fleurs_sechees-3-1.jpg\" alt=\"\" class=\"wp-image-5191\" style=\"border-top-left-radius:100px;border-top-right-radius:100px;border-bottom-left-radius:100px;border-bottom-right-radius:100px;aspect-ratio:3.545866594506833;width:1000px;height:auto\" srcset=\"https:\/\/www.procoiffure.com\/blog\/wp-content\/uploads\/2026\/03\/decors_fleurs_sechees-3-1.jpg 819w, https:\/\/www.procoiffure.com\/blog\/wp-content\/uploads\/2026\/03\/decors_fleurs_sechees-3-1-300x85.jpg 300w, https:\/\/www.procoiffure.com\/blog\/wp-content\/uploads\/2026\/03\/decors_fleurs_sechees-3-1-768x217.jpg 768w\" sizes=\"(max-width: 819px) 100vw, 819px\" \/><\/figure>\n\n\n\n<p><a href=\"https:\/\/www.procoiffure.com\/decor-d-ongles-fleurs-sechees-orange-bouquet-peggy-sage\">D\u00e9cor d&rsquo;ongles fleurs s\u00e9ch\u00e9es orange bouquet Peggy Sage<\/a><\/p>\n<\/div>\n\n\n\n<div class=\"wp-block-group is-nowrap is-layout-flex wp-container-core-group-is-layout-6c531013 wp-block-group-is-layout-flex\">\n<p><a href=\"https:\/\/www.procoiffure.com\/decor-d-ongles-fleurs-sechees-pink-bouquet-peggy-sage\">D\u00e9cor d&rsquo;ongles fleurs s\u00e9ch\u00e9es pink bouquet Peggy Sage<\/a><\/p>\n\n\n\n<figure class=\"wp-block-image size-full is-resized has-custom-border\"><img loading=\"lazy\" decoding=\"async\" width=\"819\" height=\"228\" src=\"https:\/\/www.procoiffure.com\/blog\/wp-content\/uploads\/2026\/03\/decors_fleurs_sechees-4-1.jpg\" alt=\"\" class=\"wp-image-5192\" style=\"border-top-left-radius:100px;border-top-right-radius:100px;border-bottom-left-radius:100px;border-bottom-right-radius:100px;aspect-ratio:3.5922829141251458;width:1000px;height:auto\" srcset=\"https:\/\/www.procoiffure.com\/blog\/wp-content\/uploads\/2026\/03\/decors_fleurs_sechees-4-1.jpg 819w, https:\/\/www.procoiffure.com\/blog\/wp-content\/uploads\/2026\/03\/decors_fleurs_sechees-4-1-300x84.jpg 300w, https:\/\/www.procoiffure.com\/blog\/wp-content\/uploads\/2026\/03\/decors_fleurs_sechees-4-1-768x214.jpg 768w\" sizes=\"(max-width: 819px) 100vw, 819px\" \/><\/figure>\n<\/div>\n\n\n\n<div class=\"wp-block-group is-nowrap is-layout-flex wp-container-core-group-is-layout-6c531013 wp-block-group-is-layout-flex\">\n<figure class=\"wp-block-image size-full is-resized has-custom-border\"><img loading=\"lazy\" decoding=\"async\" width=\"819\" height=\"229\" src=\"https:\/\/www.procoiffure.com\/blog\/wp-content\/uploads\/2026\/03\/decors_fleurs_sechees-2-1.jpg\" alt=\"\" class=\"wp-image-5193\" style=\"border-top-left-radius:100px;border-top-right-radius:100px;border-bottom-left-radius:100px;border-bottom-right-radius:100px;aspect-ratio:3.5765950187649267;width:1000px;height:auto\" srcset=\"https:\/\/www.procoiffure.com\/blog\/wp-content\/uploads\/2026\/03\/decors_fleurs_sechees-2-1.jpg 819w, https:\/\/www.procoiffure.com\/blog\/wp-content\/uploads\/2026\/03\/decors_fleurs_sechees-2-1-300x84.jpg 300w, https:\/\/www.procoiffure.com\/blog\/wp-content\/uploads\/2026\/03\/decors_fleurs_sechees-2-1-768x215.jpg 768w\" sizes=\"(max-width: 819px) 100vw, 819px\" \/><\/figure>\n\n\n\n<p><a href=\"https:\/\/www.procoiffure.com\/decor-d-ongles-fleurs-sechees-yellow-bouquet-peggy-sage\">D\u00e9cor d&rsquo;ongles fleurs s\u00e9ch\u00e9es yellow bouquet Peggy Sage<\/a><\/p>\n<\/div>\n\n\n\n<p><\/p>\n\n\n\n<h3 class=\"wp-block-heading\">4. Nail art papillons Aurora : manucure lumineuse et d\u00e9licate<\/h3>\n\n\n\n<div class=\"wp-block-group is-nowrap is-layout-flex wp-container-core-group-is-layout-6c531013 wp-block-group-is-layout-flex\">\n<figure class=\"wp-block-image size-full is-resized\"><img loading=\"lazy\" decoding=\"async\" width=\"760\" height=\"854\" src=\"https:\/\/www.procoiffure.com\/blog\/wp-content\/uploads\/2026\/03\/Capture-decran-2026-03-04-145448.png\" alt=\"\" class=\"wp-image-5170\" style=\"aspect-ratio:0.8899810119513012;width:711px;height:auto\" srcset=\"https:\/\/www.procoiffure.com\/blog\/wp-content\/uploads\/2026\/03\/Capture-decran-2026-03-04-145448.png 760w, https:\/\/www.procoiffure.com\/blog\/wp-content\/uploads\/2026\/03\/Capture-decran-2026-03-04-145448-267x300.png 267w\" sizes=\"(max-width: 760px) 100vw, 760px\" \/><\/figure>\n\n\n\n<p><a href=\"https:\/\/www.procoiffure.com\/decor-strass-papillons-aurora-peggy-sage-x-10\">D\u00e9cor Strass papillons Aurora Peggy Sage x 10<\/a><br>Pour une manucure \u00e0 la fois \u00e9l\u00e9gante et lumineuse, appliquez une base nude, rose p\u00e2le ou pastel sur l\u2019ensemble des ongles. Cette base douce mettra parfaitement en valeur les reflets multicolores des strass papillons.<\/p>\n<\/div>\n\n\n\n<div class=\"wp-block-group is-nowrap is-layout-flex wp-container-core-group-is-layout-6c531013 wp-block-group-is-layout-flex\">\n<p>D\u00e9posez ensuite un strass papillon Aurora sur un ou deux ongles, id\u00e9alement pr\u00e8s de la cuticule ou l\u00e9g\u00e8rement sur le c\u00f4t\u00e9 de l\u2019ongle pour cr\u00e9er un effet l\u00e9ger et a\u00e9rien. Les reflets iris\u00e9s captent la lumi\u00e8re et donnent imm\u00e9diatement du relief \u00e0 la manucure.<\/p>\n\n\n\n<figure class=\"wp-block-image size-full is-resized\"><img loading=\"lazy\" decoding=\"async\" width=\"514\" height=\"575\" src=\"https:\/\/www.procoiffure.com\/blog\/wp-content\/uploads\/2026\/03\/Capture-decran-2026-03-04-145440.png\" alt=\"\" class=\"wp-image-5171\" style=\"aspect-ratio:0.8939448484412125;width:787px;height:auto\" srcset=\"https:\/\/www.procoiffure.com\/blog\/wp-content\/uploads\/2026\/03\/Capture-decran-2026-03-04-145440.png 514w, https:\/\/www.procoiffure.com\/blog\/wp-content\/uploads\/2026\/03\/Capture-decran-2026-03-04-145440-268x300.png 268w\" sizes=\"(max-width: 514px) 100vw, 514px\" \/><\/figure>\n<\/div>\n\n\n\n<div class=\"wp-block-group is-nowrap is-layout-flex wp-container-core-group-is-layout-6c531013 wp-block-group-is-layout-flex\">\n<figure class=\"wp-block-image size-large is-resized has-custom-border\"><img loading=\"lazy\" decoding=\"async\" width=\"908\" height=\"1024\" src=\"https:\/\/www.procoiffure.com\/blog\/wp-content\/uploads\/2026\/03\/xpress_gel_spring26-3-908x1024.jpg\" alt=\"\" class=\"wp-image-5180\" style=\"border-top-left-radius:0px;border-top-right-radius:0px;border-bottom-left-radius:0px;border-bottom-right-radius:0px;aspect-ratio:0.8867170214389257;width:1000px;height:auto\" srcset=\"https:\/\/www.procoiffure.com\/blog\/wp-content\/uploads\/2026\/03\/xpress_gel_spring26-3-908x1024.jpg 908w, https:\/\/www.procoiffure.com\/blog\/wp-content\/uploads\/2026\/03\/xpress_gel_spring26-3-266x300.jpg 266w, https:\/\/www.procoiffure.com\/blog\/wp-content\/uploads\/2026\/03\/xpress_gel_spring26-3-768x866.jpg 768w, https:\/\/www.procoiffure.com\/blog\/wp-content\/uploads\/2026\/03\/xpress_gel_spring26-3.jpg 1200w\" sizes=\"(max-width: 908px) 100vw, 908px\" \/><\/figure>\n\n\n\n<p>Pour un r\u00e9sultat encore plus d\u00e9licat, vous pouvez ajouter quelques micro strass ou petits points de vernis argent\u00e9 autour du papillon de la gamme <a href=\"https:\/\/www.procoiffure.com\/gel-3-en-1-xpress-gel-milky-gold-peggy-sage-7-ml\">Gel 3 en 1 Xpress<\/a>.<\/p>\n<\/div>\n\n\n\n<div class=\"wp-block-group is-layout-constrained wp-block-group-is-layout-constrained\">\n<p>Terminez par une couche de top coat pour fixer le strass et prolonger la tenue de votre nail art.<\/p>\n<\/div>\n\n\n\n<p>R\u00e9sultat : une manucure raffin\u00e9e, lumineuse et parfaite pour apporter une touche de fantaisie \u00e0 vos ongles.<\/p>\n\n\n\n<h3 class=\"wp-block-heading\">5. La french c\u0153ur minimaliste<\/h3>\n\n\n\n<p>La french manucure se modernise avec une petite touche romantique. Appliquez une base nude ou rose tr\u00e8s clair sur l\u2019ensemble des ongles, puis r\u00e9alisez une french fine en blanc, rouge ou rose. <\/p>\n\n\n\n<div class=\"wp-block-group is-nowrap is-layout-flex wp-container-core-group-is-layout-6c531013 wp-block-group-is-layout-flex\">\n<figure class=\"wp-block-image size-full is-resized has-custom-border\"><img loading=\"lazy\" decoding=\"async\" width=\"833\" height=\"905\" src=\"https:\/\/www.procoiffure.com\/blog\/wp-content\/uploads\/2026\/03\/Capture-decran-2026-03-04-152800.png\" alt=\"\" class=\"wp-image-5178\" style=\"border-top-left-radius:0px;border-top-right-radius:0px;border-bottom-left-radius:0px;border-bottom-right-radius:0px;aspect-ratio:0.9204565074760869;width:1000px;height:auto\" srcset=\"https:\/\/www.procoiffure.com\/blog\/wp-content\/uploads\/2026\/03\/Capture-decran-2026-03-04-152800.png 833w, https:\/\/www.procoiffure.com\/blog\/wp-content\/uploads\/2026\/03\/Capture-decran-2026-03-04-152800-276x300.png 276w, https:\/\/www.procoiffure.com\/blog\/wp-content\/uploads\/2026\/03\/Capture-decran-2026-03-04-152800-768x834.png 768w\" sizes=\"(max-width: 833px) 100vw, 833px\" \/><\/figure>\n\n\n\n<p><a href=\"https:\/\/www.procoiffure.com\/decors-d-ongles-coeur-peggy-sage\">D\u00e9cors d&rsquo;ongles c\u0153ur Peggy Sage<\/a><br>Sur un seul ongle, d\u00e9posez un petit d\u00e9cor c\u0153ur pr\u00e8s de la cuticule pour apporter un d\u00e9tail d\u00e9licat et \u00e9l\u00e9gant. <\/p>\n<\/div>\n\n\n\n<p>R\u00e9sultat : une manucure minimaliste et raffin\u00e9e, parfaite pour celles qui aiment les nail art discrets.<\/p>\n\n\n\n<h2 class=\"wp-block-heading\">Les secrets d\u2019une manucure parfaite<\/h2>\n\n\n\n<p>Pour r\u00e9v\u00e9ler toute la beaut\u00e9 des couleurs fruit\u00e9es, quelques \u00e9tapes simples font la diff\u00e9rence :<\/p>\n\n\n\n<figure class=\"wp-block-image aligncenter size-large is-resized has-custom-border\"><img loading=\"lazy\" decoding=\"async\" width=\"908\" height=\"1024\" src=\"https:\/\/www.procoiffure.com\/blog\/wp-content\/uploads\/2026\/03\/fr-protocole_I-LAK-908x1024.jpg\" alt=\"\" class=\"wp-image-5159\" style=\"border-top-left-radius:0px;border-top-right-radius:0px;border-bottom-left-radius:0px;border-bottom-right-radius:0px;aspect-ratio:0.8867454264493295;width:270px;height:auto\" srcset=\"https:\/\/www.procoiffure.com\/blog\/wp-content\/uploads\/2026\/03\/fr-protocole_I-LAK-908x1024.jpg 908w, https:\/\/www.procoiffure.com\/blog\/wp-content\/uploads\/2026\/03\/fr-protocole_I-LAK-266x300.jpg 266w, https:\/\/www.procoiffure.com\/blog\/wp-content\/uploads\/2026\/03\/fr-protocole_I-LAK-768x866.jpg 768w, https:\/\/www.procoiffure.com\/blog\/wp-content\/uploads\/2026\/03\/fr-protocole_I-LAK.jpg 1200w\" sizes=\"(max-width: 908px) 100vw, 908px\" \/><\/figure>\n\n\n\n<div class=\"wp-block-group is-nowrap is-layout-flex wp-container-core-group-is-layout-6c531013 wp-block-group-is-layout-flex\">\n<ul class=\"wp-block-list\">\n<li>Pr\u00e9parer soigneusement les ongles<\/li>\n\n\n\n<li>Appliquer une base protectrice<\/li>\n\n\n\n<li>Poser le vernis en couches fines<\/li>\n\n\n\n<li>Terminer avec un top coat pour une brillance et une tenue optimales.<\/li>\n\n\n\n<li>Touche de finition avec le Cleaner triple action<\/li>\n<\/ul>\n<\/div>\n\n\n\n<p>Ces gestes permettent de prolonger la tenue de la manucure et d\u2019obtenir un r\u00e9sultat parfaitement net.<\/p>\n\n\n\n<h2 class=\"wp-block-heading\">D\u00e9couvrez la collection Fruity Garden Peggy Sage<\/h2>\n\n\n\n<p>Color\u00e9e, fra\u00eeche et pleine de vitalit\u00e9, la collection <strong><a href=\"https:\/\/www.procoiffure.com\/catalog\/peggy-sage-fruity-garden\">Fruity Garden Peggy Sage<\/a><\/strong> invite \u00e0 explorer de nouvelles manucures inspir\u00e9es des fruits et des jardins d\u2019\u00e9t\u00e9.<\/p>\n\n\n\n<p>Que vous pr\u00e9f\u00e9riez une couleur \u00e9clatante, une french revisit\u00e9e ou un nail art cr\u00e9atif, ces teintes fruit\u00e9es offrent une multitude de possibilit\u00e9s pour laisser parler votre imagination.<\/p>\n\n\n\n<p>Pour d\u00e9couvrir toutes les couleurs de la collection <strong>Fruity Garden<\/strong>, rendez-vous sur notre <a href=\"https:\/\/www.procoiffure.com\/catalog\/peggy-sage-fruity-garden?\">boutique en ligne.<\/a><\/p>\n\n\n\n<p><\/p>\n\n\n\n<p><\/p>\n","protected":false},"excerpt":{"rendered":"<p>Et si vos ongles avaient, eux aussi, droit \u00e0 leur dose de fra\u00eecheur et de gourmandise ? Cette saison, les couleurs inspir\u00e9es des fruits s\u2019invitent absolument partout ! Vos ongles n&rsquo;\u00e9chapperont pas \u00e0 cette v\u00e9ritable explosion de bonne humeur. Jaune citron lumineux, framboise intense, p\u00eache d\u00e9licate, melon pastel, ou vert d&rsquo;eau\u2026 ces teintes pleines de [&hellip;]<\/p>\n","protected":false},"author":4,"featured_media":5188,"comment_status":"open","ping_status":"open","sticky":false,"template":"","format":"standard","meta":{"_jetpack_memberships_contains_paid_content":false,"footnotes":""},"categories":[13],"tags":[],"class_list":["post-5153","post","type-post","status-publish","format-standard","has-post-thumbnail","hentry","category-onglerie"],"yoast_head":"<!-- This site is optimized with the Yoast SEO plugin v27.2 - https:\/\/yoast.com\/product\/yoast-seo-wordpress\/ -->\n<title>Manucure fruit\u00e9e &amp; florale : 5 id\u00e9es de nail art avec Fruity Garden<\/title>\n<meta name=\"description\" content=\"D\u00e9couvrez 5 nail art inspir\u00e9s de la nouvelle collection Fruity Garden Peggy Sage. Des couleurs gourmandes pour des ongles tendance.\" \/>\n<meta name=\"robots\" content=\"index, follow, max-snippet:-1, max-image-preview:large, max-video-preview:-1\" \/>\n<link rel=\"canonical\" href=\"https:\/\/www.procoiffure.com\/blog\/idees-de-nail-art-fruite\/\" \/>\n<meta property=\"og:locale\" content=\"fr_FR\" \/>\n<meta property=\"og:type\" content=\"article\" \/>\n<meta property=\"og:title\" content=\"Manucure fruit\u00e9e &amp; florale : 5 id\u00e9es de nail art avec Fruity Garden\" \/>\n<meta property=\"og:description\" content=\"D\u00e9couvrez 5 nail art inspir\u00e9s de la nouvelle collection Fruity Garden Peggy Sage. Des couleurs gourmandes pour des ongles tendance.\" \/>\n<meta property=\"og:url\" content=\"https:\/\/www.procoiffure.com\/blog\/idees-de-nail-art-fruite\/\" \/>\n<meta property=\"og:site_name\" content=\"L&#039;actu beaut\u00e9 | Pro Coiffure Esht\u00e9tique\" \/>\n<meta property=\"article:published_time\" content=\"2026-03-05T09:23:10+00:00\" \/>\n<meta property=\"article:modified_time\" content=\"2026-03-06T13:32:26+00:00\" \/>\n<meta property=\"og:image\" content=\"https:\/\/www.procoiffure.com\/blog\/wp-content\/uploads\/2026\/03\/Visuels-Blog-fruity-garden-4-1024x1024.png\" \/>\n\t<meta property=\"og:image:width\" content=\"1024\" \/>\n\t<meta property=\"og:image:height\" content=\"1024\" \/>\n\t<meta property=\"og:image:type\" content=\"image\/png\" \/>\n<meta name=\"author\" content=\"Elodie Soulier\" \/>\n<meta name=\"twitter:card\" content=\"summary_large_image\" \/>\n<meta name=\"twitter:label1\" content=\"\u00c9crit par\" \/>\n\t<meta name=\"twitter:data1\" content=\"Elodie Soulier\" \/>\n\t<meta name=\"twitter:label2\" content=\"Dur\u00e9e de lecture estim\u00e9e\" \/>\n\t<meta name=\"twitter:data2\" content=\"9 minutes\" \/>\n<script type=\"application\/ld+json\" class=\"yoast-schema-graph\">{\"@context\":\"https:\/\/schema.org\",\"@graph\":[{\"@type\":\"Article\",\"@id\":\"https:\/\/www.procoiffure.com\/blog\/idees-de-nail-art-fruite\/#article\",\"isPartOf\":{\"@id\":\"https:\/\/www.procoiffure.com\/blog\/idees-de-nail-art-fruite\/\"},\"author\":{\"name\":\"Elodie Soulier\",\"@id\":\"https:\/\/www.procoiffure.com\/blog\/#\/schema\/person\/1737ca6207ae0dec18ceab1195f285c8\"},\"headline\":\"Manucure fruit\u00e9e &#038; florale : 5 id\u00e9es de nail art inspir\u00e9es de la nouvelle collection Peggy Sage\",\"datePublished\":\"2026-03-05T09:23:10+00:00\",\"dateModified\":\"2026-03-06T13:32:26+00:00\",\"mainEntityOfPage\":{\"@id\":\"https:\/\/www.procoiffure.com\/blog\/idees-de-nail-art-fruite\/\"},\"wordCount\":1096,\"commentCount\":0,\"publisher\":{\"@id\":\"https:\/\/www.procoiffure.com\/blog\/#organization\"},\"image\":{\"@id\":\"https:\/\/www.procoiffure.com\/blog\/idees-de-nail-art-fruite\/#primaryimage\"},\"thumbnailUrl\":\"https:\/\/www.procoiffure.com\/blog\/wp-content\/uploads\/2026\/03\/Visuels-Blog-fruity-garden-4.png\",\"articleSection\":[\"Onglerie\"],\"inLanguage\":\"fr-FR\",\"potentialAction\":[{\"@type\":\"CommentAction\",\"name\":\"Comment\",\"target\":[\"https:\/\/www.procoiffure.com\/blog\/idees-de-nail-art-fruite\/#respond\"]}]},{\"@type\":\"WebPage\",\"@id\":\"https:\/\/www.procoiffure.com\/blog\/idees-de-nail-art-fruite\/\",\"url\":\"https:\/\/www.procoiffure.com\/blog\/idees-de-nail-art-fruite\/\",\"name\":\"Manucure fruit\u00e9e & florale : 5 id\u00e9es de nail art avec Fruity Garden\",\"isPartOf\":{\"@id\":\"https:\/\/www.procoiffure.com\/blog\/#website\"},\"primaryImageOfPage\":{\"@id\":\"https:\/\/www.procoiffure.com\/blog\/idees-de-nail-art-fruite\/#primaryimage\"},\"image\":{\"@id\":\"https:\/\/www.procoiffure.com\/blog\/idees-de-nail-art-fruite\/#primaryimage\"},\"thumbnailUrl\":\"https:\/\/www.procoiffure.com\/blog\/wp-content\/uploads\/2026\/03\/Visuels-Blog-fruity-garden-4.png\",\"datePublished\":\"2026-03-05T09:23:10+00:00\",\"dateModified\":\"2026-03-06T13:32:26+00:00\",\"description\":\"D\u00e9couvrez 5 nail art inspir\u00e9s de la nouvelle collection Fruity Garden Peggy Sage. Des couleurs gourmandes pour des ongles tendance.\",\"breadcrumb\":{\"@id\":\"https:\/\/www.procoiffure.com\/blog\/idees-de-nail-art-fruite\/#breadcrumb\"},\"inLanguage\":\"fr-FR\",\"potentialAction\":[{\"@type\":\"ReadAction\",\"target\":[\"https:\/\/www.procoiffure.com\/blog\/idees-de-nail-art-fruite\/\"]}]},{\"@type\":\"ImageObject\",\"inLanguage\":\"fr-FR\",\"@id\":\"https:\/\/www.procoiffure.com\/blog\/idees-de-nail-art-fruite\/#primaryimage\",\"url\":\"https:\/\/www.procoiffure.com\/blog\/wp-content\/uploads\/2026\/03\/Visuels-Blog-fruity-garden-4.png\",\"contentUrl\":\"https:\/\/www.procoiffure.com\/blog\/wp-content\/uploads\/2026\/03\/Visuels-Blog-fruity-garden-4.png\",\"width\":1080,\"height\":1080},{\"@type\":\"BreadcrumbList\",\"@id\":\"https:\/\/www.procoiffure.com\/blog\/idees-de-nail-art-fruite\/#breadcrumb\",\"itemListElement\":[{\"@type\":\"ListItem\",\"position\":1,\"name\":\"Accueil\",\"item\":\"https:\/\/www.procoiffure.com\/blog\/\"},{\"@type\":\"ListItem\",\"position\":2,\"name\":\"Manucure fruit\u00e9e &#038; florale : 5 id\u00e9es de nail art inspir\u00e9es de la nouvelle collection Peggy Sage\"}]},{\"@type\":\"WebSite\",\"@id\":\"https:\/\/www.procoiffure.com\/blog\/#website\",\"url\":\"https:\/\/www.procoiffure.com\/blog\/\",\"name\":\"L'actu beaut\u00e9 | Pro Coiffure Esth\u00e9tique\",\"description\":\"\",\"publisher\":{\"@id\":\"https:\/\/www.procoiffure.com\/blog\/#organization\"},\"potentialAction\":[{\"@type\":\"SearchAction\",\"target\":{\"@type\":\"EntryPoint\",\"urlTemplate\":\"https:\/\/www.procoiffure.com\/blog\/?s={search_term_string}\"},\"query-input\":{\"@type\":\"PropertyValueSpecification\",\"valueRequired\":true,\"valueName\":\"search_term_string\"}}],\"inLanguage\":\"fr-FR\"},{\"@type\":\"Organization\",\"@id\":\"https:\/\/www.procoiffure.com\/blog\/#organization\",\"name\":\"Le Blog de No\u00e9mie\",\"url\":\"https:\/\/www.procoiffure.com\/blog\/\",\"logo\":{\"@type\":\"ImageObject\",\"inLanguage\":\"fr-FR\",\"@id\":\"https:\/\/www.procoiffure.com\/blog\/#\/schema\/logo\/image\/\",\"url\":\"https:\/\/www.procoiffure.com\/blog\/wp-content\/uploads\/2025\/03\/LOGO-BLOG-1.png\",\"contentUrl\":\"https:\/\/www.procoiffure.com\/blog\/wp-content\/uploads\/2025\/03\/LOGO-BLOG-1.png\",\"width\":998,\"height\":397,\"caption\":\"Le Blog de No\u00e9mie\"},\"image\":{\"@id\":\"https:\/\/www.procoiffure.com\/blog\/#\/schema\/logo\/image\/\"}},{\"@type\":\"Person\",\"@id\":\"https:\/\/www.procoiffure.com\/blog\/#\/schema\/person\/1737ca6207ae0dec18ceab1195f285c8\",\"name\":\"Elodie Soulier\",\"image\":{\"@type\":\"ImageObject\",\"inLanguage\":\"fr-FR\",\"@id\":\"https:\/\/secure.gravatar.com\/avatar\/1d7d61bb3f84fbe0ce04787c39b28f1c9e04603618601bee9eaed59905cd11ef?s=96&d=color&r=g\",\"url\":\"https:\/\/secure.gravatar.com\/avatar\/1d7d61bb3f84fbe0ce04787c39b28f1c9e04603618601bee9eaed59905cd11ef?s=96&d=color&r=g\",\"contentUrl\":\"https:\/\/secure.gravatar.com\/avatar\/1d7d61bb3f84fbe0ce04787c39b28f1c9e04603618601bee9eaed59905cd11ef?s=96&d=color&r=g\",\"caption\":\"Elodie Soulier\"},\"url\":\"https:\/\/www.procoiffure.com\/blog\/author\/elodie-soul\/\"}]}<\/script>\n<!-- \/ Yoast SEO plugin. -->","yoast_head_json":{"title":"Manucure fruit\u00e9e & florale : 5 id\u00e9es de nail art avec Fruity Garden","description":"D\u00e9couvrez 5 nail art inspir\u00e9s de la nouvelle collection Fruity Garden Peggy Sage. Des couleurs gourmandes pour des ongles tendance.","robots":{"index":"index","follow":"follow","max-snippet":"max-snippet:-1","max-image-preview":"max-image-preview:large","max-video-preview":"max-video-preview:-1"},"canonical":"https:\/\/www.procoiffure.com\/blog\/idees-de-nail-art-fruite\/","og_locale":"fr_FR","og_type":"article","og_title":"Manucure fruit\u00e9e & florale : 5 id\u00e9es de nail art avec Fruity Garden","og_description":"D\u00e9couvrez 5 nail art inspir\u00e9s de la nouvelle collection Fruity Garden Peggy Sage. Des couleurs gourmandes pour des ongles tendance.","og_url":"https:\/\/www.procoiffure.com\/blog\/idees-de-nail-art-fruite\/","og_site_name":"L&#039;actu beaut\u00e9 | Pro Coiffure Esht\u00e9tique","article_published_time":"2026-03-05T09:23:10+00:00","article_modified_time":"2026-03-06T13:32:26+00:00","og_image":[{"width":1024,"height":1024,"url":"https:\/\/www.procoiffure.com\/blog\/wp-content\/uploads\/2026\/03\/Visuels-Blog-fruity-garden-4-1024x1024.png","type":"image\/png"}],"author":"Elodie Soulier","twitter_card":"summary_large_image","twitter_misc":{"\u00c9crit par":"Elodie Soulier","Dur\u00e9e de lecture estim\u00e9e":"9 minutes"},"schema":{"@context":"https:\/\/schema.org","@graph":[{"@type":"Article","@id":"https:\/\/www.procoiffure.com\/blog\/idees-de-nail-art-fruite\/#article","isPartOf":{"@id":"https:\/\/www.procoiffure.com\/blog\/idees-de-nail-art-fruite\/"},"author":{"name":"Elodie Soulier","@id":"https:\/\/www.procoiffure.com\/blog\/#\/schema\/person\/1737ca6207ae0dec18ceab1195f285c8"},"headline":"Manucure fruit\u00e9e &#038; florale : 5 id\u00e9es de nail art inspir\u00e9es de la nouvelle collection Peggy Sage","datePublished":"2026-03-05T09:23:10+00:00","dateModified":"2026-03-06T13:32:26+00:00","mainEntityOfPage":{"@id":"https:\/\/www.procoiffure.com\/blog\/idees-de-nail-art-fruite\/"},"wordCount":1096,"commentCount":0,"publisher":{"@id":"https:\/\/www.procoiffure.com\/blog\/#organization"},"image":{"@id":"https:\/\/www.procoiffure.com\/blog\/idees-de-nail-art-fruite\/#primaryimage"},"thumbnailUrl":"https:\/\/www.procoiffure.com\/blog\/wp-content\/uploads\/2026\/03\/Visuels-Blog-fruity-garden-4.png","articleSection":["Onglerie"],"inLanguage":"fr-FR","potentialAction":[{"@type":"CommentAction","name":"Comment","target":["https:\/\/www.procoiffure.com\/blog\/idees-de-nail-art-fruite\/#respond"]}]},{"@type":"WebPage","@id":"https:\/\/www.procoiffure.com\/blog\/idees-de-nail-art-fruite\/","url":"https:\/\/www.procoiffure.com\/blog\/idees-de-nail-art-fruite\/","name":"Manucure fruit\u00e9e & florale : 5 id\u00e9es de nail art avec Fruity Garden","isPartOf":{"@id":"https:\/\/www.procoiffure.com\/blog\/#website"},"primaryImageOfPage":{"@id":"https:\/\/www.procoiffure.com\/blog\/idees-de-nail-art-fruite\/#primaryimage"},"image":{"@id":"https:\/\/www.procoiffure.com\/blog\/idees-de-nail-art-fruite\/#primaryimage"},"thumbnailUrl":"https:\/\/www.procoiffure.com\/blog\/wp-content\/uploads\/2026\/03\/Visuels-Blog-fruity-garden-4.png","datePublished":"2026-03-05T09:23:10+00:00","dateModified":"2026-03-06T13:32:26+00:00","description":"D\u00e9couvrez 5 nail art inspir\u00e9s de la nouvelle collection Fruity Garden Peggy Sage. Des couleurs gourmandes pour des ongles tendance.","breadcrumb":{"@id":"https:\/\/www.procoiffure.com\/blog\/idees-de-nail-art-fruite\/#breadcrumb"},"inLanguage":"fr-FR","potentialAction":[{"@type":"ReadAction","target":["https:\/\/www.procoiffure.com\/blog\/idees-de-nail-art-fruite\/"]}]},{"@type":"ImageObject","inLanguage":"fr-FR","@id":"https:\/\/www.procoiffure.com\/blog\/idees-de-nail-art-fruite\/#primaryimage","url":"https:\/\/www.procoiffure.com\/blog\/wp-content\/uploads\/2026\/03\/Visuels-Blog-fruity-garden-4.png","contentUrl":"https:\/\/www.procoiffure.com\/blog\/wp-content\/uploads\/2026\/03\/Visuels-Blog-fruity-garden-4.png","width":1080,"height":1080},{"@type":"BreadcrumbList","@id":"https:\/\/www.procoiffure.com\/blog\/idees-de-nail-art-fruite\/#breadcrumb","itemListElement":[{"@type":"ListItem","position":1,"name":"Accueil","item":"https:\/\/www.procoiffure.com\/blog\/"},{"@type":"ListItem","position":2,"name":"Manucure fruit\u00e9e &#038; florale : 5 id\u00e9es de nail art inspir\u00e9es de la nouvelle collection Peggy Sage"}]},{"@type":"WebSite","@id":"https:\/\/www.procoiffure.com\/blog\/#website","url":"https:\/\/www.procoiffure.com\/blog\/","name":"L'actu beaut\u00e9 | Pro Coiffure Esth\u00e9tique","description":"","publisher":{"@id":"https:\/\/www.procoiffure.com\/blog\/#organization"},"potentialAction":[{"@type":"SearchAction","target":{"@type":"EntryPoint","urlTemplate":"https:\/\/www.procoiffure.com\/blog\/?s={search_term_string}"},"query-input":{"@type":"PropertyValueSpecification","valueRequired":true,"valueName":"search_term_string"}}],"inLanguage":"fr-FR"},{"@type":"Organization","@id":"https:\/\/www.procoiffure.com\/blog\/#organization","name":"Le Blog de No\u00e9mie","url":"https:\/\/www.procoiffure.com\/blog\/","logo":{"@type":"ImageObject","inLanguage":"fr-FR","@id":"https:\/\/www.procoiffure.com\/blog\/#\/schema\/logo\/image\/","url":"https:\/\/www.procoiffure.com\/blog\/wp-content\/uploads\/2025\/03\/LOGO-BLOG-1.png","contentUrl":"https:\/\/www.procoiffure.com\/blog\/wp-content\/uploads\/2025\/03\/LOGO-BLOG-1.png","width":998,"height":397,"caption":"Le Blog de No\u00e9mie"},"image":{"@id":"https:\/\/www.procoiffure.com\/blog\/#\/schema\/logo\/image\/"}},{"@type":"Person","@id":"https:\/\/www.procoiffure.com\/blog\/#\/schema\/person\/1737ca6207ae0dec18ceab1195f285c8","name":"Elodie Soulier","image":{"@type":"ImageObject","inLanguage":"fr-FR","@id":"https:\/\/secure.gravatar.com\/avatar\/1d7d61bb3f84fbe0ce04787c39b28f1c9e04603618601bee9eaed59905cd11ef?s=96&d=color&r=g","url":"https:\/\/secure.gravatar.com\/avatar\/1d7d61bb3f84fbe0ce04787c39b28f1c9e04603618601bee9eaed59905cd11ef?s=96&d=color&r=g","contentUrl":"https:\/\/secure.gravatar.com\/avatar\/1d7d61bb3f84fbe0ce04787c39b28f1c9e04603618601bee9eaed59905cd11ef?s=96&d=color&r=g","caption":"Elodie Soulier"},"url":"https:\/\/www.procoiffure.com\/blog\/author\/elodie-soul\/"}]}},"jetpack_featured_media_url":"https:\/\/www.procoiffure.com\/blog\/wp-content\/uploads\/2026\/03\/Visuels-Blog-fruity-garden-4.png","jetpack_sharing_enabled":true,"_links":{"self":[{"href":"https:\/\/www.procoiffure.com\/blog\/wp-json\/wp\/v2\/posts\/5153","targetHints":{"allow":["GET"]}}],"collection":[{"href":"https:\/\/www.procoiffure.com\/blog\/wp-json\/wp\/v2\/posts"}],"about":[{"href":"https:\/\/www.procoiffure.com\/blog\/wp-json\/wp\/v2\/types\/post"}],"author":[{"embeddable":true,"href":"https:\/\/www.procoiffure.com\/blog\/wp-json\/wp\/v2\/users\/4"}],"replies":[{"embeddable":true,"href":"https:\/\/www.procoiffure.com\/blog\/wp-json\/wp\/v2\/comments?post=5153"}],"version-history":[{"count":21,"href":"https:\/\/www.procoiffure.com\/blog\/wp-json\/wp\/v2\/posts\/5153\/revisions"}],"predecessor-version":[{"id":5233,"href":"https:\/\/www.procoiffure.com\/blog\/wp-json\/wp\/v2\/posts\/5153\/revisions\/5233"}],"wp:featuredmedia":[{"embeddable":true,"href":"https:\/\/www.procoiffure.com\/blog\/wp-json\/wp\/v2\/media\/5188"}],"wp:attachment":[{"href":"https:\/\/www.procoiffure.com\/blog\/wp-json\/wp\/v2\/media?parent=5153"}],"wp:term":[{"taxonomy":"category","embeddable":true,"href":"https:\/\/www.procoiffure.com\/blog\/wp-json\/wp\/v2\/categories?post=5153"},{"taxonomy":"post_tag","embeddable":true,"href":"https:\/\/www.procoiffure.com\/blog\/wp-json\/wp\/v2\/tags?post=5153"}],"curies":[{"name":"wp","href":"https:\/\/api.w.org\/{rel}","templated":true}]}}