{"id":5100,"date":"2026-03-03T15:15:22","date_gmt":"2026-03-03T14:15:22","guid":{"rendered":"https:\/\/www.procoiffure.com\/blog\/?p=5100"},"modified":"2026-03-03T17:41:29","modified_gmt":"2026-03-03T16:41:29","slug":"keratin-alpha-sleek-la-solution-professionnelle-anti-frisottis","status":"publish","type":"post","link":"https:\/\/www.procoiffure.com\/blog\/keratin-alpha-sleek-la-solution-professionnelle-anti-frisottis\/","title":{"rendered":"Keratin Alpha Sleek :\nLa solution professionnelle anti frisottis"},"content":{"rendered":"\n<p class=\"has-text-align-center\">Ma\u00eetriser les frisottis, contr\u00f4ler le volume et obtenir un lissage durable font partie des pr\u00e9occupations majeures lorsque l\u2019on a des cheveux rebelles ou sensibles \u00e0 l\u2019humidit\u00e9. La gamme Keratin Alpha Sleek de L\u2019Or\u00e9al Professionnel a \u00e9t\u00e9 con\u00e7ue pour apporter une r\u00e9ponse cibl\u00e9e \u00e0 ces probl\u00e9matiques gr\u00e2ce \u00e0 un soin lissant professionnel \u00e0 action progressive.<\/p>\n\n\n\n<p class=\"has-text-align-center\">Son objectif n\u2019est pas de transformer radicalement la nature du cheveu, mais de renforcer sa discipline capillaire, d\u2019am\u00e9liorer sa souplesse et de faciliter le coiffage au quotidien<\/p>\n\n\n\n<hr class=\"wp-block-separator aligncenter has-text-color has-ti-bg-color has-alpha-channel-opacity has-ti-bg-background-color has-background\" style=\"margin-top:var(--wp--preset--spacing--50);margin-bottom:var(--wp--preset--spacing--50)\"\/>\n\n\n\n<h2 class=\"wp-block-heading has-text-align-center\">Comment fonctionne Keratin Alpha Sleek ?<\/h2>\n\n\n\n<p class=\"has-text-align-center\">La structure du cheveu repose principalement sur la k\u00e9ratine, prot\u00e9ine essentielle qui d\u00e9termine sa forme, sa r\u00e9sistance et son \u00e9lasticit\u00e9. Lorsque cette organisation interne est fragilis\u00e9e par la chaleur, les colorations ou l\u2019humidit\u00e9, la fibre devient irr\u00e9guli\u00e8re. <\/p>\n\n\n\n<blockquote class=\"wp-block-quote has-text-color has-link-color has-normal-font-size wp-elements-5b59371ecc779c2b8e4ed3f6d7e7da71 is-layout-flow wp-block-quote-is-layout-flow\" style=\"color:#4c34a2\">\n<p class=\"has-text-align-center\"><strong>Les frisottis apparaissent, le volume devient difficile \u00e0 ma\u00eetriser et le coiffage perd en tenue.<\/strong><\/p>\n<\/blockquote>\n\n\n\n<hr class=\"wp-block-separator aligncenter has-text-color has-ti-bg-color has-alpha-channel-opacity has-ti-bg-background-color has-background\" style=\"margin-top:var(--wp--preset--spacing--50);margin-bottom:var(--wp--preset--spacing--50)\"\/>\n\n\n\n<p>Keratin Alpha Sleek agit au c\u0153ur de la fibre capillaire afin d\u2019assouplir progressivement sa structure. Gr\u00e2ce \u00e0 l\u2019activation thermique, le soin favorise une meilleure organisation interne de la k\u00e9ratine, ce qui permet :<\/p>\n\n\n\n<blockquote class=\"wp-block-quote has-text-color has-link-color has-normal-font-size wp-elements-b3b987ec7a175f3c6cda8e7b707ea49e is-layout-flow wp-block-quote-is-layout-flow\" style=\"color:#4c34a2;font-style:normal;font-weight:700\">\n<ul class=\"wp-block-list\">\n<li class=\"has-normal-font-size\">Une r\u00e9duction visible des frisottis<\/li>\n\n\n\n<li class=\"has-normal-font-size\">Un lissage plus net et plus durable<\/li>\n\n\n\n<li class=\"has-normal-font-size\">Une meilleure r\u00e9sistance \u00e0 l\u2019humidit\u00e9<\/li>\n\n\n\n<li class=\"has-normal-font-size\">Une brillance renforc\u00e9e<\/li>\n\n\n\n<li class=\"has-normal-font-size\">Un toucher plus doux<\/li>\n<\/ul>\n<\/blockquote>\n\n\n\n<p class=\"has-text-align-center\">Le r\u00e9sultat est un cheveu disciplin\u00e9, fluide et naturellement brillant, sans effet fig\u00e9.<\/p>\n\n\n\n<hr class=\"wp-block-separator aligncenter has-text-color has-ti-bg-color has-alpha-channel-opacity has-ti-bg-background-color has-background\" style=\"margin-top:var(--wp--preset--spacing--50);margin-bottom:var(--wp--preset--spacing--50)\"\/>\n\n\n\n<figure class=\"wp-block-image aligncenter size-full is-resized\"><img fetchpriority=\"high\" decoding=\"async\" width=\"914\" height=\"516\" src=\"https:\/\/www.procoiffure.com\/blog\/wp-content\/uploads\/2026\/03\/image-4.png\" alt=\"\" class=\"wp-image-5116\" style=\"aspect-ratio:1.7713948276906304;width:856px;height:auto\" srcset=\"https:\/\/www.procoiffure.com\/blog\/wp-content\/uploads\/2026\/03\/image-4.png 914w, https:\/\/www.procoiffure.com\/blog\/wp-content\/uploads\/2026\/03\/image-4-300x169.png 300w, https:\/\/www.procoiffure.com\/blog\/wp-content\/uploads\/2026\/03\/image-4-768x434.png 768w\" sizes=\"(max-width: 914px) 100vw, 914px\" \/><\/figure>\n\n\n\n<hr class=\"wp-block-separator aligncenter has-text-color has-ti-bg-color has-alpha-channel-opacity has-ti-bg-background-color has-background\" style=\"margin-top:var(--wp--preset--spacing--50);margin-bottom:var(--wp--preset--spacing--50)\"\/>\n\n\n\n<h2 class=\"wp-block-heading has-text-align-center\">\u00c0 qui s\u2019adresse la gamme Keratin Alpha Sleek ?<\/h2>\n\n\n\n<p class=\"has-text-align-center\">La gamme Keratin Alpha Sleek est particuli\u00e8rement recommand\u00e9e pour :<\/p>\n\n\n\n<blockquote class=\"wp-block-quote has-text-color has-link-color has-normal-font-size wp-elements-2257c9c035468393750d06a3f903de37 is-layout-flow wp-block-quote-is-layout-flow\" style=\"color:#4c34a2;font-style:normal;font-weight:700\">\n<ol class=\"wp-block-list\">\n<li class=\"has-normal-font-size\">Les cheveux \u00e9pais difficiles \u00e0 ma\u00eetriser<\/li>\n\n\n\n<li>Les cheveux ondul\u00e9s ou boucl\u00e9s sujets aux frisottis<\/li>\n\n\n\n<li>Les cheveux sensibilis\u00e9s par la coloration ou la d\u00e9coloration<\/li>\n\n\n\n<li class=\"has-normal-font-size\">Les cheveux poreux qui r\u00e9agissent fortement \u00e0 l\u2019humidit\u00e9<\/li>\n<\/ol>\n<\/blockquote>\n\n\n\n<p>Elle convient aussi bien \u00e0 un usage professionnel en salon qu\u2019\u00e0 une routine experte \u00e0 domicile pour celles et ceux qui recherchent un soin lissant efficace et ma\u00eetris\u00e9.<\/p>\n\n\n\n<hr class=\"wp-block-separator aligncenter has-text-color has-ti-bg-color has-alpha-channel-opacity has-ti-bg-background-color has-background\" style=\"margin-top:var(--wp--preset--spacing--50);margin-bottom:var(--wp--preset--spacing--50)\"\/>\n\n\n\n<h2 class=\"wp-block-heading has-text-align-center\">Quels produits composent la gamme Keratin Alpha Sleek de L\u2019Or\u00e9al Professionnel ?<\/h2>\n\n\n\n<p class=\"has-text-align-center\">La gamme repose sur un protocole complet pens\u00e9 pour optimiser les r\u00e9sultats du lissage et garantir une coh\u00e9rence d\u2019action.<\/p>\n\n\n\n<h3 class=\"wp-block-heading has-text-align-center\">1. Le shampoing lissant pr\u00e9parateur<\/h3>\n\n\n\n<div class=\"wp-block-group is-horizontal is-content-justification-left is-nowrap is-layout-flex wp-container-core-group-is-layout-e5fbeb3a wp-block-group-is-layout-flex\">\n<figure class=\"wp-block-image aligncenter size-full is-resized\"><a href=\"http:\/\/Serie Expert Keratin Alpha Sleek Shampoing Disciplinant 500ml\"><img decoding=\"async\" width=\"246\" height=\"495\" src=\"https:\/\/www.procoiffure.com\/blog\/wp-content\/uploads\/2026\/03\/Capture-decran-2026-03-03-114256.png\" alt=\"\" class=\"wp-image-5104\" style=\"aspect-ratio:0.49698519430501625;width:254px;height:auto\" srcset=\"https:\/\/www.procoiffure.com\/blog\/wp-content\/uploads\/2026\/03\/Capture-decran-2026-03-03-114256.png 246w, https:\/\/www.procoiffure.com\/blog\/wp-content\/uploads\/2026\/03\/Capture-decran-2026-03-03-114256-149x300.png 149w\" sizes=\"(max-width: 246px) 100vw, 246px\" \/><\/a><\/figure>\n\n\n\n<p class=\"has-text-align-left\">Ce shampoing <strong>nettoie la fibre<\/strong> et \u00e9limine les impuret\u00e9s susceptibles de compromettre la tenue du lissage. Il pr\u00e9pare le cheveu \u00e0 recevoir le soin transformateur et contribue d\u00e9j\u00e0 \u00e0 lisser la surface capillaire. Id\u00e9al pour les cheveux rebelles, il respecte \u00e9galement les cheveux color\u00e9s.<\/p>\n<\/div>\n\n\n\n<h3 class=\"wp-block-heading has-text-align-center\">2.a. Le soin transformateur lissant<\/h3>\n\n\n\n<div class=\"wp-block-group is-content-justification-left is-nowrap is-layout-flex wp-container-core-group-is-layout-fc9f69e7 wp-block-group-is-layout-flex\">\n<figure class=\"wp-block-image aligncenter size-full is-resized\"><a href=\"http:\/\/Serie Expert Keratin Alpha Sleek Soin Transformatif Lissant 200ml\"><img decoding=\"async\" width=\"196\" height=\"471\" src=\"https:\/\/www.procoiffure.com\/blog\/wp-content\/uploads\/2026\/03\/Capture-decran-2026-03-03-114523.png\" alt=\"\" class=\"wp-image-5105\" style=\"aspect-ratio:0.41613031650189103;width:223px;height:auto\" srcset=\"https:\/\/www.procoiffure.com\/blog\/wp-content\/uploads\/2026\/03\/Capture-decran-2026-03-03-114523.png 196w, https:\/\/www.procoiffure.com\/blog\/wp-content\/uploads\/2026\/03\/Capture-decran-2026-03-03-114523-125x300.png 125w\" sizes=\"(max-width: 196px) 100vw, 196px\" \/><\/a><\/figure>\n\n\n\n<p class=\"has-text-align-left\"><strong>Produit phare de la gamme<\/strong>, ce soin restructurant agit en profondeur. Il aide \u00e0 r\u00e9organiser la k\u00e9ratine afin d&rsquo;en r\u00e9duire le volume excessif et de faciliter le lissage. Son application m\u00e8che par m\u00e8che garantit une r\u00e9partition homog\u00e8ne.L\u2019activation par la chaleur optimise la performance du soin et prolonge la tenue du r\u00e9sultat.<\/p>\n<\/div>\n\n\n\n<h3 class=\"wp-block-heading has-text-align-center\">2.b. Le masque nourrissant lissant<\/h3>\n\n\n\n<div class=\"wp-block-group is-content-justification-right is-nowrap is-layout-flex wp-container-core-group-is-layout-17124a9a wp-block-group-is-layout-flex\">\n<figure class=\"wp-block-image aligncenter size-full is-resized\"><a href=\"http:\/\/Serie Expert Keratin Alpha Sleek Masque Disciplinant 250ml\"><img loading=\"lazy\" decoding=\"async\" width=\"411\" height=\"346\" src=\"https:\/\/www.procoiffure.com\/blog\/wp-content\/uploads\/2026\/03\/Capture-decran-2026-03-03-121835.png\" alt=\"\" class=\"wp-image-5107\" style=\"aspect-ratio:1.1878697556789957;width:273px;height:auto\" srcset=\"https:\/\/www.procoiffure.com\/blog\/wp-content\/uploads\/2026\/03\/Capture-decran-2026-03-03-121835.png 411w, https:\/\/www.procoiffure.com\/blog\/wp-content\/uploads\/2026\/03\/Capture-decran-2026-03-03-121835-300x253.png 300w\" sizes=\"(max-width: 411px) 100vw, 411px\" \/><\/a><\/figure>\n\n\n\n<p class=\"has-text-align-left\"><strong>Con\u00e7u pour les cheveux plus \u00e9pais <\/strong>ou sensibilis\u00e9s, ce masque renforce la nutrition de la fibre tout en soutenant l\u2019action lissante du protocole. Il am\u00e9liore la douceur et la maniabilit\u00e9, tout en pr\u00e9parant le cheveu aux \u00e9tapes suivantes.<\/p>\n<\/div>\n\n\n\n<h3 class=\"wp-block-heading has-text-align-center\">3. Le s\u00e9rum disciplinant haute brillance<\/h3>\n\n\n\n<div class=\"wp-block-group is-nowrap is-layout-flex wp-container-core-group-is-layout-6c531013 wp-block-group-is-layout-flex\">\n<figure class=\"wp-block-image aligncenter size-full is-resized\"><a href=\"http:\/\/Serie Expert Keratin Alpha Sleek S\u00e9rum Lisse Miroir 50ml\"><img loading=\"lazy\" decoding=\"async\" width=\"245\" height=\"473\" src=\"https:\/\/www.procoiffure.com\/blog\/wp-content\/uploads\/2026\/03\/Capture-decran-2026-03-03-121631.png\" alt=\"\" class=\"wp-image-5106\" style=\"aspect-ratio:0.5179875128010307;width:159px;height:auto\" srcset=\"https:\/\/www.procoiffure.com\/blog\/wp-content\/uploads\/2026\/03\/Capture-decran-2026-03-03-121631.png 245w, https:\/\/www.procoiffure.com\/blog\/wp-content\/uploads\/2026\/03\/Capture-decran-2026-03-03-121631-155x300.png 155w\" sizes=\"(max-width: 245px) 100vw, 245px\" \/><\/a><\/figure>\n\n\n\n<p class=\"has-text-align-left\"><strong>V\u00e9ritable alli\u00e9 anti humidit\u00e9,<\/strong> ce s\u00e9rum scelle la fibre et prot\u00e8ge le cheveu lors du s\u00e9chage ou du lissage. Il apporte une brillance intense, am\u00e9liore la souplesse et limite durablement les frisottis en finition. Il s\u2019utilise en petite quantit\u00e9 pour conserver l\u00e9g\u00e8ret\u00e9 et mouvement.<\/p>\n<\/div>\n\n\n\n<hr class=\"wp-block-separator aligncenter has-text-color has-ti-bg-color has-alpha-channel-opacity has-ti-bg-background-color has-background\" style=\"margin-top:var(--wp--preset--spacing--50);margin-bottom:var(--wp--preset--spacing--50)\"\/>\n\n\n\n<figure class=\"wp-block-image aligncenter size-full is-resized\"><img loading=\"lazy\" decoding=\"async\" width=\"872\" height=\"494\" src=\"https:\/\/www.procoiffure.com\/blog\/wp-content\/uploads\/2026\/03\/image-5.png\" alt=\"\" class=\"wp-image-5117\" style=\"width:752px;height:auto\" srcset=\"https:\/\/www.procoiffure.com\/blog\/wp-content\/uploads\/2026\/03\/image-5.png 872w, https:\/\/www.procoiffure.com\/blog\/wp-content\/uploads\/2026\/03\/image-5-300x170.png 300w, https:\/\/www.procoiffure.com\/blog\/wp-content\/uploads\/2026\/03\/image-5-768x435.png 768w\" sizes=\"(max-width: 872px) 100vw, 872px\" \/><\/figure>\n\n\n\n<hr class=\"wp-block-separator aligncenter has-text-color has-ti-bg-color has-alpha-channel-opacity has-ti-bg-background-color has-background\" style=\"margin-top:var(--wp--preset--spacing--50);margin-bottom:var(--wp--preset--spacing--50)\"\/>\n\n\n\n<h2 class=\"wp-block-heading\">La gamme Keratin Alpha Sleek : Une efficacit\u00e9 prouv\u00e9e<\/h2>\n\n\n\n<p class=\"has-text-align-center\">La gamme Keratin Alpha Sleek offre des r\u00e9sultats perceptibles d\u00e8s les premi\u00e8res utilisations. Les frisottis sont visiblement r\u00e9duits, le volume devient plus harmonieux et la fibre gagne en souplesse.<\/p>\n\n\n\n<p class=\"has-text-align-center\">Des tests r\u00e9alis\u00e9s en environnement professionnel mettent en \u00e9vidence :<\/p>\n\n\n\n<blockquote class=\"wp-block-quote has-text-color has-link-color has-normal-font-size wp-elements-2ea3b50bbbbbb7debb6935e7b2b4d381 is-layout-flow wp-block-quote-is-layout-flow\" style=\"color:#4c34a2;font-style:normal;font-weight:700\">\n<ul class=\"wp-block-list\">\n<li>Une am\u00e9lioration progressive de la texture<\/li>\n\n\n\n<li>Une meilleure tenue du coiffage<\/li>\n\n\n\n<li>Une brillance accrue<\/li>\n\n\n\n<li>Une r\u00e9duction durable de l\u2019effet mousseux<\/li>\n<\/ul>\n<\/blockquote>\n\n\n\n<hr class=\"wp-block-separator aligncenter has-text-color has-ti-bg-color has-alpha-channel-opacity has-ti-bg-background-color has-background\" style=\"margin-top:var(--wp--preset--spacing--50);margin-bottom:var(--wp--preset--spacing--50)\"\/>\n\n\n\n<p class=\"has-text-align-center\">L\u2019efficacit\u00e9 varie naturellement selon la nature du cheveu. Les cheveux \u00e9pais b\u00e9n\u00e9ficient d\u2019un lissage plus marqu\u00e9, tandis que les cheveux fins conservent leur mouvement tout en gagnant en discipline capillaire.<\/p>\n\n\n\n<hr class=\"wp-block-separator aligncenter has-text-color has-ti-bg-color has-alpha-channel-opacity has-ti-bg-background-color has-background\" style=\"margin-top:var(--wp--preset--spacing--50);margin-bottom:var(--wp--preset--spacing--50)\"\/>\n\n\n\n<figure class=\"wp-block-image aligncenter size-full is-resized\"><img loading=\"lazy\" decoding=\"async\" width=\"871\" height=\"484\" src=\"https:\/\/www.procoiffure.com\/blog\/wp-content\/uploads\/2026\/03\/image-7.png\" alt=\"\" class=\"wp-image-5120\" style=\"width:791px;height:auto\" srcset=\"https:\/\/www.procoiffure.com\/blog\/wp-content\/uploads\/2026\/03\/image-7.png 871w, https:\/\/www.procoiffure.com\/blog\/wp-content\/uploads\/2026\/03\/image-7-300x167.png 300w, https:\/\/www.procoiffure.com\/blog\/wp-content\/uploads\/2026\/03\/image-7-768x427.png 768w\" sizes=\"(max-width: 871px) 100vw, 871px\" \/><\/figure>\n\n\n\n<hr class=\"wp-block-separator aligncenter has-text-color has-ti-bg-color has-alpha-channel-opacity has-ti-bg-background-color has-background\" style=\"margin-top:var(--wp--preset--spacing--50);margin-bottom:var(--wp--preset--spacing--50)\"\/>\n\n\n\n<h2 class=\"wp-block-heading has-text-align-center\">Une exp\u00e9rience sensorielle raffin\u00e9e<\/h2>\n\n\n\n<p class=\"has-text-align-center\">Au-del\u00e0 de ses performances techniques, la gamme se distingue par un parfum d\u00e9licat et \u00e9l\u00e9gant. La fragrance, subtilement fra\u00eeche et l\u00e9g\u00e8rement florale, prolonge la sensation de propret\u00e9 et accompagne la tenue du coiffage tout au long de la journ\u00e9e. Cette dimension sensorielle renforce le plaisir d\u2019utilisation et transforme la routine lissante en v\u00e9ritable moment de soin.<\/p>\n\n\n\n<figure class=\"wp-block-image aligncenter size-full is-resized\"><img loading=\"lazy\" decoding=\"async\" width=\"639\" height=\"427\" src=\"https:\/\/www.procoiffure.com\/blog\/wp-content\/uploads\/2026\/03\/image-9.png\" alt=\"\" class=\"wp-image-5122\" style=\"aspect-ratio:1.4965299684542588;width:521px;height:auto\" srcset=\"https:\/\/www.procoiffure.com\/blog\/wp-content\/uploads\/2026\/03\/image-9.png 639w, https:\/\/www.procoiffure.com\/blog\/wp-content\/uploads\/2026\/03\/image-9-300x200.png 300w\" sizes=\"(max-width: 639px) 100vw, 639px\" \/><\/figure>\n\n\n\n<div class=\"wp-block-group is-nowrap is-layout-flex wp-container-core-group-is-layout-6c531013 wp-block-group-is-layout-flex\">\n<figure class=\"wp-block-image size-full is-resized\"><a href=\"https:\/\/www.youtube.com\/shorts\/zadKZSYy_7A\"><img loading=\"lazy\" decoding=\"async\" width=\"206\" height=\"416\" src=\"https:\/\/www.procoiffure.com\/blog\/wp-content\/uploads\/2026\/03\/image-10.png\" alt=\"\" class=\"wp-image-5135\" style=\"aspect-ratio:0.49520834812238235;width:1000px;height:auto\" srcset=\"https:\/\/www.procoiffure.com\/blog\/wp-content\/uploads\/2026\/03\/image-10.png 206w, https:\/\/www.procoiffure.com\/blog\/wp-content\/uploads\/2026\/03\/image-10-149x300.png 149w\" sizes=\"(max-width: 206px) 100vw, 206px\" \/><\/a><\/figure>\n\n\n\n<p class=\"has-text-align-left\">Keratin Alpha Sleek de L\u2019Or\u00e9al Professionnel constitue une solution experte pour celles et ceux qui souhaitent un lissage ma\u00eetris\u00e9, une r\u00e9duction efficace des frisottis et une chevelure plus brillante. Pour int\u00e9grer cette routine anti frisottis \u00e0 votre quotidien, d\u00e9couvrez d\u00e8s maintenant l\u2019ensemble des produits Keratin Alpha Sleek sur notre <a href=\"https:\/\/www.procoiffure.com\/\">boutique en ligne<\/a> ou dans l\u2019une de nos 13 boutiques de la C\u00f4te d\u2019Azur.<\/p>\n<\/div>\n","protected":false},"excerpt":{"rendered":"<p>Ma\u00eetriser les frisottis, contr\u00f4ler le volume et obtenir un lissage durable font partie des pr\u00e9occupations majeures lorsque l\u2019on a des cheveux rebelles ou sensibles \u00e0 l\u2019humidit\u00e9. La gamme Keratin Alpha Sleek de L\u2019Or\u00e9al Professionnel a \u00e9t\u00e9 con\u00e7ue pour apporter une r\u00e9ponse cibl\u00e9e \u00e0 ces probl\u00e9matiques gr\u00e2ce \u00e0 un soin lissant professionnel \u00e0 action progressive. Son [&hellip;]<\/p>\n","protected":false},"author":4,"featured_media":5149,"comment_status":"open","ping_status":"open","sticky":false,"template":"","format":"standard","meta":{"_jetpack_memberships_contains_paid_content":false,"footnotes":""},"categories":[5],"tags":[],"class_list":["post-5100","post","type-post","status-publish","format-standard","has-post-thumbnail","hentry","category-coiffure"],"yoast_head":"<!-- This site is optimized with the Yoast SEO plugin v27.2 - https:\/\/yoast.com\/product\/yoast-seo-wordpress\/ -->\n<title>Keratin Alpha Sleek L\u2019Or\u00e9al Professionnel | Lissage Anti Frisottis<\/title>\n<meta name=\"description\" content=\"R\u00e9duisez les frisottis et ma\u00eetrisez le volume avec Keratin Alpha Sleek de L\u2019Or\u00e9al Professionnel. Routine lissante disponible en ligne et en boutique.\" \/>\n<meta name=\"robots\" content=\"index, follow, max-snippet:-1, max-image-preview:large, max-video-preview:-1\" \/>\n<link rel=\"canonical\" href=\"https:\/\/www.procoiffure.com\/blog\/keratin-alpha-sleek-la-solution-professionnelle-anti-frisottis\/\" \/>\n<meta property=\"og:locale\" content=\"fr_FR\" \/>\n<meta property=\"og:type\" content=\"article\" \/>\n<meta property=\"og:title\" content=\"Keratin Alpha Sleek L\u2019Or\u00e9al Professionnel | Lissage Anti Frisottis\" \/>\n<meta property=\"og:description\" content=\"R\u00e9duisez les frisottis et ma\u00eetrisez le volume avec Keratin Alpha Sleek de L\u2019Or\u00e9al Professionnel. Routine lissante disponible en ligne et en boutique.\" \/>\n<meta property=\"og:url\" content=\"https:\/\/www.procoiffure.com\/blog\/keratin-alpha-sleek-la-solution-professionnelle-anti-frisottis\/\" \/>\n<meta property=\"og:site_name\" content=\"L&#039;actu beaut\u00e9 | Pro Coiffure Esht\u00e9tique\" \/>\n<meta property=\"article:published_time\" content=\"2026-03-03T14:15:22+00:00\" \/>\n<meta property=\"article:modified_time\" content=\"2026-03-03T16:41:29+00:00\" \/>\n<meta property=\"og:image\" content=\"https:\/\/www.procoiffure.com\/blog\/wp-content\/uploads\/2026\/03\/Visuels-Blog-Elodie-1-1-1024x1024.png\" \/>\n\t<meta property=\"og:image:width\" content=\"1024\" \/>\n\t<meta property=\"og:image:height\" content=\"1024\" \/>\n\t<meta property=\"og:image:type\" content=\"image\/png\" \/>\n<meta name=\"author\" content=\"Elodie Soulier\" \/>\n<meta name=\"twitter:card\" content=\"summary_large_image\" \/>\n<meta name=\"twitter:label1\" content=\"\u00c9crit par\" \/>\n\t<meta name=\"twitter:data1\" content=\"Elodie Soulier\" \/>\n\t<meta name=\"twitter:label2\" content=\"Dur\u00e9e de lecture estim\u00e9e\" \/>\n\t<meta name=\"twitter:data2\" content=\"6 minutes\" \/>\n<script type=\"application\/ld+json\" class=\"yoast-schema-graph\">{\"@context\":\"https:\/\/schema.org\",\"@graph\":[{\"@type\":\"Article\",\"@id\":\"https:\/\/www.procoiffure.com\/blog\/keratin-alpha-sleek-la-solution-professionnelle-anti-frisottis\/#article\",\"isPartOf\":{\"@id\":\"https:\/\/www.procoiffure.com\/blog\/keratin-alpha-sleek-la-solution-professionnelle-anti-frisottis\/\"},\"author\":{\"name\":\"Elodie Soulier\",\"@id\":\"https:\/\/www.procoiffure.com\/blog\/#\/schema\/person\/1737ca6207ae0dec18ceab1195f285c8\"},\"headline\":\"Keratin Alpha Sleek : La solution professionnelle anti frisottis\",\"datePublished\":\"2026-03-03T14:15:22+00:00\",\"dateModified\":\"2026-03-03T16:41:29+00:00\",\"mainEntityOfPage\":{\"@id\":\"https:\/\/www.procoiffure.com\/blog\/keratin-alpha-sleek-la-solution-professionnelle-anti-frisottis\/\"},\"wordCount\":834,\"commentCount\":0,\"publisher\":{\"@id\":\"https:\/\/www.procoiffure.com\/blog\/#organization\"},\"image\":{\"@id\":\"https:\/\/www.procoiffure.com\/blog\/keratin-alpha-sleek-la-solution-professionnelle-anti-frisottis\/#primaryimage\"},\"thumbnailUrl\":\"https:\/\/www.procoiffure.com\/blog\/wp-content\/uploads\/2026\/03\/Visuels-Blog-Elodie-1-1.png\",\"articleSection\":[\"Coiffure\"],\"inLanguage\":\"fr-FR\",\"potentialAction\":[{\"@type\":\"CommentAction\",\"name\":\"Comment\",\"target\":[\"https:\/\/www.procoiffure.com\/blog\/keratin-alpha-sleek-la-solution-professionnelle-anti-frisottis\/#respond\"]}]},{\"@type\":\"WebPage\",\"@id\":\"https:\/\/www.procoiffure.com\/blog\/keratin-alpha-sleek-la-solution-professionnelle-anti-frisottis\/\",\"url\":\"https:\/\/www.procoiffure.com\/blog\/keratin-alpha-sleek-la-solution-professionnelle-anti-frisottis\/\",\"name\":\"Keratin Alpha Sleek L\u2019Or\u00e9al Professionnel | Lissage Anti Frisottis\",\"isPartOf\":{\"@id\":\"https:\/\/www.procoiffure.com\/blog\/#website\"},\"primaryImageOfPage\":{\"@id\":\"https:\/\/www.procoiffure.com\/blog\/keratin-alpha-sleek-la-solution-professionnelle-anti-frisottis\/#primaryimage\"},\"image\":{\"@id\":\"https:\/\/www.procoiffure.com\/blog\/keratin-alpha-sleek-la-solution-professionnelle-anti-frisottis\/#primaryimage\"},\"thumbnailUrl\":\"https:\/\/www.procoiffure.com\/blog\/wp-content\/uploads\/2026\/03\/Visuels-Blog-Elodie-1-1.png\",\"datePublished\":\"2026-03-03T14:15:22+00:00\",\"dateModified\":\"2026-03-03T16:41:29+00:00\",\"description\":\"R\u00e9duisez les frisottis et ma\u00eetrisez le volume avec Keratin Alpha Sleek de L\u2019Or\u00e9al Professionnel. Routine lissante disponible en ligne et en boutique.\",\"breadcrumb\":{\"@id\":\"https:\/\/www.procoiffure.com\/blog\/keratin-alpha-sleek-la-solution-professionnelle-anti-frisottis\/#breadcrumb\"},\"inLanguage\":\"fr-FR\",\"potentialAction\":[{\"@type\":\"ReadAction\",\"target\":[\"https:\/\/www.procoiffure.com\/blog\/keratin-alpha-sleek-la-solution-professionnelle-anti-frisottis\/\"]}]},{\"@type\":\"ImageObject\",\"inLanguage\":\"fr-FR\",\"@id\":\"https:\/\/www.procoiffure.com\/blog\/keratin-alpha-sleek-la-solution-professionnelle-anti-frisottis\/#primaryimage\",\"url\":\"https:\/\/www.procoiffure.com\/blog\/wp-content\/uploads\/2026\/03\/Visuels-Blog-Elodie-1-1.png\",\"contentUrl\":\"https:\/\/www.procoiffure.com\/blog\/wp-content\/uploads\/2026\/03\/Visuels-Blog-Elodie-1-1.png\",\"width\":1080,\"height\":1080},{\"@type\":\"BreadcrumbList\",\"@id\":\"https:\/\/www.procoiffure.com\/blog\/keratin-alpha-sleek-la-solution-professionnelle-anti-frisottis\/#breadcrumb\",\"itemListElement\":[{\"@type\":\"ListItem\",\"position\":1,\"name\":\"Accueil\",\"item\":\"https:\/\/www.procoiffure.com\/blog\/\"},{\"@type\":\"ListItem\",\"position\":2,\"name\":\"Keratin Alpha Sleek : La solution professionnelle anti frisottis\"}]},{\"@type\":\"WebSite\",\"@id\":\"https:\/\/www.procoiffure.com\/blog\/#website\",\"url\":\"https:\/\/www.procoiffure.com\/blog\/\",\"name\":\"L'actu beaut\u00e9 | Pro Coiffure Esth\u00e9tique\",\"description\":\"\",\"publisher\":{\"@id\":\"https:\/\/www.procoiffure.com\/blog\/#organization\"},\"potentialAction\":[{\"@type\":\"SearchAction\",\"target\":{\"@type\":\"EntryPoint\",\"urlTemplate\":\"https:\/\/www.procoiffure.com\/blog\/?s={search_term_string}\"},\"query-input\":{\"@type\":\"PropertyValueSpecification\",\"valueRequired\":true,\"valueName\":\"search_term_string\"}}],\"inLanguage\":\"fr-FR\"},{\"@type\":\"Organization\",\"@id\":\"https:\/\/www.procoiffure.com\/blog\/#organization\",\"name\":\"Le Blog de No\u00e9mie\",\"url\":\"https:\/\/www.procoiffure.com\/blog\/\",\"logo\":{\"@type\":\"ImageObject\",\"inLanguage\":\"fr-FR\",\"@id\":\"https:\/\/www.procoiffure.com\/blog\/#\/schema\/logo\/image\/\",\"url\":\"https:\/\/www.procoiffure.com\/blog\/wp-content\/uploads\/2025\/03\/LOGO-BLOG-1.png\",\"contentUrl\":\"https:\/\/www.procoiffure.com\/blog\/wp-content\/uploads\/2025\/03\/LOGO-BLOG-1.png\",\"width\":998,\"height\":397,\"caption\":\"Le Blog de No\u00e9mie\"},\"image\":{\"@id\":\"https:\/\/www.procoiffure.com\/blog\/#\/schema\/logo\/image\/\"}},{\"@type\":\"Person\",\"@id\":\"https:\/\/www.procoiffure.com\/blog\/#\/schema\/person\/1737ca6207ae0dec18ceab1195f285c8\",\"name\":\"Elodie Soulier\",\"image\":{\"@type\":\"ImageObject\",\"inLanguage\":\"fr-FR\",\"@id\":\"https:\/\/secure.gravatar.com\/avatar\/1d7d61bb3f84fbe0ce04787c39b28f1c9e04603618601bee9eaed59905cd11ef?s=96&d=color&r=g\",\"url\":\"https:\/\/secure.gravatar.com\/avatar\/1d7d61bb3f84fbe0ce04787c39b28f1c9e04603618601bee9eaed59905cd11ef?s=96&d=color&r=g\",\"contentUrl\":\"https:\/\/secure.gravatar.com\/avatar\/1d7d61bb3f84fbe0ce04787c39b28f1c9e04603618601bee9eaed59905cd11ef?s=96&d=color&r=g\",\"caption\":\"Elodie Soulier\"},\"url\":\"https:\/\/www.procoiffure.com\/blog\/author\/elodie-soul\/\"}]}<\/script>\n<!-- \/ Yoast SEO plugin. -->","yoast_head_json":{"title":"Keratin Alpha Sleek L\u2019Or\u00e9al Professionnel | Lissage Anti Frisottis","description":"R\u00e9duisez les frisottis et ma\u00eetrisez le volume avec Keratin Alpha Sleek de L\u2019Or\u00e9al Professionnel. Routine lissante disponible en ligne et en boutique.","robots":{"index":"index","follow":"follow","max-snippet":"max-snippet:-1","max-image-preview":"max-image-preview:large","max-video-preview":"max-video-preview:-1"},"canonical":"https:\/\/www.procoiffure.com\/blog\/keratin-alpha-sleek-la-solution-professionnelle-anti-frisottis\/","og_locale":"fr_FR","og_type":"article","og_title":"Keratin Alpha Sleek L\u2019Or\u00e9al Professionnel | Lissage Anti Frisottis","og_description":"R\u00e9duisez les frisottis et ma\u00eetrisez le volume avec Keratin Alpha Sleek de L\u2019Or\u00e9al Professionnel. Routine lissante disponible en ligne et en boutique.","og_url":"https:\/\/www.procoiffure.com\/blog\/keratin-alpha-sleek-la-solution-professionnelle-anti-frisottis\/","og_site_name":"L&#039;actu beaut\u00e9 | Pro Coiffure Esht\u00e9tique","article_published_time":"2026-03-03T14:15:22+00:00","article_modified_time":"2026-03-03T16:41:29+00:00","og_image":[{"width":1024,"height":1024,"url":"https:\/\/www.procoiffure.com\/blog\/wp-content\/uploads\/2026\/03\/Visuels-Blog-Elodie-1-1-1024x1024.png","type":"image\/png"}],"author":"Elodie Soulier","twitter_card":"summary_large_image","twitter_misc":{"\u00c9crit par":"Elodie Soulier","Dur\u00e9e de lecture estim\u00e9e":"6 minutes"},"schema":{"@context":"https:\/\/schema.org","@graph":[{"@type":"Article","@id":"https:\/\/www.procoiffure.com\/blog\/keratin-alpha-sleek-la-solution-professionnelle-anti-frisottis\/#article","isPartOf":{"@id":"https:\/\/www.procoiffure.com\/blog\/keratin-alpha-sleek-la-solution-professionnelle-anti-frisottis\/"},"author":{"name":"Elodie Soulier","@id":"https:\/\/www.procoiffure.com\/blog\/#\/schema\/person\/1737ca6207ae0dec18ceab1195f285c8"},"headline":"Keratin Alpha Sleek : La solution professionnelle anti frisottis","datePublished":"2026-03-03T14:15:22+00:00","dateModified":"2026-03-03T16:41:29+00:00","mainEntityOfPage":{"@id":"https:\/\/www.procoiffure.com\/blog\/keratin-alpha-sleek-la-solution-professionnelle-anti-frisottis\/"},"wordCount":834,"commentCount":0,"publisher":{"@id":"https:\/\/www.procoiffure.com\/blog\/#organization"},"image":{"@id":"https:\/\/www.procoiffure.com\/blog\/keratin-alpha-sleek-la-solution-professionnelle-anti-frisottis\/#primaryimage"},"thumbnailUrl":"https:\/\/www.procoiffure.com\/blog\/wp-content\/uploads\/2026\/03\/Visuels-Blog-Elodie-1-1.png","articleSection":["Coiffure"],"inLanguage":"fr-FR","potentialAction":[{"@type":"CommentAction","name":"Comment","target":["https:\/\/www.procoiffure.com\/blog\/keratin-alpha-sleek-la-solution-professionnelle-anti-frisottis\/#respond"]}]},{"@type":"WebPage","@id":"https:\/\/www.procoiffure.com\/blog\/keratin-alpha-sleek-la-solution-professionnelle-anti-frisottis\/","url":"https:\/\/www.procoiffure.com\/blog\/keratin-alpha-sleek-la-solution-professionnelle-anti-frisottis\/","name":"Keratin Alpha Sleek L\u2019Or\u00e9al Professionnel | Lissage Anti Frisottis","isPartOf":{"@id":"https:\/\/www.procoiffure.com\/blog\/#website"},"primaryImageOfPage":{"@id":"https:\/\/www.procoiffure.com\/blog\/keratin-alpha-sleek-la-solution-professionnelle-anti-frisottis\/#primaryimage"},"image":{"@id":"https:\/\/www.procoiffure.com\/blog\/keratin-alpha-sleek-la-solution-professionnelle-anti-frisottis\/#primaryimage"},"thumbnailUrl":"https:\/\/www.procoiffure.com\/blog\/wp-content\/uploads\/2026\/03\/Visuels-Blog-Elodie-1-1.png","datePublished":"2026-03-03T14:15:22+00:00","dateModified":"2026-03-03T16:41:29+00:00","description":"R\u00e9duisez les frisottis et ma\u00eetrisez le volume avec Keratin Alpha Sleek de L\u2019Or\u00e9al Professionnel. Routine lissante disponible en ligne et en boutique.","breadcrumb":{"@id":"https:\/\/www.procoiffure.com\/blog\/keratin-alpha-sleek-la-solution-professionnelle-anti-frisottis\/#breadcrumb"},"inLanguage":"fr-FR","potentialAction":[{"@type":"ReadAction","target":["https:\/\/www.procoiffure.com\/blog\/keratin-alpha-sleek-la-solution-professionnelle-anti-frisottis\/"]}]},{"@type":"ImageObject","inLanguage":"fr-FR","@id":"https:\/\/www.procoiffure.com\/blog\/keratin-alpha-sleek-la-solution-professionnelle-anti-frisottis\/#primaryimage","url":"https:\/\/www.procoiffure.com\/blog\/wp-content\/uploads\/2026\/03\/Visuels-Blog-Elodie-1-1.png","contentUrl":"https:\/\/www.procoiffure.com\/blog\/wp-content\/uploads\/2026\/03\/Visuels-Blog-Elodie-1-1.png","width":1080,"height":1080},{"@type":"BreadcrumbList","@id":"https:\/\/www.procoiffure.com\/blog\/keratin-alpha-sleek-la-solution-professionnelle-anti-frisottis\/#breadcrumb","itemListElement":[{"@type":"ListItem","position":1,"name":"Accueil","item":"https:\/\/www.procoiffure.com\/blog\/"},{"@type":"ListItem","position":2,"name":"Keratin Alpha Sleek : La solution professionnelle anti frisottis"}]},{"@type":"WebSite","@id":"https:\/\/www.procoiffure.com\/blog\/#website","url":"https:\/\/www.procoiffure.com\/blog\/","name":"L'actu beaut\u00e9 | Pro Coiffure Esth\u00e9tique","description":"","publisher":{"@id":"https:\/\/www.procoiffure.com\/blog\/#organization"},"potentialAction":[{"@type":"SearchAction","target":{"@type":"EntryPoint","urlTemplate":"https:\/\/www.procoiffure.com\/blog\/?s={search_term_string}"},"query-input":{"@type":"PropertyValueSpecification","valueRequired":true,"valueName":"search_term_string"}}],"inLanguage":"fr-FR"},{"@type":"Organization","@id":"https:\/\/www.procoiffure.com\/blog\/#organization","name":"Le Blog de No\u00e9mie","url":"https:\/\/www.procoiffure.com\/blog\/","logo":{"@type":"ImageObject","inLanguage":"fr-FR","@id":"https:\/\/www.procoiffure.com\/blog\/#\/schema\/logo\/image\/","url":"https:\/\/www.procoiffure.com\/blog\/wp-content\/uploads\/2025\/03\/LOGO-BLOG-1.png","contentUrl":"https:\/\/www.procoiffure.com\/blog\/wp-content\/uploads\/2025\/03\/LOGO-BLOG-1.png","width":998,"height":397,"caption":"Le Blog de No\u00e9mie"},"image":{"@id":"https:\/\/www.procoiffure.com\/blog\/#\/schema\/logo\/image\/"}},{"@type":"Person","@id":"https:\/\/www.procoiffure.com\/blog\/#\/schema\/person\/1737ca6207ae0dec18ceab1195f285c8","name":"Elodie Soulier","image":{"@type":"ImageObject","inLanguage":"fr-FR","@id":"https:\/\/secure.gravatar.com\/avatar\/1d7d61bb3f84fbe0ce04787c39b28f1c9e04603618601bee9eaed59905cd11ef?s=96&d=color&r=g","url":"https:\/\/secure.gravatar.com\/avatar\/1d7d61bb3f84fbe0ce04787c39b28f1c9e04603618601bee9eaed59905cd11ef?s=96&d=color&r=g","contentUrl":"https:\/\/secure.gravatar.com\/avatar\/1d7d61bb3f84fbe0ce04787c39b28f1c9e04603618601bee9eaed59905cd11ef?s=96&d=color&r=g","caption":"Elodie Soulier"},"url":"https:\/\/www.procoiffure.com\/blog\/author\/elodie-soul\/"}]}},"jetpack_featured_media_url":"https:\/\/www.procoiffure.com\/blog\/wp-content\/uploads\/2026\/03\/Visuels-Blog-Elodie-1-1.png","jetpack_sharing_enabled":true,"_links":{"self":[{"href":"https:\/\/www.procoiffure.com\/blog\/wp-json\/wp\/v2\/posts\/5100","targetHints":{"allow":["GET"]}}],"collection":[{"href":"https:\/\/www.procoiffure.com\/blog\/wp-json\/wp\/v2\/posts"}],"about":[{"href":"https:\/\/www.procoiffure.com\/blog\/wp-json\/wp\/v2\/types\/post"}],"author":[{"embeddable":true,"href":"https:\/\/www.procoiffure.com\/blog\/wp-json\/wp\/v2\/users\/4"}],"replies":[{"embeddable":true,"href":"https:\/\/www.procoiffure.com\/blog\/wp-json\/wp\/v2\/comments?post=5100"}],"version-history":[{"count":22,"href":"https:\/\/www.procoiffure.com\/blog\/wp-json\/wp\/v2\/posts\/5100\/revisions"}],"predecessor-version":[{"id":5152,"href":"https:\/\/www.procoiffure.com\/blog\/wp-json\/wp\/v2\/posts\/5100\/revisions\/5152"}],"wp:featuredmedia":[{"embeddable":true,"href":"https:\/\/www.procoiffure.com\/blog\/wp-json\/wp\/v2\/media\/5149"}],"wp:attachment":[{"href":"https:\/\/www.procoiffure.com\/blog\/wp-json\/wp\/v2\/media?parent=5100"}],"wp:term":[{"taxonomy":"category","embeddable":true,"href":"https:\/\/www.procoiffure.com\/blog\/wp-json\/wp\/v2\/categories?post=5100"},{"taxonomy":"post_tag","embeddable":true,"href":"https:\/\/www.procoiffure.com\/blog\/wp-json\/wp\/v2\/tags?post=5100"}],"curies":[{"name":"wp","href":"https:\/\/api.w.org\/{rel}","templated":true}]}}