{"id":5038,"date":"2026-02-19T15:27:48","date_gmt":"2026-02-19T14:27:48","guid":{"rendered":"https:\/\/www.procoiffure.com\/blog\/?p=5038"},"modified":"2026-02-19T15:27:50","modified_gmt":"2026-02-19T14:27:50","slug":"guide-fourches-cheveux","status":"publish","type":"post","link":"https:\/\/www.procoiffure.com\/blog\/guide-fourches-cheveux\/","title":{"rendered":"Les Fourches : Comment les \u00e9viter et les pr\u00e9venir durablement"},"content":{"rendered":"\n<p>Les <strong>fourches<\/strong> apparaissent lorsque la fibre capillaire se fragilise et que la pointe se divise en plusieurs segments. Au d\u00e9but, c\u2019est discret. Puis la mati\u00e8re devient plus r\u00eache, moins brillante, plus difficile \u00e0 coiffer.<\/p>\n\n\n\n<p>Peut-on r\u00e9ellement r\u00e9parer les fourches ?<br>Pourquoi reviennent elles si vite, m\u00eame apr\u00e8s une coupe ?<br>Et surtout, comment retrouver des longueurs nettes et saines ?<\/p>\n\n\n\n<p>Voici un guide complet, pens\u00e9 pour comprendre et agir durablement.<\/p>\n\n\n\n<h2 class=\"wp-block-heading\">1- D&rsquo;o\u00f9 viennent les fourches ?<\/h2>\n\n\n\n<p>C\u2019est souvent la m\u00eame frustration : vous coupez\u2026 et quelques semaines plus tard, les pointes semblent d\u00e9j\u00e0 ab\u00eem\u00e9es.<\/p>\n\n\n\n<p>La r\u00e9alit\u00e9 est simple : les longueurs sont la partie la plus ancienne du cheveu. Elles ont travers\u00e9 des mois, parfois des ann\u00e9es, de lavages, brushings, frottements, soleil, colorations.<\/p>\n\n\n\n<p>Les causes principales sont :<\/p>\n\n\n\n<ul class=\"wp-block-list\">\n<li>D\u00e9shydratation chronique<\/li>\n\n\n\n<li>Utilisation r\u00e9p\u00e9t\u00e9e de chaleur sans protection<\/li>\n\n\n\n<li>D\u00e9colorations ou colorations fr\u00e9quentes<\/li>\n\n\n\n<li>Brossage trop \u00e9nergique<\/li>\n\n\n\n<li>Frottements textiles quotidiens<\/li>\n\n\n\n<li>Carences ou fatigue g\u00e9n\u00e9rale<\/li>\n<\/ul>\n\n\n\n<p>Plus le cheveu est long, plus il est expos\u00e9. Une fibre capillaire peut vivre plusieurs ann\u00e9es. Et au fil du temps, sa structure s\u2019amincit.<\/p>\n\n\n\n<p>Les fourches ne sont donc pas un hasard. Elles sont le r\u00e9sultat d\u2019une accumulation.<\/p>\n\n\n\n<h2 class=\"wp-block-heading\">2- Les diff\u00e9rents types de fourches<\/h2>\n\n\n\n<p>Observer la forme d\u2019une fourche permet souvent de comprendre ce que le cheveu a subi.<\/p>\n\n\n\n<h3 class=\"wp-block-heading\">a. La fourche classique en \u201cY\u201d<\/h3>\n\n\n\n<div class=\"wp-block-group is-nowrap is-layout-flex wp-container-core-group-is-layout-6c531013 wp-block-group-is-layout-flex\">\n<p>C\u2019est la plus r\u00e9pandue. La pointe se divise en deux. Elle appara\u00eet souvent sur des cheveux l\u00e9g\u00e8rement secs, ou sur des longueurs peu prot\u00e9g\u00e9es thermiquement. Elle signale une fragilisation mod\u00e9r\u00e9e, encore rattrapable avec une coupe l\u00e9g\u00e8re et une routine adapt\u00e9e.<\/p>\n\n\n\n<figure class=\"wp-block-image size-large\"><img fetchpriority=\"high\" decoding=\"async\" width=\"1024\" height=\"683\" src=\"https:\/\/www.procoiffure.com\/blog\/wp-content\/uploads\/2026\/02\/ChatGPT-Image-18-fevr.-2026-16_49_01-1-1024x683.png\" alt=\"\" class=\"wp-image-5075\" srcset=\"https:\/\/www.procoiffure.com\/blog\/wp-content\/uploads\/2026\/02\/ChatGPT-Image-18-fevr.-2026-16_49_01-1-1024x683.png 1024w, https:\/\/www.procoiffure.com\/blog\/wp-content\/uploads\/2026\/02\/ChatGPT-Image-18-fevr.-2026-16_49_01-1-300x200.png 300w, https:\/\/www.procoiffure.com\/blog\/wp-content\/uploads\/2026\/02\/ChatGPT-Image-18-fevr.-2026-16_49_01-1-768x512.png 768w, https:\/\/www.procoiffure.com\/blog\/wp-content\/uploads\/2026\/02\/ChatGPT-Image-18-fevr.-2026-16_49_01-1.png 1536w\" sizes=\"(max-width: 1024px) 100vw, 1024px\" \/><\/figure>\n<\/div>\n\n\n\n<h3 class=\"wp-block-heading\">b. La fourche multiple en \u201cplume\u201d<\/h3>\n\n\n\n<div class=\"wp-block-group is-nowrap is-layout-flex wp-container-core-group-is-layout-6c531013 wp-block-group-is-layout-flex\">\n<figure class=\"wp-block-image size-large\"><img decoding=\"async\" width=\"1024\" height=\"683\" src=\"https:\/\/www.procoiffure.com\/blog\/wp-content\/uploads\/2026\/02\/ChatGPT-Image-18-fevr.-2026-16_52_48-1024x683.png\" alt=\"\" class=\"wp-image-5074\" srcset=\"https:\/\/www.procoiffure.com\/blog\/wp-content\/uploads\/2026\/02\/ChatGPT-Image-18-fevr.-2026-16_52_48-1024x683.png 1024w, https:\/\/www.procoiffure.com\/blog\/wp-content\/uploads\/2026\/02\/ChatGPT-Image-18-fevr.-2026-16_52_48-300x200.png 300w, https:\/\/www.procoiffure.com\/blog\/wp-content\/uploads\/2026\/02\/ChatGPT-Image-18-fevr.-2026-16_52_48-768x512.png 768w, https:\/\/www.procoiffure.com\/blog\/wp-content\/uploads\/2026\/02\/ChatGPT-Image-18-fevr.-2026-16_52_48.png 1536w\" sizes=\"(max-width: 1024px) 100vw, 1024px\" \/><\/figure>\n\n\n\n<p>La fibre se divise en plusieurs mini ramifications, presque comme une plume effiloch\u00e9e. Elle traduit g\u00e9n\u00e9ralement une s\u00e9cheresse plus avanc\u00e9e ou un usage fr\u00e9quent du lisseur ou du fer \u00e0 boucler. Le cheveu perd alors de la mati\u00e8re et de la densit\u00e9 visuelle.<\/p>\n<\/div>\n\n\n\n<h3 class=\"wp-block-heading\">c. La fourche en n\u0153ud<\/h3>\n\n\n\n<div class=\"wp-block-group is-nowrap is-layout-flex wp-container-core-group-is-layout-6c531013 wp-block-group-is-layout-flex\">\n<p>Typique des cheveux textur\u00e9s, la fibre forme un petit n\u0153ud sur elle-m\u00eame avant de c\u00e9der. Les boucles \u00e9tant naturellement plus s\u00e8ches, ce type de fourche appara\u00eet lorsque l\u2019hydratation est insuffisante ou que le d\u00e9m\u00ealage est trop agressif.<\/p>\n\n\n\n<figure class=\"wp-block-image size-large\"><img decoding=\"async\" width=\"1024\" height=\"683\" src=\"https:\/\/www.procoiffure.com\/blog\/wp-content\/uploads\/2026\/02\/Fourche-en-noeud-1024x683.png\" alt=\"\" class=\"wp-image-5066\" srcset=\"https:\/\/www.procoiffure.com\/blog\/wp-content\/uploads\/2026\/02\/Fourche-en-noeud-1024x683.png 1024w, https:\/\/www.procoiffure.com\/blog\/wp-content\/uploads\/2026\/02\/Fourche-en-noeud-300x200.png 300w, https:\/\/www.procoiffure.com\/blog\/wp-content\/uploads\/2026\/02\/Fourche-en-noeud-768x512.png 768w, https:\/\/www.procoiffure.com\/blog\/wp-content\/uploads\/2026\/02\/Fourche-en-noeud.png 1536w\" sizes=\"(max-width: 1024px) 100vw, 1024px\" \/><\/figure>\n<\/div>\n\n\n\n<h3 class=\"wp-block-heading\">d. La fourche blanche ou point blanc<\/h3>\n\n\n\n<div class=\"wp-block-group is-nowrap is-layout-flex wp-container-core-group-is-layout-6c531013 wp-block-group-is-layout-flex\">\n<figure class=\"wp-block-image size-large is-resized\"><img loading=\"lazy\" decoding=\"async\" width=\"1024\" height=\"683\" src=\"https:\/\/www.procoiffure.com\/blog\/wp-content\/uploads\/2026\/02\/ChatGPT-Image-18-fevr.-2026-16_37_51-1024x683.png\" alt=\"\" class=\"wp-image-5069\" style=\"aspect-ratio:1.5000234378662167;width:398px;height:auto\" srcset=\"https:\/\/www.procoiffure.com\/blog\/wp-content\/uploads\/2026\/02\/ChatGPT-Image-18-fevr.-2026-16_37_51-1024x683.png 1024w, https:\/\/www.procoiffure.com\/blog\/wp-content\/uploads\/2026\/02\/ChatGPT-Image-18-fevr.-2026-16_37_51-300x200.png 300w, https:\/\/www.procoiffure.com\/blog\/wp-content\/uploads\/2026\/02\/ChatGPT-Image-18-fevr.-2026-16_37_51-768x512.png 768w, https:\/\/www.procoiffure.com\/blog\/wp-content\/uploads\/2026\/02\/ChatGPT-Image-18-fevr.-2026-16_37_51.png 1536w\" sizes=\"(max-width: 1024px) 100vw, 1024px\" \/><\/figure>\n\n\n\n<p>On observe un petit point clair avant la cassure. Ce point correspond \u00e0 une rupture interne de la k\u00e9ratine.<br>Il appara\u00eet souvent apr\u00e8s des techniques chimiques ou des d\u00e9colorations r\u00e9p\u00e9t\u00e9es.<\/p>\n<\/div>\n\n\n\n<h3 class=\"wp-block-heading\">e. La fourche en arbre<\/h3>\n\n\n\n<div class=\"wp-block-group is-nowrap is-layout-flex wp-container-core-group-is-layout-6c531013 wp-block-group-is-layout-flex\">\n<p>La plus avanc\u00e9e. La fibre se ramifie sur plusieurs centim\u00e8tres. \u00c0 ce stade, la coupe devient indispensable, car la fente peut continuer \u00e0 remonter.<\/p>\n\n\n\n<figure class=\"wp-block-image size-large is-resized\"><img loading=\"lazy\" decoding=\"async\" width=\"1024\" height=\"683\" src=\"https:\/\/www.procoiffure.com\/blog\/wp-content\/uploads\/2026\/02\/ChatGPT-Image-18-fevr.-2026-16_43_52-2-1024x683.png\" alt=\"\" class=\"wp-image-5072\" style=\"aspect-ratio:1.5000234378662167;width:516px;height:auto\" srcset=\"https:\/\/www.procoiffure.com\/blog\/wp-content\/uploads\/2026\/02\/ChatGPT-Image-18-fevr.-2026-16_43_52-2-1024x683.png 1024w, https:\/\/www.procoiffure.com\/blog\/wp-content\/uploads\/2026\/02\/ChatGPT-Image-18-fevr.-2026-16_43_52-2-300x200.png 300w, https:\/\/www.procoiffure.com\/blog\/wp-content\/uploads\/2026\/02\/ChatGPT-Image-18-fevr.-2026-16_43_52-2-768x512.png 768w, https:\/\/www.procoiffure.com\/blog\/wp-content\/uploads\/2026\/02\/ChatGPT-Image-18-fevr.-2026-16_43_52-2.png 1536w\" sizes=\"(max-width: 1024px) 100vw, 1024px\" \/><\/figure>\n<\/div>\n\n\n\n<h2 class=\"wp-block-heading\">3- Comment r\u00e9parer les fourches sans couper ?<\/h2>\n\n\n\n<blockquote class=\"wp-block-quote is-layout-flow wp-block-quote-is-layout-flow\">\n<p><strong>\u00c0 savoir : une fourche est une fibre <span style=\"text-decoration: underline;\">d\u00e9j\u00e0 divis\u00e9e<\/span>. Aucun soin ne peut la ressouder d\u00e9finitivement.<\/strong><\/p>\n<\/blockquote>\n\n\n\n<p>En revanche, il est possible de :<\/p>\n\n\n\n<ul class=\"wp-block-list\">\n<li>Lisser visuellement la pointe<\/li>\n\n\n\n<li>Sceller temporairement la fibre<\/li>\n\n\n\n<li>Limiter l\u2019extension de la fente<\/li>\n\n\n\n<li>Redonner un aspect net aux longueurs<\/li>\n<\/ul>\n\n\n\n<p>Les s\u00e9rums et huiles agissent comme des pansements cosm\u00e9tiques. Ils am\u00e9liorent imm\u00e9diatement l\u2019apparence, mais ne remplacent pas une coupe d\u2019entretien.<\/p>\n\n\n\n<h2 class=\"wp-block-heading\">4- Comment \u00e9viter les fourches sur cheveux longs ?<\/h2>\n\n\n\n<p>Plus les cheveux sont longs, plus la pr\u00e9vention est essentielle.<\/p>\n\n\n\n<h3 class=\"wp-block-heading\">a. Couper r\u00e9guli\u00e8rement<\/h3>\n\n\n\n<div class=\"wp-block-group is-nowrap is-layout-flex wp-container-core-group-is-layout-6c531013 wp-block-group-is-layout-flex\">\n<figure class=\"wp-block-image size-large is-resized\"><img loading=\"lazy\" decoding=\"async\" width=\"1024\" height=\"707\" src=\"https:\/\/www.procoiffure.com\/blog\/wp-content\/uploads\/2026\/02\/Design-sans-titre-1-3-1024x707.png\" alt=\"\" class=\"wp-image-5050\" style=\"aspect-ratio:1.4477345216820865;width:154px;height:auto\" srcset=\"https:\/\/www.procoiffure.com\/blog\/wp-content\/uploads\/2026\/02\/Design-sans-titre-1-3-1024x707.png 1024w, https:\/\/www.procoiffure.com\/blog\/wp-content\/uploads\/2026\/02\/Design-sans-titre-1-3-300x207.png 300w, https:\/\/www.procoiffure.com\/blog\/wp-content\/uploads\/2026\/02\/Design-sans-titre-1-3-768x530.png 768w, https:\/\/www.procoiffure.com\/blog\/wp-content\/uploads\/2026\/02\/Design-sans-titre-1-3.png 1523w\" sizes=\"(max-width: 1024px) 100vw, 1024px\" \/><\/figure>\n\n\n\n<p>Un centim\u00e8tre tous les deux \u00e0 trois mois suffit souvent \u00e0 pr\u00e9server la qualit\u00e9 des longueurs. Il ne s\u2019agit pas de raccourcir, mais de maintenir.<\/p>\n<\/div>\n\n\n\n<h3 class=\"wp-block-heading\">b. Toujours utiliser un protecteur thermique<\/h3>\n\n\n\n<div class=\"wp-block-group is-nowrap is-layout-flex wp-container-core-group-is-layout-6c531013 wp-block-group-is-layout-flex\">\n<figure class=\"wp-block-image size-large is-resized\"><img loading=\"lazy\" decoding=\"async\" width=\"1024\" height=\"844\" src=\"https:\/\/www.procoiffure.com\/blog\/wp-content\/uploads\/2026\/02\/Design-sans-titre-4-1024x844.png\" alt=\"\" class=\"wp-image-5048\" style=\"aspect-ratio:1.2138454243717403;width:152px;height:auto\" srcset=\"https:\/\/www.procoiffure.com\/blog\/wp-content\/uploads\/2026\/02\/Design-sans-titre-4-1024x844.png 1024w, https:\/\/www.procoiffure.com\/blog\/wp-content\/uploads\/2026\/02\/Design-sans-titre-4-300x247.png 300w, https:\/\/www.procoiffure.com\/blog\/wp-content\/uploads\/2026\/02\/Design-sans-titre-4-768x633.png 768w, https:\/\/www.procoiffure.com\/blog\/wp-content\/uploads\/2026\/02\/Design-sans-titre-4.png 1317w\" sizes=\"(max-width: 1024px) 100vw, 1024px\" \/><\/figure>\n\n\n\n<p>La chaleur est l\u2019un des premiers facteurs de fragilisation.<br>Un protecteur cr\u00e9e une barri\u00e8re qui limite la d\u00e9shydratation interne.<\/p>\n<\/div>\n\n\n\n<h3 class=\"wp-block-heading\">c. Hydrater profond\u00e9ment<\/h3>\n\n\n\n<div class=\"wp-block-group is-nowrap is-layout-flex wp-container-core-group-is-layout-6c531013 wp-block-group-is-layout-flex\">\n<figure class=\"wp-block-image size-large is-resized\"><img loading=\"lazy\" decoding=\"async\" width=\"1024\" height=\"726\" src=\"https:\/\/www.procoiffure.com\/blog\/wp-content\/uploads\/2026\/02\/Design-sans-titre-7-1-1024x726.png\" alt=\"\" class=\"wp-image-5047\" style=\"aspect-ratio:1.4096916299559472;width:136px;height:auto\" srcset=\"https:\/\/www.procoiffure.com\/blog\/wp-content\/uploads\/2026\/02\/Design-sans-titre-7-1-1024x726.png 1024w, https:\/\/www.procoiffure.com\/blog\/wp-content\/uploads\/2026\/02\/Design-sans-titre-7-1-300x213.png 300w, https:\/\/www.procoiffure.com\/blog\/wp-content\/uploads\/2026\/02\/Design-sans-titre-7-1-768x545.png 768w, https:\/\/www.procoiffure.com\/blog\/wp-content\/uploads\/2026\/02\/Design-sans-titre-7-1-1536x1090.png 1536w, https:\/\/www.procoiffure.com\/blog\/wp-content\/uploads\/2026\/02\/Design-sans-titre-7-1.png 1748w\" sizes=\"(max-width: 1024px) 100vw, 1024px\" \/><\/figure>\n\n\n\n<p>Un cheveu souple casse moins. Un masque nourrissant une \u00e0 deux fois par semaine permet de renforcer la coh\u00e9sion de la fibre.<\/p>\n<\/div>\n\n\n\n<h3 class=\"wp-block-heading\">d. R\u00e9duire les frottements nocturnes<\/h3>\n\n\n\n<div class=\"wp-block-group is-nowrap is-layout-flex wp-container-core-group-is-layout-6c531013 wp-block-group-is-layout-flex\">\n<figure class=\"wp-block-image size-full is-resized\"><img loading=\"lazy\" decoding=\"async\" width=\"976\" height=\"535\" src=\"https:\/\/www.procoiffure.com\/blog\/wp-content\/uploads\/2026\/02\/Design-sans-titre-3.png\" alt=\"\" class=\"wp-image-5043\" style=\"object-fit:cover;width:148px;height:auto\" srcset=\"https:\/\/www.procoiffure.com\/blog\/wp-content\/uploads\/2026\/02\/Design-sans-titre-3.png 976w, https:\/\/www.procoiffure.com\/blog\/wp-content\/uploads\/2026\/02\/Design-sans-titre-3-300x164.png 300w, https:\/\/www.procoiffure.com\/blog\/wp-content\/uploads\/2026\/02\/Design-sans-titre-3-768x421.png 768w\" sizes=\"(max-width: 976px) 100vw, 976px\" \/><\/figure>\n\n\n\n<p>Le coton accroche la fibre.<br>Le satin ou la soie r\u00e9duisent la friction et pr\u00e9servent les pointes.<\/p>\n<\/div>\n\n\n\n<h3 class=\"wp-block-heading\">e. Adapter la brosse<\/h3>\n\n\n\n<div class=\"wp-block-group is-nowrap is-layout-flex wp-container-core-group-is-layout-6c531013 wp-block-group-is-layout-flex\">\n<p>Une brosse inadapt\u00e9e peut multiplier la casse m\u00e9canique : <\/p>\n<\/div>\n\n\n\n<div class=\"wp-block-group is-nowrap is-layout-flex wp-container-core-group-is-layout-6c531013 wp-block-group-is-layout-flex\">\n<figure class=\"wp-block-image size-large is-resized\"><img loading=\"lazy\" decoding=\"async\" width=\"1024\" height=\"786\" src=\"https:\/\/www.procoiffure.com\/blog\/wp-content\/uploads\/2026\/02\/Design-sans-titre-2-1-1024x786.png\" alt=\"\" class=\"wp-image-5044\" style=\"aspect-ratio:1.3333333333333333;object-fit:cover;width:162px;height:auto\" srcset=\"https:\/\/www.procoiffure.com\/blog\/wp-content\/uploads\/2026\/02\/Design-sans-titre-2-1-1024x786.png 1024w, https:\/\/www.procoiffure.com\/blog\/wp-content\/uploads\/2026\/02\/Design-sans-titre-2-1-300x230.png 300w, https:\/\/www.procoiffure.com\/blog\/wp-content\/uploads\/2026\/02\/Design-sans-titre-2-1-768x589.png 768w, https:\/\/www.procoiffure.com\/blog\/wp-content\/uploads\/2026\/02\/Design-sans-titre-2-1.png 1259w\" sizes=\"(max-width: 1024px) 100vw, 1024px\" \/><\/figure>\n\n\n\n<ul class=\"wp-block-list\">\n<li>Les cheveux fins n\u00e9cessitent de la douceur.<\/li>\n\n\n\n<li>Les cheveux \u00e9pais peuvent tol\u00e9rer plus de fermet\u00e9.<\/li>\n<\/ul>\n<\/div>\n\n\n\n<h2 class=\"wp-block-heading\">5- Fourches selon le type de cheveux : que faire ?<\/h2>\n\n\n\n<p>Chaque nature capillaire a ses vuln\u00e9rabilit\u00e9s. La structure interne, le diam\u00e8tre de la fibre, le niveau de porosit\u00e9 ou encore la forme du cheveu influencent directement sa r\u00e9sistance aux agressions quotidiennes. Un cheveu fin casse plus facilement sous la contrainte m\u00e9canique, un cheveu boucl\u00e9 se dess\u00e8che plus vite faute de s\u00e9bum r\u00e9parti sur les longueurs, tandis qu\u2019un cheveu d\u00e9color\u00e9 voit sa k\u00e9ratine fragilis\u00e9e en profondeur. Comprendre ces sp\u00e9cificit\u00e9s permet d\u2019adapter les soins et les gestes pour pr\u00e9venir les fourches de mani\u00e8re cibl\u00e9e et r\u00e9ellement efficace.<\/p>\n\n\n\n<h3 class=\"wp-block-heading\">a. Fourches sur cheveux fins : <\/h3>\n\n\n\n<p>Le cheveu fin poss\u00e8de un diam\u00e8tre plus r\u00e9duit et une structure naturellement plus fragile. Il r\u00e9siste moins bien aux agressions m\u00e9caniques comme le brossage r\u00e9p\u00e9t\u00e9, les frottements ou la chaleur excessive.<br>Les pointes s\u2019affinent rapidement, perdent en densit\u00e9 et se d\u00e9doublent plus facilement, parfois m\u00eame sans traitement chimique pr\u00e9alable.<\/p>\n\n\n\n<p><strong>Il faut privil\u00e9gier :<\/strong><\/p>\n\n\n\n<ul class=\"wp-block-list\">\n<li>Des soins l\u00e9gers fortifiants riches en prot\u00e9ines pour renforcer la fibre sans l\u2019alourdir<\/li>\n\n\n\n<li>Un s\u00e9rum protecteur thermique avant chaque brushing<\/li>\n\n\n\n<li>Un brossage doux avec une brosse adapt\u00e9e aux cheveux fins<\/li>\n\n\n\n<li>Une coupe d\u2019entretien r\u00e9guli\u00e8re pour \u00e9viter que la fourche ne remonte sur la longueur<\/li>\n\n\n\n<li>Des coiffages limitant la traction excessive<\/li>\n<\/ul>\n\n\n\n<p>L\u2019objectif n\u2019est pas d\u2019alourdir, mais de consolider la fibre tout en pr\u00e9servant le volume naturel.<\/p>\n\n\n\n<h3 class=\"wp-block-heading\">b. Fourches sur cheveux boucl\u00e9s : <\/h3>\n\n\n\n<p>La forme spiral\u00e9e de la boucle ralentit la diffusion naturelle du s\u00e9bum le long de la fibre capillaire. Cons\u00e9quence : les longueurs et surtout les pointes sont moins prot\u00e9g\u00e9es, donc plus s\u00e8ches, plus poreuses et davantage sujettes aux fourches.<\/p>\n\n\n\n<p>La priorit\u00e9 devient :<\/p>\n\n\n\n<ul class=\"wp-block-list\">\n<li>Hydratation intense<\/li>\n\n\n\n<li>Soin sans rin\u00e7age nourrissant<\/li>\n\n\n\n<li>D\u00e9m\u00ealage uniquement sur cheveux humides<\/li>\n<\/ul>\n\n\n\n<h3 class=\"wp-block-heading\">c. Fourches sur cheveux d\u00e9color\u00e9s :<\/h3>\n\n\n\n<p>La d\u00e9coloration alt\u00e8re profond\u00e9ment la structure interne du cheveu en ouvrant largement les cuticules et en fragilisant les liaisons prot\u00e9iques.<\/p>\n\n\n\n<p>Les longueurs, priv\u00e9es d\u2019une partie de leur mati\u00e8re, deviennent plus poreuses, plus l\u00e9g\u00e8res et surtout plus vuln\u00e9rables aux agressions m\u00e9caniques et thermiques. Les pointes s\u2019effilent plus rapidement, se d\u00e9doublent, puis se fragmentent si elles ne sont pas r\u00e9guli\u00e8rement entretenues.<\/p>\n\n\n\n<p>Il faut int\u00e9grer :<\/p>\n\n\n\n<ul class=\"wp-block-list\">\n<li>Masques reconstructeurs<\/li>\n\n\n\n<li>Soins prot\u00e9in\u00e9s<\/li>\n\n\n\n<li>Coupe plus r\u00e9guli\u00e8re<\/li>\n<\/ul>\n\n\n\n<h2 class=\"wp-block-heading\">6- Quels soins naturels contre les fourches ?<\/h2>\n\n\n\n<p>Pour celles et ceux qui recherchent des solutions plus douces :<\/p>\n\n\n\n<ul class=\"wp-block-list\">\n<li>Bain d\u2019huile hebdomadaire<\/li>\n\n\n\n<li>Aloe vera pour hydrater<\/li>\n\n\n\n<li>Rin\u00e7age \u00e0 l\u2019eau ti\u00e8de \u00e0 froide<\/li>\n\n\n\n<li>R\u00e9duction des appareils chauffants<\/li>\n<\/ul>\n\n\n\n<p>Ces gestes ne r\u00e9parent pas, mais renforcent progressivement la r\u00e9sistance des longueurs.<\/p>\n\n\n\n<h2 class=\"wp-block-heading\">7- Routine anti fourches compl\u00e8te pour des pointes plus saines<\/h2>\n\n\n\n<p>Une routine efficace contre les fourches repose avant tout sur la r\u00e9gularit\u00e9 et la coh\u00e9rence des gestes. Il ne s\u2019agit pas d\u2019accumuler les produits, mais d\u2019adopter des soins adapt\u00e9s et de les appliquer avec constance.<\/p>\n\n\n\n<p><strong>Shampooing doux<\/strong> : Un shampooing trop agressif fragilise la fibre et accentue l\u2019ouverture des cuticules. Privil\u00e9gier une formule douce, sans tensioactifs d\u00e9capants, permet de nettoyer le cuir chevelu sans dess\u00e9cher les longueurs. L\u2019objectif est de pr\u00e9server le film hydrolipidique naturel qui prot\u00e8ge les pointes.<\/p>\n\n\n\n<div class=\"wp-block-group is-nowrap is-layout-flex wp-container-core-group-is-layout-6c531013 wp-block-group-is-layout-flex\">\n<figure class=\"wp-block-image is-resized\"><img decoding=\"async\" src=\"https:\/\/www.procoiffure.com\/media\/images\/fr\/product\/SL710043.600.jpg\" alt=\"Shampoing \u00c9quilibre Racines Grasses Pointes S\u00e8ches Beautist Subtil 300ml\" style=\"width:125px;height:auto\" title=\"Shampoing \u00c9quilibre Racines Grasses Pointes S\u00e8ches Beautist Subtil 300ml\"\/><\/figure>\n\n\n\n<p><a href=\"https:\/\/www.procoiffure.com\/shampoing-equilibre-racines-grasses-pointes-seches-beautist-subtil-300ml\">Shampoing \u00c9quilibre Racines Grasses Pointes S\u00e8ches Beautist Subtil 300ml<\/a><\/p>\n<\/div>\n\n\n\n<p><strong>Masque nourrissant hebdomadaire<\/strong><br>Les pointes sont la partie la plus ancienne du cheveu. Elles ont subi lavages, chaleur, frottements et techniques chimiques. Un masque riche en agents nutritifs et restructurant appliqu\u00e9 une fois par semaine aide \u00e0 renforcer la fibre, lisser la cuticule et am\u00e9liorer la r\u00e9sistance m\u00e9canique. Sur cheveux tr\u00e8s secs ou sensibilis\u00e9s, il peut \u00eatre utilis\u00e9 deux fois par semaine.<\/p>\n\n\n\n<div class=\"wp-block-group is-nowrap is-layout-flex wp-container-core-group-is-layout-6c531013 wp-block-group-is-layout-flex\">\n<figure class=\"wp-block-image is-resized\"><img decoding=\"async\" src=\"https:\/\/www.procoiffure.com\/media\/images\/fr\/product\/98d66b99-f2ac-490a-9101-b01fd246780f.600.jpg\" alt=\"Masque Nourrissant Nutri-Enrich Invigo 500ml\" style=\"width:110px;height:auto\" title=\"Masque Nourrissant Nutri-Enrich Invigo 500ml\"\/><\/figure>\n\n\n\n<p><a href=\"https:\/\/www.procoiffure.com\/masque-nourrissant-nutri-enrich-invigo-500ml\">Masque Nourrissant Nutri-Enrich Invigo 500ml<\/a><\/p>\n<\/div>\n\n\n\n<div class=\"wp-block-group is-nowrap is-layout-flex wp-container-core-group-is-layout-6c531013 wp-block-group-is-layout-flex\">\n<figure class=\"wp-block-image is-resized\"><img decoding=\"async\" src=\"https:\/\/www.procoiffure.com\/media\/images\/fr\/product\/35052882.600.jpg\" alt=\"Masque r\u00e9parateur Num\u00e9ro Avoine 300mlBrelil\" style=\"width:92px;height:auto\" title=\"Masque r\u00e9parateur Num\u00e9ro Avoine 300mlBrelil\"\/><\/figure>\n\n\n\n<p><a href=\"https:\/\/www.procoiffure.com\/masque-reparateur-numero-avoine-300mlbrelil\">Masque r\u00e9parateur Num\u00e9ro Avoine 300ml<\/a><\/p>\n<\/div>\n\n\n\n<p><strong>S\u00e9rum scellant sur les pointes<\/strong><br>Le s\u00e9rum agit comme un bouclier protecteur. Appliqu\u00e9 sur cheveux humides ou secs, il gaine les pointes, limite les frottements et retarde l\u2019apparition des fourches. Les formules \u00e0 base de silicones l\u00e9gers ou d\u2019huiles fines cr\u00e9ent un effet lissant imm\u00e9diat tout en r\u00e9duisant la porosit\u00e9.<\/p>\n\n\n\n<div class=\"wp-block-group is-nowrap is-layout-flex wp-container-core-group-is-layout-6c531013 wp-block-group-is-layout-flex\">\n<figure class=\"wp-block-image is-resized\"><img decoding=\"async\" src=\"https:\/\/www.procoiffure.com\/media\/images\/fr\/product\/SF610104.600.jpg\" alt=\"Renovateur de Pointes  BC Bonacure 100ml Schwarzkopf Professional\" style=\"width:113px;height:auto\" title=\"Renovateur de Pointes  BC Bonacure 100ml Schwarzkopf Professional\"\/><\/figure>\n\n\n\n<p><a href=\"https:\/\/www.procoiffure.com\/renovateur-de-pointes-bc-bonacure-100ml-schwarzkopf-professional\">R\u00e9novateur de Pointes BC Bonacure 100ml Schwarzkopf Professional<\/a><\/p>\n<\/div>\n\n\n\n<div class=\"wp-block-group is-nowrap is-layout-flex wp-container-core-group-is-layout-6c531013 wp-block-group-is-layout-flex\">\n<figure class=\"wp-block-image is-resized\"><img decoding=\"async\" src=\"https:\/\/www.procoiffure.com\/media\/images\/fr\/product\/4764e4f3-79dc-434b-ab89-132bb3183263.600.jpg\" alt=\"S\u00e9rum Super Hair Pointes Sensibilis\u00e9es 50ml\" style=\"width:118px;height:auto\" title=\"S\u00e9rum Super Hair Pointes Sensibilis\u00e9es 50ml\"\/><\/figure>\n\n\n\n<p><a href=\"https:\/\/www.procoiffure.com\/serum-super-hair-pointes-sensibilisees-50ml\">S\u00e9rum Super Hair Pointes Sensibilis\u00e9es 50ml<\/a><\/p>\n<\/div>\n\n\n\n<p><strong>Protection thermique syst\u00e9matique<\/strong><br>La chaleur est l\u2019un des premiers facteurs de d\u00e9doublement. M\u00eame \u00e0 temp\u00e9rature mod\u00e9r\u00e9e, un s\u00e8che-cheveux ou un lisseur fragilise la fibre si elle n\u2019est pas prot\u00e9g\u00e9e. Un soin thermo-protecteur forme une barri\u00e8re qui limite la perte d\u2019hydratation et r\u00e9duit le risque de micro-fissures sur les longueurs.<\/p>\n\n\n\n<div class=\"wp-block-group is-nowrap is-layout-flex wp-container-core-group-is-layout-6c531013 wp-block-group-is-layout-flex\">\n<figure class=\"wp-block-image is-resized\"><img decoding=\"async\" src=\"https:\/\/www.procoiffure.com\/media\/images\/fr\/product\/9b886d4e-b6c4-4d02-8cd8-21515c844a6e.600.jpg\" alt=\"Soin Thermo-Protecteur Amplifiant Colorlab Subtil 75ml\" style=\"width:103px;height:auto\" title=\"Soin Thermo-Protecteur Amplifiant Colorlab Subtil 75ml\"\/><\/figure>\n\n\n\n<p><a href=\"https:\/\/www.procoiffure.com\/soin-thermo-protecteur-amplifiant-colorlab-subtil-75ml\">Soin Thermo-Protecteur Amplifiant Colorlab Subtil 75ml<\/a><\/p>\n<\/div>\n\n\n\n<div class=\"wp-block-group is-nowrap is-layout-flex wp-container-core-group-is-layout-6c531013 wp-block-group-is-layout-flex\">\n<figure class=\"wp-block-image is-resized\"><img decoding=\"async\" src=\"https:\/\/www.procoiffure.com\/media\/images\/fr\/product\/SF226002.600.jpg\" alt=\"Spray Thermo-Protecteur Osis+ Flaliner Schwarzkopf 200ml\" style=\"width:110px;height:auto\" title=\"Spray Thermo-Protecteur Osis+ Flaliner Schwarzkopf 200ml\"\/><\/figure>\n\n\n\n<p><a href=\"https:\/\/www.procoiffure.com\/spray-thermo-protecteur-osis-flaliner-schwarzkopf-200ml\">Spray Thermo-Protecteur Osis+ Flaliner Schwarzkopf 200ml<\/a><\/p>\n<\/div>\n\n\n\n<div class=\"wp-block-group is-nowrap is-layout-flex wp-container-core-group-is-layout-6c531013 wp-block-group-is-layout-flex\">\n<figure class=\"wp-block-image is-resized\"><img decoding=\"async\" src=\"https:\/\/www.procoiffure.com\/media\/images\/fr\/product\/MK715044.600.jpg\" alt=\"Spray Thermo Protecteur REPAIR Myriam K 140ml\" style=\"width:118px;height:auto\" title=\"Spray Thermo Protecteur REPAIR Myriam K 140ml\"\/><\/figure>\n\n\n\n<p><a href=\"https:\/\/www.procoiffure.com\/spray-thermo-protecteur-repair-myriam-k-140ml\">Spray Thermo Protecteur REPAIR Myriam K 140ml<\/a><\/p>\n<\/div>\n\n\n\n<p><strong>Coupe d\u2019entretien r\u00e9guli\u00e8re<\/strong><br>Aucun produit ne peut refermer d\u00e9finitivement une fourche d\u00e9j\u00e0 install\u00e9e. Une coupe l\u00e9g\u00e8re toutes les 8 \u00e0 12 semaines permet d\u2019\u00e9liminer les pointes ab\u00eem\u00e9es avant que la fissure ne remonte le long de la fibre. C\u2019est un geste pr\u00e9ventif essentiel pour conserver une chevelure saine et uniforme.<\/p>\n\n\n\n<p>Au final, c\u2019est la coh\u00e9rence des gestes qui fait la diff\u00e9rence. Une routine simple, adapt\u00e9e \u00e0 la nature de vos cheveux et appliqu\u00e9e avec constance, permet de limiter durablement l\u2019apparition des fourches et de pr\u00e9server la qualit\u00e9 des longueurs.<\/p>\n\n\n\n<h2 class=\"wp-block-heading\">FAQ &#8211; Sp\u00e9ciale Fourches :<\/h2>\n\n\n\n<div class=\"schema-faq wp-block-yoast-faq-block\"><div class=\"schema-faq-section\" id=\"faq-question-1771490149348\"><strong class=\"schema-faq-question\">Les fourches emp\u00eachent elles les cheveux de pousser ?<\/strong> <p class=\"schema-faq-answer\">Non. Les racines continuent de produire du cheveu. En revanche, la casse des pointes donne l\u2019impression que la longueur stagne. Le cheveu pousse, mais il casse avant que la longueur ne soit visible.<\/p> <\/div> <div class=\"schema-faq-section\" id=\"faq-question-1771490177969\"><strong class=\"schema-faq-question\">Faut-il couper beaucoup pour enlever les fourches ?<\/strong> <p class=\"schema-faq-answer\">Pas n\u00e9cessairement. Une coupe cibl\u00e9e suffit si la fente n\u2019est pas remont\u00e9e haut sur la fibre. En revanche, si la fourche s\u2019est propag\u00e9e, une coupe plus franche peut \u00eatre n\u00e9cessaire pour \u00e9viter que la fissure ne continue \u00e0 remonter.<\/p> <\/div> <div class=\"schema-faq-section\" id=\"faq-question-1771490192976\"><strong class=\"schema-faq-question\">Pourquoi mes pointes sont fourchues mais pas mes racines ?<\/strong> <p class=\"schema-faq-answer\">Parce que les racines sont \u201cjeunes\u201d. Les longueurs, elles, ont subi plusieurs mois voire plusieurs ann\u00e9es d\u2019agressions : chaleur, frottements, colorations, soleil, brossage.<\/p> <\/div> <div class=\"schema-faq-section\" id=\"faq-question-1771490216064\"><strong class=\"schema-faq-question\">Peut-on r\u00e9parer les fourches sans couper ?<\/strong> <p class=\"schema-faq-answer\">Non, une fourche d\u00e9j\u00e0 form\u00e9e ne peut pas \u00eatre \u201crecoll\u00e9e\u201d d\u00e9finitivement.<br\/>Certains s\u00e9rums et soins scellant peuvent am\u00e9liorer l\u2019aspect temporairement en lissant la fibre, mais seule la coupe \u00e9limine r\u00e9ellement la fourche.<\/p> <\/div> <div class=\"schema-faq-section\" id=\"faq-question-1771490236505\"><strong class=\"schema-faq-question\">Comment enlever les fourches sans couper ses cheveux courts ?<\/strong> <p class=\"schema-faq-answer\">Il est possible de r\u00e9aliser un \u201cdusting\u201d (micro-coupe des pointes ab\u00eem\u00e9es) pour retirer uniquement les extr\u00e9mit\u00e9s fendues sans raccourcir visiblement la longueur. Cette technique permet d\u2019assainir la fibre tout en conservant la masse.<\/p> <\/div> <div class=\"schema-faq-section\" id=\"faq-question-1771490252145\"><strong class=\"schema-faq-question\">Les fourches peuvent-elles remonter le long du cheveu ?<\/strong> <p class=\"schema-faq-answer\">Oui. Une fourche laiss\u00e9e intacte peut continuer \u00e0 se fissurer vers le haut. C\u2019est pourquoi il est recommand\u00e9 d\u2019intervenir rapidement plut\u00f4t que d\u2019attendre.<\/p> <\/div> <div class=\"schema-faq-section\" id=\"faq-question-1771490264642\"><strong class=\"schema-faq-question\">Pourquoi ai-je des fourches m\u00eame sans coloration ?<\/strong> <p class=\"schema-faq-answer\">Les fourches ne sont pas uniquement li\u00e9es aux techniques chimiques.<br\/>Les causes les plus fr\u00e9quentes sont :<br\/>&#8211; L\u2019utilisation r\u00e9p\u00e9t\u00e9e d\u2019appareils chauffants<br\/>&#8211; Le frottement contre les v\u00eatements<br\/>&#8211; Le brossage agressif<br\/>&#8211; Le manque d\u2019hydratation<\/p> <\/div> <div class=\"schema-faq-section\" id=\"faq-question-1771490291041\"><strong class=\"schema-faq-question\">Les cheveux boucl\u00e9s ont-ils plus de fourches ?<\/strong> <p class=\"schema-faq-answer\">Souvent oui. La forme en spirale emp\u00eache le s\u00e9bum naturel de descendre sur les longueurs. R\u00e9sultat : des pointes plus s\u00e8ches, donc plus vuln\u00e9rables.<\/p> <\/div> <div class=\"schema-faq-section\" id=\"faq-question-1771490319225\"><strong class=\"schema-faq-question\">Quelle huile utiliser contre les fourches ?<\/strong> <p class=\"schema-faq-answer\">Les huiles riches mais l\u00e9g\u00e8res sont les plus adapt\u00e9es :<br\/>Huile d\u2019argan<br\/>Huile de jojoba<br\/>Huile de macadamia<br\/>Elles nourrissent, assouplissent la fibre et am\u00e9liorent visuellement l\u2019aspect des pointes.<\/p> <\/div> <div class=\"schema-faq-section\" id=\"faq-question-1771490337104\"><strong class=\"schema-faq-question\">\u00c0 quelle fr\u00e9quence faut-il couper pour \u00e9viter les fourches ?<\/strong> <p class=\"schema-faq-answer\">En moyenne, une coupe d\u2019entretien toutes les 8 \u00e0 12 semaines permet de pr\u00e9venir l\u2019apparition excessive des fourches. Les cheveux tr\u00e8s sensibilis\u00e9s peuvent n\u00e9cessiter un entretien plus r\u00e9gulier.<\/p> <\/div> <div class=\"schema-faq-section\" id=\"faq-question-1771490353777\"><strong class=\"schema-faq-question\">Le lisseur provoque-t-il des fourches ?<\/strong> <p class=\"schema-faq-answer\">Oui, s\u2019il est utilis\u00e9 sans protection thermique ou \u00e0 temp\u00e9rature trop \u00e9lev\u00e9e.<br\/>La chaleur excessive fragilise la cuticule et favorise la fissuration des pointes.<\/p> <\/div> <div class=\"schema-faq-section\" id=\"faq-question-1771490371112\"><strong class=\"schema-faq-question\">Les fourches signifient elles que mes cheveux sont ab\u00eem\u00e9s ?<\/strong> <p class=\"schema-faq-answer\">Les fourches sont un indicateur de fragilisation des longueurs.<br\/>Elles ne signifient pas que toute la chevelure est ab\u00eem\u00e9e, mais elles indiquent que la fibre manque de protection ou de nutrition.<\/p> <\/div> <\/div>\n\n\n\n<h3 class=\"wp-block-heading\">&#8212;&#8212;&#8212;&#8212;&#8212;&#8212;&#8212;&#8212;&#8212;&#8211;<\/h3>\n\n\n\n<p>Les fourches ne sont pas un d\u00e9faut esth\u00e9tique anodin. Elles racontent l\u2019histoire de vos longueurs.<\/p>\n\n\n\n<p>Plut\u00f4t que de les consid\u00e9rer comme une fatalit\u00e9, il est plus juste de les voir comme un signal. Un cheveu prot\u00e9g\u00e9, nourri et entretenu r\u00e9guli\u00e8rement conserve sa force et sa brillance plus longtemps.<\/p>\n\n\n\n<p>La pr\u00e9vention reste toujours plus efficace que la correction. Et quelques ajustements simples dans votre routine peuvent transformer durablement l\u2019aspect de vos pointes.<\/p>\n","protected":false},"excerpt":{"rendered":"<p>Les fourches apparaissent lorsque la fibre capillaire se fragilise et que la pointe se divise en plusieurs segments. Au d\u00e9but, c\u2019est discret. Puis la mati\u00e8re devient plus r\u00eache, moins brillante, plus difficile \u00e0 coiffer. Peut-on r\u00e9ellement r\u00e9parer les fourches ?Pourquoi reviennent elles si vite, m\u00eame apr\u00e8s une coupe ?Et surtout, comment retrouver des longueurs nettes [&hellip;]<\/p>\n","protected":false},"author":4,"featured_media":5092,"comment_status":"open","ping_status":"open","sticky":false,"template":"","format":"standard","meta":{"_jetpack_memberships_contains_paid_content":false,"footnotes":""},"categories":[5],"tags":[],"class_list":["post-5038","post","type-post","status-publish","format-standard","has-post-thumbnail","hentry","category-coiffure"],"yoast_head":"<!-- This site is optimized with the Yoast SEO plugin v27.2 - https:\/\/yoast.com\/product\/yoast-seo-wordpress\/ -->\n<title>Fourches cheveux : comment les reconna\u00eetre et les \u00e9viter<\/title>\n<meta name=\"description\" content=\"Pointes fourchues, cheveux secs ou cassants ? D\u00e9couvrez les types de fourches, leurs causes et nos solutions pour les pr\u00e9venir durablement.\" \/>\n<meta name=\"robots\" content=\"index, follow, max-snippet:-1, max-image-preview:large, max-video-preview:-1\" \/>\n<link rel=\"canonical\" href=\"https:\/\/www.procoiffure.com\/blog\/guide-fourches-cheveux\/\" \/>\n<meta property=\"og:locale\" content=\"fr_FR\" \/>\n<meta property=\"og:type\" content=\"article\" \/>\n<meta property=\"og:title\" content=\"Fourches cheveux : comment les reconna\u00eetre et les \u00e9viter\" \/>\n<meta property=\"og:description\" content=\"Pointes fourchues, cheveux secs ou cassants ? D\u00e9couvrez les types de fourches, leurs causes et nos solutions pour les pr\u00e9venir durablement.\" \/>\n<meta property=\"og:url\" content=\"https:\/\/www.procoiffure.com\/blog\/guide-fourches-cheveux\/\" \/>\n<meta property=\"og:site_name\" content=\"L&#039;actu beaut\u00e9 | Pro Coiffure Esht\u00e9tique\" \/>\n<meta property=\"article:published_time\" content=\"2026-02-19T14:27:48+00:00\" \/>\n<meta property=\"article:modified_time\" content=\"2026-02-19T14:27:50+00:00\" \/>\n<meta property=\"og:image\" content=\"https:\/\/www.procoiffure.com\/blog\/wp-content\/uploads\/2026\/02\/Visuels-Blog-Elodie-1024x1024.png\" \/>\n\t<meta property=\"og:image:width\" content=\"1024\" \/>\n\t<meta property=\"og:image:height\" content=\"1024\" \/>\n\t<meta property=\"og:image:type\" content=\"image\/png\" \/>\n<meta name=\"author\" content=\"Elodie Soulier\" \/>\n<meta name=\"twitter:card\" content=\"summary_large_image\" \/>\n<meta name=\"twitter:label1\" content=\"\u00c9crit par\" \/>\n\t<meta name=\"twitter:data1\" content=\"Elodie Soulier\" \/>\n\t<meta name=\"twitter:label2\" content=\"Dur\u00e9e de lecture estim\u00e9e\" \/>\n\t<meta name=\"twitter:data2\" content=\"14 minutes\" \/>\n<script type=\"application\/ld+json\" class=\"yoast-schema-graph\">{\"@context\":\"https:\/\/schema.org\",\"@graph\":[{\"@type\":\"Article\",\"@id\":\"https:\/\/www.procoiffure.com\/blog\/guide-fourches-cheveux\/#article\",\"isPartOf\":{\"@id\":\"https:\/\/www.procoiffure.com\/blog\/guide-fourches-cheveux\/\"},\"author\":{\"name\":\"Elodie Soulier\",\"@id\":\"https:\/\/www.procoiffure.com\/blog\/#\/schema\/person\/1737ca6207ae0dec18ceab1195f285c8\"},\"headline\":\"Les Fourches : Comment les \u00e9viter et les pr\u00e9venir durablement\",\"datePublished\":\"2026-02-19T14:27:48+00:00\",\"dateModified\":\"2026-02-19T14:27:50+00:00\",\"mainEntityOfPage\":{\"@id\":\"https:\/\/www.procoiffure.com\/blog\/guide-fourches-cheveux\/\"},\"wordCount\":2222,\"commentCount\":0,\"publisher\":{\"@id\":\"https:\/\/www.procoiffure.com\/blog\/#organization\"},\"image\":{\"@id\":\"https:\/\/www.procoiffure.com\/blog\/guide-fourches-cheveux\/#primaryimage\"},\"thumbnailUrl\":\"https:\/\/www.procoiffure.com\/blog\/wp-content\/uploads\/2026\/02\/Visuels-Blog-Elodie.png\",\"articleSection\":[\"Coiffure\"],\"inLanguage\":\"fr-FR\",\"potentialAction\":[{\"@type\":\"CommentAction\",\"name\":\"Comment\",\"target\":[\"https:\/\/www.procoiffure.com\/blog\/guide-fourches-cheveux\/#respond\"]}]},{\"@type\":[\"WebPage\",\"FAQPage\"],\"@id\":\"https:\/\/www.procoiffure.com\/blog\/guide-fourches-cheveux\/\",\"url\":\"https:\/\/www.procoiffure.com\/blog\/guide-fourches-cheveux\/\",\"name\":\"Fourches cheveux : comment les reconna\u00eetre et les \u00e9viter\",\"isPartOf\":{\"@id\":\"https:\/\/www.procoiffure.com\/blog\/#website\"},\"primaryImageOfPage\":{\"@id\":\"https:\/\/www.procoiffure.com\/blog\/guide-fourches-cheveux\/#primaryimage\"},\"image\":{\"@id\":\"https:\/\/www.procoiffure.com\/blog\/guide-fourches-cheveux\/#primaryimage\"},\"thumbnailUrl\":\"https:\/\/www.procoiffure.com\/blog\/wp-content\/uploads\/2026\/02\/Visuels-Blog-Elodie.png\",\"datePublished\":\"2026-02-19T14:27:48+00:00\",\"dateModified\":\"2026-02-19T14:27:50+00:00\",\"description\":\"Pointes fourchues, cheveux secs ou cassants ? D\u00e9couvrez les types de fourches, leurs causes et nos solutions pour les pr\u00e9venir durablement.\",\"breadcrumb\":{\"@id\":\"https:\/\/www.procoiffure.com\/blog\/guide-fourches-cheveux\/#breadcrumb\"},\"mainEntity\":[{\"@id\":\"https:\/\/www.procoiffure.com\/blog\/guide-fourches-cheveux\/#faq-question-1771490149348\"},{\"@id\":\"https:\/\/www.procoiffure.com\/blog\/guide-fourches-cheveux\/#faq-question-1771490177969\"},{\"@id\":\"https:\/\/www.procoiffure.com\/blog\/guide-fourches-cheveux\/#faq-question-1771490192976\"},{\"@id\":\"https:\/\/www.procoiffure.com\/blog\/guide-fourches-cheveux\/#faq-question-1771490216064\"},{\"@id\":\"https:\/\/www.procoiffure.com\/blog\/guide-fourches-cheveux\/#faq-question-1771490236505\"},{\"@id\":\"https:\/\/www.procoiffure.com\/blog\/guide-fourches-cheveux\/#faq-question-1771490252145\"},{\"@id\":\"https:\/\/www.procoiffure.com\/blog\/guide-fourches-cheveux\/#faq-question-1771490264642\"},{\"@id\":\"https:\/\/www.procoiffure.com\/blog\/guide-fourches-cheveux\/#faq-question-1771490291041\"},{\"@id\":\"https:\/\/www.procoiffure.com\/blog\/guide-fourches-cheveux\/#faq-question-1771490319225\"},{\"@id\":\"https:\/\/www.procoiffure.com\/blog\/guide-fourches-cheveux\/#faq-question-1771490337104\"},{\"@id\":\"https:\/\/www.procoiffure.com\/blog\/guide-fourches-cheveux\/#faq-question-1771490353777\"},{\"@id\":\"https:\/\/www.procoiffure.com\/blog\/guide-fourches-cheveux\/#faq-question-1771490371112\"}],\"inLanguage\":\"fr-FR\",\"potentialAction\":[{\"@type\":\"ReadAction\",\"target\":[\"https:\/\/www.procoiffure.com\/blog\/guide-fourches-cheveux\/\"]}]},{\"@type\":\"ImageObject\",\"inLanguage\":\"fr-FR\",\"@id\":\"https:\/\/www.procoiffure.com\/blog\/guide-fourches-cheveux\/#primaryimage\",\"url\":\"https:\/\/www.procoiffure.com\/blog\/wp-content\/uploads\/2026\/02\/Visuels-Blog-Elodie.png\",\"contentUrl\":\"https:\/\/www.procoiffure.com\/blog\/wp-content\/uploads\/2026\/02\/Visuels-Blog-Elodie.png\",\"width\":1080,\"height\":1080},{\"@type\":\"BreadcrumbList\",\"@id\":\"https:\/\/www.procoiffure.com\/blog\/guide-fourches-cheveux\/#breadcrumb\",\"itemListElement\":[{\"@type\":\"ListItem\",\"position\":1,\"name\":\"Accueil\",\"item\":\"https:\/\/www.procoiffure.com\/blog\/\"},{\"@type\":\"ListItem\",\"position\":2,\"name\":\"Les Fourches : Comment les \u00e9viter et les pr\u00e9venir durablement\"}]},{\"@type\":\"WebSite\",\"@id\":\"https:\/\/www.procoiffure.com\/blog\/#website\",\"url\":\"https:\/\/www.procoiffure.com\/blog\/\",\"name\":\"L'actu beaut\u00e9 | Pro Coiffure Esth\u00e9tique\",\"description\":\"\",\"publisher\":{\"@id\":\"https:\/\/www.procoiffure.com\/blog\/#organization\"},\"potentialAction\":[{\"@type\":\"SearchAction\",\"target\":{\"@type\":\"EntryPoint\",\"urlTemplate\":\"https:\/\/www.procoiffure.com\/blog\/?s={search_term_string}\"},\"query-input\":{\"@type\":\"PropertyValueSpecification\",\"valueRequired\":true,\"valueName\":\"search_term_string\"}}],\"inLanguage\":\"fr-FR\"},{\"@type\":\"Organization\",\"@id\":\"https:\/\/www.procoiffure.com\/blog\/#organization\",\"name\":\"Le Blog de No\u00e9mie\",\"url\":\"https:\/\/www.procoiffure.com\/blog\/\",\"logo\":{\"@type\":\"ImageObject\",\"inLanguage\":\"fr-FR\",\"@id\":\"https:\/\/www.procoiffure.com\/blog\/#\/schema\/logo\/image\/\",\"url\":\"https:\/\/www.procoiffure.com\/blog\/wp-content\/uploads\/2025\/03\/LOGO-BLOG-1.png\",\"contentUrl\":\"https:\/\/www.procoiffure.com\/blog\/wp-content\/uploads\/2025\/03\/LOGO-BLOG-1.png\",\"width\":998,\"height\":397,\"caption\":\"Le Blog de No\u00e9mie\"},\"image\":{\"@id\":\"https:\/\/www.procoiffure.com\/blog\/#\/schema\/logo\/image\/\"}},{\"@type\":\"Person\",\"@id\":\"https:\/\/www.procoiffure.com\/blog\/#\/schema\/person\/1737ca6207ae0dec18ceab1195f285c8\",\"name\":\"Elodie Soulier\",\"image\":{\"@type\":\"ImageObject\",\"inLanguage\":\"fr-FR\",\"@id\":\"https:\/\/secure.gravatar.com\/avatar\/1d7d61bb3f84fbe0ce04787c39b28f1c9e04603618601bee9eaed59905cd11ef?s=96&d=color&r=g\",\"url\":\"https:\/\/secure.gravatar.com\/avatar\/1d7d61bb3f84fbe0ce04787c39b28f1c9e04603618601bee9eaed59905cd11ef?s=96&d=color&r=g\",\"contentUrl\":\"https:\/\/secure.gravatar.com\/avatar\/1d7d61bb3f84fbe0ce04787c39b28f1c9e04603618601bee9eaed59905cd11ef?s=96&d=color&r=g\",\"caption\":\"Elodie Soulier\"},\"url\":\"https:\/\/www.procoiffure.com\/blog\/author\/elodie-soul\/\"},{\"@type\":\"Question\",\"@id\":\"https:\/\/www.procoiffure.com\/blog\/guide-fourches-cheveux\/#faq-question-1771490149348\",\"position\":1,\"url\":\"https:\/\/www.procoiffure.com\/blog\/guide-fourches-cheveux\/#faq-question-1771490149348\",\"name\":\"Les fourches emp\u00eachent elles les cheveux de pousser ?\",\"answerCount\":1,\"acceptedAnswer\":{\"@type\":\"Answer\",\"text\":\"Non. Les racines continuent de produire du cheveu. En revanche, la casse des pointes donne l\u2019impression que la longueur stagne. Le cheveu pousse, mais il casse avant que la longueur ne soit visible.\",\"inLanguage\":\"fr-FR\"},\"inLanguage\":\"fr-FR\"},{\"@type\":\"Question\",\"@id\":\"https:\/\/www.procoiffure.com\/blog\/guide-fourches-cheveux\/#faq-question-1771490177969\",\"position\":2,\"url\":\"https:\/\/www.procoiffure.com\/blog\/guide-fourches-cheveux\/#faq-question-1771490177969\",\"name\":\"Faut-il couper beaucoup pour enlever les fourches ?\",\"answerCount\":1,\"acceptedAnswer\":{\"@type\":\"Answer\",\"text\":\"Pas n\u00e9cessairement. Une coupe cibl\u00e9e suffit si la fente n\u2019est pas remont\u00e9e haut sur la fibre. En revanche, si la fourche s\u2019est propag\u00e9e, une coupe plus franche peut \u00eatre n\u00e9cessaire pour \u00e9viter que la fissure ne continue \u00e0 remonter.\",\"inLanguage\":\"fr-FR\"},\"inLanguage\":\"fr-FR\"},{\"@type\":\"Question\",\"@id\":\"https:\/\/www.procoiffure.com\/blog\/guide-fourches-cheveux\/#faq-question-1771490192976\",\"position\":3,\"url\":\"https:\/\/www.procoiffure.com\/blog\/guide-fourches-cheveux\/#faq-question-1771490192976\",\"name\":\"Pourquoi mes pointes sont fourchues mais pas mes racines ?\",\"answerCount\":1,\"acceptedAnswer\":{\"@type\":\"Answer\",\"text\":\"Parce que les racines sont \u201cjeunes\u201d. Les longueurs, elles, ont subi plusieurs mois voire plusieurs ann\u00e9es d\u2019agressions : chaleur, frottements, colorations, soleil, brossage.\",\"inLanguage\":\"fr-FR\"},\"inLanguage\":\"fr-FR\"},{\"@type\":\"Question\",\"@id\":\"https:\/\/www.procoiffure.com\/blog\/guide-fourches-cheveux\/#faq-question-1771490216064\",\"position\":4,\"url\":\"https:\/\/www.procoiffure.com\/blog\/guide-fourches-cheveux\/#faq-question-1771490216064\",\"name\":\"Peut-on r\u00e9parer les fourches sans couper ?\",\"answerCount\":1,\"acceptedAnswer\":{\"@type\":\"Answer\",\"text\":\"Non, une fourche d\u00e9j\u00e0 form\u00e9e ne peut pas \u00eatre \u201crecoll\u00e9e\u201d d\u00e9finitivement.<br\/>Certains s\u00e9rums et soins scellant peuvent am\u00e9liorer l\u2019aspect temporairement en lissant la fibre, mais seule la coupe \u00e9limine r\u00e9ellement la fourche.\",\"inLanguage\":\"fr-FR\"},\"inLanguage\":\"fr-FR\"},{\"@type\":\"Question\",\"@id\":\"https:\/\/www.procoiffure.com\/blog\/guide-fourches-cheveux\/#faq-question-1771490236505\",\"position\":5,\"url\":\"https:\/\/www.procoiffure.com\/blog\/guide-fourches-cheveux\/#faq-question-1771490236505\",\"name\":\"Comment enlever les fourches sans couper ses cheveux courts ?\",\"answerCount\":1,\"acceptedAnswer\":{\"@type\":\"Answer\",\"text\":\"Il est possible de r\u00e9aliser un \u201cdusting\u201d (micro-coupe des pointes ab\u00eem\u00e9es) pour retirer uniquement les extr\u00e9mit\u00e9s fendues sans raccourcir visiblement la longueur. Cette technique permet d\u2019assainir la fibre tout en conservant la masse.\",\"inLanguage\":\"fr-FR\"},\"inLanguage\":\"fr-FR\"},{\"@type\":\"Question\",\"@id\":\"https:\/\/www.procoiffure.com\/blog\/guide-fourches-cheveux\/#faq-question-1771490252145\",\"position\":6,\"url\":\"https:\/\/www.procoiffure.com\/blog\/guide-fourches-cheveux\/#faq-question-1771490252145\",\"name\":\"Les fourches peuvent-elles remonter le long du cheveu ?\",\"answerCount\":1,\"acceptedAnswer\":{\"@type\":\"Answer\",\"text\":\"Oui. Une fourche laiss\u00e9e intacte peut continuer \u00e0 se fissurer vers le haut. C\u2019est pourquoi il est recommand\u00e9 d\u2019intervenir rapidement plut\u00f4t que d\u2019attendre.\",\"inLanguage\":\"fr-FR\"},\"inLanguage\":\"fr-FR\"},{\"@type\":\"Question\",\"@id\":\"https:\/\/www.procoiffure.com\/blog\/guide-fourches-cheveux\/#faq-question-1771490264642\",\"position\":7,\"url\":\"https:\/\/www.procoiffure.com\/blog\/guide-fourches-cheveux\/#faq-question-1771490264642\",\"name\":\"Pourquoi ai-je des fourches m\u00eame sans coloration ?\",\"answerCount\":1,\"acceptedAnswer\":{\"@type\":\"Answer\",\"text\":\"Les fourches ne sont pas uniquement li\u00e9es aux techniques chimiques.<br\/>Les causes les plus fr\u00e9quentes sont :<br\/>- L\u2019utilisation r\u00e9p\u00e9t\u00e9e d\u2019appareils chauffants<br\/>- Le frottement contre les v\u00eatements<br\/>- Le brossage agressif<br\/>- Le manque d\u2019hydratation\",\"inLanguage\":\"fr-FR\"},\"inLanguage\":\"fr-FR\"},{\"@type\":\"Question\",\"@id\":\"https:\/\/www.procoiffure.com\/blog\/guide-fourches-cheveux\/#faq-question-1771490291041\",\"position\":8,\"url\":\"https:\/\/www.procoiffure.com\/blog\/guide-fourches-cheveux\/#faq-question-1771490291041\",\"name\":\"Les cheveux boucl\u00e9s ont-ils plus de fourches ?\",\"answerCount\":1,\"acceptedAnswer\":{\"@type\":\"Answer\",\"text\":\"Souvent oui. La forme en spirale emp\u00eache le s\u00e9bum naturel de descendre sur les longueurs. R\u00e9sultat : des pointes plus s\u00e8ches, donc plus vuln\u00e9rables.\",\"inLanguage\":\"fr-FR\"},\"inLanguage\":\"fr-FR\"},{\"@type\":\"Question\",\"@id\":\"https:\/\/www.procoiffure.com\/blog\/guide-fourches-cheveux\/#faq-question-1771490319225\",\"position\":9,\"url\":\"https:\/\/www.procoiffure.com\/blog\/guide-fourches-cheveux\/#faq-question-1771490319225\",\"name\":\"Quelle huile utiliser contre les fourches ?\",\"answerCount\":1,\"acceptedAnswer\":{\"@type\":\"Answer\",\"text\":\"Les huiles riches mais l\u00e9g\u00e8res sont les plus adapt\u00e9es :<br\/>Huile d\u2019argan<br\/>Huile de jojoba<br\/>Huile de macadamia<br\/>Elles nourrissent, assouplissent la fibre et am\u00e9liorent visuellement l\u2019aspect des pointes.\",\"inLanguage\":\"fr-FR\"},\"inLanguage\":\"fr-FR\"},{\"@type\":\"Question\",\"@id\":\"https:\/\/www.procoiffure.com\/blog\/guide-fourches-cheveux\/#faq-question-1771490337104\",\"position\":10,\"url\":\"https:\/\/www.procoiffure.com\/blog\/guide-fourches-cheveux\/#faq-question-1771490337104\",\"name\":\"\u00c0 quelle fr\u00e9quence faut-il couper pour \u00e9viter les fourches ?\",\"answerCount\":1,\"acceptedAnswer\":{\"@type\":\"Answer\",\"text\":\"En moyenne, une coupe d\u2019entretien toutes les 8 \u00e0 12 semaines permet de pr\u00e9venir l\u2019apparition excessive des fourches. Les cheveux tr\u00e8s sensibilis\u00e9s peuvent n\u00e9cessiter un entretien plus r\u00e9gulier.\",\"inLanguage\":\"fr-FR\"},\"inLanguage\":\"fr-FR\"},{\"@type\":\"Question\",\"@id\":\"https:\/\/www.procoiffure.com\/blog\/guide-fourches-cheveux\/#faq-question-1771490353777\",\"position\":11,\"url\":\"https:\/\/www.procoiffure.com\/blog\/guide-fourches-cheveux\/#faq-question-1771490353777\",\"name\":\"Le lisseur provoque-t-il des fourches ?\",\"answerCount\":1,\"acceptedAnswer\":{\"@type\":\"Answer\",\"text\":\"Oui, s\u2019il est utilis\u00e9 sans protection thermique ou \u00e0 temp\u00e9rature trop \u00e9lev\u00e9e.<br\/>La chaleur excessive fragilise la cuticule et favorise la fissuration des pointes.\",\"inLanguage\":\"fr-FR\"},\"inLanguage\":\"fr-FR\"},{\"@type\":\"Question\",\"@id\":\"https:\/\/www.procoiffure.com\/blog\/guide-fourches-cheveux\/#faq-question-1771490371112\",\"position\":12,\"url\":\"https:\/\/www.procoiffure.com\/blog\/guide-fourches-cheveux\/#faq-question-1771490371112\",\"name\":\"Les fourches signifient elles que mes cheveux sont ab\u00eem\u00e9s ?\",\"answerCount\":1,\"acceptedAnswer\":{\"@type\":\"Answer\",\"text\":\"Les fourches sont un indicateur de fragilisation des longueurs.<br\/>Elles ne signifient pas que toute la chevelure est ab\u00eem\u00e9e, mais elles indiquent que la fibre manque de protection ou de nutrition.\",\"inLanguage\":\"fr-FR\"},\"inLanguage\":\"fr-FR\"}]}<\/script>\n<!-- \/ Yoast SEO plugin. -->","yoast_head_json":{"title":"Fourches cheveux : comment les reconna\u00eetre et les \u00e9viter","description":"Pointes fourchues, cheveux secs ou cassants ? D\u00e9couvrez les types de fourches, leurs causes et nos solutions pour les pr\u00e9venir durablement.","robots":{"index":"index","follow":"follow","max-snippet":"max-snippet:-1","max-image-preview":"max-image-preview:large","max-video-preview":"max-video-preview:-1"},"canonical":"https:\/\/www.procoiffure.com\/blog\/guide-fourches-cheveux\/","og_locale":"fr_FR","og_type":"article","og_title":"Fourches cheveux : comment les reconna\u00eetre et les \u00e9viter","og_description":"Pointes fourchues, cheveux secs ou cassants ? D\u00e9couvrez les types de fourches, leurs causes et nos solutions pour les pr\u00e9venir durablement.","og_url":"https:\/\/www.procoiffure.com\/blog\/guide-fourches-cheveux\/","og_site_name":"L&#039;actu beaut\u00e9 | Pro Coiffure Esht\u00e9tique","article_published_time":"2026-02-19T14:27:48+00:00","article_modified_time":"2026-02-19T14:27:50+00:00","og_image":[{"width":1024,"height":1024,"url":"https:\/\/www.procoiffure.com\/blog\/wp-content\/uploads\/2026\/02\/Visuels-Blog-Elodie-1024x1024.png","type":"image\/png"}],"author":"Elodie Soulier","twitter_card":"summary_large_image","twitter_misc":{"\u00c9crit par":"Elodie Soulier","Dur\u00e9e de lecture estim\u00e9e":"14 minutes"},"schema":{"@context":"https:\/\/schema.org","@graph":[{"@type":"Article","@id":"https:\/\/www.procoiffure.com\/blog\/guide-fourches-cheveux\/#article","isPartOf":{"@id":"https:\/\/www.procoiffure.com\/blog\/guide-fourches-cheveux\/"},"author":{"name":"Elodie Soulier","@id":"https:\/\/www.procoiffure.com\/blog\/#\/schema\/person\/1737ca6207ae0dec18ceab1195f285c8"},"headline":"Les Fourches : Comment les \u00e9viter et les pr\u00e9venir durablement","datePublished":"2026-02-19T14:27:48+00:00","dateModified":"2026-02-19T14:27:50+00:00","mainEntityOfPage":{"@id":"https:\/\/www.procoiffure.com\/blog\/guide-fourches-cheveux\/"},"wordCount":2222,"commentCount":0,"publisher":{"@id":"https:\/\/www.procoiffure.com\/blog\/#organization"},"image":{"@id":"https:\/\/www.procoiffure.com\/blog\/guide-fourches-cheveux\/#primaryimage"},"thumbnailUrl":"https:\/\/www.procoiffure.com\/blog\/wp-content\/uploads\/2026\/02\/Visuels-Blog-Elodie.png","articleSection":["Coiffure"],"inLanguage":"fr-FR","potentialAction":[{"@type":"CommentAction","name":"Comment","target":["https:\/\/www.procoiffure.com\/blog\/guide-fourches-cheveux\/#respond"]}]},{"@type":["WebPage","FAQPage"],"@id":"https:\/\/www.procoiffure.com\/blog\/guide-fourches-cheveux\/","url":"https:\/\/www.procoiffure.com\/blog\/guide-fourches-cheveux\/","name":"Fourches cheveux : comment les reconna\u00eetre et les \u00e9viter","isPartOf":{"@id":"https:\/\/www.procoiffure.com\/blog\/#website"},"primaryImageOfPage":{"@id":"https:\/\/www.procoiffure.com\/blog\/guide-fourches-cheveux\/#primaryimage"},"image":{"@id":"https:\/\/www.procoiffure.com\/blog\/guide-fourches-cheveux\/#primaryimage"},"thumbnailUrl":"https:\/\/www.procoiffure.com\/blog\/wp-content\/uploads\/2026\/02\/Visuels-Blog-Elodie.png","datePublished":"2026-02-19T14:27:48+00:00","dateModified":"2026-02-19T14:27:50+00:00","description":"Pointes fourchues, cheveux secs ou cassants ? D\u00e9couvrez les types de fourches, leurs causes et nos solutions pour les pr\u00e9venir durablement.","breadcrumb":{"@id":"https:\/\/www.procoiffure.com\/blog\/guide-fourches-cheveux\/#breadcrumb"},"mainEntity":[{"@id":"https:\/\/www.procoiffure.com\/blog\/guide-fourches-cheveux\/#faq-question-1771490149348"},{"@id":"https:\/\/www.procoiffure.com\/blog\/guide-fourches-cheveux\/#faq-question-1771490177969"},{"@id":"https:\/\/www.procoiffure.com\/blog\/guide-fourches-cheveux\/#faq-question-1771490192976"},{"@id":"https:\/\/www.procoiffure.com\/blog\/guide-fourches-cheveux\/#faq-question-1771490216064"},{"@id":"https:\/\/www.procoiffure.com\/blog\/guide-fourches-cheveux\/#faq-question-1771490236505"},{"@id":"https:\/\/www.procoiffure.com\/blog\/guide-fourches-cheveux\/#faq-question-1771490252145"},{"@id":"https:\/\/www.procoiffure.com\/blog\/guide-fourches-cheveux\/#faq-question-1771490264642"},{"@id":"https:\/\/www.procoiffure.com\/blog\/guide-fourches-cheveux\/#faq-question-1771490291041"},{"@id":"https:\/\/www.procoiffure.com\/blog\/guide-fourches-cheveux\/#faq-question-1771490319225"},{"@id":"https:\/\/www.procoiffure.com\/blog\/guide-fourches-cheveux\/#faq-question-1771490337104"},{"@id":"https:\/\/www.procoiffure.com\/blog\/guide-fourches-cheveux\/#faq-question-1771490353777"},{"@id":"https:\/\/www.procoiffure.com\/blog\/guide-fourches-cheveux\/#faq-question-1771490371112"}],"inLanguage":"fr-FR","potentialAction":[{"@type":"ReadAction","target":["https:\/\/www.procoiffure.com\/blog\/guide-fourches-cheveux\/"]}]},{"@type":"ImageObject","inLanguage":"fr-FR","@id":"https:\/\/www.procoiffure.com\/blog\/guide-fourches-cheveux\/#primaryimage","url":"https:\/\/www.procoiffure.com\/blog\/wp-content\/uploads\/2026\/02\/Visuels-Blog-Elodie.png","contentUrl":"https:\/\/www.procoiffure.com\/blog\/wp-content\/uploads\/2026\/02\/Visuels-Blog-Elodie.png","width":1080,"height":1080},{"@type":"BreadcrumbList","@id":"https:\/\/www.procoiffure.com\/blog\/guide-fourches-cheveux\/#breadcrumb","itemListElement":[{"@type":"ListItem","position":1,"name":"Accueil","item":"https:\/\/www.procoiffure.com\/blog\/"},{"@type":"ListItem","position":2,"name":"Les Fourches : Comment les \u00e9viter et les pr\u00e9venir durablement"}]},{"@type":"WebSite","@id":"https:\/\/www.procoiffure.com\/blog\/#website","url":"https:\/\/www.procoiffure.com\/blog\/","name":"L'actu beaut\u00e9 | Pro Coiffure Esth\u00e9tique","description":"","publisher":{"@id":"https:\/\/www.procoiffure.com\/blog\/#organization"},"potentialAction":[{"@type":"SearchAction","target":{"@type":"EntryPoint","urlTemplate":"https:\/\/www.procoiffure.com\/blog\/?s={search_term_string}"},"query-input":{"@type":"PropertyValueSpecification","valueRequired":true,"valueName":"search_term_string"}}],"inLanguage":"fr-FR"},{"@type":"Organization","@id":"https:\/\/www.procoiffure.com\/blog\/#organization","name":"Le Blog de No\u00e9mie","url":"https:\/\/www.procoiffure.com\/blog\/","logo":{"@type":"ImageObject","inLanguage":"fr-FR","@id":"https:\/\/www.procoiffure.com\/blog\/#\/schema\/logo\/image\/","url":"https:\/\/www.procoiffure.com\/blog\/wp-content\/uploads\/2025\/03\/LOGO-BLOG-1.png","contentUrl":"https:\/\/www.procoiffure.com\/blog\/wp-content\/uploads\/2025\/03\/LOGO-BLOG-1.png","width":998,"height":397,"caption":"Le Blog de No\u00e9mie"},"image":{"@id":"https:\/\/www.procoiffure.com\/blog\/#\/schema\/logo\/image\/"}},{"@type":"Person","@id":"https:\/\/www.procoiffure.com\/blog\/#\/schema\/person\/1737ca6207ae0dec18ceab1195f285c8","name":"Elodie Soulier","image":{"@type":"ImageObject","inLanguage":"fr-FR","@id":"https:\/\/secure.gravatar.com\/avatar\/1d7d61bb3f84fbe0ce04787c39b28f1c9e04603618601bee9eaed59905cd11ef?s=96&d=color&r=g","url":"https:\/\/secure.gravatar.com\/avatar\/1d7d61bb3f84fbe0ce04787c39b28f1c9e04603618601bee9eaed59905cd11ef?s=96&d=color&r=g","contentUrl":"https:\/\/secure.gravatar.com\/avatar\/1d7d61bb3f84fbe0ce04787c39b28f1c9e04603618601bee9eaed59905cd11ef?s=96&d=color&r=g","caption":"Elodie Soulier"},"url":"https:\/\/www.procoiffure.com\/blog\/author\/elodie-soul\/"},{"@type":"Question","@id":"https:\/\/www.procoiffure.com\/blog\/guide-fourches-cheveux\/#faq-question-1771490149348","position":1,"url":"https:\/\/www.procoiffure.com\/blog\/guide-fourches-cheveux\/#faq-question-1771490149348","name":"Les fourches emp\u00eachent elles les cheveux de pousser ?","answerCount":1,"acceptedAnswer":{"@type":"Answer","text":"Non. Les racines continuent de produire du cheveu. En revanche, la casse des pointes donne l\u2019impression que la longueur stagne. Le cheveu pousse, mais il casse avant que la longueur ne soit visible.","inLanguage":"fr-FR"},"inLanguage":"fr-FR"},{"@type":"Question","@id":"https:\/\/www.procoiffure.com\/blog\/guide-fourches-cheveux\/#faq-question-1771490177969","position":2,"url":"https:\/\/www.procoiffure.com\/blog\/guide-fourches-cheveux\/#faq-question-1771490177969","name":"Faut-il couper beaucoup pour enlever les fourches ?","answerCount":1,"acceptedAnswer":{"@type":"Answer","text":"Pas n\u00e9cessairement. Une coupe cibl\u00e9e suffit si la fente n\u2019est pas remont\u00e9e haut sur la fibre. En revanche, si la fourche s\u2019est propag\u00e9e, une coupe plus franche peut \u00eatre n\u00e9cessaire pour \u00e9viter que la fissure ne continue \u00e0 remonter.","inLanguage":"fr-FR"},"inLanguage":"fr-FR"},{"@type":"Question","@id":"https:\/\/www.procoiffure.com\/blog\/guide-fourches-cheveux\/#faq-question-1771490192976","position":3,"url":"https:\/\/www.procoiffure.com\/blog\/guide-fourches-cheveux\/#faq-question-1771490192976","name":"Pourquoi mes pointes sont fourchues mais pas mes racines ?","answerCount":1,"acceptedAnswer":{"@type":"Answer","text":"Parce que les racines sont \u201cjeunes\u201d. Les longueurs, elles, ont subi plusieurs mois voire plusieurs ann\u00e9es d\u2019agressions : chaleur, frottements, colorations, soleil, brossage.","inLanguage":"fr-FR"},"inLanguage":"fr-FR"},{"@type":"Question","@id":"https:\/\/www.procoiffure.com\/blog\/guide-fourches-cheveux\/#faq-question-1771490216064","position":4,"url":"https:\/\/www.procoiffure.com\/blog\/guide-fourches-cheveux\/#faq-question-1771490216064","name":"Peut-on r\u00e9parer les fourches sans couper ?","answerCount":1,"acceptedAnswer":{"@type":"Answer","text":"Non, une fourche d\u00e9j\u00e0 form\u00e9e ne peut pas \u00eatre \u201crecoll\u00e9e\u201d d\u00e9finitivement.<br\/>Certains s\u00e9rums et soins scellant peuvent am\u00e9liorer l\u2019aspect temporairement en lissant la fibre, mais seule la coupe \u00e9limine r\u00e9ellement la fourche.","inLanguage":"fr-FR"},"inLanguage":"fr-FR"},{"@type":"Question","@id":"https:\/\/www.procoiffure.com\/blog\/guide-fourches-cheveux\/#faq-question-1771490236505","position":5,"url":"https:\/\/www.procoiffure.com\/blog\/guide-fourches-cheveux\/#faq-question-1771490236505","name":"Comment enlever les fourches sans couper ses cheveux courts ?","answerCount":1,"acceptedAnswer":{"@type":"Answer","text":"Il est possible de r\u00e9aliser un \u201cdusting\u201d (micro-coupe des pointes ab\u00eem\u00e9es) pour retirer uniquement les extr\u00e9mit\u00e9s fendues sans raccourcir visiblement la longueur. Cette technique permet d\u2019assainir la fibre tout en conservant la masse.","inLanguage":"fr-FR"},"inLanguage":"fr-FR"},{"@type":"Question","@id":"https:\/\/www.procoiffure.com\/blog\/guide-fourches-cheveux\/#faq-question-1771490252145","position":6,"url":"https:\/\/www.procoiffure.com\/blog\/guide-fourches-cheveux\/#faq-question-1771490252145","name":"Les fourches peuvent-elles remonter le long du cheveu ?","answerCount":1,"acceptedAnswer":{"@type":"Answer","text":"Oui. Une fourche laiss\u00e9e intacte peut continuer \u00e0 se fissurer vers le haut. C\u2019est pourquoi il est recommand\u00e9 d\u2019intervenir rapidement plut\u00f4t que d\u2019attendre.","inLanguage":"fr-FR"},"inLanguage":"fr-FR"},{"@type":"Question","@id":"https:\/\/www.procoiffure.com\/blog\/guide-fourches-cheveux\/#faq-question-1771490264642","position":7,"url":"https:\/\/www.procoiffure.com\/blog\/guide-fourches-cheveux\/#faq-question-1771490264642","name":"Pourquoi ai-je des fourches m\u00eame sans coloration ?","answerCount":1,"acceptedAnswer":{"@type":"Answer","text":"Les fourches ne sont pas uniquement li\u00e9es aux techniques chimiques.<br\/>Les causes les plus fr\u00e9quentes sont :<br\/>- L\u2019utilisation r\u00e9p\u00e9t\u00e9e d\u2019appareils chauffants<br\/>- Le frottement contre les v\u00eatements<br\/>- Le brossage agressif<br\/>- Le manque d\u2019hydratation","inLanguage":"fr-FR"},"inLanguage":"fr-FR"},{"@type":"Question","@id":"https:\/\/www.procoiffure.com\/blog\/guide-fourches-cheveux\/#faq-question-1771490291041","position":8,"url":"https:\/\/www.procoiffure.com\/blog\/guide-fourches-cheveux\/#faq-question-1771490291041","name":"Les cheveux boucl\u00e9s ont-ils plus de fourches ?","answerCount":1,"acceptedAnswer":{"@type":"Answer","text":"Souvent oui. La forme en spirale emp\u00eache le s\u00e9bum naturel de descendre sur les longueurs. R\u00e9sultat : des pointes plus s\u00e8ches, donc plus vuln\u00e9rables.","inLanguage":"fr-FR"},"inLanguage":"fr-FR"},{"@type":"Question","@id":"https:\/\/www.procoiffure.com\/blog\/guide-fourches-cheveux\/#faq-question-1771490319225","position":9,"url":"https:\/\/www.procoiffure.com\/blog\/guide-fourches-cheveux\/#faq-question-1771490319225","name":"Quelle huile utiliser contre les fourches ?","answerCount":1,"acceptedAnswer":{"@type":"Answer","text":"Les huiles riches mais l\u00e9g\u00e8res sont les plus adapt\u00e9es :<br\/>Huile d\u2019argan<br\/>Huile de jojoba<br\/>Huile de macadamia<br\/>Elles nourrissent, assouplissent la fibre et am\u00e9liorent visuellement l\u2019aspect des pointes.","inLanguage":"fr-FR"},"inLanguage":"fr-FR"},{"@type":"Question","@id":"https:\/\/www.procoiffure.com\/blog\/guide-fourches-cheveux\/#faq-question-1771490337104","position":10,"url":"https:\/\/www.procoiffure.com\/blog\/guide-fourches-cheveux\/#faq-question-1771490337104","name":"\u00c0 quelle fr\u00e9quence faut-il couper pour \u00e9viter les fourches ?","answerCount":1,"acceptedAnswer":{"@type":"Answer","text":"En moyenne, une coupe d\u2019entretien toutes les 8 \u00e0 12 semaines permet de pr\u00e9venir l\u2019apparition excessive des fourches. Les cheveux tr\u00e8s sensibilis\u00e9s peuvent n\u00e9cessiter un entretien plus r\u00e9gulier.","inLanguage":"fr-FR"},"inLanguage":"fr-FR"},{"@type":"Question","@id":"https:\/\/www.procoiffure.com\/blog\/guide-fourches-cheveux\/#faq-question-1771490353777","position":11,"url":"https:\/\/www.procoiffure.com\/blog\/guide-fourches-cheveux\/#faq-question-1771490353777","name":"Le lisseur provoque-t-il des fourches ?","answerCount":1,"acceptedAnswer":{"@type":"Answer","text":"Oui, s\u2019il est utilis\u00e9 sans protection thermique ou \u00e0 temp\u00e9rature trop \u00e9lev\u00e9e.<br\/>La chaleur excessive fragilise la cuticule et favorise la fissuration des pointes.","inLanguage":"fr-FR"},"inLanguage":"fr-FR"},{"@type":"Question","@id":"https:\/\/www.procoiffure.com\/blog\/guide-fourches-cheveux\/#faq-question-1771490371112","position":12,"url":"https:\/\/www.procoiffure.com\/blog\/guide-fourches-cheveux\/#faq-question-1771490371112","name":"Les fourches signifient elles que mes cheveux sont ab\u00eem\u00e9s ?","answerCount":1,"acceptedAnswer":{"@type":"Answer","text":"Les fourches sont un indicateur de fragilisation des longueurs.<br\/>Elles ne signifient pas que toute la chevelure est ab\u00eem\u00e9e, mais elles indiquent que la fibre manque de protection ou de nutrition.","inLanguage":"fr-FR"},"inLanguage":"fr-FR"}]}},"jetpack_featured_media_url":"https:\/\/www.procoiffure.com\/blog\/wp-content\/uploads\/2026\/02\/Visuels-Blog-Elodie.png","jetpack_sharing_enabled":true,"_links":{"self":[{"href":"https:\/\/www.procoiffure.com\/blog\/wp-json\/wp\/v2\/posts\/5038","targetHints":{"allow":["GET"]}}],"collection":[{"href":"https:\/\/www.procoiffure.com\/blog\/wp-json\/wp\/v2\/posts"}],"about":[{"href":"https:\/\/www.procoiffure.com\/blog\/wp-json\/wp\/v2\/types\/post"}],"author":[{"embeddable":true,"href":"https:\/\/www.procoiffure.com\/blog\/wp-json\/wp\/v2\/users\/4"}],"replies":[{"embeddable":true,"href":"https:\/\/www.procoiffure.com\/blog\/wp-json\/wp\/v2\/comments?post=5038"}],"version-history":[{"count":3,"href":"https:\/\/www.procoiffure.com\/blog\/wp-json\/wp\/v2\/posts\/5038\/revisions"}],"predecessor-version":[{"id":5077,"href":"https:\/\/www.procoiffure.com\/blog\/wp-json\/wp\/v2\/posts\/5038\/revisions\/5077"}],"wp:featuredmedia":[{"embeddable":true,"href":"https:\/\/www.procoiffure.com\/blog\/wp-json\/wp\/v2\/media\/5092"}],"wp:attachment":[{"href":"https:\/\/www.procoiffure.com\/blog\/wp-json\/wp\/v2\/media?parent=5038"}],"wp:term":[{"taxonomy":"category","embeddable":true,"href":"https:\/\/www.procoiffure.com\/blog\/wp-json\/wp\/v2\/categories?post=5038"},{"taxonomy":"post_tag","embeddable":true,"href":"https:\/\/www.procoiffure.com\/blog\/wp-json\/wp\/v2\/tags?post=5038"}],"curies":[{"name":"wp","href":"https:\/\/api.w.org\/{rel}","templated":true}]}}