{"id":5009,"date":"2026-01-26T17:24:12","date_gmt":"2026-01-26T16:24:12","guid":{"rendered":"https:\/\/www.procoiffure.com\/blog\/?p=5009"},"modified":"2026-03-23T15:31:06","modified_gmt":"2026-03-23T14:31:06","slug":"choisir-sa-brosse-a-cheveux-notre-guide-complet","status":"publish","type":"post","link":"https:\/\/www.procoiffure.com\/blog\/choisir-sa-brosse-a-cheveux-notre-guide-complet\/","title":{"rendered":"Bien choisir sa brosse \u00e0 cheveux : \nNotre guide complet"},"content":{"rendered":"\n<h1 class=\"wp-block-heading\">Comment bien choisir sa brosse \u00e0 cheveux ?<\/h1>\n\n\n\n<p>La brosse \u00e0 cheveux joue un r\u00f4le central dans la sant\u00e9 et l\u2019apparence de la chevelure. Un mauvais choix peut fragiliser la fibre, provoquer de la casse, accentuer les frisottis ou rendre le coiffage plus difficile. \u00c0 l\u2019inverse, une brosse adapt\u00e9e facilite le d\u00e9m\u00ealage, respecte la structure du cheveu et am\u00e9liore visiblement le r\u00e9sultat au quotidien.<\/p>\n\n\n\n<p>Face \u00e0 la diversit\u00e9 des formes, des mat\u00e9riaux et des usages, il n\u2019est pas toujours \u00e9vident de s\u2019y retrouver. Ce guide a pour objectif de vous aider \u00e0 choisir la brosse la plus adapt\u00e9e \u00e0 votre type de cheveux et \u00e0 vos habitudes !<\/p>\n\n\n\n<h2 class=\"wp-block-heading\">1 # Pourquoi le choix de la brosse est essentiel pour la sant\u00e9 du cheveu<\/h2>\n\n\n\n<p>Chaque passage de brosse agit directement sur la fibre capillaire et le cuir chevelu. Utilis\u00e9e quotidiennement, une brosse inadapt\u00e9e peut <strong>fragiliser les longueurs,<\/strong> ouvrir les cuticules et provoquer une <strong>usure pr\u00e9matur\u00e9e<\/strong> du cheveu. \u00c0 l\u2019inverse, une brosse bien choisie limite les frottements, r\u00e9partit le s\u00e9bum naturel sur les longueurs et participe \u00e0 la brillance et \u00e0 la souplesse de la chevelure.<\/p>\n\n\n\n<p>Le cuir chevelu b\u00e9n\u00e9ficie lui aussi d\u2019un brossage adapt\u00e9. Des picots bien con\u00e7us <strong>stimulent la microcirculation, <\/strong>favorisent l\u2019oxyg\u00e9nation des racines et contribuent \u00e0 un environnement plus sain pour la pousse. Le choix de la brosse ne rel\u00e8ve donc pas uniquement du confort, mais d\u2019un v\u00e9ritable geste de soin.<\/p>\n\n\n\n<h2 class=\"wp-block-heading\">2 # Choisir sa brosse selon son type de cheveux<\/h2>\n\n\n\n<h3 class=\"wp-block-heading\">Cheveux fins ou fragiles<\/h3>\n\n\n\n<p>Les cheveux fins n\u00e9cessitent une attention particuli\u00e8re, car ils sont plus sensibles \u00e0 la casse et aux agressions m\u00e9caniques. Une brosse trop rigide ou mal con\u00e7ue peut rapidement fragiliser la fibre.<\/p>\n\n\n\n<p>Il est recommand\u00e9 d\u2019opter pour une <a href=\"https:\/\/www.procoiffure.com\/catalogsearch\/BROSSE%20CHEVEUX%20FINS&amp;familly=&amp;order=pert\">brosse souple<\/a>, dot\u00e9e de picots flexibles et bien espac\u00e9s, capables de d\u00e9m\u00ealer sans tirer. Les <a href=\"https:\/\/www.procoiffure.com\/catalogsearch\/DEMELANTE%20BROSSE&amp;familly=&amp;order=pert\">brosses d\u00e9m\u00ealantes<\/a> ou les mod\u00e8les \u00e0 coussin pneumatique offrent une meilleure absorption de la pression et respectent davantage la structure du cheveu.<\/p>\n\n\n\n<h3 class=\"wp-block-heading\">Cheveux \u00e9pais ou indisciplin\u00e9s<\/h3>\n\n\n\n<p>Les chevelures \u00e9paisses ou volumineuses demandent des brosses capables de travailler la mati\u00e8re sans casser ni tirer. Une brosse trop souple manquerait d\u2019efficacit\u00e9 et rendrait le coiffage laborieux.<\/p>\n\n\n\n<p>Les mod\u00e8les plus denses, avec des picots robustes et bien ancr\u00e9s, permettent de d\u00e9m\u00ealer efficacement tout en gardant un bon contr\u00f4le. <a href=\"https:\/\/www.procoiffure.com\/brosse-i-style-pour-cheveux-epais\">Une brosse plate large<\/a> ou une brosse paddle est souvent id\u00e9ale pour ce type de cheveux.<\/p>\n\n\n\n<h3 class=\"wp-block-heading\">Cheveux boucl\u00e9s ou ondul\u00e9s<\/h3>\n\n\n\n<p>Les cheveux boucl\u00e9s requi\u00e8rent une approche sp\u00e9cifique. Le brossage \u00e0 sec peut casser la boucle et accentuer les frisottis. Le choix de la brosse et le moment d\u2019utilisation sont donc essentiels.<\/p>\n\n\n\n<p>Une <a href=\"https:\/\/www.procoiffure.com\/brosse-demelante-ecologique-cheveux-boucles-gently-rose\">brosse \u00e0 picots souples<\/a> ou un <a href=\"https:\/\/www.procoiffure.com\/catalogsearch\/PEIGNE%20LARGE&amp;familly=&amp;order=pert\">peigne \u00e0 dents larges<\/a>, utilis\u00e9s sur cheveux humides ou avec <a href=\"https:\/\/www.procoiffure.com\/catalogsearch\/SOINS%20DEMELANT&amp;familly=&amp;order=pert\">un soin d\u00e9m\u00ealant<\/a>, permettent de pr\u00e9server la forme naturelle de la boucle. L\u2019objectif n\u2019est pas de lisser, mais de structurer et de d\u00e9finir sans casser.<\/p>\n\n\n\n<h3 class=\"wp-block-heading\">Cheveux lisses<\/h3>\n\n\n\n<p>Les cheveux lisses sont plus faciles \u00e0 discipliner, mais peuvent \u00eatre sujets \u00e0 l\u2019\u00e9lectricit\u00e9 statique ou au manque de volume. Une <a href=\"https:\/\/www.procoiffure.com\/catalogsearch\/BROSSE%20OVALE&amp;familly=&amp;order=pert\">brosse plate ou ovale permet<\/a> de lisser les longueurs, d\u2019apporter de la brillance et de ma\u00eetriser les m\u00e8ches rebelles.<\/p>\n\n\n\n<p>Pour un rendu plus naturel, les <a href=\"https:\/\/www.procoiffure.com\/catalogsearch\/ANTI%20STAT&amp;familly=&amp;order=pert\">brosses aux mat\u00e9riaux antistatiques<\/a> ou combinant picots nylon et fibres naturelles sont particuli\u00e8rement adapt\u00e9es.<\/p>\n\n\n\n<h2 class=\"wp-block-heading\">3 # Choisir sa brosse selon l\u2019usage<\/h2>\n\n\n\n<h3 class=\"wp-block-heading\">Pour le d\u00e9m\u00ealage quotidien<\/h3>\n\n\n\n<p>Le d\u00e9m\u00ealage est l\u2019usage le plus courant et aussi le plus risqu\u00e9 pour la fibre capillaire. Une brosse con\u00e7ue pour d\u00e9m\u00ealer doit glisser facilement sans accrocher ni tirer.<\/p>\n\n\n\n<p>Les <a href=\"https:\/\/www.procoiffure.com\/catalogsearch\/PICOT%20DEMELANT&amp;familly=&amp;order=pert\">brosses d\u00e9m\u00ealantes<\/a>, dot\u00e9es de picots flexibles de diff\u00e9rentes longueurs, sont id\u00e9ales pour un usage quotidien, sur cheveux secs ou l\u00e9g\u00e8rement humides. Elles limitent la casse et rendent le geste plus confortable.<\/p>\n\n\n\n<h3 class=\"wp-block-heading\">Pour le brushing<\/h3>\n\n\n\n<p>Le brushing n\u00e9cessite des brosses capables de r\u00e9sister \u00e0 la chaleur tout en facilitant la mise en forme. <a href=\"https:\/\/www.procoiffure.com\/catalogsearch\/CURLING&amp;familly=&amp;order=pert\">La brosse ronde <\/a>est la plus utilis\u00e9e, mais son diam\u00e8tre doit \u00eatre choisi avec soin.<\/p>\n\n\n\n<p><a href=\"https:\/\/www.procoiffure.com\/brosse-curling-o16mm-poils-o25mmvertix\">Un petit diam\u00e8tre<\/a> est adapt\u00e9 aux cheveux courts ou pour cr\u00e9er du volume, tandis qu\u2019<a href=\"https:\/\/www.procoiffure.com\/brosse-curling-o43mm-poils-o55mmvertix\">un diam\u00e8tre plus large<\/a> convient mieux aux cheveux longs et au lissage. Les<a href=\"https:\/\/www.procoiffure.com\/catalogsearch\/BROSSE%20THERMO&amp;familly=&amp;order=pert\"> brosses thermiques<\/a>, souvent perfor\u00e9es, permettent une diffusion homog\u00e8ne de la chaleur et un s\u00e9chage plus rapide.<\/p>\n\n\n\n<h3 class=\"wp-block-heading\">Pour lisser et discipliner<\/h3>\n\n\n\n<p>Pour lisser les longueurs et obtenir une finition soign\u00e9e, la brosse plate est une valeur s\u00fbre. Elle permet de contr\u00f4ler la chevelure, de r\u00e9duire les frisottis et d\u2019apporter de la brillance, notamment lors du brushing ou en finition.<\/p>\n\n\n\n<h2 class=\"wp-block-heading\">4 # Les mat\u00e9riaux : un crit\u00e8re souvent n\u00e9glig\u00e9<\/h2>\n\n\n\n<p>Le choix des mat\u00e9riaux influence directement le r\u00e9sultat et le confort d\u2019utilisation. Les picots en nylon sont r\u00e9sistants et polyvalents, tandis que <a href=\"https:\/\/www.procoiffure.com\/catalogsearch\/SANGLIER&amp;familly=&amp;order=pert\">les fibres naturelles<\/a>, comme le <a href=\"https:\/\/www.procoiffure.com\/catalogsearch\/SANGLIER&amp;familly=&amp;order=pert\">poil de sanglier<\/a>, aident \u00e0 r\u00e9partir le s\u00e9bum et \u00e0 apporter de la brillance.<\/p>\n\n\n\n<p>Les brosses combinant nylon et fibres naturelles offrent un bon \u00e9quilibre entre d\u00e9m\u00ealage et soin. <a href=\"https:\/\/www.procoiffure.com\/catalogsearch\/ANTISTATIQUE&amp;familly=&amp;order=pert\">Les mod\u00e8les antistatiques <\/a>sont \u00e9galement recommand\u00e9s pour limiter l\u2019\u00e9lectricit\u00e9 statique, en particulier en hiver ou sur cheveux secs.<\/p>\n\n\n\n<p>Le corps de la brosse a aussi son importance. Les brosses a\u00e9r\u00e9es facilitent le s\u00e9chage, tandis que les mod\u00e8les pleins sont davantage orient\u00e9s vers le lissage et la finition.<\/p>\n\n\n\n<h2 class=\"wp-block-heading\">5 # Brosse professionnelle ou grand public : quelles diff\u00e9rences<\/h2>\n\n\n\n<p>Les brosses professionnelles se distinguent par la qualit\u00e9 de leurs mat\u00e9riaux, leur durabilit\u00e9 et leur ergonomie. Con\u00e7ues pour un usage intensif en salon, elles offrent une meilleure r\u00e9sistance \u00e0 la chaleur et une prise en main plus confortable.<\/p>\n\n\n\n<p>Pour un usage \u00e0 domicile, investir dans une brosse de qualit\u00e9 professionnelle permet d\u2019obtenir de meilleurs r\u00e9sultats sur le long terme et de pr\u00e9server la sant\u00e9 des cheveux. La diff\u00e9rence se ressent autant sur le confort que sur la tenue du coiffage.<\/p>\n\n\n\n<h2 class=\"wp-block-heading\">6 # Les erreurs fr\u00e9quentes \u00e0 \u00e9viter<\/h2>\n\n\n\n<p><strong>Utiliser une seule brosse<\/strong> pour tous les usages est l\u2019une des erreurs les plus courantes. Chaque geste, chaque type de cheveux et chaque technique n\u00e9cessite un outil adapt\u00e9.<\/p>\n\n\n\n<p><strong>Brosser les cheveux de mani\u00e8re trop \u00e9nergique,<\/strong> surtout lorsqu\u2019ils sont mouill\u00e9s, fragilise la fibre. Il est pr\u00e9f\u00e9rable de commencer par les pointes, puis de remonter progressivement vers les racines.<\/p>\n\n\n\n<p>Enfin, <strong>n\u00e9gliger l\u2019entretien de la brosse <\/strong>peut nuire \u00e0 l\u2019hygi\u00e8ne du cuir chevelu. Une brosse doit \u00eatre nettoy\u00e9e r\u00e9guli\u00e8rement pour \u00e9liminer les r\u00e9sidus de cheveux, de s\u00e9bum et de produits coiffants.<\/p>\n\n\n\n<h2 class=\"wp-block-heading\">7 # Comment entretenir correctement sa brosse \u00e0 cheveux ?<\/h2>\n\n\n\n<p>L\u2019entretien de la brosse est souvent n\u00e9glig\u00e9, alors qu\u2019il joue un r\u00f4le essentiel dans la sant\u00e9 du cuir chevelu et la propret\u00e9 de la fibre capillaire. Une brosse mal entretenue accumule cheveux, r\u00e9sidus de soins, s\u00e9bum et poussi\u00e8res, qui sont ensuite red\u00e9pos\u00e9s sur la chevelure \u00e0 chaque utilisation.<\/p>\n\n\n\n<h3 class=\"wp-block-heading\">Retirer les cheveux apr\u00e8s chaque utilisation<\/h3>\n\n\n\n<p>Apr\u00e8s chaque brossage, il est recommand\u00e9 d\u2019enlever les cheveux coinc\u00e9s entre les picots ou les poils. Ce geste simple limite l\u2019accumulation de r\u00e9sidus et permet de garder une brosse plus propre au quotidien. Un peigne fin ou un petit crochet facilite cette \u00e9tape.<\/p>\n\n\n\n<h3 class=\"wp-block-heading\">Nettoyer r\u00e9guli\u00e8rement la brosse<\/h3>\n\n\n\n<p>Un nettoyage plus approfondi est conseill\u00e9 environ une fois par semaine pour un usage fr\u00e9quent, ou toutes les deux semaines pour un usage occasionnel.<\/p>\n\n\n\n<ul class=\"wp-block-list\">\n<li><strong>Pour les brosses en plastique ou en mati\u00e8re synth\u00e9tique :<br><\/strong>Plonger la brosse dans de l\u2019eau ti\u00e8de avec un shampoing doux ou un savon neutre. Frotter d\u00e9licatement la base des picots \u00e0 l\u2019aide d\u2019une vieille brosse \u00e0 dents, puis rincer abondamment.<\/li>\n\n\n\n<li><strong>Pour les brosses \u00e0 poils naturels ou \u00e0 base en bois :<br><\/strong>\u00c9viter l\u2019immersion prolong\u00e9e. Nettoyer uniquement la partie poils avec un chiffon humide et un peu de shampoing, puis rincer l\u00e9g\u00e8rement sans d\u00e9tremper le support.<\/li>\n<\/ul>\n\n\n\n<h3 class=\"wp-block-heading\">Bien s\u00e9cher sa brosse<\/h3>\n\n\n\n<p>Apr\u00e8s le nettoyage, laisser s\u00e9cher la brosse \u00e0 l\u2019air libre, picots vers le bas, afin d\u2019\u00e9viter que l\u2019eau ne stagne \u00e0 la base. Une brosse mal s\u00e9ch\u00e9e peut favoriser le d\u00e9veloppement de bact\u00e9ries ou d\u00e9t\u00e9riorer certains mat\u00e9riaux.<\/p>\n\n\n\n<h3 class=\"wp-block-heading\">Quand faut-il remplacer sa brosse ?<\/h3>\n\n\n\n<p>M\u00eame bien entretenue, une brosse n\u2019est pas \u00e9ternelle. Si les picots sont tordus, cass\u00e9s ou si la base se d\u00e9colle, il est pr\u00e9f\u00e9rable de la remplacer. En moyenne, une brosse de qualit\u00e9 se renouvelle tous les 12 \u00e0 24 mois selon la fr\u00e9quence d\u2019utilisation.<\/p>\n\n\n\n<p>Un entretien r\u00e9gulier permet non seulement de prolonger la dur\u00e9e de vie de la brosse, mais aussi de pr\u00e9server la propret\u00e9 du cuir chevelu et la beaut\u00e9 des cheveux au quotidien.<\/p>\n\n\n\n<p><\/p>\n\n\n\n<h2 class=\"wp-block-heading\">## Bien choisir sa brosse, un geste simple qui fait la diff\u00e9rence<\/h2>\n\n\n\n<p>Choisir la bonne brosse, c\u2019est adapter son outil \u00e0 son type de cheveux, \u00e0 ses besoins et \u00e0 ses habitudes. Ce geste simple am\u00e9liore non seulement le confort du coiffage, mais aussi la qualit\u00e9 et la beaut\u00e9 de la chevelure sur le long terme.<\/p>\n\n\n\n<p>En cas de doute, il est toujours pr\u00e9f\u00e9rable de se faire conseiller par des professionnels afin d\u2019opter pour une brosse r\u00e9ellement adapt\u00e9e. Une s\u00e9lection bien pens\u00e9e permet d\u2019obtenir des r\u00e9sultats visibles, durables et respectueux de la fibre capillaire.<\/p>\n\n\n\n<p><\/p>\n\n\n\n<hr class=\"wp-block-separator has-alpha-channel-opacity\"\/>\n\n\n\n<p><\/p>\n\n\n\n<p><\/p>\n","protected":false},"excerpt":{"rendered":"<p>Comment bien choisir sa brosse \u00e0 cheveux ? La brosse \u00e0 cheveux joue un r\u00f4le central dans la sant\u00e9 et l\u2019apparence de la chevelure. Un mauvais choix peut fragiliser la fibre, provoquer de la casse, accentuer les frisottis ou rendre le coiffage plus difficile. \u00c0 l\u2019inverse, une brosse adapt\u00e9e facilite le d\u00e9m\u00ealage, respecte la structure [&hellip;]<\/p>\n","protected":false},"author":4,"featured_media":5348,"comment_status":"open","ping_status":"open","sticky":false,"template":"","format":"standard","meta":{"_jetpack_memberships_contains_paid_content":false,"footnotes":""},"categories":[5,17],"tags":[],"class_list":["post-5009","post","type-post","status-publish","format-standard","has-post-thumbnail","hentry","category-coiffure","category-conseils"],"yoast_head":"<!-- This site is optimized with the Yoast SEO plugin v27.2 - https:\/\/yoast.com\/product\/yoast-seo-wordpress\/ -->\n<title>Bien choisir sa brosse \u00e0 cheveux selon son type de cheveux<\/title>\n<meta name=\"description\" content=\"Brosse ronde, plate, pneumatique ou d\u00e9m\u00ealante : d\u00e9couvrez comment choisir la brosse adapt\u00e9e \u00e0 votre type de cheveux et \u00e0 votre routine.\" \/>\n<meta name=\"robots\" content=\"index, follow, max-snippet:-1, max-image-preview:large, max-video-preview:-1\" \/>\n<link rel=\"canonical\" href=\"https:\/\/www.procoiffure.com\/blog\/choisir-sa-brosse-a-cheveux-notre-guide-complet\/\" \/>\n<meta property=\"og:locale\" content=\"fr_FR\" \/>\n<meta property=\"og:type\" content=\"article\" \/>\n<meta property=\"og:title\" content=\"Bien choisir sa brosse \u00e0 cheveux selon son type de cheveux\" \/>\n<meta property=\"og:description\" content=\"Brosse ronde, plate, pneumatique ou d\u00e9m\u00ealante : d\u00e9couvrez comment choisir la brosse adapt\u00e9e \u00e0 votre type de cheveux et \u00e0 votre routine.\" \/>\n<meta property=\"og:url\" content=\"https:\/\/www.procoiffure.com\/blog\/choisir-sa-brosse-a-cheveux-notre-guide-complet\/\" \/>\n<meta property=\"og:site_name\" content=\"L&#039;actu beaut\u00e9 | Pro Coiffure Esht\u00e9tique\" \/>\n<meta property=\"article:published_time\" content=\"2026-01-26T16:24:12+00:00\" \/>\n<meta property=\"article:modified_time\" content=\"2026-03-23T14:31:06+00:00\" \/>\n<meta property=\"og:image\" content=\"https:\/\/www.procoiffure.com\/blog\/wp-content\/uploads\/2026\/01\/14.png\" \/>\n\t<meta property=\"og:image:width\" content=\"1080\" \/>\n\t<meta property=\"og:image:height\" content=\"1080\" \/>\n\t<meta property=\"og:image:type\" content=\"image\/png\" \/>\n<meta name=\"author\" content=\"Elodie Soulier\" \/>\n<meta name=\"twitter:card\" content=\"summary_large_image\" \/>\n<meta name=\"twitter:label1\" content=\"\u00c9crit par\" \/>\n\t<meta name=\"twitter:data1\" content=\"Elodie Soulier\" \/>\n\t<meta name=\"twitter:label2\" content=\"Dur\u00e9e de lecture estim\u00e9e\" \/>\n\t<meta name=\"twitter:data2\" content=\"8 minutes\" \/>\n<script type=\"application\/ld+json\" class=\"yoast-schema-graph\">{\"@context\":\"https:\/\/schema.org\",\"@graph\":[{\"@type\":\"Article\",\"@id\":\"https:\/\/www.procoiffure.com\/blog\/choisir-sa-brosse-a-cheveux-notre-guide-complet\/#article\",\"isPartOf\":{\"@id\":\"https:\/\/www.procoiffure.com\/blog\/choisir-sa-brosse-a-cheveux-notre-guide-complet\/\"},\"author\":{\"name\":\"Elodie Soulier\",\"@id\":\"https:\/\/www.procoiffure.com\/blog\/#\/schema\/person\/1737ca6207ae0dec18ceab1195f285c8\"},\"headline\":\"Bien choisir sa brosse \u00e0 cheveux : Notre guide complet\",\"datePublished\":\"2026-01-26T16:24:12+00:00\",\"dateModified\":\"2026-03-23T14:31:06+00:00\",\"mainEntityOfPage\":{\"@id\":\"https:\/\/www.procoiffure.com\/blog\/choisir-sa-brosse-a-cheveux-notre-guide-complet\/\"},\"wordCount\":1602,\"commentCount\":0,\"publisher\":{\"@id\":\"https:\/\/www.procoiffure.com\/blog\/#organization\"},\"image\":{\"@id\":\"https:\/\/www.procoiffure.com\/blog\/choisir-sa-brosse-a-cheveux-notre-guide-complet\/#primaryimage\"},\"thumbnailUrl\":\"https:\/\/www.procoiffure.com\/blog\/wp-content\/uploads\/2026\/01\/14.png\",\"articleSection\":[\"Coiffure\",\"Conseils\"],\"inLanguage\":\"fr-FR\",\"potentialAction\":[{\"@type\":\"CommentAction\",\"name\":\"Comment\",\"target\":[\"https:\/\/www.procoiffure.com\/blog\/choisir-sa-brosse-a-cheveux-notre-guide-complet\/#respond\"]}]},{\"@type\":\"WebPage\",\"@id\":\"https:\/\/www.procoiffure.com\/blog\/choisir-sa-brosse-a-cheveux-notre-guide-complet\/\",\"url\":\"https:\/\/www.procoiffure.com\/blog\/choisir-sa-brosse-a-cheveux-notre-guide-complet\/\",\"name\":\"Bien choisir sa brosse \u00e0 cheveux selon son type de cheveux\",\"isPartOf\":{\"@id\":\"https:\/\/www.procoiffure.com\/blog\/#website\"},\"primaryImageOfPage\":{\"@id\":\"https:\/\/www.procoiffure.com\/blog\/choisir-sa-brosse-a-cheveux-notre-guide-complet\/#primaryimage\"},\"image\":{\"@id\":\"https:\/\/www.procoiffure.com\/blog\/choisir-sa-brosse-a-cheveux-notre-guide-complet\/#primaryimage\"},\"thumbnailUrl\":\"https:\/\/www.procoiffure.com\/blog\/wp-content\/uploads\/2026\/01\/14.png\",\"datePublished\":\"2026-01-26T16:24:12+00:00\",\"dateModified\":\"2026-03-23T14:31:06+00:00\",\"description\":\"Brosse ronde, plate, pneumatique ou d\u00e9m\u00ealante : d\u00e9couvrez comment choisir la brosse adapt\u00e9e \u00e0 votre type de cheveux et \u00e0 votre routine.\",\"breadcrumb\":{\"@id\":\"https:\/\/www.procoiffure.com\/blog\/choisir-sa-brosse-a-cheveux-notre-guide-complet\/#breadcrumb\"},\"inLanguage\":\"fr-FR\",\"potentialAction\":[{\"@type\":\"ReadAction\",\"target\":[\"https:\/\/www.procoiffure.com\/blog\/choisir-sa-brosse-a-cheveux-notre-guide-complet\/\"]}]},{\"@type\":\"ImageObject\",\"inLanguage\":\"fr-FR\",\"@id\":\"https:\/\/www.procoiffure.com\/blog\/choisir-sa-brosse-a-cheveux-notre-guide-complet\/#primaryimage\",\"url\":\"https:\/\/www.procoiffure.com\/blog\/wp-content\/uploads\/2026\/01\/14.png\",\"contentUrl\":\"https:\/\/www.procoiffure.com\/blog\/wp-content\/uploads\/2026\/01\/14.png\",\"width\":1080,\"height\":1080},{\"@type\":\"BreadcrumbList\",\"@id\":\"https:\/\/www.procoiffure.com\/blog\/choisir-sa-brosse-a-cheveux-notre-guide-complet\/#breadcrumb\",\"itemListElement\":[{\"@type\":\"ListItem\",\"position\":1,\"name\":\"Accueil\",\"item\":\"https:\/\/www.procoiffure.com\/blog\/\"},{\"@type\":\"ListItem\",\"position\":2,\"name\":\"Bien choisir sa brosse \u00e0 cheveux : Notre guide complet\"}]},{\"@type\":\"WebSite\",\"@id\":\"https:\/\/www.procoiffure.com\/blog\/#website\",\"url\":\"https:\/\/www.procoiffure.com\/blog\/\",\"name\":\"L'actu beaut\u00e9 | Pro Coiffure Esth\u00e9tique\",\"description\":\"\",\"publisher\":{\"@id\":\"https:\/\/www.procoiffure.com\/blog\/#organization\"},\"potentialAction\":[{\"@type\":\"SearchAction\",\"target\":{\"@type\":\"EntryPoint\",\"urlTemplate\":\"https:\/\/www.procoiffure.com\/blog\/?s={search_term_string}\"},\"query-input\":{\"@type\":\"PropertyValueSpecification\",\"valueRequired\":true,\"valueName\":\"search_term_string\"}}],\"inLanguage\":\"fr-FR\"},{\"@type\":\"Organization\",\"@id\":\"https:\/\/www.procoiffure.com\/blog\/#organization\",\"name\":\"Le Blog de No\u00e9mie\",\"url\":\"https:\/\/www.procoiffure.com\/blog\/\",\"logo\":{\"@type\":\"ImageObject\",\"inLanguage\":\"fr-FR\",\"@id\":\"https:\/\/www.procoiffure.com\/blog\/#\/schema\/logo\/image\/\",\"url\":\"https:\/\/www.procoiffure.com\/blog\/wp-content\/uploads\/2025\/03\/LOGO-BLOG-1.png\",\"contentUrl\":\"https:\/\/www.procoiffure.com\/blog\/wp-content\/uploads\/2025\/03\/LOGO-BLOG-1.png\",\"width\":998,\"height\":397,\"caption\":\"Le Blog de No\u00e9mie\"},\"image\":{\"@id\":\"https:\/\/www.procoiffure.com\/blog\/#\/schema\/logo\/image\/\"}},{\"@type\":\"Person\",\"@id\":\"https:\/\/www.procoiffure.com\/blog\/#\/schema\/person\/1737ca6207ae0dec18ceab1195f285c8\",\"name\":\"Elodie Soulier\",\"image\":{\"@type\":\"ImageObject\",\"inLanguage\":\"fr-FR\",\"@id\":\"https:\/\/secure.gravatar.com\/avatar\/1d7d61bb3f84fbe0ce04787c39b28f1c9e04603618601bee9eaed59905cd11ef?s=96&d=color&r=g\",\"url\":\"https:\/\/secure.gravatar.com\/avatar\/1d7d61bb3f84fbe0ce04787c39b28f1c9e04603618601bee9eaed59905cd11ef?s=96&d=color&r=g\",\"contentUrl\":\"https:\/\/secure.gravatar.com\/avatar\/1d7d61bb3f84fbe0ce04787c39b28f1c9e04603618601bee9eaed59905cd11ef?s=96&d=color&r=g\",\"caption\":\"Elodie Soulier\"},\"url\":\"https:\/\/www.procoiffure.com\/blog\/author\/elodie-soul\/\"}]}<\/script>\n<!-- \/ Yoast SEO plugin. -->","yoast_head_json":{"title":"Bien choisir sa brosse \u00e0 cheveux selon son type de cheveux","description":"Brosse ronde, plate, pneumatique ou d\u00e9m\u00ealante : d\u00e9couvrez comment choisir la brosse adapt\u00e9e \u00e0 votre type de cheveux et \u00e0 votre routine.","robots":{"index":"index","follow":"follow","max-snippet":"max-snippet:-1","max-image-preview":"max-image-preview:large","max-video-preview":"max-video-preview:-1"},"canonical":"https:\/\/www.procoiffure.com\/blog\/choisir-sa-brosse-a-cheveux-notre-guide-complet\/","og_locale":"fr_FR","og_type":"article","og_title":"Bien choisir sa brosse \u00e0 cheveux selon son type de cheveux","og_description":"Brosse ronde, plate, pneumatique ou d\u00e9m\u00ealante : d\u00e9couvrez comment choisir la brosse adapt\u00e9e \u00e0 votre type de cheveux et \u00e0 votre routine.","og_url":"https:\/\/www.procoiffure.com\/blog\/choisir-sa-brosse-a-cheveux-notre-guide-complet\/","og_site_name":"L&#039;actu beaut\u00e9 | Pro Coiffure Esht\u00e9tique","article_published_time":"2026-01-26T16:24:12+00:00","article_modified_time":"2026-03-23T14:31:06+00:00","og_image":[{"width":1080,"height":1080,"url":"https:\/\/www.procoiffure.com\/blog\/wp-content\/uploads\/2026\/01\/14.png","type":"image\/png"}],"author":"Elodie Soulier","twitter_card":"summary_large_image","twitter_misc":{"\u00c9crit par":"Elodie Soulier","Dur\u00e9e de lecture estim\u00e9e":"8 minutes"},"schema":{"@context":"https:\/\/schema.org","@graph":[{"@type":"Article","@id":"https:\/\/www.procoiffure.com\/blog\/choisir-sa-brosse-a-cheveux-notre-guide-complet\/#article","isPartOf":{"@id":"https:\/\/www.procoiffure.com\/blog\/choisir-sa-brosse-a-cheveux-notre-guide-complet\/"},"author":{"name":"Elodie Soulier","@id":"https:\/\/www.procoiffure.com\/blog\/#\/schema\/person\/1737ca6207ae0dec18ceab1195f285c8"},"headline":"Bien choisir sa brosse \u00e0 cheveux : Notre guide complet","datePublished":"2026-01-26T16:24:12+00:00","dateModified":"2026-03-23T14:31:06+00:00","mainEntityOfPage":{"@id":"https:\/\/www.procoiffure.com\/blog\/choisir-sa-brosse-a-cheveux-notre-guide-complet\/"},"wordCount":1602,"commentCount":0,"publisher":{"@id":"https:\/\/www.procoiffure.com\/blog\/#organization"},"image":{"@id":"https:\/\/www.procoiffure.com\/blog\/choisir-sa-brosse-a-cheveux-notre-guide-complet\/#primaryimage"},"thumbnailUrl":"https:\/\/www.procoiffure.com\/blog\/wp-content\/uploads\/2026\/01\/14.png","articleSection":["Coiffure","Conseils"],"inLanguage":"fr-FR","potentialAction":[{"@type":"CommentAction","name":"Comment","target":["https:\/\/www.procoiffure.com\/blog\/choisir-sa-brosse-a-cheveux-notre-guide-complet\/#respond"]}]},{"@type":"WebPage","@id":"https:\/\/www.procoiffure.com\/blog\/choisir-sa-brosse-a-cheveux-notre-guide-complet\/","url":"https:\/\/www.procoiffure.com\/blog\/choisir-sa-brosse-a-cheveux-notre-guide-complet\/","name":"Bien choisir sa brosse \u00e0 cheveux selon son type de cheveux","isPartOf":{"@id":"https:\/\/www.procoiffure.com\/blog\/#website"},"primaryImageOfPage":{"@id":"https:\/\/www.procoiffure.com\/blog\/choisir-sa-brosse-a-cheveux-notre-guide-complet\/#primaryimage"},"image":{"@id":"https:\/\/www.procoiffure.com\/blog\/choisir-sa-brosse-a-cheveux-notre-guide-complet\/#primaryimage"},"thumbnailUrl":"https:\/\/www.procoiffure.com\/blog\/wp-content\/uploads\/2026\/01\/14.png","datePublished":"2026-01-26T16:24:12+00:00","dateModified":"2026-03-23T14:31:06+00:00","description":"Brosse ronde, plate, pneumatique ou d\u00e9m\u00ealante : d\u00e9couvrez comment choisir la brosse adapt\u00e9e \u00e0 votre type de cheveux et \u00e0 votre routine.","breadcrumb":{"@id":"https:\/\/www.procoiffure.com\/blog\/choisir-sa-brosse-a-cheveux-notre-guide-complet\/#breadcrumb"},"inLanguage":"fr-FR","potentialAction":[{"@type":"ReadAction","target":["https:\/\/www.procoiffure.com\/blog\/choisir-sa-brosse-a-cheveux-notre-guide-complet\/"]}]},{"@type":"ImageObject","inLanguage":"fr-FR","@id":"https:\/\/www.procoiffure.com\/blog\/choisir-sa-brosse-a-cheveux-notre-guide-complet\/#primaryimage","url":"https:\/\/www.procoiffure.com\/blog\/wp-content\/uploads\/2026\/01\/14.png","contentUrl":"https:\/\/www.procoiffure.com\/blog\/wp-content\/uploads\/2026\/01\/14.png","width":1080,"height":1080},{"@type":"BreadcrumbList","@id":"https:\/\/www.procoiffure.com\/blog\/choisir-sa-brosse-a-cheveux-notre-guide-complet\/#breadcrumb","itemListElement":[{"@type":"ListItem","position":1,"name":"Accueil","item":"https:\/\/www.procoiffure.com\/blog\/"},{"@type":"ListItem","position":2,"name":"Bien choisir sa brosse \u00e0 cheveux : Notre guide complet"}]},{"@type":"WebSite","@id":"https:\/\/www.procoiffure.com\/blog\/#website","url":"https:\/\/www.procoiffure.com\/blog\/","name":"L'actu beaut\u00e9 | Pro Coiffure Esth\u00e9tique","description":"","publisher":{"@id":"https:\/\/www.procoiffure.com\/blog\/#organization"},"potentialAction":[{"@type":"SearchAction","target":{"@type":"EntryPoint","urlTemplate":"https:\/\/www.procoiffure.com\/blog\/?s={search_term_string}"},"query-input":{"@type":"PropertyValueSpecification","valueRequired":true,"valueName":"search_term_string"}}],"inLanguage":"fr-FR"},{"@type":"Organization","@id":"https:\/\/www.procoiffure.com\/blog\/#organization","name":"Le Blog de No\u00e9mie","url":"https:\/\/www.procoiffure.com\/blog\/","logo":{"@type":"ImageObject","inLanguage":"fr-FR","@id":"https:\/\/www.procoiffure.com\/blog\/#\/schema\/logo\/image\/","url":"https:\/\/www.procoiffure.com\/blog\/wp-content\/uploads\/2025\/03\/LOGO-BLOG-1.png","contentUrl":"https:\/\/www.procoiffure.com\/blog\/wp-content\/uploads\/2025\/03\/LOGO-BLOG-1.png","width":998,"height":397,"caption":"Le Blog de No\u00e9mie"},"image":{"@id":"https:\/\/www.procoiffure.com\/blog\/#\/schema\/logo\/image\/"}},{"@type":"Person","@id":"https:\/\/www.procoiffure.com\/blog\/#\/schema\/person\/1737ca6207ae0dec18ceab1195f285c8","name":"Elodie Soulier","image":{"@type":"ImageObject","inLanguage":"fr-FR","@id":"https:\/\/secure.gravatar.com\/avatar\/1d7d61bb3f84fbe0ce04787c39b28f1c9e04603618601bee9eaed59905cd11ef?s=96&d=color&r=g","url":"https:\/\/secure.gravatar.com\/avatar\/1d7d61bb3f84fbe0ce04787c39b28f1c9e04603618601bee9eaed59905cd11ef?s=96&d=color&r=g","contentUrl":"https:\/\/secure.gravatar.com\/avatar\/1d7d61bb3f84fbe0ce04787c39b28f1c9e04603618601bee9eaed59905cd11ef?s=96&d=color&r=g","caption":"Elodie Soulier"},"url":"https:\/\/www.procoiffure.com\/blog\/author\/elodie-soul\/"}]}},"jetpack_featured_media_url":"https:\/\/www.procoiffure.com\/blog\/wp-content\/uploads\/2026\/01\/14.png","jetpack_sharing_enabled":true,"_links":{"self":[{"href":"https:\/\/www.procoiffure.com\/blog\/wp-json\/wp\/v2\/posts\/5009","targetHints":{"allow":["GET"]}}],"collection":[{"href":"https:\/\/www.procoiffure.com\/blog\/wp-json\/wp\/v2\/posts"}],"about":[{"href":"https:\/\/www.procoiffure.com\/blog\/wp-json\/wp\/v2\/types\/post"}],"author":[{"embeddable":true,"href":"https:\/\/www.procoiffure.com\/blog\/wp-json\/wp\/v2\/users\/4"}],"replies":[{"embeddable":true,"href":"https:\/\/www.procoiffure.com\/blog\/wp-json\/wp\/v2\/comments?post=5009"}],"version-history":[{"count":4,"href":"https:\/\/www.procoiffure.com\/blog\/wp-json\/wp\/v2\/posts\/5009\/revisions"}],"predecessor-version":[{"id":5016,"href":"https:\/\/www.procoiffure.com\/blog\/wp-json\/wp\/v2\/posts\/5009\/revisions\/5016"}],"wp:featuredmedia":[{"embeddable":true,"href":"https:\/\/www.procoiffure.com\/blog\/wp-json\/wp\/v2\/media\/5348"}],"wp:attachment":[{"href":"https:\/\/www.procoiffure.com\/blog\/wp-json\/wp\/v2\/media?parent=5009"}],"wp:term":[{"taxonomy":"category","embeddable":true,"href":"https:\/\/www.procoiffure.com\/blog\/wp-json\/wp\/v2\/categories?post=5009"},{"taxonomy":"post_tag","embeddable":true,"href":"https:\/\/www.procoiffure.com\/blog\/wp-json\/wp\/v2\/tags?post=5009"}],"curies":[{"name":"wp","href":"https:\/\/api.w.org\/{rel}","templated":true}]}}