{"id":4999,"date":"2026-01-21T10:44:59","date_gmt":"2026-01-21T09:44:59","guid":{"rendered":"https:\/\/www.procoiffure.com\/blog\/?p=4999"},"modified":"2026-03-23T15:37:06","modified_gmt":"2026-03-23T14:37:06","slug":"conseils-anti-chute-homme","status":"publish","type":"post","link":"https:\/\/www.procoiffure.com\/blog\/conseils-anti-chute-homme\/","title":{"rendered":"Perte de Cheveux : \nTraitements et conseils anti-chute efficaces"},"content":{"rendered":"\n<p class=\"has-text-align-center\">La chute de cheveux est l\u2019un des sujets les plus fr\u00e9quents chez l\u2019homme. Elle peut \u00eatre passag\u00e8re (stress, fatigue, saison) ou s\u2019installer progressivement, notamment sous l\u2019effet de facteurs hormonaux et g\u00e9n\u00e9tiques. La bonne nouvelle, c\u2019est qu\u2019une routine bien pens\u00e9e permet d\u2019agir \u00e0 plusieurs niveaux : cuir chevelu, racines et fibre, avec un double objectif : freiner la chute et favoriser une chevelure plus dense, plus r\u00e9sistante.<\/p>\n\n\n\n<hr class=\"wp-block-separator has-alpha-channel-opacity\"\/>\n\n\n\n<h2 class=\"wp-block-heading\">1) Comprendre la chute pour mieux agir<\/h2>\n\n\n\n<p>Avant de choisir un traitement, il est utile de distinguer deux situations courantes :<\/p>\n\n\n\n<p><strong>Chute ponctuelle<\/strong><br>Souvent li\u00e9e au stress, \u00e0 un manque de sommeil, \u00e0 un rythme de vie intense ou aux changements de saison. Elle peut \u00eatre impressionnante, mais reste g\u00e9n\u00e9ralement r\u00e9versible avec une routine r\u00e9guli\u00e8re.<\/p>\n\n\n\n<p><strong>Chute progressive<\/strong><br>Plus lente, elle s\u2019accompagne souvent d\u2019un affinage du cheveu et d\u2019une perte de densit\u00e9 au niveau des tempes et du sommet du cr\u00e2ne. Dans ce cas, la constance et la r\u00e9gularit\u00e9 deviennent d\u00e9terminantes.<\/p>\n\n\n\n<p>Dans les deux cas, l\u2019\u00e9tat du cuir chevelu joue un r\u00f4le central : <strong>un cuir chevelu trop gras, irrit\u00e9 ou mal oxyg\u00e9n\u00e9 ralentit la pousse et fragilise l\u2019ancrage du cheveu.<\/strong><\/p>\n\n\n\n<hr class=\"wp-block-separator has-alpha-channel-opacity\"\/>\n\n\n\n<h2 class=\"wp-block-heading\">2) La routine antichute id\u00e9ale en 3 \u00e9tapes<\/h2>\n\n\n\n<p>Une routine efficace repose sur trois axes compl\u00e9mentaires :<\/p>\n\n\n\n<h3 class=\"wp-block-heading\">\u00c9tape 1 : Nettoyer et stimuler (shampooing)<\/h3>\n\n\n\n<p>Le shampooing pr\u00e9pare le cuir chevelu et active la microcirculation. L\u2019objectif n\u2019est pas seulement de \u201claver\u201d, mais de cr\u00e9er un environnement favorable \u00e0 la repousse.<\/p>\n\n\n\n<p><strong>Produit recommand\u00e9 : Traitement \u00c9nergisant Chute de Cheveux N\u00b0205 Depot<\/strong><br>\u2192 Stimule la racine gr\u00e2ce \u00e0 la caf\u00e9ine et aux extraits botaniques. Utilisation en massage circulaire sur cuir chevelu humide.<\/p>\n\n\n\n<div class=\"wp-block-group is-nowrap is-layout-flex wp-container-core-group-is-layout-6c531013 wp-block-group-is-layout-flex\">\n<figure class=\"wp-block-image size-full is-resized\"><img fetchpriority=\"high\" decoding=\"async\" width=\"205\" height=\"256\" src=\"https:\/\/www.procoiffure.com\/blog\/wp-content\/uploads\/2025\/10\/image-18.png\" alt=\"\" class=\"wp-image-4407\" style=\"width:90px\"\/><\/figure>\n\n\n\n<p><a href=\"https:\/\/www.procoiffure.com\/traitement-energisant-chute-de-cheveux-n205-depot-100ml\">Traitement \u00c9nergisant Chute de Cheveux N\u00b0205 Depot<\/a><\/p>\n<\/div>\n\n\n\n<p><strong><strong>Produit recommand\u00e9<\/strong><\/strong> <strong>: Shampoing Antichute au sandalore\u2122 Nioxin 240ml<\/strong><br>\u2192 Test\u00e9 cliniquement et dermatologiquement ce shampooing renforce les cheveux d\u00e8s la racine<\/p>\n\n\n\n<div class=\"wp-block-group is-nowrap is-layout-flex wp-container-core-group-is-layout-6c531013 wp-block-group-is-layout-flex\">\n<figure class=\"wp-block-image size-full is-resized\"><img decoding=\"async\" width=\"242\" height=\"425\" src=\"https:\/\/www.procoiffure.com\/blog\/wp-content\/uploads\/2026\/01\/Capture-decran-2026-01-21-103141.png\" alt=\"\" class=\"wp-image-5001\" style=\"aspect-ratio:0.5694471704285247;width:77px;height:auto\" srcset=\"https:\/\/www.procoiffure.com\/blog\/wp-content\/uploads\/2026\/01\/Capture-decran-2026-01-21-103141.png 242w, https:\/\/www.procoiffure.com\/blog\/wp-content\/uploads\/2026\/01\/Capture-decran-2026-01-21-103141-171x300.png 171w\" sizes=\"(max-width: 242px) 100vw, 242px\" \/><\/figure>\n\n\n\n<p><a href=\"https:\/\/www.procoiffure.com\/kit-invigorating-anti-chute\">Shampoing Antichute au sandalore\u2122 Nioxin 240ml<\/a><\/p>\n<\/div>\n\n\n\n<h3 class=\"wp-block-heading\">\u00c9tape 2 : Renforcer l\u2019ancrage (lotion, s\u00e9rum ou ampoules)<\/h3>\n\n\n\n<p>C\u2019est l\u2019\u00e9tape la plus \u201ctraitante\u201d. On cherche ici \u00e0 renforcer le bulbe, limiter la chute et soutenir la densit\u00e9.<\/p>\n\n\n\n<p><strong>Produit recommand\u00e9 : Ampoules Anti-Chute Aminexil Advanced<\/strong><\/p>\n\n\n\n<p>\u2192 Aide \u00e0 renforcer la fixation du cheveu et \u00e0 r\u00e9duire la chute de mani\u00e8re visible.<\/p>\n\n\n\n<div class=\"wp-block-group is-nowrap is-layout-flex wp-container-core-group-is-layout-6c531013 wp-block-group-is-layout-flex\">\n<figure class=\"wp-block-image size-full is-resized\"><img decoding=\"async\" width=\"417\" height=\"194\" src=\"https:\/\/www.procoiffure.com\/blog\/wp-content\/uploads\/2025\/10\/image-21.png\" alt=\"\" class=\"wp-image-4410\" style=\"aspect-ratio:2.149847940282002;width:172px;height:auto\" srcset=\"https:\/\/www.procoiffure.com\/blog\/wp-content\/uploads\/2025\/10\/image-21.png 417w, https:\/\/www.procoiffure.com\/blog\/wp-content\/uploads\/2025\/10\/image-21-300x140.png 300w\" sizes=\"(max-width: 417px) 100vw, 417px\" \/><\/figure>\n\n\n\n<p><a href=\"https:\/\/www.procoiffure.com\/ampoule-anti-chute-aminexil-advanced-serie-expert-10x6ml\">Ampoules Anti-Chute Aminexil Advanced<\/a><\/p>\n<\/div>\n\n\n\n<p><strong>Produit recommand\u00e9 : S\u00e9rum Densifiant Serioxyl Advanced<\/strong><br>\u2192 Cibl\u00e9 sur le manque de densit\u00e9 : apporte plus de mati\u00e8re, stimule la croissance et donne un aspect plus volumineux.<\/p>\n\n\n\n<div class=\"wp-block-group is-nowrap is-layout-flex wp-container-core-group-is-layout-6c531013 wp-block-group-is-layout-flex\">\n<figure class=\"wp-block-image size-full is-resized\"><img loading=\"lazy\" decoding=\"async\" width=\"133\" height=\"376\" src=\"https:\/\/www.procoiffure.com\/blog\/wp-content\/uploads\/2025\/10\/image-20.png\" alt=\"\" class=\"wp-image-4409\" style=\"width:40px;height:auto\" srcset=\"https:\/\/www.procoiffure.com\/blog\/wp-content\/uploads\/2025\/10\/image-20.png 133w, https:\/\/www.procoiffure.com\/blog\/wp-content\/uploads\/2025\/10\/image-20-106x300.png 106w\" sizes=\"(max-width: 133px) 100vw, 133px\" \/><\/figure>\n\n\n\n<p> <a href=\"https:\/\/www.procoiffure.com\/serum-densifiant-serioxyl-advanced-serie-expert-90ml\">S\u00e9rum Densifiant Serioxyl Advanced<\/a><\/p>\n<\/div>\n\n\n\n<p><strong>Produit recommand\u00e9 : S\u00e9rum Anti-Chute Balance Invigo<\/strong><br>\u2192 Revitalise le cuir chevelu avec caf\u00e9ine et vitamines, am\u00e9liore la r\u00e9sistance globale de la fibre.<\/p>\n\n\n\n<div class=\"wp-block-group is-nowrap is-layout-flex wp-container-core-group-is-layout-6c531013 wp-block-group-is-layout-flex\">\n<figure class=\"wp-block-image size-full is-resized\"><img loading=\"lazy\" decoding=\"async\" width=\"302\" height=\"207\" src=\"https:\/\/www.procoiffure.com\/blog\/wp-content\/uploads\/2025\/10\/image-22.png\" alt=\"\" class=\"wp-image-4411\" style=\"aspect-ratio:1.4590038314176246;width:154px;height:auto\" srcset=\"https:\/\/www.procoiffure.com\/blog\/wp-content\/uploads\/2025\/10\/image-22.png 302w, https:\/\/www.procoiffure.com\/blog\/wp-content\/uploads\/2025\/10\/image-22-300x206.png 300w\" sizes=\"(max-width: 302px) 100vw, 302px\" \/><\/figure>\n\n\n\n<p><a href=\"https:\/\/www.procoiffure.com\/serum-anti-chute-balance-invigo-8x6ml\">S\u00e9rum Anti-Chute Balance Invigo<\/a><\/p>\n<\/div>\n\n\n\n<h3 class=\"wp-block-heading\">\u00c9tape 3 : Nourrir de l\u2019int\u00e9rieur (compl\u00e9ments)<\/h3>\n\n\n\n<p>Quand la chute est li\u00e9e \u00e0 la fatigue ou aux carences, l\u2019approche interne fait une vraie diff\u00e9rence. Une cure de plusieurs semaines soutient le cycle de croissance.<\/p>\n\n\n\n<p><strong>Produit recommand\u00e9 : Love Gummies Vitamines Cheveux Myriam K<\/strong><br>\u2192 Biotine, zinc, vitamines B : renforcement interne et soutien de la repousse.<\/p>\n\n\n\n<div class=\"wp-block-group is-nowrap is-layout-flex wp-container-core-group-is-layout-6c531013 wp-block-group-is-layout-flex\">\n<figure class=\"wp-block-image size-full is-resized\"><img loading=\"lazy\" decoding=\"async\" width=\"309\" height=\"405\" src=\"https:\/\/www.procoiffure.com\/blog\/wp-content\/uploads\/2025\/10\/image-23.png\" alt=\"\" class=\"wp-image-4412\" style=\"width:82px;height:auto\" srcset=\"https:\/\/www.procoiffure.com\/blog\/wp-content\/uploads\/2025\/10\/image-23.png 309w, https:\/\/www.procoiffure.com\/blog\/wp-content\/uploads\/2025\/10\/image-23-229x300.png 229w\" sizes=\"(max-width: 309px) 100vw, 309px\" \/><\/figure>\n\n\n\n<p><a href=\"https:\/\/www.procoiffure.com\/love-gummies-vitamines-cheveux-myriam-k-boite-de-60\">Love Gummies Vitamines Cheveux Myriam K<\/a><\/p>\n<\/div>\n\n\n\n<p><strong>En compl\u00e9ment : S\u00e9rum Pousse Cheveux Scalp Myriam K<\/strong><br>\u2192 Application locale pour stimuler la repousse et densifier, en synergie avec une cure vitamin\u00e9e.<\/p>\n\n\n\n<div class=\"wp-block-group is-nowrap is-layout-flex wp-container-core-group-is-layout-6c531013 wp-block-group-is-layout-flex\">\n<figure class=\"wp-block-image size-full is-resized\"><img loading=\"lazy\" decoding=\"async\" width=\"166\" height=\"336\" src=\"https:\/\/www.procoiffure.com\/blog\/wp-content\/uploads\/2025\/10\/image-24.png\" alt=\"\" class=\"wp-image-4413\" style=\"width:65px;height:auto\" srcset=\"https:\/\/www.procoiffure.com\/blog\/wp-content\/uploads\/2025\/10\/image-24.png 166w, https:\/\/www.procoiffure.com\/blog\/wp-content\/uploads\/2025\/10\/image-24-148x300.png 148w\" sizes=\"(max-width: 166px) 100vw, 166px\" \/><\/figure>\n\n\n\n<p><a href=\"https:\/\/www.procoiffure.com\/serum-pousse-cheveux-scalp-myriam-k-140ml\">S\u00e9rum Pousse Cheveux Scalp Myriam K<\/a><\/p>\n<\/div>\n\n\n\n<hr class=\"wp-block-separator has-alpha-channel-opacity\"\/>\n\n\n\n<h2 class=\"wp-block-heading\">3) Le cuir chevelu : la base souvent sous-estim\u00e9e<\/h2>\n\n\n\n<p>On l\u2019oublie facilement, mais un cuir chevelu sain conditionne tout le reste. Une routine antichute gagne en efficacit\u00e9 si le cuir chevelu est purifi\u00e9, \u00e9quilibr\u00e9 et bien oxyg\u00e9n\u00e9.<\/p>\n\n\n\n<p><strong>Produit recommand\u00e9 : Shampooing Tonifiant S3 Men Stories<\/strong><br>\u2192 Tonifie, stimule et aide \u00e0 maintenir un cuir chevelu plus r\u00e9actif, avec une sensation de vitalit\u00e9 d\u00e8s les premiers usages.<\/p>\n\n\n\n<div class=\"wp-block-group is-nowrap is-layout-flex wp-container-core-group-is-layout-6c531013 wp-block-group-is-layout-flex\">\n<figure class=\"wp-block-image size-full is-resized\"><img loading=\"lazy\" decoding=\"async\" width=\"122\" height=\"284\" src=\"https:\/\/www.procoiffure.com\/blog\/wp-content\/uploads\/2025\/10\/image-39.png\" alt=\"\" class=\"wp-image-4433\" style=\"width:65px;height:auto\"\/><\/figure>\n\n\n\n<p><a href=\"https:\/\/www.procoiffure.com\/shampoing-tonifiant-s3-men-stories-250ml\">Shampooing Tonifiant S3 Men Stories <\/a><\/p>\n<\/div>\n\n\n\n<p><strong>Produit recommand\u00e9 : Lotion Spray D\u00e9toxifiante N\u00b0208 Depot<\/strong><br>\u2192 Purifie, rafra\u00eechit et lib\u00e8re les racines pour am\u00e9liorer la p\u00e9n\u00e9tration des soins.<\/p>\n\n\n\n<div class=\"wp-block-group is-nowrap is-layout-flex wp-container-core-group-is-layout-6c531013 wp-block-group-is-layout-flex\">\n<figure class=\"wp-block-image size-full is-resized\"><img loading=\"lazy\" decoding=\"async\" width=\"136\" height=\"332\" src=\"https:\/\/www.procoiffure.com\/blog\/wp-content\/uploads\/2025\/10\/image-25.png\" alt=\"\" class=\"wp-image-4414\" style=\"width:65px;height:auto\" srcset=\"https:\/\/www.procoiffure.com\/blog\/wp-content\/uploads\/2025\/10\/image-25.png 136w, https:\/\/www.procoiffure.com\/blog\/wp-content\/uploads\/2025\/10\/image-25-123x300.png 123w\" sizes=\"(max-width: 136px) 100vw, 136px\" \/><\/figure>\n\n\n\n<p><a href=\"https:\/\/www.procoiffure.com\/lotion-spray-detoxifiante-n208-depot-100ml\">Lotion Spray D\u00e9toxifiante N\u00b0208 Depot<\/a><\/p>\n<\/div>\n\n\n\n<p><strong>Produit recommand\u00e9 : Huile Traitement Capillaire N\u00b0204 Depot<\/strong><br>\u2192 Nourrit et assouplit ; id\u00e9ale en massage pour soutenir la microcirculation.<\/p>\n\n\n\n<div class=\"wp-block-group is-nowrap is-layout-flex wp-container-core-group-is-layout-6c531013 wp-block-group-is-layout-flex\">\n<figure class=\"wp-block-image size-full is-resized\"><img loading=\"lazy\" decoding=\"async\" width=\"151\" height=\"209\" src=\"https:\/\/www.procoiffure.com\/blog\/wp-content\/uploads\/2025\/10\/image-26.png\" alt=\"\" class=\"wp-image-4415\" style=\"width:90px\"\/><\/figure>\n\n\n\n<p><a href=\"https:\/\/www.procoiffure.com\/n204-huile-traitement-capillaire-30-ml\">Huile Traitement Capillaire N\u00b0204 Depot<\/a><\/p>\n<\/div>\n\n\n\n<p><strong>Option \u201cprogramme\u201d : Nioxin Kit System N\u00b01<\/strong><br>\u2192 Routine professionnelle compl\u00e8te, particuli\u00e8rement adapt\u00e9e aux cheveux normaux \u00e0 fins.<\/p>\n\n\n\n<div class=\"wp-block-group is-nowrap is-layout-flex wp-container-core-group-is-layout-6c531013 wp-block-group-is-layout-flex\">\n<figure class=\"wp-block-image size-full is-resized\"><img loading=\"lazy\" decoding=\"async\" width=\"319\" height=\"258\" src=\"https:\/\/www.procoiffure.com\/blog\/wp-content\/uploads\/2025\/10\/image-27.png\" alt=\"\" class=\"wp-image-4416\" style=\"aspect-ratio:1.2365409866816732;width:155px;height:auto\" srcset=\"https:\/\/www.procoiffure.com\/blog\/wp-content\/uploads\/2025\/10\/image-27.png 319w, https:\/\/www.procoiffure.com\/blog\/wp-content\/uploads\/2025\/10\/image-27-300x243.png 300w\" sizes=\"(max-width: 319px) 100vw, 319px\" \/><\/figure>\n\n\n\n<p><a href=\"https:\/\/www.procoiffure.com\/nioxin-kit-system-n1\">Nioxin Kit System N\u00b01<\/a><\/p>\n<\/div>\n\n\n\n<hr class=\"wp-block-separator has-alpha-channel-opacity\"\/>\n\n\n\n<h2 class=\"wp-block-heading\">4) Les bons gestes qui font la diff\u00e9rence<\/h2>\n\n\n\n<p>Sans alourdir la routine, quelques habitudes am\u00e9liorent nettement les r\u00e9sultats :<\/p>\n\n\n\n<ul class=\"wp-block-list\">\n<li><strong>Masser le cuir chevelu<\/strong> 1 \u00e0 2 minutes \u00e0 chaque application de soin : la microcirculation est un levier cl\u00e9.<\/li>\n\n\n\n<li><strong>\u00catre r\u00e9gulier<\/strong> : une cure antichute s\u2019\u00e9value sur plusieurs semaines, pas en quelques jours.<\/li>\n\n\n\n<li><strong>\u00c9viter l\u2019exc\u00e8s de produits coiffants<\/strong> au niveau des racines, surtout si le cuir chevelu est gras ou sensible.<\/li>\n\n\n\n<li><strong>Soigner l\u2019hygi\u00e8ne de vie<\/strong> (sommeil, stress, alimentation) : souvent, c\u2019est le \u201cfacteur d\u00e9clencheur\u201d invisible.<\/li>\n<\/ul>\n\n\n\n<hr class=\"wp-block-separator has-alpha-channel-opacity\"\/>\n\n\n\n<h2 class=\"wp-block-heading\">5) Quelle strat\u00e9gie choisir selon votre besoin<\/h2>\n\n\n\n<p><strong>Si la chute est r\u00e9cente et diffuse<\/strong><br>\u2192 Shampooing stimulant + lotion\/s\u00e9rum + cure vitamin\u00e9e.<\/p>\n\n\n\n<p><strong>Si les cheveux s\u2019affinent et manquent de densit\u00e9<\/strong><br>\u2192 S\u00e9rum densifiant + programme r\u00e9gulier (type coffret) + entretien du cuir chevelu.<\/p>\n\n\n\n<p><strong>Si le cuir chevelu est gras, irrit\u00e9 ou inconfortable<\/strong><br>\u2192 D\u00e9tox cuir chevelu (lotion) + shampooing tonifiant + soin cibl\u00e9 antichute.<\/p>\n\n\n\n<hr class=\"wp-block-separator has-alpha-channel-opacity\"\/>\n\n\n\n<p class=\"has-text-align-center\">Une routine antichute efficace chez l\u2019homme combine g\u00e9n\u00e9ralement trois \u00e9l\u00e9ments : <strong>un cuir chevelu sain, un traitement cibl\u00e9 sur la racine et un soutien interne lorsque n\u00e9cessaire. <\/strong><\/p>\n\n\n\n<p class=\"has-text-align-center\">Avec de la r\u00e9gularit\u00e9 et des produits adapt\u00e9s, il est possible de freiner la chute, d\u2019am\u00e9liorer la densit\u00e9 et de retrouver une chevelure plus forte, plus r\u00e9sistante et plus vivante.<\/p>\n","protected":false},"excerpt":{"rendered":"<p>La chute de cheveux est l\u2019un des sujets les plus fr\u00e9quents chez l\u2019homme. Elle peut \u00eatre passag\u00e8re (stress, fatigue, saison) ou s\u2019installer progressivement, notamment sous l\u2019effet de facteurs hormonaux et g\u00e9n\u00e9tiques. La bonne nouvelle, c\u2019est qu\u2019une routine bien pens\u00e9e permet d\u2019agir \u00e0 plusieurs niveaux : cuir chevelu, racines et fibre, avec un double objectif : [&hellip;]<\/p>\n","protected":false},"author":4,"featured_media":5349,"comment_status":"open","ping_status":"open","sticky":false,"template":"","format":"standard","meta":{"_jetpack_memberships_contains_paid_content":false,"footnotes":""},"categories":[5,17],"tags":[],"class_list":["post-4999","post","type-post","status-publish","format-standard","has-post-thumbnail","hentry","category-coiffure","category-conseils"],"yoast_head":"<!-- This site is optimized with the Yoast SEO plugin v27.2 - https:\/\/yoast.com\/product\/yoast-seo-wordpress\/ -->\n<title>Anti-chute chez l&#039;homme : Traitements et conseils efficaces<\/title>\n<meta name=\"description\" content=\"Chute de cheveux chez l\u2019homme : causes, traitements et conseils pour ralentir la perte, renforcer la fibre et stimuler la repousse.\" \/>\n<meta name=\"robots\" content=\"index, follow, max-snippet:-1, max-image-preview:large, max-video-preview:-1\" \/>\n<link rel=\"canonical\" href=\"https:\/\/www.procoiffure.com\/blog\/conseils-anti-chute-homme\/\" \/>\n<meta property=\"og:locale\" content=\"fr_FR\" \/>\n<meta property=\"og:type\" content=\"article\" \/>\n<meta property=\"og:title\" content=\"Anti-chute chez l&#039;homme : Traitements et conseils efficaces\" \/>\n<meta property=\"og:description\" content=\"Chute de cheveux chez l\u2019homme : causes, traitements et conseils pour ralentir la perte, renforcer la fibre et stimuler la repousse.\" \/>\n<meta property=\"og:url\" content=\"https:\/\/www.procoiffure.com\/blog\/conseils-anti-chute-homme\/\" \/>\n<meta property=\"og:site_name\" content=\"L&#039;actu beaut\u00e9 | Pro Coiffure Esht\u00e9tique\" \/>\n<meta property=\"article:published_time\" content=\"2026-01-21T09:44:59+00:00\" \/>\n<meta property=\"article:modified_time\" content=\"2026-03-23T14:37:06+00:00\" \/>\n<meta property=\"og:image\" content=\"https:\/\/www.procoiffure.com\/blog\/wp-content\/uploads\/2026\/01\/12.png\" \/>\n\t<meta property=\"og:image:width\" content=\"1080\" \/>\n\t<meta property=\"og:image:height\" content=\"1080\" \/>\n\t<meta property=\"og:image:type\" content=\"image\/png\" \/>\n<meta name=\"author\" content=\"Elodie Soulier\" \/>\n<meta name=\"twitter:card\" content=\"summary_large_image\" \/>\n<meta name=\"twitter:label1\" content=\"\u00c9crit par\" \/>\n\t<meta name=\"twitter:data1\" content=\"Elodie Soulier\" \/>\n\t<meta name=\"twitter:label2\" content=\"Dur\u00e9e de lecture estim\u00e9e\" \/>\n\t<meta name=\"twitter:data2\" content=\"7 minutes\" \/>\n<script type=\"application\/ld+json\" class=\"yoast-schema-graph\">{\"@context\":\"https:\/\/schema.org\",\"@graph\":[{\"@type\":\"Article\",\"@id\":\"https:\/\/www.procoiffure.com\/blog\/conseils-anti-chute-homme\/#article\",\"isPartOf\":{\"@id\":\"https:\/\/www.procoiffure.com\/blog\/conseils-anti-chute-homme\/\"},\"author\":{\"name\":\"Elodie Soulier\",\"@id\":\"https:\/\/www.procoiffure.com\/blog\/#\/schema\/person\/1737ca6207ae0dec18ceab1195f285c8\"},\"headline\":\"Perte de Cheveux : Traitements et conseils anti-chute efficaces\",\"datePublished\":\"2026-01-21T09:44:59+00:00\",\"dateModified\":\"2026-03-23T14:37:06+00:00\",\"mainEntityOfPage\":{\"@id\":\"https:\/\/www.procoiffure.com\/blog\/conseils-anti-chute-homme\/\"},\"wordCount\":900,\"commentCount\":0,\"publisher\":{\"@id\":\"https:\/\/www.procoiffure.com\/blog\/#organization\"},\"image\":{\"@id\":\"https:\/\/www.procoiffure.com\/blog\/conseils-anti-chute-homme\/#primaryimage\"},\"thumbnailUrl\":\"https:\/\/www.procoiffure.com\/blog\/wp-content\/uploads\/2026\/01\/12.png\",\"articleSection\":[\"Coiffure\",\"Conseils\"],\"inLanguage\":\"fr-FR\",\"potentialAction\":[{\"@type\":\"CommentAction\",\"name\":\"Comment\",\"target\":[\"https:\/\/www.procoiffure.com\/blog\/conseils-anti-chute-homme\/#respond\"]}]},{\"@type\":\"WebPage\",\"@id\":\"https:\/\/www.procoiffure.com\/blog\/conseils-anti-chute-homme\/\",\"url\":\"https:\/\/www.procoiffure.com\/blog\/conseils-anti-chute-homme\/\",\"name\":\"Anti-chute chez l'homme : Traitements et conseils efficaces\",\"isPartOf\":{\"@id\":\"https:\/\/www.procoiffure.com\/blog\/#website\"},\"primaryImageOfPage\":{\"@id\":\"https:\/\/www.procoiffure.com\/blog\/conseils-anti-chute-homme\/#primaryimage\"},\"image\":{\"@id\":\"https:\/\/www.procoiffure.com\/blog\/conseils-anti-chute-homme\/#primaryimage\"},\"thumbnailUrl\":\"https:\/\/www.procoiffure.com\/blog\/wp-content\/uploads\/2026\/01\/12.png\",\"datePublished\":\"2026-01-21T09:44:59+00:00\",\"dateModified\":\"2026-03-23T14:37:06+00:00\",\"description\":\"Chute de cheveux chez l\u2019homme : causes, traitements et conseils pour ralentir la perte, renforcer la fibre et stimuler la repousse.\",\"breadcrumb\":{\"@id\":\"https:\/\/www.procoiffure.com\/blog\/conseils-anti-chute-homme\/#breadcrumb\"},\"inLanguage\":\"fr-FR\",\"potentialAction\":[{\"@type\":\"ReadAction\",\"target\":[\"https:\/\/www.procoiffure.com\/blog\/conseils-anti-chute-homme\/\"]}]},{\"@type\":\"ImageObject\",\"inLanguage\":\"fr-FR\",\"@id\":\"https:\/\/www.procoiffure.com\/blog\/conseils-anti-chute-homme\/#primaryimage\",\"url\":\"https:\/\/www.procoiffure.com\/blog\/wp-content\/uploads\/2026\/01\/12.png\",\"contentUrl\":\"https:\/\/www.procoiffure.com\/blog\/wp-content\/uploads\/2026\/01\/12.png\",\"width\":1080,\"height\":1080},{\"@type\":\"BreadcrumbList\",\"@id\":\"https:\/\/www.procoiffure.com\/blog\/conseils-anti-chute-homme\/#breadcrumb\",\"itemListElement\":[{\"@type\":\"ListItem\",\"position\":1,\"name\":\"Accueil\",\"item\":\"https:\/\/www.procoiffure.com\/blog\/\"},{\"@type\":\"ListItem\",\"position\":2,\"name\":\"Perte de Cheveux : Traitements et conseils anti-chute efficaces\"}]},{\"@type\":\"WebSite\",\"@id\":\"https:\/\/www.procoiffure.com\/blog\/#website\",\"url\":\"https:\/\/www.procoiffure.com\/blog\/\",\"name\":\"L'actu beaut\u00e9 | Pro Coiffure Esth\u00e9tique\",\"description\":\"\",\"publisher\":{\"@id\":\"https:\/\/www.procoiffure.com\/blog\/#organization\"},\"potentialAction\":[{\"@type\":\"SearchAction\",\"target\":{\"@type\":\"EntryPoint\",\"urlTemplate\":\"https:\/\/www.procoiffure.com\/blog\/?s={search_term_string}\"},\"query-input\":{\"@type\":\"PropertyValueSpecification\",\"valueRequired\":true,\"valueName\":\"search_term_string\"}}],\"inLanguage\":\"fr-FR\"},{\"@type\":\"Organization\",\"@id\":\"https:\/\/www.procoiffure.com\/blog\/#organization\",\"name\":\"Le Blog de No\u00e9mie\",\"url\":\"https:\/\/www.procoiffure.com\/blog\/\",\"logo\":{\"@type\":\"ImageObject\",\"inLanguage\":\"fr-FR\",\"@id\":\"https:\/\/www.procoiffure.com\/blog\/#\/schema\/logo\/image\/\",\"url\":\"https:\/\/www.procoiffure.com\/blog\/wp-content\/uploads\/2025\/03\/LOGO-BLOG-1.png\",\"contentUrl\":\"https:\/\/www.procoiffure.com\/blog\/wp-content\/uploads\/2025\/03\/LOGO-BLOG-1.png\",\"width\":998,\"height\":397,\"caption\":\"Le Blog de No\u00e9mie\"},\"image\":{\"@id\":\"https:\/\/www.procoiffure.com\/blog\/#\/schema\/logo\/image\/\"}},{\"@type\":\"Person\",\"@id\":\"https:\/\/www.procoiffure.com\/blog\/#\/schema\/person\/1737ca6207ae0dec18ceab1195f285c8\",\"name\":\"Elodie Soulier\",\"image\":{\"@type\":\"ImageObject\",\"inLanguage\":\"fr-FR\",\"@id\":\"https:\/\/secure.gravatar.com\/avatar\/1d7d61bb3f84fbe0ce04787c39b28f1c9e04603618601bee9eaed59905cd11ef?s=96&d=color&r=g\",\"url\":\"https:\/\/secure.gravatar.com\/avatar\/1d7d61bb3f84fbe0ce04787c39b28f1c9e04603618601bee9eaed59905cd11ef?s=96&d=color&r=g\",\"contentUrl\":\"https:\/\/secure.gravatar.com\/avatar\/1d7d61bb3f84fbe0ce04787c39b28f1c9e04603618601bee9eaed59905cd11ef?s=96&d=color&r=g\",\"caption\":\"Elodie Soulier\"},\"url\":\"https:\/\/www.procoiffure.com\/blog\/author\/elodie-soul\/\"}]}<\/script>\n<!-- \/ Yoast SEO plugin. -->","yoast_head_json":{"title":"Anti-chute chez l'homme : Traitements et conseils efficaces","description":"Chute de cheveux chez l\u2019homme : causes, traitements et conseils pour ralentir la perte, renforcer la fibre et stimuler la repousse.","robots":{"index":"index","follow":"follow","max-snippet":"max-snippet:-1","max-image-preview":"max-image-preview:large","max-video-preview":"max-video-preview:-1"},"canonical":"https:\/\/www.procoiffure.com\/blog\/conseils-anti-chute-homme\/","og_locale":"fr_FR","og_type":"article","og_title":"Anti-chute chez l'homme : Traitements et conseils efficaces","og_description":"Chute de cheveux chez l\u2019homme : causes, traitements et conseils pour ralentir la perte, renforcer la fibre et stimuler la repousse.","og_url":"https:\/\/www.procoiffure.com\/blog\/conseils-anti-chute-homme\/","og_site_name":"L&#039;actu beaut\u00e9 | Pro Coiffure Esht\u00e9tique","article_published_time":"2026-01-21T09:44:59+00:00","article_modified_time":"2026-03-23T14:37:06+00:00","og_image":[{"width":1080,"height":1080,"url":"https:\/\/www.procoiffure.com\/blog\/wp-content\/uploads\/2026\/01\/12.png","type":"image\/png"}],"author":"Elodie Soulier","twitter_card":"summary_large_image","twitter_misc":{"\u00c9crit par":"Elodie Soulier","Dur\u00e9e de lecture estim\u00e9e":"7 minutes"},"schema":{"@context":"https:\/\/schema.org","@graph":[{"@type":"Article","@id":"https:\/\/www.procoiffure.com\/blog\/conseils-anti-chute-homme\/#article","isPartOf":{"@id":"https:\/\/www.procoiffure.com\/blog\/conseils-anti-chute-homme\/"},"author":{"name":"Elodie Soulier","@id":"https:\/\/www.procoiffure.com\/blog\/#\/schema\/person\/1737ca6207ae0dec18ceab1195f285c8"},"headline":"Perte de Cheveux : Traitements et conseils anti-chute efficaces","datePublished":"2026-01-21T09:44:59+00:00","dateModified":"2026-03-23T14:37:06+00:00","mainEntityOfPage":{"@id":"https:\/\/www.procoiffure.com\/blog\/conseils-anti-chute-homme\/"},"wordCount":900,"commentCount":0,"publisher":{"@id":"https:\/\/www.procoiffure.com\/blog\/#organization"},"image":{"@id":"https:\/\/www.procoiffure.com\/blog\/conseils-anti-chute-homme\/#primaryimage"},"thumbnailUrl":"https:\/\/www.procoiffure.com\/blog\/wp-content\/uploads\/2026\/01\/12.png","articleSection":["Coiffure","Conseils"],"inLanguage":"fr-FR","potentialAction":[{"@type":"CommentAction","name":"Comment","target":["https:\/\/www.procoiffure.com\/blog\/conseils-anti-chute-homme\/#respond"]}]},{"@type":"WebPage","@id":"https:\/\/www.procoiffure.com\/blog\/conseils-anti-chute-homme\/","url":"https:\/\/www.procoiffure.com\/blog\/conseils-anti-chute-homme\/","name":"Anti-chute chez l'homme : Traitements et conseils efficaces","isPartOf":{"@id":"https:\/\/www.procoiffure.com\/blog\/#website"},"primaryImageOfPage":{"@id":"https:\/\/www.procoiffure.com\/blog\/conseils-anti-chute-homme\/#primaryimage"},"image":{"@id":"https:\/\/www.procoiffure.com\/blog\/conseils-anti-chute-homme\/#primaryimage"},"thumbnailUrl":"https:\/\/www.procoiffure.com\/blog\/wp-content\/uploads\/2026\/01\/12.png","datePublished":"2026-01-21T09:44:59+00:00","dateModified":"2026-03-23T14:37:06+00:00","description":"Chute de cheveux chez l\u2019homme : causes, traitements et conseils pour ralentir la perte, renforcer la fibre et stimuler la repousse.","breadcrumb":{"@id":"https:\/\/www.procoiffure.com\/blog\/conseils-anti-chute-homme\/#breadcrumb"},"inLanguage":"fr-FR","potentialAction":[{"@type":"ReadAction","target":["https:\/\/www.procoiffure.com\/blog\/conseils-anti-chute-homme\/"]}]},{"@type":"ImageObject","inLanguage":"fr-FR","@id":"https:\/\/www.procoiffure.com\/blog\/conseils-anti-chute-homme\/#primaryimage","url":"https:\/\/www.procoiffure.com\/blog\/wp-content\/uploads\/2026\/01\/12.png","contentUrl":"https:\/\/www.procoiffure.com\/blog\/wp-content\/uploads\/2026\/01\/12.png","width":1080,"height":1080},{"@type":"BreadcrumbList","@id":"https:\/\/www.procoiffure.com\/blog\/conseils-anti-chute-homme\/#breadcrumb","itemListElement":[{"@type":"ListItem","position":1,"name":"Accueil","item":"https:\/\/www.procoiffure.com\/blog\/"},{"@type":"ListItem","position":2,"name":"Perte de Cheveux : Traitements et conseils anti-chute efficaces"}]},{"@type":"WebSite","@id":"https:\/\/www.procoiffure.com\/blog\/#website","url":"https:\/\/www.procoiffure.com\/blog\/","name":"L'actu beaut\u00e9 | Pro Coiffure Esth\u00e9tique","description":"","publisher":{"@id":"https:\/\/www.procoiffure.com\/blog\/#organization"},"potentialAction":[{"@type":"SearchAction","target":{"@type":"EntryPoint","urlTemplate":"https:\/\/www.procoiffure.com\/blog\/?s={search_term_string}"},"query-input":{"@type":"PropertyValueSpecification","valueRequired":true,"valueName":"search_term_string"}}],"inLanguage":"fr-FR"},{"@type":"Organization","@id":"https:\/\/www.procoiffure.com\/blog\/#organization","name":"Le Blog de No\u00e9mie","url":"https:\/\/www.procoiffure.com\/blog\/","logo":{"@type":"ImageObject","inLanguage":"fr-FR","@id":"https:\/\/www.procoiffure.com\/blog\/#\/schema\/logo\/image\/","url":"https:\/\/www.procoiffure.com\/blog\/wp-content\/uploads\/2025\/03\/LOGO-BLOG-1.png","contentUrl":"https:\/\/www.procoiffure.com\/blog\/wp-content\/uploads\/2025\/03\/LOGO-BLOG-1.png","width":998,"height":397,"caption":"Le Blog de No\u00e9mie"},"image":{"@id":"https:\/\/www.procoiffure.com\/blog\/#\/schema\/logo\/image\/"}},{"@type":"Person","@id":"https:\/\/www.procoiffure.com\/blog\/#\/schema\/person\/1737ca6207ae0dec18ceab1195f285c8","name":"Elodie Soulier","image":{"@type":"ImageObject","inLanguage":"fr-FR","@id":"https:\/\/secure.gravatar.com\/avatar\/1d7d61bb3f84fbe0ce04787c39b28f1c9e04603618601bee9eaed59905cd11ef?s=96&d=color&r=g","url":"https:\/\/secure.gravatar.com\/avatar\/1d7d61bb3f84fbe0ce04787c39b28f1c9e04603618601bee9eaed59905cd11ef?s=96&d=color&r=g","contentUrl":"https:\/\/secure.gravatar.com\/avatar\/1d7d61bb3f84fbe0ce04787c39b28f1c9e04603618601bee9eaed59905cd11ef?s=96&d=color&r=g","caption":"Elodie Soulier"},"url":"https:\/\/www.procoiffure.com\/blog\/author\/elodie-soul\/"}]}},"jetpack_featured_media_url":"https:\/\/www.procoiffure.com\/blog\/wp-content\/uploads\/2026\/01\/12.png","jetpack_sharing_enabled":true,"_links":{"self":[{"href":"https:\/\/www.procoiffure.com\/blog\/wp-json\/wp\/v2\/posts\/4999","targetHints":{"allow":["GET"]}}],"collection":[{"href":"https:\/\/www.procoiffure.com\/blog\/wp-json\/wp\/v2\/posts"}],"about":[{"href":"https:\/\/www.procoiffure.com\/blog\/wp-json\/wp\/v2\/types\/post"}],"author":[{"embeddable":true,"href":"https:\/\/www.procoiffure.com\/blog\/wp-json\/wp\/v2\/users\/4"}],"replies":[{"embeddable":true,"href":"https:\/\/www.procoiffure.com\/blog\/wp-json\/wp\/v2\/comments?post=4999"}],"version-history":[{"count":2,"href":"https:\/\/www.procoiffure.com\/blog\/wp-json\/wp\/v2\/posts\/4999\/revisions"}],"predecessor-version":[{"id":5005,"href":"https:\/\/www.procoiffure.com\/blog\/wp-json\/wp\/v2\/posts\/4999\/revisions\/5005"}],"wp:featuredmedia":[{"embeddable":true,"href":"https:\/\/www.procoiffure.com\/blog\/wp-json\/wp\/v2\/media\/5349"}],"wp:attachment":[{"href":"https:\/\/www.procoiffure.com\/blog\/wp-json\/wp\/v2\/media?parent=4999"}],"wp:term":[{"taxonomy":"category","embeddable":true,"href":"https:\/\/www.procoiffure.com\/blog\/wp-json\/wp\/v2\/categories?post=4999"},{"taxonomy":"post_tag","embeddable":true,"href":"https:\/\/www.procoiffure.com\/blog\/wp-json\/wp\/v2\/tags?post=4999"}],"curies":[{"name":"wp","href":"https:\/\/api.w.org\/{rel}","templated":true}]}}