{"id":4362,"date":"2025-10-07T16:51:50","date_gmt":"2025-10-07T14:51:50","guid":{"rendered":"https:\/\/www.procoiffure.com\/blog\/?p=4362"},"modified":"2025-10-07T17:31:51","modified_gmt":"2025-10-07T15:31:51","slug":"routine-self-care-homme","status":"publish","type":"post","link":"https:\/\/www.procoiffure.com\/blog\/routine-self-care-homme\/","title":{"rendered":"Routine Self Care au Masculin : les nouvelles r\u00e8gles"},"content":{"rendered":"\n<h2 class=\"wp-block-heading has-text-color has-link-color wp-elements-84138bbf2142c0a36c69d3571902987a\" style=\"color:#e2007a\">Les nouvelles bases du self care masculin<\/h2>\n\n\n\n<p>Prendre soin de soi n\u2019est plus un r\u00e9flexe esth\u00e9tique, mais une d\u00e9marche d\u2019\u00e9quilibre. Chez l\u2019homme, le self care s\u2019appuie sur trois principes essentiels : <strong>l\u2019efficacit\u00e9, la r\u00e9gularit\u00e9 et la simplicit\u00e9 des gestes<\/strong>. L\u2019objectif n\u2019est pas de multiplier les produits, mais de choisir des soins adapt\u00e9s, pens\u00e9s pour la peau masculine, plus \u00e9paisse, souvent sujette aux irritations, aux brillances ou \u00e0 la d\u00e9shydratation. <\/p>\n\n\n\n<p>Une bonne routine self care homme doit s\u2019articuler autour de quatre axes : le <strong>visage (skin care)<\/strong>, les <strong>cheveux (hair care)<\/strong>, la <strong>barbe<\/strong> et le <strong>corps<\/strong>.<\/p>\n\n\n\n<h2 class=\"wp-block-heading\">#1- Skin Care : le soin du visage, base du confort cutan\u00e9<\/h2>\n\n\n\n<p>La peau masculine subit au quotidien les frottements du rasage, la pollution, le stress oxydatif et la fatigue. L\u2019entretien du visage repose donc sur un trio immuable : <strong>nettoyer, hydrater, prot\u00e9ger<\/strong>.<\/p>\n\n\n\n<h3 class=\"wp-block-heading\">a. Nettoyer en profondeur sans agresser<\/h3>\n\n\n\n<p>Nettoyer sa peau est le premier geste technique de toute routine self care masculine. C\u2019est une \u00e9tape essentielle, non pas cosm\u00e9tique, mais physiologique : elle permet \u00e0 la peau de <strong>respirer<\/strong>, de mieux se r\u00e9g\u00e9n\u00e9rer et de recevoir les actifs hydratants ou anti-\u00e2ge.<\/p>\n\n\n\n<p>La peau masculine, plus \u00e9paisse et plus sujette \u00e0 la production de s\u00e9bum, retient davantage d\u2019impuret\u00e9s. En fin de journ\u00e9e, elle accumule pollution, transpiration et r\u00e9sidus de soins coiffants. Le but du nettoyage n\u2019est donc pas de d\u00e9caper, mais de <strong>d\u00e9sobstruer les pores<\/strong> tout en maintenant le film protecteur naturel.<\/p>\n\n\n\n<p>Les nettoyants modernes privil\u00e9gient des tensio-actifs doux, issus d\u2019agents v\u00e9g\u00e9taux, et des textures fluides faciles \u00e0 rincer. L\u2019efficacit\u00e9 vient du geste : une petite quantit\u00e9 de produit, \u00e9mulsionn\u00e9e \u00e0 l\u2019eau ti\u00e8de, suffit \u00e0 restaurer la fra\u00eecheur du teint.<\/p>\n\n\n\n<p>Pour les hommes portant la barbe, le nettoyage doit aussi <strong>purifier la peau sous le poil<\/strong>, l\u00e0 o\u00f9 les impuret\u00e9s s\u2019accumulent et favorisent parfois des irritations.<\/p>\n\n\n\n<div class=\"wp-block-group is-nowrap is-layout-flex wp-container-core-group-is-layout-6c531013 wp-block-group-is-layout-flex\">\n<figure class=\"wp-block-image size-full is-resized\"><img decoding=\"async\" width=\"105\" height=\"325\" src=\"https:\/\/www.procoiffure.com\/blog\/wp-content\/uploads\/2025\/10\/image-15.png\" alt=\"\" class=\"wp-image-4401\" style=\"width:50px\" srcset=\"https:\/\/www.procoiffure.com\/blog\/wp-content\/uploads\/2025\/10\/image-15.png 105w, https:\/\/www.procoiffure.com\/blog\/wp-content\/uploads\/2025\/10\/image-15-97x300.png 97w\" sizes=\"(max-width: 105px) 100vw, 105px\" \/><\/figure>\n\n\n\n<p><strong>Produit recommand\u00e9 :<\/strong><a href=\"https:\/\/www.procoiffure.com\/mousse-nettoyante-n508-barbe-et-moustache-depot-100ml\"> Mousse Nettoyante N\u00b0508 Barbe et Moustache Depot<\/a><\/p>\n<\/div>\n\n\n\n<p><em>\u2192 Sa mousse fine nettoie efficacement la barbe et la peau, sans provoquer de tiraillement. Id\u00e9ale pour un usage quotidien.<br><\/em>Les peaux sujettes \u00e0 l\u2019exc\u00e8s de s\u00e9bum ou \u00e0 la brillance appr\u00e9cieront un nettoyant plus purifiant, enrichi en extraits v\u00e9g\u00e9taux et min\u00e9raux.<\/p>\n\n\n\n<div class=\"wp-block-group is-nowrap is-layout-flex wp-container-core-group-is-layout-6c531013 wp-block-group-is-layout-flex\">\n<figure class=\"wp-block-image size-full is-resized\"><img decoding=\"async\" width=\"139\" height=\"351\" src=\"https:\/\/www.procoiffure.com\/blog\/wp-content\/uploads\/2025\/10\/Capture-decran-2025-10-07-101108.png\" alt=\"\" class=\"wp-image-4378\" style=\"width:60px\" srcset=\"https:\/\/www.procoiffure.com\/blog\/wp-content\/uploads\/2025\/10\/Capture-decran-2025-10-07-101108.png 139w, https:\/\/www.procoiffure.com\/blog\/wp-content\/uploads\/2025\/10\/Capture-decran-2025-10-07-101108-119x300.png 119w\" sizes=\"(max-width: 139px) 100vw, 139px\" \/><\/figure>\n\n\n\n<p><strong>Produit recommand\u00e9 :<\/strong> <a href=\"https:\/\/www.procoiffure.com\/gel-nettoyant-visage-quotidien-n801-depot-200ml\">Gel Nettoyant Visage Quotidien N\u00b0801 Depot<\/a><\/p>\n<\/div>\n\n\n\n<p><em>\u2192 Il purifie la surface cutan\u00e9e, \u00e9limine les traces de pollution et r\u00e9gule la production de s\u00e9bum sans agresser la peau.<\/em><\/p>\n\n\n\n<p>En compl\u00e9ment, apr\u00e8s le nettoyage, l\u2019application d\u2019une lotion tonique ou d\u2019un fluide permet de <strong>r\u00e9\u00e9quilibrer le pH cutan\u00e9<\/strong> et de resserrer les pores.<\/p>\n\n\n\n<div class=\"wp-block-group is-nowrap is-layout-flex wp-container-core-group-is-layout-6c531013 wp-block-group-is-layout-flex\">\n<figure class=\"wp-block-image size-full is-resized\"><img decoding=\"async\" width=\"134\" height=\"353\" src=\"https:\/\/www.procoiffure.com\/blog\/wp-content\/uploads\/2025\/10\/image-16.png\" alt=\"\" class=\"wp-image-4402\" style=\"width:60px\" srcset=\"https:\/\/www.procoiffure.com\/blog\/wp-content\/uploads\/2025\/10\/image-16.png 134w, https:\/\/www.procoiffure.com\/blog\/wp-content\/uploads\/2025\/10\/image-16-114x300.png 114w\" sizes=\"(max-width: 134px) 100vw, 134px\" \/><\/figure>\n\n\n\n<p><strong>Produit recommand\u00e9 :<\/strong><a href=\"https:\/\/www.procoiffure.com\/lotion-fluide-polyvalente-n815-depot-200ml\"> Lotion Fluide Polyvalente N\u00b0815 Depot<\/a><br><\/p>\n<\/div>\n\n\n\n<p><em>\u2192 Utilis\u00e9e matin et soir, elle revitalise la peau et prolonge la sensation de fra\u00eecheur.<\/em><\/p>\n\n\n\n<p>Ce rituel simple assure un <strong>teint clair, une peau souple et r\u00e9active<\/strong>, pr\u00eate \u00e0 recevoir la cr\u00e8me hydratante ou le soin de nuit.<br>La constance du geste prime sur la quantit\u00e9 de produit : c\u2019est la pr\u00e9cision du nettoyage qui fonde l\u2019efficacit\u00e9 du self care masculin.<\/p>\n\n\n\n<p>Enfin, il convient de rappeler qu\u2019un nettoyage r\u00e9ussi d\u00e9pend autant du produit que du <strong>geste d\u2019application<\/strong>. \u00c9mulsionner une noisette de produit entre les mains, masser le visage du bout des doigts avec des mouvements circulaires, puis rincer \u00e0 l\u2019eau ti\u00e8de : ce rituel rapide optimise la microcirculation et pr\u00e9pare la peau \u00e0 recevoir le soin hydratant.<\/p>\n\n\n\n<p>Le nettoyage n\u2019est donc pas un simple r\u00e9flexe d\u2019hygi\u00e8ne, mais le <strong>premier geste technique du self care<\/strong> : il d\u00e9termine la qualit\u00e9 du teint, le confort du rasage et la r\u00e9activit\u00e9 de la peau face aux agressions ext\u00e9rieures.<\/p>\n\n\n\n<h3 class=\"wp-block-heading\">b. Hydrater et prot\u00e9ger au quotidien<\/h3>\n\n\n\n<p>L\u2019hydratation est la cl\u00e9 d\u2019une peau saine et confortable. Chez l\u2019homme, la peau est naturellement plus \u00e9paisse, plus riche en collag\u00e8ne, mais aussi davantage sujette \u00e0 la d\u00e9shydratation en raison du rasage fr\u00e9quent et de la production de s\u00e9bum. Hydrater, c\u2019est donc restaurer le film hydrolipidique tout en pr\u00e9servant la fra\u00eecheur du teint. Ce geste simple permet de limiter les tiraillements, les rougeurs et l\u2019apparition pr\u00e9matur\u00e9e des rides. <\/p>\n\n\n\n<p>Le choix du soin d\u00e9pend du rythme de vie, de la texture recherch\u00e9e et du type de peau : une cr\u00e8me fluide pour un usage quotidien, un soin plus riche le soir, ou un gel rafra\u00eechissant en p\u00e9riode chaude.<\/p>\n\n\n\n<div class=\"wp-block-group is-nowrap is-layout-flex wp-container-core-group-is-layout-6c531013 wp-block-group-is-layout-flex\">\n<figure class=\"wp-block-image size-full is-resized\"><img loading=\"lazy\" decoding=\"async\" width=\"208\" height=\"225\" src=\"https:\/\/www.procoiffure.com\/blog\/wp-content\/uploads\/2025\/10\/image-2.png\" alt=\"\" class=\"wp-image-4383\" style=\"width:70px\"\/><\/figure>\n\n\n\n<p><strong>Produit recommand\u00e9 :<\/strong> <a href=\"https:\/\/www.procoiffure.com\/creme-hydratante-visage-n803-depot-65ml\">Cr\u00e8me Hydratante Visage N\u00b0803 Depot<\/a><br><\/p>\n<\/div>\n\n\n\n<p><em>\u2192 Sa texture l\u00e9g\u00e8re p\u00e9n\u00e8tre rapidement sans laisser de film gras. Elle r\u00e9gule la brillance et laisse la peau nette, souple et parfaitement hydrat\u00e9e. Id\u00e9ale pour les peaux normales \u00e0 mixtes.<\/em><\/p>\n\n\n\n<p>Pour ceux qui cherchent un effet imm\u00e9diat de fra\u00eecheur, une formule gel est particuli\u00e8rement adapt\u00e9e :<\/p>\n\n\n\n<div class=\"wp-block-group is-nowrap is-layout-flex wp-container-core-group-is-layout-6c531013 wp-block-group-is-layout-flex\">\n<figure class=\"wp-block-image size-full is-resized\"><img loading=\"lazy\" decoding=\"async\" width=\"79\" height=\"333\" src=\"https:\/\/www.procoiffure.com\/blog\/wp-content\/uploads\/2025\/10\/image-13.png\" alt=\"\" class=\"wp-image-4398\" style=\"width:41px;height:auto\" srcset=\"https:\/\/www.procoiffure.com\/blog\/wp-content\/uploads\/2025\/10\/image-13.png 79w, https:\/\/www.procoiffure.com\/blog\/wp-content\/uploads\/2025\/10\/image-13-71x300.png 71w\" sizes=\"(max-width: 79px) 100vw, 79px\" \/><\/figure>\n\n\n\n<p><br><strong>Produit recommand\u00e9 :<\/strong><a href=\"https:\/\/www.procoiffure.com\/gel-visage-hydratant-et-rafraichissant-n805-depot-50ml\"> Gel Visage Hydratant et Rafra\u00eechissant N\u00b0805 Depot<\/a><\/p>\n<\/div>\n\n\n\n<p><em>\u2192 Gr\u00e2ce \u00e0 sa texture non grasse, il apaise instantan\u00e9ment la peau apr\u00e8s le rasage et offre une hydratation durable tout au long de la journ\u00e9e.<\/em><\/p>\n\n\n\n<p>La nuit, la peau se r\u00e9g\u00e9n\u00e8re naturellement. C\u2019est le moment id\u00e9al pour lui offrir une texture plus enveloppante et r\u00e9paratrice. Pour les peaux fatigu\u00e9es ou d\u00e9shydrat\u00e9es, on peut compl\u00e9ter avec :<\/p>\n\n\n\n<div class=\"wp-block-group is-nowrap is-layout-flex wp-container-core-group-is-layout-6c531013 wp-block-group-is-layout-flex\">\n<figure class=\"wp-block-image size-full is-resized\"><img loading=\"lazy\" decoding=\"async\" width=\"268\" height=\"269\" src=\"https:\/\/www.procoiffure.com\/blog\/wp-content\/uploads\/2025\/10\/image-3.png\" alt=\"\" class=\"wp-image-4384\" style=\"width:60px\" srcset=\"https:\/\/www.procoiffure.com\/blog\/wp-content\/uploads\/2025\/10\/image-3.png 268w, https:\/\/www.procoiffure.com\/blog\/wp-content\/uploads\/2025\/10\/image-3-150x150.png 150w\" sizes=\"(max-width: 268px) 100vw, 268px\" \/><\/figure>\n\n\n\n<p><br><strong>Produit recommand\u00e9 :<\/strong> <a href=\"https:\/\/www.procoiffure.com\/creme-visage-de-nuit-ultra-hydratante-n809-depot-50ml\">Cr\u00e8me Visage de Nuit Ultra Hydratante N\u00b0809 Depot<\/a><\/p>\n\n\n\n<p><\/p>\n<\/div>\n\n\n\n<p><\/p>\n\n\n\n<p>Le contour des yeux, zone fine et sensible, m\u00e9rite \u00e9galement une attention sp\u00e9cifique. Une hydratation cibl\u00e9e pr\u00e9vient poches et signes de fatigue.<\/p>\n\n\n\n<div class=\"wp-block-group is-nowrap is-layout-flex wp-container-core-group-is-layout-6c531013 wp-block-group-is-layout-flex\">\n<figure class=\"wp-block-image size-full is-resized\"><img loading=\"lazy\" decoding=\"async\" width=\"90\" height=\"271\" src=\"https:\/\/www.procoiffure.com\/blog\/wp-content\/uploads\/2025\/10\/image-4.png\" alt=\"\" class=\"wp-image-4385\" style=\"width:53px;height:auto\"\/><\/figure>\n\n\n\n<p><strong>Produit recommand\u00e9 :<\/strong> <a href=\"https:\/\/www.procoiffure.com\/creme-serum-contour-des-yeux-n804-depot-20ml\">Cr\u00e8me-S\u00e9rum Contour des Yeux N\u00b0804 Depot<\/a><\/p>\n<\/div>\n\n\n\n<p><em>\u2192 Sa formule d\u00e9fatigante lisse les traits et redonne de la vitalit\u00e9 au regard.<\/em><\/p>\n\n\n\n<p>Enfin, pour les peaux tr\u00e8s sollicit\u00e9es ou expos\u00e9es \u00e0 la pollution urbaine, une cr\u00e8me protectrice enrichie en agents antioxydants permet de renforcer la barri\u00e8re cutan\u00e9e et de pr\u00e9venir les agressions ext\u00e9rieures.<\/p>\n\n\n\n<div class=\"wp-block-group is-nowrap is-layout-flex wp-container-core-group-is-layout-6c531013 wp-block-group-is-layout-flex\">\n<figure class=\"wp-block-image size-full is-resized\"><img loading=\"lazy\" decoding=\"async\" width=\"206\" height=\"412\" src=\"https:\/\/www.procoiffure.com\/blog\/wp-content\/uploads\/2025\/10\/image-14.png\" alt=\"\" class=\"wp-image-4400\" style=\"width:60px\" srcset=\"https:\/\/www.procoiffure.com\/blog\/wp-content\/uploads\/2025\/10\/image-14.png 206w, https:\/\/www.procoiffure.com\/blog\/wp-content\/uploads\/2025\/10\/image-14-150x300.png 150w\" sizes=\"(max-width: 206px) 100vw, 206px\" \/><\/figure>\n\n\n\n<p><strong>Produit recommand\u00e9 :<\/strong><a href=\"https:\/\/www.procoiffure.com\/soin-visage-hydratant-anti-brillance-homme-peggy-sage-50ml\"> Soin Visage Hydratant Anti-Brillance Homme Peggy Sage<\/a><\/p>\n<\/div>\n\n\n\n<p><em>\u2192 Un soin \u00e9quilibrant qui prot\u00e8ge sans alourdir et maintient un fini mat naturel.<\/em><\/p>\n\n\n\n<p>Hydrater et prot\u00e9ger, c\u2019est instaurer une routine de constance : matin et soir, quelques secondes suffisent pour pr\u00e9server l\u2019\u00e9lasticit\u00e9 et la r\u00e9sistance de la peau.<br>Une hydratation r\u00e9guli\u00e8re fait la diff\u00e9rence entre une peau entretenue et une peau simplement propre.<\/p>\n\n\n\n<h3 class=\"wp-block-heading\">c. Masques, soins et anti-\u00e2ge<\/h3>\n\n\n\n<p>Longtemps r\u00e9serv\u00e9s \u00e0 l\u2019univers f\u00e9minin, les <strong>masques visage<\/strong> occupent d\u00e9sormais une place l\u00e9gitime dans la routine self care masculine.<br>Ils ne se limitent pas \u00e0 un geste de confort : ils <strong>r\u00e9initialisent la peau<\/strong>. En quelques minutes, ils d\u00e9toxifient, apaisent ou tonifient selon la formule choisie.<\/p>\n\n\n\n<p>Chez l\u2019homme, la peau est plus dense et plus sujette aux impuret\u00e9s. Le masque devient alors un <strong>outil de r\u00e9gulation cutan\u00e9e<\/strong> : il \u00e9limine les exc\u00e8s de s\u00e9bum, resserre les pores et restaure l\u2019\u00e9quilibre du teint, surtout apr\u00e8s le rasage ou en p\u00e9riode de stress.<\/p>\n\n\n\n<div class=\"wp-block-group is-nowrap is-layout-flex wp-container-core-group-is-layout-6c531013 wp-block-group-is-layout-flex\">\n<figure class=\"wp-block-image size-full is-resized\"><img loading=\"lazy\" decoding=\"async\" width=\"332\" height=\"129\" src=\"https:\/\/www.procoiffure.com\/blog\/wp-content\/uploads\/2025\/10\/image-17.png\" alt=\"\" class=\"wp-image-4404\" style=\"width:209px;height:auto\" srcset=\"https:\/\/www.procoiffure.com\/blog\/wp-content\/uploads\/2025\/10\/image-17.png 332w, https:\/\/www.procoiffure.com\/blog\/wp-content\/uploads\/2025\/10\/image-17-300x117.png 300w, https:\/\/www.procoiffure.com\/blog\/wp-content\/uploads\/2025\/10\/image-17-330x129.png 330w\" sizes=\"(max-width: 332px) 100vw, 332px\" \/><\/figure>\n\n\n\n<p><strong>Produit recommand\u00e9 :<\/strong> <a href=\"https:\/\/www.procoiffure.com\/masque-visage-tonifiant-revitalisant-n806-x12-depot-13ml\">Masque Visage Tonifiant Revitalisant N\u00b0806 Depot<\/a><\/p>\n<\/div>\n\n\n\n<p>\u2192<em> Impr\u00e9gn\u00e9 d\u2019actifs \u00e9nergisants, ce masque en tissu revitalise la peau en dix minutes. Il relance la microcirculation et procure un effet frais imm\u00e9diat. Parfait apr\u00e8s une journ\u00e9e de travail ou une s\u00e9ance de sport intense.<\/em><\/p>\n\n\n\n<p>Le <strong>masque revitalisant<\/strong> peut \u00eatre utilis\u00e9 une \u00e0 deux fois par semaine, sur une peau propre et l\u00e9g\u00e8rement humide.<br>Son efficacit\u00e9 est d\u00e9cupl\u00e9e lorsqu\u2019il s\u2019inscrit dans une routine r\u00e9guli\u00e8re de nettoyage et d\u2019hydratation.<br>Les actifs toniques agissent en surface pour <strong>r\u00e9veiller l\u2019\u00e9clat du teint<\/strong>, tandis que les agents hydratants p\u00e9n\u00e8trent plus en profondeur pour <strong>renforcer la souplesse de la peau<\/strong>.<\/p>\n\n\n\n<p>Pour les peaux fatigu\u00e9es, marqu\u00e9es ou sujettes \u00e0 la pollution urbaine, l\u2019usage combin\u00e9 d\u2019un masque et d\u2019un <strong>soin anti-rides<\/strong> permet de prolonger les effets r\u00e9g\u00e9n\u00e9rants.<\/p>\n\n\n\n<div class=\"wp-block-group is-nowrap is-layout-flex wp-container-core-group-is-layout-6c531013 wp-block-group-is-layout-flex\">\n<figure class=\"wp-block-image size-full is-resized\"><img loading=\"lazy\" decoding=\"async\" width=\"210\" height=\"415\" src=\"https:\/\/www.procoiffure.com\/blog\/wp-content\/uploads\/2025\/10\/image-5.png\" alt=\"\" class=\"wp-image-4387\" style=\"width:63px;height:auto\" srcset=\"https:\/\/www.procoiffure.com\/blog\/wp-content\/uploads\/2025\/10\/image-5.png 210w, https:\/\/www.procoiffure.com\/blog\/wp-content\/uploads\/2025\/10\/image-5-152x300.png 152w\" sizes=\"(max-width: 210px) 100vw, 210px\" \/><\/figure>\n\n\n\n<p><strong>Produit recommand\u00e9 :<\/strong> <a href=\"https:\/\/www.procoiffure.com\/soin-anti-rides-visage-et-yeux-homme-peggy-sage-50ml\">Soin Anti-Rides Visage et Yeux Homme Peggy Sage<\/a><\/p>\n<\/div>\n\n\n\n<p><em>\u2192 Ce soin complet hydrate, raffermit et lisse les traits sans effet gras. Il agit en pr\u00e9vention et en correction, tout en respectant la nature de la peau masculine.<\/em><\/p>\n\n\n\n<h4 class=\"wp-block-heading has-custom-titres-color has-text-color has-link-color wp-elements-49f206c46c3d0cffec25d8bc69e6d34d\">Comment int\u00e9grer le masque dans sa routine :<\/h4>\n\n\n\n<ol class=\"wp-block-list\">\n<li><strong>Nettoyer<\/strong> soigneusement la peau pour \u00e9liminer impuret\u00e9s et exc\u00e8s de s\u00e9bum.<\/li>\n\n\n\n<li><strong>Appliquer le masque<\/strong> sur peau s\u00e8che ou l\u00e9g\u00e8rement humide, en \u00e9vitant le contour des yeux.<\/li>\n\n\n\n<li><strong>Laisser poser<\/strong> selon les recommandations, puis retirer l\u2019exc\u00e9dent par massage doux ou rin\u00e7age \u00e0 l\u2019eau ti\u00e8de.<\/li>\n\n\n\n<li><strong>Terminer par un soin hydratant ou anti-\u00e2ge<\/strong>, pour fixer les b\u00e9n\u00e9fices et renforcer la barri\u00e8re cutan\u00e9e.<\/li>\n<\/ol>\n\n\n\n<p>Ce rituel hebdomadaire ne demande que quelques minutes, mais transforme la texture et la clart\u00e9 du teint.<br>Le masque devient un <strong>geste d\u2019entretien global<\/strong>, aussi essentiel qu\u2019un bon shampooing ou qu\u2019une hydratation quotidienne. Il symbolise la nouvelle exigence du self care masculin : <strong>efficacit\u00e9 visible, confort imm\u00e9diat, gestes ma\u00eetris\u00e9s<\/strong>.<\/p>\n\n\n\n<h2 class=\"wp-block-heading\">#2- Hair Care : prendre soin de ses cheveux et de son cuir chevelu<\/h2>\n\n\n\n<p>Le soin des cheveux masculins ne se limite pas au shampooing. Le <strong>cuir chevelu<\/strong>, souvent expos\u00e9 au stress, aux produits coiffants ou \u00e0 la chaleur, a besoin d\u2019un entretien sp\u00e9cifique pour conserver \u00e9quilibre et densit\u00e9.<\/p>\n\n\n\n<h3 class=\"wp-block-heading\">a. Nettoyer et \u00e9quilibrer le cuir chevelu<\/h3>\n\n\n\n<p>Avant de nourrir ou de fortifier le cheveu, il faut d\u2019abord s\u2019assurer que son environnement imm\u00e9diat, le cuir chevelu, soit parfaitement sain. C\u2019est sur cette base que reposent la qualit\u00e9 et la long\u00e9vit\u00e9 de la fibre capillaire. Un cuir chevelu d\u00e9s\u00e9quilibr\u00e9, trop gras, irrit\u00e9 ou asphyxi\u00e9 par les r\u00e9sidus de produits coiffants, compromet la croissance et ternit la chevelure. L\u2019objectif n\u2019est donc pas seulement de laver, mais <strong>d\u2019assainir et de r\u00e9\u00e9quilibrer<\/strong>.<\/p>\n\n\n\n<p>Un bon shampooing masculin agit comme un soin \u00e0 part enti\u00e8re : il purifie sans d\u00e9caper, r\u00e9gule la production de s\u00e9bum et stimule la microcirculation. La r\u00e9gularit\u00e9 du lavage joue ici un r\u00f4le d\u00e9terminant : mieux vaut un nettoyage doux plusieurs fois par semaine qu\u2019un shampooing trop agressif espac\u00e9 dans le temps.<\/p>\n\n\n\n<div class=\"wp-block-group is-nowrap is-layout-flex wp-container-core-group-is-layout-6c531013 wp-block-group-is-layout-flex\">\n<figure class=\"wp-block-image size-full is-resized\"><img loading=\"lazy\" decoding=\"async\" width=\"111\" height=\"224\" src=\"https:\/\/www.procoiffure.com\/blog\/wp-content\/uploads\/2025\/10\/image-7.png\" alt=\"\" class=\"wp-image-4390\" style=\"width:70px\"\/><\/figure>\n\n\n\n<p><strong>Produit recommand\u00e9 :<\/strong> <a href=\"https:\/\/www.procoiffure.com\/n102-shampooing-bivalent-250-ml\">Shampooing Bivalent N\u00b0102 Depot<\/a><\/p>\n<\/div>\n\n\n\n<p><em>\u2192 Formul\u00e9 pour les cuirs chevelus \u00e0 tendance mixte, il nettoie en profondeur les racines tout en hydratant les longueurs. Sa texture l\u00e9g\u00e8re r\u00e9\u00e9quilibre la fibre et limite l\u2019apparition des pellicules grasses.<\/em><\/p>\n\n\n\n<div class=\"wp-block-group is-nowrap is-layout-flex wp-container-core-group-is-layout-6c531013 wp-block-group-is-layout-flex\">\n<figure class=\"wp-block-image size-full is-resized\"><img loading=\"lazy\" decoding=\"async\" width=\"69\" height=\"313\" src=\"https:\/\/www.procoiffure.com\/blog\/wp-content\/uploads\/2025\/10\/image-8.png\" alt=\"\" class=\"wp-image-4391\" style=\"width:40px\" srcset=\"https:\/\/www.procoiffure.com\/blog\/wp-content\/uploads\/2025\/10\/image-8.png 69w, https:\/\/www.procoiffure.com\/blog\/wp-content\/uploads\/2025\/10\/image-8-66x300.png 66w\" sizes=\"(max-width: 69px) 100vw, 69px\" \/><\/figure>\n\n\n\n<p><strong>Produit recommand\u00e9 :<\/strong> <a href=\"https:\/\/www.procoiffure.com\/shampooing-cuir-chevelu-sensible-makadamia-urban-keratin-250ml\">Shampooing Cuir Chevelu Sensible Urban Keratin Makadamia<\/a><\/p>\n<\/div>\n\n\n\n<p><em>\u2192 Enrichi en huile de macadamia, il apaise instantan\u00e9ment les cuirs chevelus irrit\u00e9s et redonne confort et souplesse d\u00e8s le premier lavage.<\/em><\/p>\n\n\n\n<p>Pour les hommes qui privil\u00e9gient un produit polyvalent, les formules corps et cheveux sont un compromis efficace, \u00e0 condition qu\u2019elles respectent la fibre et le pH naturel de la peau :<\/p>\n\n\n\n<div class=\"wp-block-group is-nowrap is-layout-flex wp-container-core-group-is-layout-6c531013 wp-block-group-is-layout-flex\">\n<figure class=\"wp-block-image size-full is-resized\"><img loading=\"lazy\" decoding=\"async\" width=\"191\" height=\"435\" src=\"https:\/\/www.procoiffure.com\/blog\/wp-content\/uploads\/2025\/10\/image-9.png\" alt=\"\" class=\"wp-image-4392\" style=\"width:60px\" srcset=\"https:\/\/www.procoiffure.com\/blog\/wp-content\/uploads\/2025\/10\/image-9.png 191w, https:\/\/www.procoiffure.com\/blog\/wp-content\/uploads\/2025\/10\/image-9-132x300.png 132w\" sizes=\"(max-width: 191px) 100vw, 191px\" \/><\/figure>\n\n\n\n<p><strong>Produit recommand\u00e9 :<\/strong> <a href=\"https:\/\/www.procoiffure.com\/gel-douche-homme-corps-et-cheveux-peggy-sage-200ml\">Gel Douche Homme Corps et Cheveux Peggy Sage<\/a><\/p>\n<\/div>\n\n\n\n<p><em>\u2192 Sa mousse onctueuse nettoie sans dess\u00e9cher et laisse une sensation de fra\u00eecheur durable.<\/em><\/p>\n\n\n\n<p>Enfin, pour les cuirs chevelus soumis \u00e0 des contraintes environnementales comme la pollution, la transpiration, le port du casque ou encore le sport intensif, il peut \u00eatre judicieux d\u2019alterner avec un <strong>soin d\u00e9toxifiant<\/strong> une \u00e0 deux fois par semaine.<\/p>\n\n\n\n<div class=\"wp-block-group is-nowrap is-layout-flex wp-container-core-group-is-layout-6c531013 wp-block-group-is-layout-flex\">\n<figure class=\"wp-block-image size-full is-resized\"><img loading=\"lazy\" decoding=\"async\" width=\"125\" height=\"334\" src=\"https:\/\/www.procoiffure.com\/blog\/wp-content\/uploads\/2025\/10\/image-12.png\" alt=\"\" class=\"wp-image-4397\" style=\"width:60px\" srcset=\"https:\/\/www.procoiffure.com\/blog\/wp-content\/uploads\/2025\/10\/image-12.png 125w, https:\/\/www.procoiffure.com\/blog\/wp-content\/uploads\/2025\/10\/image-12-112x300.png 112w\" sizes=\"(max-width: 125px) 100vw, 125px\" \/><\/figure>\n\n\n\n<p><strong>Produit recommand\u00e9 :<\/strong><a href=\"https:\/\/www.procoiffure.com\/lotion-spray-detoxifiante-n208-depot-100ml\"> Lotion Spray D\u00e9toxifiante N\u00b0208 Depot<\/a><\/p>\n<\/div>\n\n\n\n<p><em>\u2192 Sa formule purifiante aide \u00e0 \u00e9liminer les impuret\u00e9s r\u00e9siduelles et \u00e0 oxyg\u00e9ner le cuir chevelu.<\/em><\/p>\n\n\n\n<p>Un cuir chevelu propre, hydrat\u00e9 et ventil\u00e9 pr\u00e9pare le terrain pour les \u00e9tapes suivantes du soin \u2014 renforcement, nutrition et pr\u00e9vention anti-chute \u2014 tout en offrant une base saine \u00e0 la coiffure et au style.<\/p>\n\n\n\n<h3 class=\"wp-block-heading\">b. Renforcer et stimuler la fibre capillaire<\/h3>\n\n\n\n<p>Les formules \u00e9nergisantes permettent de revitaliser le cuir chevelu et de donner corps \u00e0 la chevelure.<\/p>\n\n\n\n<p>Elles agissent sur deux plans compl\u00e9mentaires : <strong>la nutrition de la fibre capillaire<\/strong> et <strong>la stimulation de la microcirculation<\/strong> au niveau du bulbe. Un cuir chevelu bien oxyg\u00e9n\u00e9 favorise la croissance de cheveux plus forts et plus denses.<\/p>\n\n\n\n<p>Les <strong>shampooings \u00e9nergisants<\/strong> constituent la premi\u00e8re \u00e9tape de ce protocole. Riches en actifs stimulants comme la menthe, le ginseng ou la caf\u00e9ine, ils r\u00e9veillent le cuir chevelu tout en nettoyant en profondeur.<\/p>\n\n\n\n<div class=\"wp-block-group is-nowrap is-layout-flex wp-container-core-group-is-layout-6c531013 wp-block-group-is-layout-flex\">\n<figure class=\"wp-block-image size-full is-resized\"><img loading=\"lazy\" decoding=\"async\" width=\"132\" height=\"272\" src=\"https:\/\/www.procoiffure.com\/blog\/wp-content\/uploads\/2025\/10\/image-10.png\" alt=\"\" class=\"wp-image-4393\" style=\"width:70px\"\/><\/figure>\n\n\n\n<p><strong>Produit recommand\u00e9 :<\/strong> <a href=\"https:\/\/www.procoiffure.com\/shampooing-energisant-n105-depot-250ml\">Shampooing \u00c9nergisant N\u00b0105 Depot<\/a><\/p>\n<\/div>\n\n\n\n<p><em>\u2192 Sa formule tonifiante stimule la circulation du cuir chevelu et laisse une sensation de fra\u00eecheur durable, id\u00e9ale pour les cheveux mous ou fatigu\u00e9s.<\/em><\/p>\n\n\n\n<p>Pour un apport cibl\u00e9 en nutriments, les <strong>soins densifiants<\/strong> renforcent la fibre d\u00e8s la racine et restaurent la r\u00e9sistance des cheveux fragilis\u00e9s.<\/p>\n\n\n\n<div class=\"wp-block-group is-nowrap is-layout-flex wp-container-core-group-is-layout-6c531013 wp-block-group-is-layout-flex\">\n<figure class=\"wp-block-image size-full is-resized\"><img loading=\"lazy\" decoding=\"async\" width=\"95\" height=\"413\" src=\"https:\/\/www.procoiffure.com\/blog\/wp-content\/uploads\/2025\/10\/image-11.png\" alt=\"\" class=\"wp-image-4396\" style=\"width:50px\" srcset=\"https:\/\/www.procoiffure.com\/blog\/wp-content\/uploads\/2025\/10\/image-11.png 95w, https:\/\/www.procoiffure.com\/blog\/wp-content\/uploads\/2025\/10\/image-11-69x300.png 69w\" sizes=\"(max-width: 95px) 100vw, 95px\" \/><\/figure>\n\n\n\n<p><strong>Produit recommand\u00e9 :<\/strong> <a href=\"https:\/\/www.procoiffure.com\/shampoing-activateur-de-racines-anti-chute-genesis-250ml\">Shampooing Activateur de Racines Genesis<\/a><\/p>\n<\/div>\n\n\n\n<p><em>\u2192 Il favorise la microcirculation et aide \u00e0 ancrer le cheveu dans le cuir chevelu, limitant la casse et la perte.<\/em><\/p>\n\n\n\n<div class=\"wp-block-group is-nowrap is-layout-flex wp-container-core-group-is-layout-6c531013 wp-block-group-is-layout-flex\">\n<figure class=\"wp-block-image size-full is-resized\"><img loading=\"lazy\" decoding=\"async\" width=\"150\" height=\"290\" src=\"https:\/\/www.procoiffure.com\/blog\/wp-content\/uploads\/2025\/10\/image-38.png\" alt=\"\" class=\"wp-image-4432\" style=\"width:73px;height:auto\"\/><\/figure>\n\n\n\n<p><strong>Produit recommand\u00e9 :<\/strong><a> Shampooing 3 en 1 S1 Men Stories<\/a><\/p>\n<\/div>\n\n\n\n<p>\u2192 <em>Nettoie les cheveux, la barbe et le corps en un seul geste. Sa formule tonifiante enrichie en extraits naturels procure une sensation de fra\u00eecheur et laisse le cuir chevelu parfaitement \u00e9quilibr\u00e9. Id\u00e9al pour les hommes press\u00e9s ou les routines minimalistes<\/em>.<\/p>\n\n\n\n<p>L\u2019association de ces soins cr\u00e9e une routine \u00e9quilibr\u00e9e, \u00e0 la fois tonifiante et r\u00e9paratrice. Pour un r\u00e9sultat optimal, il est conseill\u00e9 de <strong>laisser poser chaque shampooing quelques instants<\/strong> avant de rincer, puis de s\u00e9cher d\u00e9licatement sans friction excessive.<\/p>\n\n\n\n<p>Un cuir chevelu sain, bien irrigu\u00e9 et hydrat\u00e9, constitue le v\u00e9ritable socle du style masculin : des cheveux forts, brillants et ma\u00eetris\u00e9s sont souvent le reflet d\u2019un soin r\u00e9gulier et d\u2019une hygi\u00e8ne capillaire irr\u00e9prochable.<\/p>\n\n\n\n<h2 class=\"wp-block-heading\">#3- Anti-chute : pr\u00e9venir, renforcer, densifier<\/h2>\n\n\n\n<p>La chute de cheveux reste l\u2019une des pr\u00e9occupations les plus courantes chez l\u2019homme. Elle n\u2019est pas seulement esth\u00e9tique, mais souvent r\u00e9v\u00e9latrice d\u2019un d\u00e9s\u00e9quilibre du cuir chevelu, d\u2019une fatigue cellulaire ou d\u2019une fragilisation du bulbe capillaire. Les soins professionnels permettent aujourd\u2019hui d\u2019agir \u00e0 plusieurs niveaux : racine, fibre et cuir chevelu. L\u2019objectif est de freiner la chute, de stimuler la repousse et de restaurer la densit\u00e9 capillaire.<\/p>\n\n\n\n<h3 class=\"wp-block-heading\">a. Comprendre et anticiper la chute de cheveux<\/h3>\n\n\n\n<p>La perte de cheveux peut \u00eatre ponctuelle, li\u00e9e au stress, aux saisons ou \u00e0 la fatigue, ou progressive lorsqu\u2019elle est d\u2019origine g\u00e9n\u00e9tique ou hormonale. Comprendre l\u2019origine du probl\u00e8me permet d\u2019adapter la r\u00e9ponse.<br>Un cuir chevelu d\u00e9s\u00e9quilibr\u00e9, trop gras ou irrit\u00e9, perturbe la croissance capillaire. L\u2019exc\u00e8s de s\u00e9bum \u00e9touffe la racine tandis que le manque de microcirculation ralentit le renouvellement du cheveu.<\/p>\n\n\n\n<h4 class=\"wp-block-heading\">Un protocole efficace repose sur trois piliers :<\/h4>\n\n\n\n<ol class=\"wp-block-list\">\n<li>Un shampooing fortifiant pour nettoyer et stimuler la racine.<\/li>\n\n\n\n<li>Un soin ou s\u00e9rum cibl\u00e9 pour renforcer le bulbe.<\/li>\n\n\n\n<li>Une cure interne pour apporter les nutriments n\u00e9cessaires \u00e0 la repousse.<\/li>\n<\/ol>\n\n\n\n<p>Cette approche compl\u00e8te transforme la routine capillaire en un v\u00e9ritable programme de soin pr\u00e9ventif qui agit sur la qualit\u00e9, la densit\u00e9 et la vitalit\u00e9 du cheveu.<\/p>\n\n\n\n<h3 class=\"wp-block-heading\">b. Les soins essentiels anti-chute<\/h3>\n\n\n\n<p>La premi\u00e8re \u00e9tape consiste \u00e0 pr\u00e9parer le terrain. Un shampooing anti-chute nettoie en douceur tout en activant la microcirculation du cuir chevelu.<\/p>\n\n\n\n<div class=\"wp-block-group is-nowrap is-layout-flex wp-container-core-group-is-layout-6c531013 wp-block-group-is-layout-flex\">\n<figure class=\"wp-block-image size-full is-resized\"><img loading=\"lazy\" decoding=\"async\" width=\"205\" height=\"256\" src=\"https:\/\/www.procoiffure.com\/blog\/wp-content\/uploads\/2025\/10\/image-18.png\" alt=\"\" class=\"wp-image-4407\" style=\"width:90px\"\/><\/figure>\n\n\n\n<p><strong>Produit recommand\u00e9 :<\/strong> <a href=\"https:\/\/www.procoiffure.com\/traitement-energisant-chute-de-cheveux-n205-depot-100ml\">Traitement \u00c9nergisant Chute de Cheveux N\u00b0205 Depot<\/a><\/p>\n<\/div>\n\n\n\n<p><em>\u2192 Sa formule \u00e0 base d\u2019extraits botaniques et de caf\u00e9ine stimule la racine et tonifie le cuir chevelu. \u00c0 appliquer apr\u00e8s le shampooing sur cuir chevelu humide, en massage circulaire.<\/em><\/p>\n\n\n\n<div class=\"wp-block-group is-nowrap is-layout-flex wp-container-core-group-is-layout-6c531013 wp-block-group-is-layout-flex\">\n<figure class=\"wp-block-image size-full is-resized\"><img loading=\"lazy\" decoding=\"async\" width=\"272\" height=\"264\" src=\"https:\/\/www.procoiffure.com\/blog\/wp-content\/uploads\/2025\/10\/image-19.png\" alt=\"\" class=\"wp-image-4408\" style=\"width:136px;height:auto\"\/><\/figure>\n\n\n\n<p><strong>Produit recommand\u00e9 :<\/strong> <a href=\"https:\/\/www.procoiffure.com\/kit-invigorating-anti-chute\">Kit Invigorating Anti-Chute Depot<\/a><\/p>\n<\/div>\n\n\n\n<p><em>\u2192 Ce coffret professionnel combine shampooing, lotion et traitement \u00e9nergisant pour une prise en charge globale des cheveux affaiblis.<\/em><\/p>\n\n\n\n<p>Pour les cheveux clairsem\u00e9s ou en perte de densit\u00e9, un soin de renfort cibl\u00e9 compl\u00e8te efficacement la routine.<\/p>\n\n\n\n<div class=\"wp-block-group is-nowrap is-layout-flex wp-container-core-group-is-layout-6c531013 wp-block-group-is-layout-flex\">\n<figure class=\"wp-block-image size-full is-resized\"><img loading=\"lazy\" decoding=\"async\" width=\"133\" height=\"376\" src=\"https:\/\/www.procoiffure.com\/blog\/wp-content\/uploads\/2025\/10\/image-20.png\" alt=\"\" class=\"wp-image-4409\" style=\"width:40px;height:auto\" srcset=\"https:\/\/www.procoiffure.com\/blog\/wp-content\/uploads\/2025\/10\/image-20.png 133w, https:\/\/www.procoiffure.com\/blog\/wp-content\/uploads\/2025\/10\/image-20-106x300.png 106w\" sizes=\"(max-width: 133px) 100vw, 133px\" \/><\/figure>\n\n\n\n<p><strong>Produit recommand\u00e9 :<\/strong> <a href=\"https:\/\/www.procoiffure.com\/serum-densifiant-serioxyl-advanced-serie-expert-90ml\">S\u00e9rum Densifiant Serioxyl Advanced<\/a><\/p>\n<\/div>\n\n\n\n<p><em>\u2192 Stimule la croissance et redonne du volume \u00e0 la fibre capillaire gr\u00e2ce \u00e0 sa technologie concentr\u00e9e.<\/em><\/p>\n\n\n\n<div class=\"wp-block-group is-nowrap is-layout-flex wp-container-core-group-is-layout-6c531013 wp-block-group-is-layout-flex\">\n<figure class=\"wp-block-image size-full is-resized\"><img loading=\"lazy\" decoding=\"async\" width=\"417\" height=\"194\" src=\"https:\/\/www.procoiffure.com\/blog\/wp-content\/uploads\/2025\/10\/image-21.png\" alt=\"\" class=\"wp-image-4410\" style=\"width:243px;height:auto\" srcset=\"https:\/\/www.procoiffure.com\/blog\/wp-content\/uploads\/2025\/10\/image-21.png 417w, https:\/\/www.procoiffure.com\/blog\/wp-content\/uploads\/2025\/10\/image-21-300x140.png 300w\" sizes=\"(max-width: 417px) 100vw, 417px\" \/><\/figure>\n\n\n\n<p><strong>Produit recommand\u00e9 :<\/strong> <a href=\"https:\/\/www.procoiffure.com\/ampoule-anti-chute-aminexil-advanced-serie-expert-10x6ml\">Ampoules Anti-Chute Aminexil Advanced<\/a><\/p>\n<\/div>\n\n\n\n<p><em>\u2192 Renforce la fixation du cheveu dans le cuir chevelu et ralentit significativement la chute.<\/em><\/p>\n\n\n\n<div class=\"wp-block-group is-nowrap is-layout-flex wp-container-core-group-is-layout-6c531013 wp-block-group-is-layout-flex\">\n<figure class=\"wp-block-image size-full is-resized\"><img loading=\"lazy\" decoding=\"async\" width=\"302\" height=\"207\" src=\"https:\/\/www.procoiffure.com\/blog\/wp-content\/uploads\/2025\/10\/image-22.png\" alt=\"\" class=\"wp-image-4411\" style=\"width:238px;height:auto\" srcset=\"https:\/\/www.procoiffure.com\/blog\/wp-content\/uploads\/2025\/10\/image-22.png 302w, https:\/\/www.procoiffure.com\/blog\/wp-content\/uploads\/2025\/10\/image-22-300x206.png 300w\" sizes=\"(max-width: 302px) 100vw, 302px\" \/><\/figure>\n\n\n\n<p><strong>Produit recommand\u00e9 :<\/strong> <a href=\"https:\/\/www.procoiffure.com\/serum-anti-chute-balance-invigo-8x6ml\">S\u00e9rum Anti-Chute Balance Invigo<\/a><\/p>\n<\/div>\n\n\n\n<p><em>\u2192 Traitement revitalisant \u00e0 base de caf\u00e9ine et de vitamines qui tonifie le cuir chevelu et am\u00e9liore la r\u00e9sistance du cheveu.<\/em><\/p>\n\n\n\n<h3 class=\"wp-block-heading\">c. Compl\u00e9ments et nutrition capillaire<\/h3>\n\n\n\n<p>La lutte contre la chute ne se limite pas aux soins externes. Elle passe aussi par la nutrition et l\u2019\u00e9quilibre interne. Le stress, la fatigue ou certaines carences peuvent fragiliser la fibre et ralentir la repousse. Une cure cibl\u00e9e de compl\u00e9ments capillaires apporte les micronutriments essentiels au cycle de vie du cheveu.<\/p>\n\n\n\n<div class=\"wp-block-group is-nowrap is-layout-flex wp-container-core-group-is-layout-6c531013 wp-block-group-is-layout-flex\">\n<figure class=\"wp-block-image size-full is-resized\"><img loading=\"lazy\" decoding=\"async\" width=\"309\" height=\"405\" src=\"https:\/\/www.procoiffure.com\/blog\/wp-content\/uploads\/2025\/10\/image-23.png\" alt=\"\" class=\"wp-image-4412\" style=\"width:82px;height:auto\" srcset=\"https:\/\/www.procoiffure.com\/blog\/wp-content\/uploads\/2025\/10\/image-23.png 309w, https:\/\/www.procoiffure.com\/blog\/wp-content\/uploads\/2025\/10\/image-23-229x300.png 229w\" sizes=\"(max-width: 309px) 100vw, 309px\" \/><\/figure>\n\n\n\n<p><strong>Produit recommand\u00e9 :<\/strong> <a href=\"https:\/\/www.procoiffure.com\/love-gummies-vitamines-cheveux-myriam-k-boite-de-60\">Love Gummies Vitamines Cheveux Myriam K<\/a><\/p>\n<\/div>\n\n\n\n<p><em>\u2192 Enrichies en biotine, zinc et vitamines du groupe B, elles renforcent le cheveu de l\u2019int\u00e9rieur et favorisent une repousse saine<\/em><\/p>\n\n\n\n<div class=\"wp-block-group is-nowrap is-layout-flex wp-container-core-group-is-layout-6c531013 wp-block-group-is-layout-flex\">\n<figure class=\"wp-block-image size-full is-resized\"><img loading=\"lazy\" decoding=\"async\" width=\"166\" height=\"336\" src=\"https:\/\/www.procoiffure.com\/blog\/wp-content\/uploads\/2025\/10\/image-24.png\" alt=\"\" class=\"wp-image-4413\" style=\"width:65px;height:auto\" srcset=\"https:\/\/www.procoiffure.com\/blog\/wp-content\/uploads\/2025\/10\/image-24.png 166w, https:\/\/www.procoiffure.com\/blog\/wp-content\/uploads\/2025\/10\/image-24-148x300.png 148w\" sizes=\"(max-width: 166px) 100vw, 166px\" \/><\/figure>\n\n\n\n<p><strong>Produit recommand\u00e9 :<\/strong> <a href=\"https:\/\/www.procoiffure.com\/serum-pousse-cheveux-scalp-myriam-k-140ml\">S\u00e9rum Pousse Cheveux Scalp Myriam K<\/a><\/p>\n<\/div>\n\n\n\n<p><em>\u2192 \u00c0 appliquer sur le cuir chevelu pour stimuler la repousse et densifier la chevelure. Son effet tonifiant agit en synergie avec la cure vitamin\u00e9e.<\/em><\/p>\n\n\n\n<p>Associer un traitement externe \u00e0 un apport nutritionnel interne reste la m\u00e9thode la plus compl\u00e8te et la plus efficace pour restaurer la vitalit\u00e9 et la densit\u00e9 capillaire.<\/p>\n\n\n\n<h3 class=\"wp-block-heading\">d. L\u2019entretien du cuir chevelu : un r\u00e9flexe cl\u00e9<\/h3>\n\n\n\n<p>Le cuir chevelu m\u00e9rite la m\u00eame attention que la peau du visage. Entretenir cette zone permet de pr\u00e9venir la chute, de stimuler la repousse et d\u2019am\u00e9liorer l\u2019aspect g\u00e9n\u00e9ral du cheveu.<br>Un cuir chevelu sain est souple, bien oxyg\u00e9n\u00e9 et peu sujet aux irritations. Les lotions et huiles sp\u00e9cifiques favorisent la microcirculation, r\u00e9gulent la production de s\u00e9bum et apaisent les d\u00e9mangeaisons.<\/p>\n\n\n\n<div class=\"wp-block-group is-nowrap is-layout-flex wp-container-core-group-is-layout-6c531013 wp-block-group-is-layout-flex\">\n<figure class=\"wp-block-image size-full is-resized\"><img loading=\"lazy\" decoding=\"async\" width=\"122\" height=\"284\" src=\"https:\/\/www.procoiffure.com\/blog\/wp-content\/uploads\/2025\/10\/image-39.png\" alt=\"\" class=\"wp-image-4433\" style=\"width:65px;height:auto\"\/><\/figure>\n\n\n\n<p><strong>Produit recommand\u00e9 :<\/strong> <a href=\"https:\/\/www.procoiffure.com\/shampoing-tonifiant-s3-men-stories-250ml\">Shampooing Tonifiant S3 Men Stories <\/a><\/p>\n<\/div>\n\n\n\n<p><em>\u2192 Con\u00e7u pour stimuler la microcirculation et renforcer la fibre capillaire, ce shampooing redonne vitalit\u00e9 et volume aux cheveux affaiblis. Son action tonifiante aide \u00e0 maintenir un cuir chevelu sain et r\u00e9actif.<\/em><\/p>\n\n\n\n<div class=\"wp-block-group is-nowrap is-layout-flex wp-container-core-group-is-layout-6c531013 wp-block-group-is-layout-flex\">\n<figure class=\"wp-block-image size-full is-resized\"><img loading=\"lazy\" decoding=\"async\" width=\"136\" height=\"332\" src=\"https:\/\/www.procoiffure.com\/blog\/wp-content\/uploads\/2025\/10\/image-25.png\" alt=\"\" class=\"wp-image-4414\" style=\"width:65px;height:auto\" srcset=\"https:\/\/www.procoiffure.com\/blog\/wp-content\/uploads\/2025\/10\/image-25.png 136w, https:\/\/www.procoiffure.com\/blog\/wp-content\/uploads\/2025\/10\/image-25-123x300.png 123w\" sizes=\"(max-width: 136px) 100vw, 136px\" \/><\/figure>\n\n\n\n<p><strong>Produit recommand\u00e9 :<\/strong> <a href=\"https:\/\/www.procoiffure.com\/lotion-spray-detoxifiante-n208-depot-100ml\">Lotion Spray D\u00e9toxifiante N\u00b0208 Depot<\/a><\/p>\n<\/div>\n\n\n\n<p><em>\u2192 Purifie et rafra\u00eechit le cuir chevelu. Son action d\u00e9toxifiante lib\u00e8re les racines et am\u00e9liore la p\u00e9n\u00e9tration des soins fortifiants.<\/em><\/p>\n\n\n\n<div class=\"wp-block-group is-nowrap is-layout-flex wp-container-core-group-is-layout-6c531013 wp-block-group-is-layout-flex\">\n<figure class=\"wp-block-image size-full is-resized\"><img loading=\"lazy\" decoding=\"async\" width=\"151\" height=\"209\" src=\"https:\/\/www.procoiffure.com\/blog\/wp-content\/uploads\/2025\/10\/image-26.png\" alt=\"\" class=\"wp-image-4415\" style=\"width:90px\"\/><\/figure>\n\n\n\n<p><strong>Produit recommand\u00e9 :<\/strong> <a href=\"https:\/\/www.procoiffure.com\/n204-huile-traitement-capillaire-30-ml\">Huile Traitement Capillaire N\u00b0204 Depot<\/a><\/p>\n<\/div>\n\n\n\n<p><em>\u2192 Nourrit le cuir chevelu, apporte souplesse et protection \u00e0 la fibre. S\u2019applique en massage pour activer la circulation.<\/em><\/p>\n\n\n\n<div class=\"wp-block-group is-nowrap is-layout-flex wp-container-core-group-is-layout-6c531013 wp-block-group-is-layout-flex\">\n<figure class=\"wp-block-image size-full is-resized\"><img loading=\"lazy\" decoding=\"async\" width=\"319\" height=\"258\" src=\"https:\/\/www.procoiffure.com\/blog\/wp-content\/uploads\/2025\/10\/image-27.png\" alt=\"\" class=\"wp-image-4416\" style=\"width:206px;height:auto\" srcset=\"https:\/\/www.procoiffure.com\/blog\/wp-content\/uploads\/2025\/10\/image-27.png 319w, https:\/\/www.procoiffure.com\/blog\/wp-content\/uploads\/2025\/10\/image-27-300x243.png 300w\" sizes=\"(max-width: 319px) 100vw, 319px\" \/><\/figure>\n\n\n\n<p><strong>Produit recommand\u00e9 :<\/strong> <a href=\"https:\/\/www.procoiffure.com\/nioxin-kit-system-n1\">Nioxin Kit System N\u00b01<\/a><\/p>\n<\/div>\n\n\n\n<p><em>\u2192 Programme professionnel complet pour cheveux normaux \u00e0 fins, con\u00e7u pour renforcer la fibre et stimuler la repousse.<\/em><\/p>\n\n\n\n<p>Une routine anti-chute r\u00e9guli\u00e8re ne se limite pas \u00e0 contrer la perte. Elle redonne vitalit\u00e9 au cuir chevelu et densit\u00e9 \u00e0 la chevelure. La constance du soin, la pr\u00e9cision du massage et la s\u00e9lection de produits adapt\u00e9s sont les cl\u00e9s d\u2019un r\u00e9sultat durable.<\/p>\n\n\n\n<h2 class=\"wp-block-heading\">#4- Barbe &amp; Rasage : pr\u00e9cision, confort et discipline<\/h2>\n\n\n\n<p>Entretenir sa barbe n\u2019est plus une simple question d\u2019esth\u00e9tique. C\u2019est un acte de soin \u00e0 part enti\u00e8re qui participe \u00e0 l\u2019\u00e9quilibre de la peau et au confort quotidien. Une barbe bien entretenue refl\u00e8te la pr\u00e9cision du geste et le respect du visage. Le rituel id\u00e9al associe trois \u00e9tapes : nettoyer, pr\u00e9parer et nourrir.<\/p>\n\n\n\n<h3 class=\"wp-block-heading\">a. Nettoyer et adoucir la barbe<\/h3>\n\n\n\n<p>Le nettoyage de la barbe est une \u00e9tape essentielle. Il \u00e9limine les impuret\u00e9s, la pollution et les r\u00e9sidus de soins coiffants qui peuvent irriter la peau. Un produit inadapt\u00e9, comme un shampooing pour cheveux, a tendance \u00e0 dess\u00e9cher la fibre et \u00e0 provoquer des d\u00e9mangeaisons.<\/p>\n\n\n\n<div class=\"wp-block-group is-nowrap is-layout-flex wp-container-core-group-is-layout-6c531013 wp-block-group-is-layout-flex\">\n<figure class=\"wp-block-image size-full is-resized\"><img loading=\"lazy\" decoding=\"async\" width=\"113\" height=\"229\" src=\"https:\/\/www.procoiffure.com\/blog\/wp-content\/uploads\/2025\/10\/image-28.png\" alt=\"\" class=\"wp-image-4418\" style=\"width:68px;height:auto\"\/><\/figure>\n\n\n\n<p><strong>Produit recommand\u00e9 :<\/strong> <a href=\"https:\/\/www.procoiffure.com\/n501-shampooing-barbe-hydratant-purifiant-250-ml\">Shampooing Barbe Hydratant Purifiant N\u00b0501 Depot<\/a><\/p>\n<\/div>\n\n\n\n<p><em>\u2192 Ce soin nettoie la barbe tout en douceur, hydrate la peau sous-jacente et laisse le poil souple et brillant. Id\u00e9al pour un usage quotidien.<\/em><\/p>\n\n\n\n<div class=\"wp-block-group is-nowrap is-layout-flex wp-container-core-group-is-layout-6c531013 wp-block-group-is-layout-flex\">\n<figure class=\"wp-block-image size-full is-resized\"><img loading=\"lazy\" decoding=\"async\" width=\"85\" height=\"312\" src=\"https:\/\/www.procoiffure.com\/blog\/wp-content\/uploads\/2025\/10\/image-40.png\" alt=\"\" class=\"wp-image-4434\" style=\"width:40px\" srcset=\"https:\/\/www.procoiffure.com\/blog\/wp-content\/uploads\/2025\/10\/image-40.png 85w, https:\/\/www.procoiffure.com\/blog\/wp-content\/uploads\/2025\/10\/image-40-82x300.png 82w\" sizes=\"(max-width: 85px) 100vw, 85px\" \/><\/figure>\n\n\n\n<p><strong>Produit recommand\u00e9 :<\/strong><a href=\"https:\/\/www.procoiffure.com\/spray-barbe-b1-men-stories-150ml\"> Spray Barbe B1 Men Stories<\/a><\/p>\n<\/div>\n\n\n\n<p><em>\u2192 Rafra\u00eechit la barbe, purifie le poil et neutralise les odeurs sans alourdir. Id\u00e9al pour un effet tonique entre deux nettoyages, surtout en p\u00e9riode chaude ou apr\u00e8s le sport.<\/em><\/p>\n\n\n\n<p>Pour un entretien rapide et sensoriel, les barbes plus courtes ou clairsem\u00e9es appr\u00e9cieront une mousse nettoyante.<\/p>\n\n\n\n<div class=\"wp-block-group is-nowrap is-layout-flex wp-container-core-group-is-layout-6c531013 wp-block-group-is-layout-flex\">\n<figure class=\"wp-block-image size-full is-resized\"><img loading=\"lazy\" decoding=\"async\" width=\"103\" height=\"321\" src=\"https:\/\/www.procoiffure.com\/blog\/wp-content\/uploads\/2025\/10\/image-29.png\" alt=\"\" class=\"wp-image-4419\" style=\"width:40px\" srcset=\"https:\/\/www.procoiffure.com\/blog\/wp-content\/uploads\/2025\/10\/image-29.png 103w, https:\/\/www.procoiffure.com\/blog\/wp-content\/uploads\/2025\/10\/image-29-96x300.png 96w\" sizes=\"(max-width: 103px) 100vw, 103px\" \/><\/figure>\n\n\n\n<p><strong>Produit recommand\u00e9 :<\/strong><a href=\"https:\/\/www.procoiffure.com\/mousse-nettoyante-n508-barbe-et-moustache-depot-100ml\"> Mousse Nettoyante N\u00b0508 Barbe et Moustache Depot<\/a><\/p>\n<\/div>\n\n\n\n<p><em>\u2192 Sa texture l\u00e9g\u00e8re purifie sans irriter et procure une sensation de fra\u00eecheur imm\u00e9diate.<\/em><\/p>\n\n\n\n<h3 class=\"wp-block-heading\">b. Pr\u00e9parer et prot\u00e9ger le rasage<\/h3>\n\n\n\n<p>Un rasage r\u00e9ussi d\u00e9pend autant de la qualit\u00e9 de la lame que de la pr\u00e9paration de la peau. L\u2019objectif est de ramollir le poil et de cr\u00e9er une fine barri\u00e8re protectrice pour \u00e9viter les microcoupures et les irritations.<\/p>\n\n\n\n<div class=\"wp-block-group is-nowrap is-layout-flex wp-container-core-group-is-layout-6c531013 wp-block-group-is-layout-flex\">\n<figure class=\"wp-block-image size-full is-resized\"><img loading=\"lazy\" decoding=\"async\" width=\"131\" height=\"176\" src=\"https:\/\/www.procoiffure.com\/blog\/wp-content\/uploads\/2025\/10\/image-30.png\" alt=\"\" class=\"wp-image-4420\" style=\"width:60px\"\/><\/figure>\n\n\n\n<p><strong>Produit recommand\u00e9 :<\/strong> <a href=\"https:\/\/www.procoiffure.com\/huile-pre-rasage-et-adoucissante-black-pepper-30ml\">Huile Avant-Rasage Adoucissante Black Pepper<\/a><\/p>\n<\/div>\n\n\n\n<p><em>\u2192 Elle adoucit le poil, assouplit la peau et facilite la glisse du rasoir. Id\u00e9ale pour les peaux sensibles.<\/em><\/p>\n\n\n\n<div class=\"wp-block-group is-nowrap is-layout-flex wp-container-core-group-is-layout-6c531013 wp-block-group-is-layout-flex\">\n<figure class=\"wp-block-image size-full is-resized\"><img loading=\"lazy\" decoding=\"async\" width=\"118\" height=\"275\" src=\"https:\/\/www.procoiffure.com\/blog\/wp-content\/uploads\/2025\/10\/image-41.png\" alt=\"\" class=\"wp-image-4435\" style=\"width:60px\"\/><\/figure>\n\n\n\n<p><strong>Produit recommand\u00e9 :<\/strong><a href=\"https:\/\/www.procoiffure.com\/gel-de-rasage-b3-men-stories-250ml\"> Gel de Rasage B3 Men Stories<\/a><\/p>\n<\/div>\n\n\n\n<p><em>\u2192 Sa texture transparente permet un rasage pr\u00e9cis et confortable. Il adoucit la peau, limite les irritations et laisse une sensation de fra\u00eecheur imm\u00e9diate.<\/em><\/p>\n\n\n\n<p>Pour les barbes plus denses ou les peaux tr\u00e8s r\u00e9actives, on peut opter pour une cr\u00e8me ou un gel non moussant.<br><\/p>\n\n\n\n<p><strong>Produit recommand\u00e9 :<\/strong><a href=\"https:\/\/www.procoiffure.com\/n406-gel-de-rasage-non-moussant-100-ml\"> Gel de Rasage Non Moussant N\u00b0406 Depot<\/a><\/p>\n\n\n\n<figure class=\"wp-block-image size-full is-resized\"><img loading=\"lazy\" decoding=\"async\" width=\"89\" height=\"197\" src=\"https:\/\/www.procoiffure.com\/blog\/wp-content\/uploads\/2025\/10\/image-31.png\" alt=\"\" class=\"wp-image-4421\" style=\"width:50px\"\/><\/figure>\n\n\n\n<p><em>\u2192 Permet un rasage de pr\u00e9cision tout en hydratant la peau. Sa transparence facilite les contours nets et pr\u00e9cis.<\/em><\/p>\n\n\n\n<h3 class=\"wp-block-heading\">c. Nourrir, discipliner et sublimer la barbe<\/h3>\n\n\n\n<p>Une fois propre et taill\u00e9e, la barbe a besoin d\u2019\u00eatre nourrie et assouplie. Une huile adapt\u00e9e permet de pr\u00e9venir les irritations, d\u2019\u00e9viter les poils cassants et d\u2019apporter de la brillance sans alourdir.<\/p>\n\n\n\n<div class=\"wp-block-group is-nowrap is-layout-flex wp-container-core-group-is-layout-6c531013 wp-block-group-is-layout-flex\">\n<figure class=\"wp-block-image size-full is-resized\"><img loading=\"lazy\" decoding=\"async\" width=\"204\" height=\"280\" src=\"https:\/\/www.procoiffure.com\/blog\/wp-content\/uploads\/2025\/10\/image-32.png\" alt=\"\" class=\"wp-image-4422\" style=\"width:60px\"\/><\/figure>\n\n\n\n<p><strong>Produit recommand\u00e9 :<\/strong> <a href=\"https:\/\/www.procoiffure.com\/huile-de-barbe-revitalisante-n505-depot-30ml\">Huile de Barbe Revitalisante N\u00b0505 Depot<\/a><\/p>\n<\/div>\n\n\n\n<p><em>\u2192 Revitalise le poil, hydrate la peau et laisse un fini soyeux au toucher. Son parfum bois\u00e9 discret en fait un soin agr\u00e9able au quotidien<\/em><\/p>\n\n\n\n<div class=\"wp-block-group is-nowrap is-layout-flex wp-container-core-group-is-layout-6c531013 wp-block-group-is-layout-flex\">\n<figure class=\"wp-block-image size-full is-resized\"><img loading=\"lazy\" decoding=\"async\" width=\"98\" height=\"270\" src=\"https:\/\/www.procoiffure.com\/blog\/wp-content\/uploads\/2025\/10\/image-44.png\" alt=\"\" class=\"wp-image-4438\" style=\"width:50px\"\/><\/figure>\n\n\n\n<p><strong>Produit recommand\u00e9 :<\/strong> <a href=\"https:\/\/www.procoiffure.com\/serum-barbe-b2-men-stories-100ml?utm_source=chatgpt.com\">S\u00e9rum Barbe B2 Men Stories <\/a><\/p>\n<\/div>\n\n\n\n<p>\u2192 Hydrate la peau sous la barbe, assouplit le poil et facilite le coiffage. Sa texture l\u00e9g\u00e8re p\u00e9n\u00e8tre rapidement sans effet gras.<\/p>\n\n\n\n<div class=\"wp-block-group is-nowrap is-layout-flex wp-container-core-group-is-layout-6c531013 wp-block-group-is-layout-flex\">\n<figure class=\"wp-block-image size-full is-resized\"><img loading=\"lazy\" decoding=\"async\" width=\"118\" height=\"269\" src=\"https:\/\/www.procoiffure.com\/blog\/wp-content\/uploads\/2025\/10\/image-43.png\" alt=\"\" class=\"wp-image-4437\" style=\"width:60px\"\/><\/figure>\n\n\n\n<p><strong>Produit recommand\u00e9 :<\/strong> <a href=\"https:\/\/www.procoiffure.com\/baume-barbe-b5-men-stories-250ml\">Baume Barbe B5 Men Stories<\/a><\/p>\n<\/div>\n\n\n\n<p>\u2192 Nourrit en profondeur et apporte de la structure. Il adoucit la barbe tout en laissant un fini disciplin\u00e9 et propre.<\/p>\n\n\n\n<div class=\"wp-block-group is-nowrap is-layout-flex wp-container-core-group-is-layout-6c531013 wp-block-group-is-layout-flex\">\n<figure class=\"wp-block-image size-full is-resized\"><img loading=\"lazy\" decoding=\"async\" width=\"105\" height=\"269\" src=\"https:\/\/www.procoiffure.com\/blog\/wp-content\/uploads\/2025\/10\/image-42.png\" alt=\"\" class=\"wp-image-4436\" style=\"width:60px\"\/><\/figure>\n\n\n\n<p><strong>Produit recommand\u00e9 :<\/strong> <a href=\"https:\/\/www.procoiffure.com\/creme-de-jour-barbe-et-cheveux-b6-men-stories-100ml\">Cr\u00e8me de Jour Barbe et Cheveux B6 Men Stories<\/a><\/p>\n<\/div>\n\n\n\n<p>\u2192 Soin hybride pour barbe et pointes de cheveux. Il hydrate, prot\u00e8ge et redonne de la brillance naturelle aux zones s\u00e8ches.<\/p>\n\n\n\n<h3 class=\"wp-block-heading\">d. Les bonnes pratiques<\/h3>\n\n\n\n<ul class=\"wp-block-list\">\n<li>Laver la barbe une \u00e0 deux fois par semaine, selon la longueur et le type de peau.<\/li>\n\n\n\n<li>Toujours hydrater apr\u00e8s le rasage pour \u00e9viter le dess\u00e8chement.<\/li>\n\n\n\n<li>Masser quelques gouttes d\u2019huile entre les mains avant de l\u2019appliquer uniform\u00e9ment, de la racine jusqu\u2019aux pointes.<\/li>\n\n\n\n<li>Peigner ou brosser la barbe quotidiennement pour stimuler la microcirculation et r\u00e9partir les soins.<\/li>\n<\/ul>\n\n\n\n<p>Entretenue r\u00e9guli\u00e8rement, la barbe devient un signe d\u2019\u00e9l\u00e9gance ma\u00eetris\u00e9e. Une peau apais\u00e9e, un poil souple et un contour net traduisent la rigueur et la pr\u00e9cision du geste. Le soin de la barbe est, au m\u00eame titre que celui du visage ou des cheveux, une composante essentielle du self care masculin.<\/p>\n\n\n\n<h2 class=\"wp-block-heading\">#5- Corps &amp; Bien-\u00eatre : prolonger la coh\u00e9rence du soin<\/h2>\n\n\n\n<p>Le self care masculin ne s\u2019arr\u00eate pas au visage ou aux cheveux. Le soin du corps participe \u00e0 l\u2019\u00e9quilibre g\u00e9n\u00e9ral, \u00e0 la sensation de propret\u00e9 et au maintien du tonus.<br>Prendre soin de soi, c\u2019est aussi accorder une attention \u00e0 la peau, \u00e0 l\u2019hygi\u00e8ne et aux gestes qui procurent bien-\u00eatre et vitalit\u00e9.<\/p>\n\n\n\n<h3 class=\"wp-block-heading\">a. Nettoyer et hydrater<\/h3>\n\n\n\n<p>La peau du corps masculin est souvent plus \u00e9paisse, plus sujette \u00e0 la transpiration et expos\u00e9e aux frottements. Le nettoyage doit donc \u00e9liminer les impuret\u00e9s sans alt\u00e9rer le film hydrolipidique naturel. Les gels douche professionnels privil\u00e9gient des formules \u00e0 pH \u00e9quilibr\u00e9 et des textures l\u00e9g\u00e8res qui laissent la peau propre, souple et fra\u00eeche.<\/p>\n\n\n\n<div class=\"wp-block-group is-nowrap is-layout-flex wp-container-core-group-is-layout-6c531013 wp-block-group-is-layout-flex\">\n<figure class=\"wp-block-image size-full is-resized\"><img loading=\"lazy\" decoding=\"async\" width=\"208\" height=\"435\" src=\"https:\/\/www.procoiffure.com\/blog\/wp-content\/uploads\/2025\/10\/image-33.png\" alt=\"\" class=\"wp-image-4426\" style=\"width:70px;height:auto\" srcset=\"https:\/\/www.procoiffure.com\/blog\/wp-content\/uploads\/2025\/10\/image-33.png 208w, https:\/\/www.procoiffure.com\/blog\/wp-content\/uploads\/2025\/10\/image-33-143x300.png 143w\" sizes=\"(max-width: 208px) 100vw, 208px\" \/><\/figure>\n\n\n\n<p><strong>Produit recommand\u00e9 :<\/strong> <a href=\"https:\/\/www.procoiffure.com\/gel-douche-homme-corps-et-cheveux-peggy-sage-200ml\">Gel Douche Homme Corps et Cheveux Peggy Sage<\/a><\/p>\n<\/div>\n\n\n\n<p><em>\u2192 Id\u00e9al pour une routine rapide. Sa mousse fine purifie la peau tout en respectant la fibre capillaire.<\/em><\/p>\n\n\n\n<div class=\"wp-block-group is-nowrap is-layout-flex wp-container-core-group-is-layout-6c531013 wp-block-group-is-layout-flex\">\n<figure class=\"wp-block-image size-full is-resized\"><img loading=\"lazy\" decoding=\"async\" width=\"136\" height=\"264\" src=\"https:\/\/www.procoiffure.com\/blog\/wp-content\/uploads\/2025\/10\/image-34.png\" alt=\"\" class=\"wp-image-4427\" style=\"width:77px;height:auto\"\/><\/figure>\n\n\n\n<p><strong>Produit recommand\u00e9 :<\/strong> <a href=\"https:\/\/www.procoiffure.com\/n601-gel-douche-dark-tea-250-ml\">Gel Douche Dark Tea N\u00b0601 Depot<\/a><\/p>\n<\/div>\n\n\n\n<p><em>\u2192 Un gel douche \u00e0 la fragrance raffin\u00e9e, qui nettoie et tonifie la peau en un seul geste.<\/em><\/p>\n\n\n\n<div class=\"wp-block-group is-nowrap is-layout-flex wp-container-core-group-is-layout-6c531013 wp-block-group-is-layout-flex\">\n<figure class=\"wp-block-image size-full is-resized\"><img loading=\"lazy\" decoding=\"async\" width=\"107\" height=\"253\" src=\"https:\/\/www.procoiffure.com\/blog\/wp-content\/uploads\/2025\/10\/image-45.png\" alt=\"\" class=\"wp-image-4439\" style=\"width:72px;height:auto\"\/><\/figure>\n\n\n\n<p><strong>Produit recommand\u00e9 :<\/strong><a href=\"https:\/\/www.procoiffure.com\/shampoing-3en1-s1-men-stories-100ml\"> Shampooing 3 en 1 S1 Men Stories<\/a><\/p>\n<\/div>\n\n\n\n<p><em>\u2192 Nettoyant complet pour le corps, les cheveux et la barbe. Sa mousse onctueuse purifie la peau sans la dess\u00e9cher et laisse une fragrance fra\u00eeche et masculine.<\/em><\/p>\n\n\n\n<h3 class=\"wp-block-heading\">b. Hydrater et apaiser<\/h3>\n\n\n\n<p>Apr\u00e8s la douche, la peau masculine a besoin d\u2019un soin hydratant l\u00e9ger pour maintenir son \u00e9quilibre. Une lotion fluide ou un spray corporel suffit \u00e0 restaurer le confort cutan\u00e9 et \u00e0 pr\u00e9venir les tiraillements.<\/p>\n\n\n\n<div class=\"wp-block-group is-nowrap is-layout-flex wp-container-core-group-is-layout-6c531013 wp-block-group-is-layout-flex\">\n<figure class=\"wp-block-image size-full is-resized\"><img loading=\"lazy\" decoding=\"async\" width=\"143\" height=\"353\" src=\"https:\/\/www.procoiffure.com\/blog\/wp-content\/uploads\/2025\/10\/image-35.png\" alt=\"\" class=\"wp-image-4428\" style=\"width:75px;height:auto\" srcset=\"https:\/\/www.procoiffure.com\/blog\/wp-content\/uploads\/2025\/10\/image-35.png 143w, https:\/\/www.procoiffure.com\/blog\/wp-content\/uploads\/2025\/10\/image-35-122x300.png 122w\" sizes=\"(max-width: 143px) 100vw, 143px\" \/><\/figure>\n\n\n\n<p><strong>Produit recommand\u00e9 :<\/strong><a href=\"https:\/\/www.procoiffure.com\/lotion-fluide-polyvalente-n815-depot-200ml\"> Lotion Fluide Polyvalente N\u00b0815 Depot<\/a><\/p>\n<\/div>\n\n\n\n<p><em>\u2192 Multi-usage, cette lotion adoucit la peau, tonifie le cuir chevelu et rafra\u00eechit le visage. Un soin pratique et complet pour l\u2019homme actif.<\/em><\/p>\n\n\n\n<p>Les zones fragiles comme les aisselles n\u00e9cessitent aussi une attention particuli\u00e8re.<\/p>\n\n\n\n<div class=\"wp-block-group is-nowrap is-layout-flex wp-container-core-group-is-layout-6c531013 wp-block-group-is-layout-flex\">\n<figure class=\"wp-block-image size-full is-resized\"><img loading=\"lazy\" decoding=\"async\" width=\"217\" height=\"365\" src=\"https:\/\/www.procoiffure.com\/blog\/wp-content\/uploads\/2025\/10\/image-36.png\" alt=\"\" class=\"wp-image-4429\" style=\"width:63px;height:auto\" srcset=\"https:\/\/www.procoiffure.com\/blog\/wp-content\/uploads\/2025\/10\/image-36.png 217w, https:\/\/www.procoiffure.com\/blog\/wp-content\/uploads\/2025\/10\/image-36-178x300.png 178w\" sizes=\"(max-width: 217px) 100vw, 217px\" \/><\/figure>\n\n\n\n<p><strong>Produit recommand\u00e9 :<\/strong> <a href=\"https:\/\/www.procoiffure.com\/deodorant-roll-on-homme-peggy-sage-50ml\">D\u00e9odorant Roll-On Homme Peggy Sage <\/a><\/p>\n<\/div>\n\n\n\n<p><em>\u2192 Prot\u00e8ge efficacement sans irriter. Sa formule douce garantit une sensation de fra\u00eecheur tout au long de la journ\u00e9e. <\/em><\/p>\n\n\n\n<h3 class=\"wp-block-heading\">c. R\u00e9veiller l\u2019\u00e9nergie et le tonus<\/h3>\n\n\n\n<p>Le bien-\u00eatre passe aussi par la stimulation des sens. Un parfum frais ou une fragrance bois\u00e9e prolonge la sensation de propret\u00e9 et donne une dimension \u00e9l\u00e9gante au rituel quotidien.<\/p>\n\n\n\n<div class=\"wp-block-group is-nowrap is-layout-flex wp-container-core-group-is-layout-6c531013 wp-block-group-is-layout-flex\">\n<figure class=\"wp-block-image size-full is-resized\"><img loading=\"lazy\" decoding=\"async\" width=\"137\" height=\"270\" src=\"https:\/\/www.procoiffure.com\/blog\/wp-content\/uploads\/2025\/10\/image-37.png\" alt=\"\" class=\"wp-image-4430\" style=\"width:90px\"\/><\/figure>\n\n\n\n<p><strong>Produit recommand\u00e9 :<\/strong> <a href=\"https:\/\/www.procoiffure.com\/n203-parfum-rafraichissant-pour-cuir-chevelu-et-cheveux-20-ml\">Parfum Rafra\u00eechissant pour Cuir Chevelu et Cheveux N\u00b0203 Depot<\/a><\/p>\n<\/div>\n\n\n\n<p><em>\u2192 Revitalise, d\u00e9sodorise et procure une agr\u00e9able sensation de l\u00e9g\u00e8ret\u00e9 apr\u00e8s le sport ou en d\u00e9placement.<\/em><\/p>\n\n\n\n<h3 class=\"wp-block-heading\">d. L\u2019\u00e9quilibre comme ligne de conduite<\/h3>\n\n\n\n<p>Prendre soin de son corps, c\u2019est aussi adopter une hygi\u00e8ne coh\u00e9rente : des gestes simples, r\u00e9guliers et adapt\u00e9s.<br>Un bon gel douche, une hydratation l\u00e9g\u00e8re et un parfum ma\u00eetris\u00e9 suffisent \u00e0 entretenir la peau, r\u00e9guler la transpiration et pr\u00e9server la vitalit\u00e9.<br>Le self care masculin repose sur cette id\u00e9e d\u2019\u00e9quilibre : se sentir bien dans sa peau sans exc\u00e8s, avec des produits efficaces, sobres et agr\u00e9ables \u00e0 utiliser.<\/p>\n\n\n\n<h2 class=\"wp-block-heading\">Routine compl\u00e8te : les essentiels du self care masculin<\/h2>\n\n\n\n<p><\/p>\n\n\n\n<div class=\"wp-block-group is-content-justification-left is-layout-constrained wp-container-core-group-is-layout-12dd3699 wp-block-group-is-layout-constrained\">\n<h3 class=\"wp-block-heading\"><strong># &#8211; Matin :<\/strong><\/h3>\n\n\n\n<figure class=\"wp-block-table alignwide is-style-regular has-small-font-size\"><table class=\"has-fixed-layout\"><tbody><tr><td><strong>Nettoyage + hydratation visage<\/strong><\/td><td>Nettoyer, purifier, hydrater<\/td><td><a href=\"https:\/\/www.procoiffure.com\/gel-nettoyant-visage-quotidien-n801-depot-200ml\">Gel Nettoyant Visage N\u00b0801 Depot<\/a><br><a href=\"https:\/\/www.procoiffure.com\/creme-hydratante-visage-n803-depot-65ml\">Cr\u00e8me Hydratante Visage N\u00b0803 Depot<\/a><\/td><\/tr><tr><td><strong>Apr\u00e8s-rasage \/ barbe<\/strong><\/td><td>Rasage doux, apaisement, hydratation<\/td><td><a href=\"https:\/\/www.procoiffure.com\/huile-pre-rasage-et-adoucissante-black-pepper-30ml\">Huile Avant-Rasage Black Pepper<\/a><br><a href=\"https:\/\/www.procoiffure.com\/fluide-apres-rasage-apaisant-peggy-sage-100ml\">Fluide Apr\u00e8s-Rasage Apaisant Peggy Sage<\/a><br><a>Gel de Rasage B3 Men Stories<\/a><\/td><\/tr><tr><td><strong>Cheveux<\/strong><\/td><td>Lavage \u00e9quilibrant, stimulation, vitalit\u00e9<\/td><td><a href=\"https:\/\/www.procoiffure.com\/shampooing-energisant-n105-depot-250ml\">Shampooing \u00c9nergisant N\u00b0105 Depot<\/a><br><a>Shampooing Tonifiant S3 Men Stories<\/a><\/td><\/tr><tr><td><strong>Soins cibl\u00e9s<\/strong><\/td><td>Renforcement, densit\u00e9, pr\u00e9vention chute<\/td><td><a href=\"https:\/\/www.procoiffure.com\/traitement-energisant-chute-de-cheveux-n205-depot-100ml\">Traitement \u00c9nergisant Chute de Cheveux N\u00b0205 Depot<\/a><br><a href=\"https:\/\/www.procoiffure.com\/serum-densifiant-serioxyl-advanced-serie-expert-90ml\">S\u00e9rum Densifiant Serioxyl Advanced<\/a><\/td><\/tr><tr><td><strong>Corps<\/strong><\/td><td>Nettoyage et fra\u00eecheur<\/td><td><a href=\"https:\/\/www.procoiffure.com\/gel-douche-homme-nashi-argan-200ml\">Gel Douche Homme Nashi Argan<\/a><br><a href=\"https:\/\/www.procoiffure.com\/n601-gel-douche-dark-tea-250-ml\">Gel Douche N\u00b0601 Dark Tea Depot<\/a><br><a>Shampooing 3 en 1 S1 Men Stories<\/a><br><a href=\"https:\/\/www.procoiffure.com\/deodorant-roll-on-homme-peggy-sage-50ml\">D\u00e9odorant Roll-On Homme Peggy Sage<\/a><\/td><\/tr><\/tbody><\/table><\/figure>\n<\/div>\n\n\n\n<h3 class=\"wp-block-heading\"><strong># &#8211; Soir :<\/strong><\/h3>\n\n\n\n<figure class=\"wp-block-table has-small-font-size\"><table class=\"has-fixed-layout\"><tbody><tr><td><strong>Hydratation et d\u00e9connexion   <\/strong><\/td><td>R\u00e9g\u00e9n\u00e9ration, r\u00e9cup\u00e9ration, confort       <\/td><td><a href=\"https:\/\/www.procoiffure.com\/creme-visage-de-nuit-ultra-hydratante-n809-depot-50ml\">Cr\u00e8me Visage de Nuit Ultra Hydratante N\u00b0809 Depot<\/a><br><a href=\"https:\/\/www.procoiffure.com\/love-gummies-vitamines-cheveux-myriam-k-boite-de-60\">Love Gummies Vitamines Cheveux Myriam K<\/a><\/td><\/tr><tr><td><strong>Barbe et cheveux<\/strong><\/td><td>Nutrition, discipline, souplesse<\/td><td><a href=\"https:\/\/www.procoiffure.com\/huile-de-barbe-revitalisante-n505-depot-30ml\">Huile de Barbe Revitalisante N\u00b0505 Depot<\/a><br><a>S\u00e9rum Barbe B2 Men Stories<\/a><br><a>Cr\u00e8me de Jour Barbe et Cheveux B6 Men Stories<\/a><\/td><\/tr><\/tbody><\/table><\/figure>\n\n\n\n<p><\/p>\n\n\n\n<h2 class=\"wp-block-heading\">Les nouvelles r\u00e8gles du self care masculin<\/h2>\n\n\n\n<ol class=\"wp-block-list\">\n<li>R\u00e9gularit\u00e9 avant quantit\u00e9 : un produit bien choisi utilis\u00e9 chaque jour vaut mieux qu\u2019une collection oubli\u00e9e.<\/li>\n\n\n\n<li>Compatibilit\u00e9 des textures : \u00e9viter de superposer des formules trop riches ou parfum\u00e9es.<\/li>\n\n\n\n<li>Respect du cuir chevelu et de la peau : choisir des produits professionnels sans exc\u00e8s d\u2019alcool ni sulfates agressifs.<\/li>\n\n\n\n<li>Rituel global : int\u00e9grer le soin dans le rythme de vie : sommeil, alimentation, gestion du stress.<\/li>\n<\/ol>\n\n\n\n<h2 class=\"wp-block-heading\">Conclusion<\/h2>\n\n\n\n<p>La routine self care au masculin s\u2019impose comme un <strong>rituel de coh\u00e9rence<\/strong> : du visage au cuir chevelu, de la barbe au parfum, chaque geste exprime la ma\u00eetrise et le respect de soi.<br><a href=\"http:\/\/procoiffure.fr\">Pro Coiffure Esth\u00e9tique<\/a> accompagne cette \u00e9volution en proposant des <strong>produits professionnels<\/strong>, performants et agr\u00e9ables, qui font du soin un acte simple, pr\u00e9cis et durable.<\/p>\n\n\n\n<p><\/p>\n\n\n\n<blockquote class=\"wp-block-quote is-layout-flow wp-block-quote-is-layout-flow\">\n<h4 class=\"wp-block-heading\"><em>Le self care masculin n\u2019est pas une tendance : c\u2019est une hygi\u00e8ne de vie, une constance, une force.<\/em><\/h4>\n<\/blockquote>\n\n\n\n<p><\/p>\n","protected":false},"excerpt":{"rendered":"<p>Les nouvelles bases du self care masculin Prendre soin de soi n\u2019est plus un r\u00e9flexe esth\u00e9tique, mais une d\u00e9marche d\u2019\u00e9quilibre. Chez l\u2019homme, le self care s\u2019appuie sur trois principes essentiels : l\u2019efficacit\u00e9, la r\u00e9gularit\u00e9 et la simplicit\u00e9 des gestes. L\u2019objectif n\u2019est pas de multiplier les produits, mais de choisir des soins adapt\u00e9s, pens\u00e9s pour la [&hellip;]<\/p>\n","protected":false},"author":4,"featured_media":4424,"comment_status":"open","ping_status":"open","sticky":false,"template":"","format":"standard","meta":{"_jetpack_memberships_contains_paid_content":false,"footnotes":""},"categories":[17,255],"tags":[22,23,200,52],"class_list":["post-4362","post","type-post","status-publish","format-standard","has-post-thumbnail","hentry","category-conseils","category-homme","tag-cheveux","tag-conseils","tag-hydratation","tag-soin"],"yoast_head":"<!-- This site is optimized with the Yoast SEO plugin v27.2 - https:\/\/yoast.com\/product\/yoast-seo-wordpress\/ -->\n<title>Routine Self Care homme | Pro Coiffure Esth\u00e9tique<\/title>\n<meta name=\"description\" content=\"Routine Self Care compl\u00e8te : soins visage, shampooings anti-chute, produits barbe et corps. Des formules s\u00e9lectionn\u00e9es pour un rituel efficace.\" \/>\n<meta name=\"robots\" content=\"index, follow, max-snippet:-1, max-image-preview:large, max-video-preview:-1\" \/>\n<link rel=\"canonical\" href=\"https:\/\/www.procoiffure.com\/blog\/routine-self-care-homme\/\" \/>\n<meta property=\"og:locale\" content=\"fr_FR\" \/>\n<meta property=\"og:type\" content=\"article\" \/>\n<meta property=\"og:title\" content=\"Routine Self Care homme | Pro Coiffure Esth\u00e9tique\" \/>\n<meta property=\"og:description\" content=\"Routine Self Care compl\u00e8te : soins visage, shampooings anti-chute, produits barbe et corps. Des formules s\u00e9lectionn\u00e9es pour un rituel efficace.\" \/>\n<meta property=\"og:url\" content=\"https:\/\/www.procoiffure.com\/blog\/routine-self-care-homme\/\" \/>\n<meta property=\"og:site_name\" content=\"L&#039;actu beaut\u00e9 | Pro Coiffure Esht\u00e9tique\" \/>\n<meta property=\"article:published_time\" content=\"2025-10-07T14:51:50+00:00\" \/>\n<meta property=\"article:modified_time\" content=\"2025-10-07T15:31:51+00:00\" \/>\n<meta property=\"og:image\" content=\"https:\/\/www.procoiffure.com\/blog\/wp-content\/uploads\/2025\/10\/Routine-Self-Care-au-Masculin.png\" \/>\n\t<meta property=\"og:image:width\" content=\"1000\" \/>\n\t<meta property=\"og:image:height\" content=\"1000\" \/>\n\t<meta property=\"og:image:type\" content=\"image\/png\" \/>\n<meta name=\"author\" content=\"Elodie Soulier\" \/>\n<meta name=\"twitter:card\" content=\"summary_large_image\" \/>\n<meta name=\"twitter:label1\" content=\"\u00c9crit par\" \/>\n\t<meta name=\"twitter:data1\" content=\"Elodie Soulier\" \/>\n\t<meta name=\"twitter:label2\" content=\"Dur\u00e9e de lecture estim\u00e9e\" \/>\n\t<meta name=\"twitter:data2\" content=\"31 minutes\" \/>\n<script type=\"application\/ld+json\" class=\"yoast-schema-graph\">{\"@context\":\"https:\/\/schema.org\",\"@graph\":[{\"@type\":\"Article\",\"@id\":\"https:\/\/www.procoiffure.com\/blog\/routine-self-care-homme\/#article\",\"isPartOf\":{\"@id\":\"https:\/\/www.procoiffure.com\/blog\/routine-self-care-homme\/\"},\"author\":{\"name\":\"Elodie Soulier\",\"@id\":\"https:\/\/www.procoiffure.com\/blog\/#\/schema\/person\/1737ca6207ae0dec18ceab1195f285c8\"},\"headline\":\"Routine Self Care au Masculin : les nouvelles r\u00e8gles\",\"datePublished\":\"2025-10-07T14:51:50+00:00\",\"dateModified\":\"2025-10-07T15:31:51+00:00\",\"mainEntityOfPage\":{\"@id\":\"https:\/\/www.procoiffure.com\/blog\/routine-self-care-homme\/\"},\"wordCount\":4582,\"commentCount\":0,\"publisher\":{\"@id\":\"https:\/\/www.procoiffure.com\/blog\/#organization\"},\"image\":{\"@id\":\"https:\/\/www.procoiffure.com\/blog\/routine-self-care-homme\/#primaryimage\"},\"thumbnailUrl\":\"https:\/\/www.procoiffure.com\/blog\/wp-content\/uploads\/2025\/10\/Routine-Self-Care-au-Masculin.png\",\"keywords\":[\"cheveux\",\"conseils\",\"hydratation\",\"soin\"],\"articleSection\":[\"Conseils\",\"Homme\"],\"inLanguage\":\"fr-FR\",\"potentialAction\":[{\"@type\":\"CommentAction\",\"name\":\"Comment\",\"target\":[\"https:\/\/www.procoiffure.com\/blog\/routine-self-care-homme\/#respond\"]}]},{\"@type\":\"WebPage\",\"@id\":\"https:\/\/www.procoiffure.com\/blog\/routine-self-care-homme\/\",\"url\":\"https:\/\/www.procoiffure.com\/blog\/routine-self-care-homme\/\",\"name\":\"Routine Self Care homme | Pro Coiffure Esth\u00e9tique\",\"isPartOf\":{\"@id\":\"https:\/\/www.procoiffure.com\/blog\/#website\"},\"primaryImageOfPage\":{\"@id\":\"https:\/\/www.procoiffure.com\/blog\/routine-self-care-homme\/#primaryimage\"},\"image\":{\"@id\":\"https:\/\/www.procoiffure.com\/blog\/routine-self-care-homme\/#primaryimage\"},\"thumbnailUrl\":\"https:\/\/www.procoiffure.com\/blog\/wp-content\/uploads\/2025\/10\/Routine-Self-Care-au-Masculin.png\",\"datePublished\":\"2025-10-07T14:51:50+00:00\",\"dateModified\":\"2025-10-07T15:31:51+00:00\",\"description\":\"Routine Self Care compl\u00e8te : soins visage, shampooings anti-chute, produits barbe et corps. Des formules s\u00e9lectionn\u00e9es pour un rituel efficace.\",\"breadcrumb\":{\"@id\":\"https:\/\/www.procoiffure.com\/blog\/routine-self-care-homme\/#breadcrumb\"},\"inLanguage\":\"fr-FR\",\"potentialAction\":[{\"@type\":\"ReadAction\",\"target\":[\"https:\/\/www.procoiffure.com\/blog\/routine-self-care-homme\/\"]}]},{\"@type\":\"ImageObject\",\"inLanguage\":\"fr-FR\",\"@id\":\"https:\/\/www.procoiffure.com\/blog\/routine-self-care-homme\/#primaryimage\",\"url\":\"https:\/\/www.procoiffure.com\/blog\/wp-content\/uploads\/2025\/10\/Routine-Self-Care-au-Masculin.png\",\"contentUrl\":\"https:\/\/www.procoiffure.com\/blog\/wp-content\/uploads\/2025\/10\/Routine-Self-Care-au-Masculin.png\",\"width\":1000,\"height\":1000},{\"@type\":\"BreadcrumbList\",\"@id\":\"https:\/\/www.procoiffure.com\/blog\/routine-self-care-homme\/#breadcrumb\",\"itemListElement\":[{\"@type\":\"ListItem\",\"position\":1,\"name\":\"Accueil\",\"item\":\"https:\/\/www.procoiffure.com\/blog\/\"},{\"@type\":\"ListItem\",\"position\":2,\"name\":\"Routine Self Care au Masculin : les nouvelles r\u00e8gles\"}]},{\"@type\":\"WebSite\",\"@id\":\"https:\/\/www.procoiffure.com\/blog\/#website\",\"url\":\"https:\/\/www.procoiffure.com\/blog\/\",\"name\":\"L'actu beaut\u00e9 | Pro Coiffure Esth\u00e9tique\",\"description\":\"\",\"publisher\":{\"@id\":\"https:\/\/www.procoiffure.com\/blog\/#organization\"},\"potentialAction\":[{\"@type\":\"SearchAction\",\"target\":{\"@type\":\"EntryPoint\",\"urlTemplate\":\"https:\/\/www.procoiffure.com\/blog\/?s={search_term_string}\"},\"query-input\":{\"@type\":\"PropertyValueSpecification\",\"valueRequired\":true,\"valueName\":\"search_term_string\"}}],\"inLanguage\":\"fr-FR\"},{\"@type\":\"Organization\",\"@id\":\"https:\/\/www.procoiffure.com\/blog\/#organization\",\"name\":\"Le Blog de No\u00e9mie\",\"url\":\"https:\/\/www.procoiffure.com\/blog\/\",\"logo\":{\"@type\":\"ImageObject\",\"inLanguage\":\"fr-FR\",\"@id\":\"https:\/\/www.procoiffure.com\/blog\/#\/schema\/logo\/image\/\",\"url\":\"https:\/\/www.procoiffure.com\/blog\/wp-content\/uploads\/2025\/03\/LOGO-BLOG-1.png\",\"contentUrl\":\"https:\/\/www.procoiffure.com\/blog\/wp-content\/uploads\/2025\/03\/LOGO-BLOG-1.png\",\"width\":998,\"height\":397,\"caption\":\"Le Blog de No\u00e9mie\"},\"image\":{\"@id\":\"https:\/\/www.procoiffure.com\/blog\/#\/schema\/logo\/image\/\"}},{\"@type\":\"Person\",\"@id\":\"https:\/\/www.procoiffure.com\/blog\/#\/schema\/person\/1737ca6207ae0dec18ceab1195f285c8\",\"name\":\"Elodie Soulier\",\"image\":{\"@type\":\"ImageObject\",\"inLanguage\":\"fr-FR\",\"@id\":\"https:\/\/secure.gravatar.com\/avatar\/1d7d61bb3f84fbe0ce04787c39b28f1c9e04603618601bee9eaed59905cd11ef?s=96&d=color&r=g\",\"url\":\"https:\/\/secure.gravatar.com\/avatar\/1d7d61bb3f84fbe0ce04787c39b28f1c9e04603618601bee9eaed59905cd11ef?s=96&d=color&r=g\",\"contentUrl\":\"https:\/\/secure.gravatar.com\/avatar\/1d7d61bb3f84fbe0ce04787c39b28f1c9e04603618601bee9eaed59905cd11ef?s=96&d=color&r=g\",\"caption\":\"Elodie Soulier\"},\"url\":\"https:\/\/www.procoiffure.com\/blog\/author\/elodie-soul\/\"}]}<\/script>\n<!-- \/ Yoast SEO plugin. -->","yoast_head_json":{"title":"Routine Self Care homme | Pro Coiffure Esth\u00e9tique","description":"Routine Self Care compl\u00e8te : soins visage, shampooings anti-chute, produits barbe et corps. Des formules s\u00e9lectionn\u00e9es pour un rituel efficace.","robots":{"index":"index","follow":"follow","max-snippet":"max-snippet:-1","max-image-preview":"max-image-preview:large","max-video-preview":"max-video-preview:-1"},"canonical":"https:\/\/www.procoiffure.com\/blog\/routine-self-care-homme\/","og_locale":"fr_FR","og_type":"article","og_title":"Routine Self Care homme | Pro Coiffure Esth\u00e9tique","og_description":"Routine Self Care compl\u00e8te : soins visage, shampooings anti-chute, produits barbe et corps. Des formules s\u00e9lectionn\u00e9es pour un rituel efficace.","og_url":"https:\/\/www.procoiffure.com\/blog\/routine-self-care-homme\/","og_site_name":"L&#039;actu beaut\u00e9 | Pro Coiffure Esht\u00e9tique","article_published_time":"2025-10-07T14:51:50+00:00","article_modified_time":"2025-10-07T15:31:51+00:00","og_image":[{"width":1000,"height":1000,"url":"https:\/\/www.procoiffure.com\/blog\/wp-content\/uploads\/2025\/10\/Routine-Self-Care-au-Masculin.png","type":"image\/png"}],"author":"Elodie Soulier","twitter_card":"summary_large_image","twitter_misc":{"\u00c9crit par":"Elodie Soulier","Dur\u00e9e de lecture estim\u00e9e":"31 minutes"},"schema":{"@context":"https:\/\/schema.org","@graph":[{"@type":"Article","@id":"https:\/\/www.procoiffure.com\/blog\/routine-self-care-homme\/#article","isPartOf":{"@id":"https:\/\/www.procoiffure.com\/blog\/routine-self-care-homme\/"},"author":{"name":"Elodie Soulier","@id":"https:\/\/www.procoiffure.com\/blog\/#\/schema\/person\/1737ca6207ae0dec18ceab1195f285c8"},"headline":"Routine Self Care au Masculin : les nouvelles r\u00e8gles","datePublished":"2025-10-07T14:51:50+00:00","dateModified":"2025-10-07T15:31:51+00:00","mainEntityOfPage":{"@id":"https:\/\/www.procoiffure.com\/blog\/routine-self-care-homme\/"},"wordCount":4582,"commentCount":0,"publisher":{"@id":"https:\/\/www.procoiffure.com\/blog\/#organization"},"image":{"@id":"https:\/\/www.procoiffure.com\/blog\/routine-self-care-homme\/#primaryimage"},"thumbnailUrl":"https:\/\/www.procoiffure.com\/blog\/wp-content\/uploads\/2025\/10\/Routine-Self-Care-au-Masculin.png","keywords":["cheveux","conseils","hydratation","soin"],"articleSection":["Conseils","Homme"],"inLanguage":"fr-FR","potentialAction":[{"@type":"CommentAction","name":"Comment","target":["https:\/\/www.procoiffure.com\/blog\/routine-self-care-homme\/#respond"]}]},{"@type":"WebPage","@id":"https:\/\/www.procoiffure.com\/blog\/routine-self-care-homme\/","url":"https:\/\/www.procoiffure.com\/blog\/routine-self-care-homme\/","name":"Routine Self Care homme | Pro Coiffure Esth\u00e9tique","isPartOf":{"@id":"https:\/\/www.procoiffure.com\/blog\/#website"},"primaryImageOfPage":{"@id":"https:\/\/www.procoiffure.com\/blog\/routine-self-care-homme\/#primaryimage"},"image":{"@id":"https:\/\/www.procoiffure.com\/blog\/routine-self-care-homme\/#primaryimage"},"thumbnailUrl":"https:\/\/www.procoiffure.com\/blog\/wp-content\/uploads\/2025\/10\/Routine-Self-Care-au-Masculin.png","datePublished":"2025-10-07T14:51:50+00:00","dateModified":"2025-10-07T15:31:51+00:00","description":"Routine Self Care compl\u00e8te : soins visage, shampooings anti-chute, produits barbe et corps. Des formules s\u00e9lectionn\u00e9es pour un rituel efficace.","breadcrumb":{"@id":"https:\/\/www.procoiffure.com\/blog\/routine-self-care-homme\/#breadcrumb"},"inLanguage":"fr-FR","potentialAction":[{"@type":"ReadAction","target":["https:\/\/www.procoiffure.com\/blog\/routine-self-care-homme\/"]}]},{"@type":"ImageObject","inLanguage":"fr-FR","@id":"https:\/\/www.procoiffure.com\/blog\/routine-self-care-homme\/#primaryimage","url":"https:\/\/www.procoiffure.com\/blog\/wp-content\/uploads\/2025\/10\/Routine-Self-Care-au-Masculin.png","contentUrl":"https:\/\/www.procoiffure.com\/blog\/wp-content\/uploads\/2025\/10\/Routine-Self-Care-au-Masculin.png","width":1000,"height":1000},{"@type":"BreadcrumbList","@id":"https:\/\/www.procoiffure.com\/blog\/routine-self-care-homme\/#breadcrumb","itemListElement":[{"@type":"ListItem","position":1,"name":"Accueil","item":"https:\/\/www.procoiffure.com\/blog\/"},{"@type":"ListItem","position":2,"name":"Routine Self Care au Masculin : les nouvelles r\u00e8gles"}]},{"@type":"WebSite","@id":"https:\/\/www.procoiffure.com\/blog\/#website","url":"https:\/\/www.procoiffure.com\/blog\/","name":"L'actu beaut\u00e9 | Pro Coiffure Esth\u00e9tique","description":"","publisher":{"@id":"https:\/\/www.procoiffure.com\/blog\/#organization"},"potentialAction":[{"@type":"SearchAction","target":{"@type":"EntryPoint","urlTemplate":"https:\/\/www.procoiffure.com\/blog\/?s={search_term_string}"},"query-input":{"@type":"PropertyValueSpecification","valueRequired":true,"valueName":"search_term_string"}}],"inLanguage":"fr-FR"},{"@type":"Organization","@id":"https:\/\/www.procoiffure.com\/blog\/#organization","name":"Le Blog de No\u00e9mie","url":"https:\/\/www.procoiffure.com\/blog\/","logo":{"@type":"ImageObject","inLanguage":"fr-FR","@id":"https:\/\/www.procoiffure.com\/blog\/#\/schema\/logo\/image\/","url":"https:\/\/www.procoiffure.com\/blog\/wp-content\/uploads\/2025\/03\/LOGO-BLOG-1.png","contentUrl":"https:\/\/www.procoiffure.com\/blog\/wp-content\/uploads\/2025\/03\/LOGO-BLOG-1.png","width":998,"height":397,"caption":"Le Blog de No\u00e9mie"},"image":{"@id":"https:\/\/www.procoiffure.com\/blog\/#\/schema\/logo\/image\/"}},{"@type":"Person","@id":"https:\/\/www.procoiffure.com\/blog\/#\/schema\/person\/1737ca6207ae0dec18ceab1195f285c8","name":"Elodie Soulier","image":{"@type":"ImageObject","inLanguage":"fr-FR","@id":"https:\/\/secure.gravatar.com\/avatar\/1d7d61bb3f84fbe0ce04787c39b28f1c9e04603618601bee9eaed59905cd11ef?s=96&d=color&r=g","url":"https:\/\/secure.gravatar.com\/avatar\/1d7d61bb3f84fbe0ce04787c39b28f1c9e04603618601bee9eaed59905cd11ef?s=96&d=color&r=g","contentUrl":"https:\/\/secure.gravatar.com\/avatar\/1d7d61bb3f84fbe0ce04787c39b28f1c9e04603618601bee9eaed59905cd11ef?s=96&d=color&r=g","caption":"Elodie Soulier"},"url":"https:\/\/www.procoiffure.com\/blog\/author\/elodie-soul\/"}]}},"jetpack_featured_media_url":"https:\/\/www.procoiffure.com\/blog\/wp-content\/uploads\/2025\/10\/Routine-Self-Care-au-Masculin.png","jetpack_sharing_enabled":true,"_links":{"self":[{"href":"https:\/\/www.procoiffure.com\/blog\/wp-json\/wp\/v2\/posts\/4362","targetHints":{"allow":["GET"]}}],"collection":[{"href":"https:\/\/www.procoiffure.com\/blog\/wp-json\/wp\/v2\/posts"}],"about":[{"href":"https:\/\/www.procoiffure.com\/blog\/wp-json\/wp\/v2\/types\/post"}],"author":[{"embeddable":true,"href":"https:\/\/www.procoiffure.com\/blog\/wp-json\/wp\/v2\/users\/4"}],"replies":[{"embeddable":true,"href":"https:\/\/www.procoiffure.com\/blog\/wp-json\/wp\/v2\/comments?post=4362"}],"version-history":[{"count":39,"href":"https:\/\/www.procoiffure.com\/blog\/wp-json\/wp\/v2\/posts\/4362\/revisions"}],"predecessor-version":[{"id":4461,"href":"https:\/\/www.procoiffure.com\/blog\/wp-json\/wp\/v2\/posts\/4362\/revisions\/4461"}],"wp:featuredmedia":[{"embeddable":true,"href":"https:\/\/www.procoiffure.com\/blog\/wp-json\/wp\/v2\/media\/4424"}],"wp:attachment":[{"href":"https:\/\/www.procoiffure.com\/blog\/wp-json\/wp\/v2\/media?parent=4362"}],"wp:term":[{"taxonomy":"category","embeddable":true,"href":"https:\/\/www.procoiffure.com\/blog\/wp-json\/wp\/v2\/categories?post=4362"},{"taxonomy":"post_tag","embeddable":true,"href":"https:\/\/www.procoiffure.com\/blog\/wp-json\/wp\/v2\/tags?post=4362"}],"curies":[{"name":"wp","href":"https:\/\/api.w.org\/{rel}","templated":true}]}}