{"id":3916,"date":"2025-09-23T16:23:07","date_gmt":"2025-09-23T14:23:07","guid":{"rendered":"https:\/\/www.procoiffure.com\/blog\/?p=3916"},"modified":"2026-03-06T14:32:42","modified_gmt":"2026-03-06T13:32:42","slug":"selection-automne-hiver-2025","status":"publish","type":"post","link":"https:\/\/www.procoiffure.com\/blog\/selection-automne-hiver-2025\/","title":{"rendered":"S\u00e9lection Beaut\u00e9 Automne Hiver 2025 : Des essentiels pens\u00e9s pour la saison"},"content":{"rendered":"\n<p><\/p>\n\n\n\n<p>L\u2019hiver impose son rythme et avec lui, de nouveaux besoins pour la <strong>peau<\/strong>, les <strong>cheveux <\/strong>et la routine <strong>beaut\u00e9 <\/strong>en g\u00e9n\u00e9ral. Entre le froid, le vent et les f\u00eates de fin d\u2019ann\u00e9e, c\u2019est la saison id\u00e9ale pour renforcer ses <strong>soins <\/strong>et d\u00e9couvrir de nouvelles <strong>id\u00e9es cadeaux<\/strong>. Voici notre <strong>s\u00e9lection hiver 2025<\/strong>, pens\u00e9e pour accompagner vos <strong>rituels quotidiens<\/strong> avec des produits adapt\u00e9s.<\/p>\n\n\n\n<hr class=\"wp-block-separator aligncenter has-text-color has-white-color has-alpha-channel-opacity has-white-background-color has-background is-style-wide\" style=\"margin-top:var(--wp--preset--spacing--30);margin-bottom:var(--wp--preset--spacing--30)\"\/>\n\n\n\n<h2 class=\"wp-block-heading has-text-color has-link-color wp-elements-cc177333381c3c61a01d680751e93127\" style=\"color:#e2007a\"><strong># 1 &#8211; <\/strong>Soins cheveux hiver : shampoings, colorations et masques nourrissants<\/h2>\n\n\n\n<h3 class=\"wp-block-heading has-text-color has-link-color wp-elements-9a05aba6de6c1430751e914ddaf649c3\" style=\"color:#e2007a\">a) Shampoings nourrissants pour cheveux secs et color\u00e9s<\/h3>\n\n\n\n<p>Le froid fragilise la fibre capillaire et accentue la s\u00e9cheresse. Des formules professionnelles comme le <strong>Shampooing Vitamino Color S\u00e9rie Expert L\u2019Or\u00e9al Professionnel<\/strong>, <strong>l\u2019Absolut Repair<\/strong> ou encore le <strong>Shampoing Blond Infini Anti-Jaune Color Lab <\/strong>aident \u00e0 conserver brillance, souplesse et \u00e9clat, m\u00eame apr\u00e8s des lavages fr\u00e9quents.<\/p>\n\n\n\n<div class=\"wp-block-media-text is-vertically-aligned-center\" style=\"grid-template-columns:18% auto\"><figure class=\"wp-block-media-text__media\"><img fetchpriority=\"high\" decoding=\"async\" width=\"372\" height=\"456\" src=\"https:\/\/www.procoiffure.com\/blog\/wp-content\/uploads\/2025\/09\/Capture-decran-2025-09-23-111224.png\" alt=\"\" class=\"wp-image-3949 size-full\" srcset=\"https:\/\/www.procoiffure.com\/blog\/wp-content\/uploads\/2025\/09\/Capture-decran-2025-09-23-111224.png 372w, https:\/\/www.procoiffure.com\/blog\/wp-content\/uploads\/2025\/09\/Capture-decran-2025-09-23-111224-245x300.png 245w\" sizes=\"(max-width: 372px) 100vw, 372px\" \/><\/figure><div class=\"wp-block-media-text__content\">\n<p><a href=\"https:\/\/www.procoiffure.com\/shampooing-global-lift-effet-botox-subtil-300ml\">Shampooing Global Lift Effet Botox Subtil 300ml<\/a><\/p>\n<\/div><\/div>\n\n\n\n<div class=\"wp-block-media-text is-vertically-aligned-center\" style=\"grid-template-columns:18% auto\"><figure class=\"wp-block-media-text__media\"><img decoding=\"async\" width=\"409\" height=\"473\" src=\"https:\/\/www.procoiffure.com\/blog\/wp-content\/uploads\/2025\/09\/Capture-decran-2025-09-23-111725.png\" alt=\"\" class=\"wp-image-3956 size-full\" srcset=\"https:\/\/www.procoiffure.com\/blog\/wp-content\/uploads\/2025\/09\/Capture-decran-2025-09-23-111725.png 409w, https:\/\/www.procoiffure.com\/blog\/wp-content\/uploads\/2025\/09\/Capture-decran-2025-09-23-111725-259x300.png 259w\" sizes=\"(max-width: 409px) 100vw, 409px\" \/><\/figure><div class=\"wp-block-media-text__content\">\n<p><a href=\"https:\/\/www.procoiffure.com\/shampooing-vitamino-color-serie-expert-300ml\">Shampooing Vitamino Color S\u00e9rie Expert L&rsquo;Or\u00e9al Professionnel 300ml<\/a><\/p>\n<\/div><\/div>\n\n\n\n<div class=\"wp-block-media-text is-vertically-aligned-center\" style=\"grid-template-columns:18% auto\"><figure class=\"wp-block-media-text__media\"><img decoding=\"async\" width=\"400\" height=\"458\" src=\"https:\/\/www.procoiffure.com\/blog\/wp-content\/uploads\/2025\/09\/Capture-decran-2025-09-23-111322.png\" alt=\"\" class=\"wp-image-3950 size-full\" srcset=\"https:\/\/www.procoiffure.com\/blog\/wp-content\/uploads\/2025\/09\/Capture-decran-2025-09-23-111322.png 400w, https:\/\/www.procoiffure.com\/blog\/wp-content\/uploads\/2025\/09\/Capture-decran-2025-09-23-111322-262x300.png 262w\" sizes=\"(max-width: 400px) 100vw, 400px\" \/><\/figure><div class=\"wp-block-media-text__content\">\n<p><a href=\"https:\/\/www.procoiffure.com\/shampoing-cheveux-secs-abimes-cassants-300ml-1\">Shampoing Cheveux Secs, Abim\u00e9s, Cassants 300ml<\/a><\/p>\n<\/div><\/div>\n\n\n\n<div class=\"wp-block-media-text is-vertically-aligned-center\" style=\"grid-template-columns:18% auto\"><figure class=\"wp-block-media-text__media\"><img loading=\"lazy\" decoding=\"async\" width=\"281\" height=\"328\" src=\"https:\/\/www.procoiffure.com\/blog\/wp-content\/uploads\/2025\/09\/Capture-decran-2025-09-23-111350.png\" alt=\"\" class=\"wp-image-3951 size-full\" srcset=\"https:\/\/www.procoiffure.com\/blog\/wp-content\/uploads\/2025\/09\/Capture-decran-2025-09-23-111350.png 281w, https:\/\/www.procoiffure.com\/blog\/wp-content\/uploads\/2025\/09\/Capture-decran-2025-09-23-111350-257x300.png 257w\" sizes=\"(max-width: 281px) 100vw, 281px\" \/><\/figure><div class=\"wp-block-media-text__content\">\n<p><a href=\"https:\/\/www.procoiffure.com\/shampoing-blond-infini-anti-jaune-color-lab-300ml\">Shampoing Blond Infini Anti-Jaune Color Lab 300ml<\/a><\/p>\n<\/div><\/div>\n\n\n\n<div class=\"wp-block-media-text is-vertically-aligned-center\" style=\"grid-template-columns:18% auto\"><figure class=\"wp-block-media-text__media\"><img loading=\"lazy\" decoding=\"async\" width=\"321\" height=\"363\" src=\"https:\/\/www.procoiffure.com\/blog\/wp-content\/uploads\/2025\/09\/Capture-decran-2025-09-23-111456.png\" alt=\"\" class=\"wp-image-3952 size-full\" srcset=\"https:\/\/www.procoiffure.com\/blog\/wp-content\/uploads\/2025\/09\/Capture-decran-2025-09-23-111456.png 321w, https:\/\/www.procoiffure.com\/blog\/wp-content\/uploads\/2025\/09\/Capture-decran-2025-09-23-111456-265x300.png 265w\" sizes=\"(max-width: 321px) 100vw, 321px\" \/><\/figure><div class=\"wp-block-media-text__content\">\n<p><a href=\"https:\/\/www.procoiffure.com\/shampooing-absolut-repair-serie-expert-300ml\">Shampooing Absolut Repair S\u00e9rie Expert L&rsquo;Or\u00e9al Professionnel 300ml<\/a><\/p>\n<\/div><\/div>\n\n\n\n<h3 class=\"wp-block-heading has-text-color has-link-color wp-elements-0b991d432c48fb4dcfc9c3a2ec693949\" style=\"color:#e2007a\">b) Colorations cheveux tendance hiver 2025<\/h3>\n\n\n\n<p>L\u2019hiver est aussi l\u2019occasion d\u2019oser la couleur. <strong>Les nuances Crazy Color<\/strong> (Burgundy, Silver, Fire, Candy Floss) s\u00e9duisent par leur intensit\u00e9 et leur originalit\u00e9, tandis que <strong>les colorations ton sur ton Matrix <\/strong>apportent une finition plus subtile, id\u00e9ale pour un r\u00e9sultat lumineux et naturel.<\/p>\n\n\n\n<p class=\"has-text-align-left\"><a href=\"https:\/\/www.procoiffure.com\/brand\/crazy-color\">Gamme Crazy Color<\/a> :<\/p>\n\n\n\n<div class=\"wp-block-columns are-vertically-aligned-bottom is-not-stacked-on-mobile is-layout-flex wp-container-core-columns-is-layout-fcc1b840 wp-block-columns-is-layout-flex\" style=\"padding-top:0;padding-bottom:0\">\n<div class=\"wp-block-column is-vertically-aligned-bottom is-layout-flow wp-block-column-is-layout-flow\" style=\"flex-basis:17.02%\">\n<figure class=\"wp-block-image size-full is-resized\"><img loading=\"lazy\" decoding=\"async\" width=\"190\" height=\"307\" src=\"https:\/\/www.procoiffure.com\/blog\/wp-content\/uploads\/2025\/09\/Capture-decran-2025-09-23-112005-e1758807591852.png\" alt=\"\" class=\"wp-image-3959\" style=\"width:300px\" srcset=\"https:\/\/www.procoiffure.com\/blog\/wp-content\/uploads\/2025\/09\/Capture-decran-2025-09-23-112005-e1758807591852.png 190w, https:\/\/www.procoiffure.com\/blog\/wp-content\/uploads\/2025\/09\/Capture-decran-2025-09-23-112005-e1758807591852-186x300.png 186w\" sizes=\"(max-width: 190px) 100vw, 190px\" \/><\/figure>\n<\/div>\n\n\n\n<div class=\"wp-block-column is-vertically-aligned-bottom is-layout-flow wp-block-column-is-layout-flow\" style=\"flex-basis:17.02%\">\n<figure class=\"wp-block-image size-full is-resized\"><img loading=\"lazy\" decoding=\"async\" width=\"209\" height=\"310\" src=\"https:\/\/www.procoiffure.com\/blog\/wp-content\/uploads\/2025\/09\/Capture-decran-2025-09-23-112027-e1758807634984.png\" alt=\"\" class=\"wp-image-3960\" style=\"width:300px\" srcset=\"https:\/\/www.procoiffure.com\/blog\/wp-content\/uploads\/2025\/09\/Capture-decran-2025-09-23-112027-e1758807634984.png 209w, https:\/\/www.procoiffure.com\/blog\/wp-content\/uploads\/2025\/09\/Capture-decran-2025-09-23-112027-e1758807634984-202x300.png 202w\" sizes=\"(max-width: 209px) 100vw, 209px\" \/><\/figure>\n<\/div>\n\n\n\n<div class=\"wp-block-column is-vertically-aligned-bottom is-layout-flow wp-block-column-is-layout-flow\" style=\"flex-basis:17.02%\">\n<figure class=\"wp-block-image size-full is-resized\"><img loading=\"lazy\" decoding=\"async\" width=\"204\" height=\"311\" src=\"https:\/\/www.procoiffure.com\/blog\/wp-content\/uploads\/2025\/09\/Capture-decran-2025-09-23-111901-e1758807688875.png\" alt=\"\" class=\"wp-image-3958\" style=\"width:300px\" srcset=\"https:\/\/www.procoiffure.com\/blog\/wp-content\/uploads\/2025\/09\/Capture-decran-2025-09-23-111901-e1758807688875.png 204w, https:\/\/www.procoiffure.com\/blog\/wp-content\/uploads\/2025\/09\/Capture-decran-2025-09-23-111901-e1758807688875-197x300.png 197w\" sizes=\"(max-width: 204px) 100vw, 204px\" \/><\/figure>\n<\/div>\n\n\n\n<div class=\"wp-block-column is-vertically-aligned-bottom is-layout-flow wp-block-column-is-layout-flow\" style=\"flex-basis:20.01%\">\n<figure class=\"wp-block-image alignleft size-full is-resized\"><img loading=\"lazy\" decoding=\"async\" width=\"202\" height=\"305\" src=\"https:\/\/www.procoiffure.com\/blog\/wp-content\/uploads\/2025\/09\/Capture-decran-2025-09-23-114022-e1758807732610.png\" alt=\"\" class=\"wp-image-3972\" style=\"width:300px\" srcset=\"https:\/\/www.procoiffure.com\/blog\/wp-content\/uploads\/2025\/09\/Capture-decran-2025-09-23-114022-e1758807732610.png 202w, https:\/\/www.procoiffure.com\/blog\/wp-content\/uploads\/2025\/09\/Capture-decran-2025-09-23-114022-e1758807732610-199x300.png 199w\" sizes=\"(max-width: 202px) 100vw, 202px\" \/><\/figure>\n<\/div>\n<\/div>\n\n\n\n<p class=\"has-text-align-left\"><a href=\"https:\/\/www.procoiffure.com\/brand\/matrix\">Colorations ton sur ton Matrix<\/a> :<\/p>\n\n\n\n<hr class=\"wp-block-separator has-text-color has-white-color has-alpha-channel-opacity has-white-background-color has-background is-style-wide\"\/>\n\n\n\n<hr class=\"wp-block-separator aligncenter has-text-color has-white-color has-alpha-channel-opacity has-white-background-color has-background is-style-wide\"\/>\n\n\n\n<hr class=\"wp-block-separator has-text-color has-white-color has-alpha-channel-opacity has-white-background-color has-background is-style-wide\"\/>\n\n\n\n<hr class=\"wp-block-separator aligncenter has-text-color has-white-color has-alpha-channel-opacity has-white-background-color has-background is-style-wide\"\/>\n\n\n\n<div class=\"wp-block-columns are-vertically-aligned-bottom is-not-stacked-on-mobile is-layout-flex wp-container-core-columns-is-layout-cf05694f wp-block-columns-is-layout-flex\">\n<div class=\"wp-block-column is-vertically-aligned-bottom is-layout-flow wp-block-column-is-layout-flow\" style=\"flex-basis:16.67%\">\n<figure class=\"wp-block-image aligncenter size-full is-resized\"><img loading=\"lazy\" decoding=\"async\" width=\"450\" height=\"461\" src=\"https:\/\/www.procoiffure.com\/blog\/wp-content\/uploads\/2025\/09\/Capture-decran-2025-09-23-112845.png\" alt=\"\" class=\"wp-image-3964\" style=\"width:300px\" srcset=\"https:\/\/www.procoiffure.com\/blog\/wp-content\/uploads\/2025\/09\/Capture-decran-2025-09-23-112845.png 450w, https:\/\/www.procoiffure.com\/blog\/wp-content\/uploads\/2025\/09\/Capture-decran-2025-09-23-112845-293x300.png 293w\" sizes=\"(max-width: 450px) 100vw, 450px\" \/><\/figure>\n<\/div>\n\n\n\n<div class=\"wp-block-column is-vertically-aligned-bottom is-layout-flow wp-block-column-is-layout-flow\" style=\"flex-basis:16.67%\">\n<figure class=\"wp-block-image aligncenter size-full is-resized\"><img loading=\"lazy\" decoding=\"async\" width=\"442\" height=\"464\" src=\"https:\/\/www.procoiffure.com\/blog\/wp-content\/uploads\/2025\/09\/Capture-decran-2025-09-23-112900.png\" alt=\"\" class=\"wp-image-3965\" style=\"width:300px\" srcset=\"https:\/\/www.procoiffure.com\/blog\/wp-content\/uploads\/2025\/09\/Capture-decran-2025-09-23-112900.png 442w, https:\/\/www.procoiffure.com\/blog\/wp-content\/uploads\/2025\/09\/Capture-decran-2025-09-23-112900-286x300.png 286w\" sizes=\"(max-width: 442px) 100vw, 442px\" \/><\/figure>\n<\/div>\n\n\n\n<div class=\"wp-block-column is-vertically-aligned-bottom is-layout-flow wp-block-column-is-layout-flow\" style=\"flex-basis:16.67%\">\n<figure class=\"wp-block-image aligncenter size-full is-resized\"><img loading=\"lazy\" decoding=\"async\" width=\"448\" height=\"456\" src=\"https:\/\/www.procoiffure.com\/blog\/wp-content\/uploads\/2025\/09\/Capture-decran-2025-09-23-112725-1.png\" alt=\"\" class=\"wp-image-3966\" style=\"width:300px\" srcset=\"https:\/\/www.procoiffure.com\/blog\/wp-content\/uploads\/2025\/09\/Capture-decran-2025-09-23-112725-1.png 448w, https:\/\/www.procoiffure.com\/blog\/wp-content\/uploads\/2025\/09\/Capture-decran-2025-09-23-112725-1-295x300.png 295w\" sizes=\"(max-width: 448px) 100vw, 448px\" \/><\/figure>\n<\/div>\n<\/div>\n\n\n\n<hr class=\"wp-block-separator has-text-color has-white-color has-alpha-channel-opacity has-white-background-color has-background is-style-wide\"\/>\n\n\n\n<p><\/p>\n\n\n\n<hr class=\"wp-block-separator aligncenter has-text-color has-ti-bg-color has-alpha-channel-opacity has-ti-bg-background-color has-background is-style-wide\"\/>\n\n\n\n<h3 class=\"wp-block-heading has-text-color has-link-color wp-elements-f82406c0395e84b97aaa6d0d2752cffe\" style=\"color:#e2007a\">c) Masques et soins r\u00e9parateurs pour cheveux ab\u00eem\u00e9s<\/h3>\n\n\n\n<p>Au c\u0153ur de la saison, les soins r\u00e9parateurs deviennent indispensables. Le <strong>Masque Repair Myriam K<\/strong> nourrit en profondeur, le <strong>Spray Protecteur Strength Recovery Biolage<\/strong> agit comme un bouclier contre les agressions ext\u00e9rieures, tandis que la <strong>Cr\u00e8me Lissante Bond Therapy <\/strong>discipline et prot\u00e8ge sans alourdir.<\/p>\n\n\n\n<div class=\"wp-block-media-text is-vertically-aligned-center\" style=\"grid-template-columns:20% auto\"><figure class=\"wp-block-media-text__media\"><img loading=\"lazy\" decoding=\"async\" width=\"424\" height=\"467\" src=\"https:\/\/www.procoiffure.com\/blog\/wp-content\/uploads\/2025\/09\/Capture-decran-2025-09-23-113356.png\" alt=\"\" class=\"wp-image-3967 size-full\" srcset=\"https:\/\/www.procoiffure.com\/blog\/wp-content\/uploads\/2025\/09\/Capture-decran-2025-09-23-113356.png 424w, https:\/\/www.procoiffure.com\/blog\/wp-content\/uploads\/2025\/09\/Capture-decran-2025-09-23-113356-272x300.png 272w\" sizes=\"(max-width: 424px) 100vw, 424px\" \/><\/figure><div class=\"wp-block-media-text__content\">\n<p class=\"has-text-align-left\"><a href=\"https:\/\/www.procoiffure.com\/spray-protecteur-strength-recovery-250ml-biolage\">Spray Protecteur Strength Recovery 250mL Biolage<\/a><\/p>\n<\/div><\/div>\n\n\n\n<div class=\"wp-block-media-text is-vertically-aligned-center\" style=\"grid-template-columns:20% auto\"><figure class=\"wp-block-media-text__media\"><img loading=\"lazy\" decoding=\"async\" width=\"447\" height=\"463\" src=\"https:\/\/www.procoiffure.com\/blog\/wp-content\/uploads\/2025\/09\/Capture-decran-2025-09-22-155436-1.png\" alt=\"\" class=\"wp-image-3969 size-full\" srcset=\"https:\/\/www.procoiffure.com\/blog\/wp-content\/uploads\/2025\/09\/Capture-decran-2025-09-22-155436-1.png 447w, https:\/\/www.procoiffure.com\/blog\/wp-content\/uploads\/2025\/09\/Capture-decran-2025-09-22-155436-1-290x300.png 290w\" sizes=\"(max-width: 447px) 100vw, 447px\" \/><\/figure><div class=\"wp-block-media-text__content\">\n<p><a href=\"https:\/\/www.procoiffure.com\/traitement-cheveux-abimes-therapy-2bis-myriam-k-200ml\">Traitement Cheveux Abim\u00e9s Therapy 2BIS Myriam K 200ml<\/a><\/p>\n<\/div><\/div>\n\n\n\n<div class=\"wp-block-media-text is-vertically-aligned-center\" style=\"grid-template-columns:20% auto\"><figure class=\"wp-block-media-text__media\"><img loading=\"lazy\" decoding=\"async\" width=\"344\" height=\"441\" src=\"https:\/\/www.procoiffure.com\/blog\/wp-content\/uploads\/2025\/09\/Capture-decran-2025-09-23-113500.png\" alt=\"\" class=\"wp-image-3970 size-full\" srcset=\"https:\/\/www.procoiffure.com\/blog\/wp-content\/uploads\/2025\/09\/Capture-decran-2025-09-23-113500.png 344w, https:\/\/www.procoiffure.com\/blog\/wp-content\/uploads\/2025\/09\/Capture-decran-2025-09-23-113500-234x300.png 234w\" sizes=\"(max-width: 344px) 100vw, 344px\" \/><\/figure><div class=\"wp-block-media-text__content\">\n<p><a href=\"https:\/\/www.procoiffure.com\/creme-lissante-sans-rincage-bond-therapy-biolage-150ml\">Cr\u00e8me Lissante Sans Rin\u00e7age Bond Therapy Biolage 150ml<\/a><\/p>\n<\/div><\/div>\n\n\n\n<hr class=\"wp-block-separator has-text-color has-white-color has-alpha-channel-opacity has-white-background-color has-background is-style-wide\"\/>\n\n\n\n<h3 class=\"wp-block-heading has-text-color has-link-color wp-elements-84edf375e1158509a2ebf108b952e35a\" style=\"color:#e2007a\">d) Cheveux clairsem\u00e9s en hiver : routines et traitements anti-chute<\/h3>\n\n\n\n<p>&nbsp;Avec le changement de saison, il est fr\u00e9quent de constater une perte de densit\u00e9 capillaire. Pour y rem\u00e9dier, plusieurs solutions cibl\u00e9es permettent de stimuler la repousse et de renforcer la fibre.<\/p>\n\n\n\n<p><\/p>\n\n\n\n<p>Les <strong>Patchs Anti-Chute Nutri Hair ODE Cosm\u00e9tique<\/strong> s\u2019appliquent facilement et diffusent progressivement leurs actifs fortifiants :<\/p>\n\n\n\n<div class=\"wp-block-media-text is-vertically-aligned-center\" style=\"grid-template-columns:15% auto\"><figure class=\"wp-block-media-text__media\"><img loading=\"lazy\" decoding=\"async\" width=\"247\" height=\"349\" src=\"https:\/\/www.procoiffure.com\/blog\/wp-content\/uploads\/2025\/09\/Capture-decran-2025-09-23-180800-e1758793956211.png\" alt=\"\" class=\"wp-image-4099 size-full\" srcset=\"https:\/\/www.procoiffure.com\/blog\/wp-content\/uploads\/2025\/09\/Capture-decran-2025-09-23-180800-e1758793956211.png 247w, https:\/\/www.procoiffure.com\/blog\/wp-content\/uploads\/2025\/09\/Capture-decran-2025-09-23-180800-e1758793956211-212x300.png 212w\" sizes=\"(max-width: 247px) 100vw, 247px\" \/><\/figure><div class=\"wp-block-media-text__content\">\n<p><a href=\"https:\/\/www.procoiffure.com\/patch-anti-chute-nutri-hair-boite-de-30-patchs-ode-cosmetique\">Patch Anti-Chute Nutri Hair Boite de 30 Patchs ODE Cosm\u00e9tique<\/a><\/p>\n<\/div><\/div>\n\n\n\n<p><\/p>\n\n\n\n<p>Les <strong>Ampoules Anti-Chute Aminexil Advanced Serie Expert L\u2019Or\u00e9al Professionnel<\/strong> agissent directement sur la racine pour limiter la chute et densifier la chevelure :<\/p>\n\n\n\n<p><\/p>\n\n\n\n<div class=\"wp-block-media-text is-vertically-aligned-center\" style=\"grid-template-columns:22% auto\"><figure class=\"wp-block-media-text__media\"><img loading=\"lazy\" decoding=\"async\" width=\"464\" height=\"218\" src=\"https:\/\/www.procoiffure.com\/blog\/wp-content\/uploads\/2025\/09\/Capture-decran-2025-09-23-180643-e1758794022369.png\" alt=\"\" class=\"wp-image-4098 size-full\" srcset=\"https:\/\/www.procoiffure.com\/blog\/wp-content\/uploads\/2025\/09\/Capture-decran-2025-09-23-180643-e1758794022369.png 464w, https:\/\/www.procoiffure.com\/blog\/wp-content\/uploads\/2025\/09\/Capture-decran-2025-09-23-180643-e1758794022369-300x141.png 300w\" sizes=\"(max-width: 464px) 100vw, 464px\" \/><\/figure><div class=\"wp-block-media-text__content\">\n<p><a href=\"https:\/\/www.procoiffure.com\/ampoule-anti-chute-aminexil-advanced-serie-expert-10x6ml\">Ampoule Anti-Chute Aminexil L&rsquo;Or\u00e9al Professionnel<\/a><\/p>\n<\/div><\/div>\n\n\n\n<p><\/p>\n\n\n\n<p>En compl\u00e9ment, le <strong>Shampooing Densit\u00e9 Scientist Subtil<\/strong> nettoie en douceur tout en apportant volume et r\u00e9sistance aux cheveux affin\u00e9s :<\/p>\n\n\n\n<div class=\"wp-block-media-text is-vertically-aligned-center\" style=\"grid-template-columns:22% auto\"><figure class=\"wp-block-media-text__media\"><img decoding=\"async\" src=\"https:\/\/www.procoiffure.com\/blog\/wp-content\/uploads\/2025\/09\/Capture-decran-2025-09-23-181023.png\" alt=\"\" class=\"wp-image-4100 size-full\"\/><\/figure><div class=\"wp-block-media-text__content\">\n<p><a href=\"https:\/\/www.procoiffure.com\/shampooing-densite-scientist-300ml\">Shampooing Densit\u00e9 Scientist Subtil 300ml<\/a><\/p>\n<\/div><\/div>\n\n\n\n<p><\/p>\n\n\n\n<p>Pour un soutien de l\u2019int\u00e9rieur, les <strong>Gummies Anti-Chute de Cheveux Myriam K<\/strong> offrent un apport en vitamines et nutriments essentiels :<\/p>\n\n\n\n<div class=\"wp-block-media-text is-vertically-aligned-center\" style=\"grid-template-columns:22% auto\"><figure class=\"wp-block-media-text__media\"><img loading=\"lazy\" decoding=\"async\" width=\"465\" height=\"434\" src=\"https:\/\/www.procoiffure.com\/blog\/wp-content\/uploads\/2025\/09\/Capture-decran-2025-09-23-180320.png\" alt=\"\" class=\"wp-image-4096 size-full\" srcset=\"https:\/\/www.procoiffure.com\/blog\/wp-content\/uploads\/2025\/09\/Capture-decran-2025-09-23-180320.png 465w, https:\/\/www.procoiffure.com\/blog\/wp-content\/uploads\/2025\/09\/Capture-decran-2025-09-23-180320-300x280.png 300w\" sizes=\"(max-width: 465px) 100vw, 465px\" \/><\/figure><div class=\"wp-block-media-text__content\">\n<p><a href=\"https:\/\/www.procoiffure.com\/gummies-anti-chute-de-cheveux-60-gelules-myriam-k\">Gummies Anti-Chute de Cheveux 60 g\u00e9lules Myriam K<\/a><\/p>\n<\/div><\/div>\n\n\n\n<p><\/p>\n\n\n\n<p>Enfin, le <strong>Nioxin Kit System N\u00b01<\/strong> propose une routine compl\u00e8te associant soin, nettoyage et traitement pour redonner densit\u00e9 et vitalit\u00e9 aux cheveux fragilis\u00e9s :<\/p>\n\n\n\n<div class=\"wp-block-media-text is-vertically-aligned-center\" style=\"grid-template-columns:22% auto\"><figure class=\"wp-block-media-text__media\"><img loading=\"lazy\" decoding=\"async\" width=\"341\" height=\"290\" src=\"https:\/\/www.procoiffure.com\/blog\/wp-content\/uploads\/2025\/09\/Capture-decran-2025-09-23-180443.png\" alt=\"\" class=\"wp-image-4097 size-full\" srcset=\"https:\/\/www.procoiffure.com\/blog\/wp-content\/uploads\/2025\/09\/Capture-decran-2025-09-23-180443.png 341w, https:\/\/www.procoiffure.com\/blog\/wp-content\/uploads\/2025\/09\/Capture-decran-2025-09-23-180443-300x255.png 300w\" sizes=\"(max-width: 341px) 100vw, 341px\" \/><\/figure><div class=\"wp-block-media-text__content\">\n<p><a href=\"https:\/\/www.procoiffure.com\/nioxin-kit-system-n1\">Nioxin Kit System N\u00b01<\/a><\/p>\n<\/div><\/div>\n\n\n\n<hr class=\"wp-block-separator aligncenter has-text-color has-white-color has-alpha-channel-opacity has-white-background-color has-background is-style-wide\" style=\"margin-top:var(--wp--preset--spacing--30);margin-bottom:var(--wp--preset--spacing--30)\"\/>\n\n\n\n<h2 class=\"wp-block-heading has-text-color has-link-color wp-elements-1e8ddf82596651cb4e30377d2dc58a86\" style=\"color:#e2007a\"># 2 &#8211; Soins barbe et cheveux homme : la s\u00e9lection Men Stories et Peggy Sage<\/h2>\n\n\n\n<p><\/p>\n\n\n\n<p>La barbe et les cheveux exigent eux aussi des soins cibl\u00e9s en hiver. La gamme <strong>Men Stories<\/strong> propose un large choix : le <strong>S\u00e9rum Barbe B2<\/strong> et son \u00e9dition limit\u00e9e pour nourrir et adoucir, le <strong>Spray Barbe B1<\/strong> pour structurer, la <strong>Cr\u00e8me de Rasage B4<\/strong> pour un confort optimal, sans oublier le <strong>Baume Barbe B5<\/strong> et le <strong>Gel de Rasage B3<\/strong> pour un r\u00e9sultat net. Pour une routine compl\u00e8te, la <strong>Cr\u00e8me de Jour Barbe et Cheveux B6<\/strong> apporte hydratation et souplesse.<\/p>\n\n\n\n<p class=\"has-text-align-left\"><a href=\"https:\/\/www.procoiffure.com\/brand\/men-stories\">Gamme Visage Men Stories<\/a> :<\/p>\n\n\n\n<div class=\"wp-block-columns are-vertically-aligned-bottom is-not-stacked-on-mobile is-layout-flex wp-container-core-columns-is-layout-f47f406a wp-block-columns-is-layout-flex\" style=\"padding-top:0;padding-right:0;padding-bottom:0;padding-left:0\">\n<div class=\"wp-block-column is-vertically-aligned-bottom is-layout-flow wp-block-column-is-layout-flow\" style=\"flex-basis:16.67%\">\n<figure class=\"wp-block-image aligncenter size-full is-resized\"><img loading=\"lazy\" decoding=\"async\" width=\"106\" height=\"352\" src=\"https:\/\/www.procoiffure.com\/blog\/wp-content\/uploads\/2025\/09\/Capture-decran-2025-09-25-095849.png\" alt=\"\" class=\"wp-image-4180\" style=\"width:76px;height:auto\" srcset=\"https:\/\/www.procoiffure.com\/blog\/wp-content\/uploads\/2025\/09\/Capture-decran-2025-09-25-095849.png 106w, https:\/\/www.procoiffure.com\/blog\/wp-content\/uploads\/2025\/09\/Capture-decran-2025-09-25-095849-90x300.png 90w\" sizes=\"(max-width: 106px) 100vw, 106px\" \/><\/figure>\n<\/div>\n\n\n\n<div class=\"wp-block-column is-vertically-aligned-bottom is-layout-flow wp-block-column-is-layout-flow\" style=\"flex-basis:16.67%\">\n<figure class=\"wp-block-image aligncenter size-full is-resized\"><img loading=\"lazy\" decoding=\"async\" width=\"97\" height=\"308\" src=\"https:\/\/www.procoiffure.com\/blog\/wp-content\/uploads\/2025\/09\/Capture-decran-2025-09-25-095555.png\" alt=\"\" class=\"wp-image-4176\" style=\"width:72px;height:auto\"\/><\/figure>\n<\/div>\n\n\n\n<div class=\"wp-block-column is-vertically-aligned-bottom is-layout-flow wp-block-column-is-layout-flow\" style=\"flex-basis:16.67%\">\n<figure class=\"wp-block-image aligncenter size-full is-resized\"><img loading=\"lazy\" decoding=\"async\" width=\"130\" height=\"303\" src=\"https:\/\/www.procoiffure.com\/blog\/wp-content\/uploads\/2025\/09\/Capture-decran-2025-09-25-095540.png\" alt=\"\" class=\"wp-image-4177\" style=\"width:120px;height:auto\" srcset=\"https:\/\/www.procoiffure.com\/blog\/wp-content\/uploads\/2025\/09\/Capture-decran-2025-09-25-095540.png 130w, https:\/\/www.procoiffure.com\/blog\/wp-content\/uploads\/2025\/09\/Capture-decran-2025-09-25-095540-129x300.png 129w\" sizes=\"(max-width: 130px) 100vw, 130px\" \/><\/figure>\n<\/div>\n\n\n\n<div class=\"wp-block-column is-vertically-aligned-bottom is-layout-flow wp-block-column-is-layout-flow\" style=\"flex-basis:16.67%\">\n<figure class=\"wp-block-image aligncenter size-full is-resized\"><img loading=\"lazy\" decoding=\"async\" width=\"153\" height=\"362\" src=\"https:\/\/www.procoiffure.com\/blog\/wp-content\/uploads\/2025\/09\/Capture-decran-2025-09-25-095526.png\" alt=\"\" class=\"wp-image-4178\" style=\"width:120px;height:auto\" srcset=\"https:\/\/www.procoiffure.com\/blog\/wp-content\/uploads\/2025\/09\/Capture-decran-2025-09-25-095526.png 153w, https:\/\/www.procoiffure.com\/blog\/wp-content\/uploads\/2025\/09\/Capture-decran-2025-09-25-095526-127x300.png 127w\" sizes=\"(max-width: 153px) 100vw, 153px\" \/><\/figure>\n<\/div>\n\n\n\n<div class=\"wp-block-column is-vertically-aligned-bottom is-layout-flow wp-block-column-is-layout-flow\" style=\"flex-basis:16.67%\">\n<figure class=\"wp-block-image aligncenter size-full is-resized\"><img loading=\"lazy\" decoding=\"async\" width=\"134\" height=\"302\" src=\"https:\/\/www.procoiffure.com\/blog\/wp-content\/uploads\/2025\/09\/Capture-decran-2025-09-25-095613.png\" alt=\"\" class=\"wp-image-4179\" style=\"width:127px;height:auto\" srcset=\"https:\/\/www.procoiffure.com\/blog\/wp-content\/uploads\/2025\/09\/Capture-decran-2025-09-25-095613.png 134w, https:\/\/www.procoiffure.com\/blog\/wp-content\/uploads\/2025\/09\/Capture-decran-2025-09-25-095613-133x300.png 133w\" sizes=\"(max-width: 134px) 100vw, 134px\" \/><\/figure>\n<\/div>\n<\/div>\n\n\n\n<p>&nbsp;<\/p>\n\n\n\n<p>La marque <strong>Peggy Sage<\/strong> compl\u00e8te cette s\u00e9lection avec des soins essentiels : le <strong>Fluide Apr\u00e8s-Rasage Homme 50 ml<\/strong> apaise et hydrate la peau apr\u00e8s le rasage, tandis que la <strong>Cr\u00e8me Savon \u00e0 Barbe N\u00b0405<\/strong> allie confort et efficacit\u00e9. Ces produits apportent une r\u00e9ponse simple et efficace aux besoins sp\u00e9cifiques des peaux masculines.<\/p>\n\n\n\n<div class=\"wp-block-media-text is-vertically-aligned-center\" style=\"grid-template-columns:15% auto\"><figure class=\"wp-block-media-text__media\"><img loading=\"lazy\" decoding=\"async\" width=\"376\" height=\"600\" src=\"https:\/\/www.procoiffure.com\/blog\/wp-content\/uploads\/2025\/09\/fluide.jpg\" alt=\"\" class=\"wp-image-4079 size-full\" srcset=\"https:\/\/www.procoiffure.com\/blog\/wp-content\/uploads\/2025\/09\/fluide.jpg 376w, https:\/\/www.procoiffure.com\/blog\/wp-content\/uploads\/2025\/09\/fluide-188x300.jpg 188w\" sizes=\"(max-width: 376px) 100vw, 376px\" \/><\/figure><div class=\"wp-block-media-text__content\">\n<p><a href=\"https:\/\/www.procoiffure.com\/fluide-apres-rasage-homme-50ml-peggy-sage\">Fluide Apr\u00e8s Rasage Peggy Sage<\/a><\/p>\n<\/div><\/div>\n\n\n\n<div class=\"wp-block-media-text is-vertically-aligned-center\" style=\"grid-template-columns:15% auto\"><figure class=\"wp-block-media-text__media\"><img loading=\"lazy\" decoding=\"async\" width=\"456\" height=\"456\" src=\"https:\/\/www.procoiffure.com\/blog\/wp-content\/uploads\/2025\/09\/Capture-decran-2025-09-23-125631.png\" alt=\"\" class=\"wp-image-4009 size-full\" srcset=\"https:\/\/www.procoiffure.com\/blog\/wp-content\/uploads\/2025\/09\/Capture-decran-2025-09-23-125631.png 456w, https:\/\/www.procoiffure.com\/blog\/wp-content\/uploads\/2025\/09\/Capture-decran-2025-09-23-125631-300x300.png 300w, https:\/\/www.procoiffure.com\/blog\/wp-content\/uploads\/2025\/09\/Capture-decran-2025-09-23-125631-150x150.png 150w\" sizes=\"(max-width: 456px) 100vw, 456px\" \/><\/figure><div class=\"wp-block-media-text__content\">\n<p><a href=\"https:\/\/www.procoiffure.com\/n405-creme-savon-a-barbe-30-ml\">N\u00b0405 Cr\u00e8me Savon \u00e0 Barbe 30 ml<\/a><\/p>\n<\/div><\/div>\n\n\n\n<p><\/p>\n\n\n\n<p>C\u00f4t\u00e9 lavage, les shampoings homme Men Stories r\u00e9pondent \u00e0 chaque besoin : le <strong>Shampoing 3-en-1 S1<\/strong> simplifie la routine, le <strong>Shampoing Rafra\u00eechissant S2<\/strong> offre une sensation de fra\u00eecheur, le <strong>Shampoing Tonifiant S3<\/strong> redonne de l\u2019\u00e9nergie aux cheveux, et le <strong>Shampoing Purifiant S4<\/strong> nettoie en profondeur.<\/p>\n\n\n\n<p class=\"has-text-align-left\"><a href=\"https:\/\/www.procoiffure.com\/brand\/men-stories\">Shampoings Men Stories<\/a> : <\/p>\n\n\n\n<div class=\"wp-block-columns are-vertically-aligned-bottom is-not-stacked-on-mobile is-layout-flex wp-container-core-columns-is-layout-4179107b wp-block-columns-is-layout-flex\" style=\"padding-top:0;padding-right:0;padding-bottom:0;padding-left:0\">\n<div class=\"wp-block-column is-vertically-aligned-bottom is-layout-flow wp-block-column-is-layout-flow\" style=\"flex-basis:20%\">\n<figure class=\"wp-block-image aligncenter size-full is-resized\"><img loading=\"lazy\" decoding=\"async\" width=\"144\" height=\"352\" src=\"https:\/\/www.procoiffure.com\/blog\/wp-content\/uploads\/2025\/09\/Capture-decran-2025-09-23-120253-e1758787275136.png\" alt=\"\" class=\"wp-image-3984\" style=\"width:112px;height:auto\" srcset=\"https:\/\/www.procoiffure.com\/blog\/wp-content\/uploads\/2025\/09\/Capture-decran-2025-09-23-120253-e1758787275136.png 144w, https:\/\/www.procoiffure.com\/blog\/wp-content\/uploads\/2025\/09\/Capture-decran-2025-09-23-120253-e1758787275136-123x300.png 123w\" sizes=\"(max-width: 144px) 100vw, 144px\" \/><\/figure>\n<\/div>\n\n\n\n<div class=\"wp-block-column is-vertically-aligned-bottom is-layout-flow wp-block-column-is-layout-flow\" style=\"flex-basis:20%\">\n<figure class=\"wp-block-image aligncenter size-full is-resized\"><img loading=\"lazy\" decoding=\"async\" width=\"149\" height=\"351\" src=\"https:\/\/www.procoiffure.com\/blog\/wp-content\/uploads\/2025\/09\/Capture-decran-2025-09-23-120246-e1758787369895.png\" alt=\"\" class=\"wp-image-3989\" style=\"width:115px;height:auto\" srcset=\"https:\/\/www.procoiffure.com\/blog\/wp-content\/uploads\/2025\/09\/Capture-decran-2025-09-23-120246-e1758787369895.png 149w, https:\/\/www.procoiffure.com\/blog\/wp-content\/uploads\/2025\/09\/Capture-decran-2025-09-23-120246-e1758787369895-127x300.png 127w\" sizes=\"(max-width: 149px) 100vw, 149px\" \/><\/figure>\n<\/div>\n\n\n\n<div class=\"wp-block-column is-vertically-aligned-bottom is-layout-flow wp-block-column-is-layout-flow\" style=\"flex-basis:20%\">\n<figure class=\"wp-block-image aligncenter size-full is-resized\"><img loading=\"lazy\" decoding=\"async\" width=\"152\" height=\"347\" src=\"https:\/\/www.procoiffure.com\/blog\/wp-content\/uploads\/2025\/09\/Capture-decran-2025-09-23-120236-e1758787448872.png\" alt=\"\" class=\"wp-image-3990\" style=\"width:120px;height:auto\" srcset=\"https:\/\/www.procoiffure.com\/blog\/wp-content\/uploads\/2025\/09\/Capture-decran-2025-09-23-120236-e1758787448872.png 152w, https:\/\/www.procoiffure.com\/blog\/wp-content\/uploads\/2025\/09\/Capture-decran-2025-09-23-120236-e1758787448872-131x300.png 131w\" sizes=\"(max-width: 152px) 100vw, 152px\" \/><\/figure>\n<\/div>\n\n\n\n<div class=\"wp-block-column is-vertically-aligned-bottom is-layout-flow wp-block-column-is-layout-flow\" style=\"flex-basis:20%\">\n<figure class=\"wp-block-image aligncenter size-full is-resized\"><img loading=\"lazy\" decoding=\"async\" width=\"146\" height=\"347\" src=\"https:\/\/www.procoiffure.com\/blog\/wp-content\/uploads\/2025\/09\/Capture-decran-2025-09-23-120326-e1758787547947.png\" alt=\"\" class=\"wp-image-3991\" style=\"width:120px;height:auto\" srcset=\"https:\/\/www.procoiffure.com\/blog\/wp-content\/uploads\/2025\/09\/Capture-decran-2025-09-23-120326-e1758787547947.png 146w, https:\/\/www.procoiffure.com\/blog\/wp-content\/uploads\/2025\/09\/Capture-decran-2025-09-23-120326-e1758787547947-126x300.png 126w\" sizes=\"(max-width: 146px) 100vw, 146px\" \/><\/figure>\n<\/div>\n<\/div>\n\n\n\n<p>Pour le coiffage, les <strong>cires modelantes et fixantes<\/strong> <strong>Men Stories<\/strong> permettent de varier les styles selon vos envies : C1, C2 effet mouill\u00e9, C4 extra-forte mate, C5 effet mouill\u00e9 extra-forte:<\/p>\n\n\n\n<p class=\"has-text-align-left\"><a href=\"https:\/\/www.procoiffure.com\/brand\/men-stories\">Cires Men Stories<\/a> :<\/p>\n\n\n\n<div class=\"wp-block-columns are-vertically-aligned-center is-not-stacked-on-mobile is-layout-flex wp-container-core-columns-is-layout-7fc3d43a wp-block-columns-is-layout-flex\">\n<div class=\"wp-block-column is-vertically-aligned-center is-layout-flow wp-block-column-is-layout-flow\" style=\"flex-basis:20%\">\n<figure class=\"wp-block-image aligncenter size-full is-resized\"><img loading=\"lazy\" decoding=\"async\" width=\"344\" height=\"238\" src=\"https:\/\/www.procoiffure.com\/blog\/wp-content\/uploads\/2025\/09\/Capture-decran-2025-09-23-122109-e1758807032950.png\" alt=\"\" class=\"wp-image-4000\" style=\"width:300px\" srcset=\"https:\/\/www.procoiffure.com\/blog\/wp-content\/uploads\/2025\/09\/Capture-decran-2025-09-23-122109-e1758807032950.png 344w, https:\/\/www.procoiffure.com\/blog\/wp-content\/uploads\/2025\/09\/Capture-decran-2025-09-23-122109-e1758807032950-300x208.png 300w\" sizes=\"(max-width: 344px) 100vw, 344px\" \/><\/figure>\n<\/div>\n\n\n\n<div class=\"wp-block-column is-vertically-aligned-center is-layout-flow wp-block-column-is-layout-flow\" style=\"flex-basis:20%\">\n<figure class=\"wp-block-image aligncenter size-full is-resized\"><img loading=\"lazy\" decoding=\"async\" width=\"349\" height=\"238\" src=\"https:\/\/www.procoiffure.com\/blog\/wp-content\/uploads\/2025\/09\/Capture-decran-2025-09-23-122124-e1758806979264.png\" alt=\"\" class=\"wp-image-4001\" style=\"width:300px\" srcset=\"https:\/\/www.procoiffure.com\/blog\/wp-content\/uploads\/2025\/09\/Capture-decran-2025-09-23-122124-e1758806979264.png 349w, https:\/\/www.procoiffure.com\/blog\/wp-content\/uploads\/2025\/09\/Capture-decran-2025-09-23-122124-e1758806979264-300x205.png 300w\" sizes=\"(max-width: 349px) 100vw, 349px\" \/><\/figure>\n<\/div>\n\n\n\n<div class=\"wp-block-column is-vertically-aligned-center is-layout-flow wp-block-column-is-layout-flow\" style=\"flex-basis:20%\">\n<figure class=\"wp-block-image aligncenter size-full is-resized\"><img loading=\"lazy\" decoding=\"async\" width=\"347\" height=\"247\" src=\"https:\/\/www.procoiffure.com\/blog\/wp-content\/uploads\/2025\/09\/Capture-decran-2025-09-23-122259-e1758806937855.png\" alt=\"\" class=\"wp-image-4003\" style=\"width:300px\" srcset=\"https:\/\/www.procoiffure.com\/blog\/wp-content\/uploads\/2025\/09\/Capture-decran-2025-09-23-122259-e1758806937855.png 347w, https:\/\/www.procoiffure.com\/blog\/wp-content\/uploads\/2025\/09\/Capture-decran-2025-09-23-122259-e1758806937855-300x214.png 300w\" sizes=\"(max-width: 347px) 100vw, 347px\" \/><\/figure>\n<\/div>\n\n\n\n<div class=\"wp-block-column is-vertically-aligned-center is-layout-flow wp-block-column-is-layout-flow\" style=\"flex-basis:20%\">\n<figure class=\"wp-block-image aligncenter size-full is-resized\"><img loading=\"lazy\" decoding=\"async\" width=\"343\" height=\"244\" src=\"https:\/\/www.procoiffure.com\/blog\/wp-content\/uploads\/2025\/09\/Capture-decran-2025-09-23-122141-1-e1758806896548.png\" alt=\"\" class=\"wp-image-4004\" style=\"width:300px\" srcset=\"https:\/\/www.procoiffure.com\/blog\/wp-content\/uploads\/2025\/09\/Capture-decran-2025-09-23-122141-1-e1758806896548.png 343w, https:\/\/www.procoiffure.com\/blog\/wp-content\/uploads\/2025\/09\/Capture-decran-2025-09-23-122141-1-e1758806896548-300x213.png 300w\" sizes=\"(max-width: 343px) 100vw, 343px\" \/><\/figure>\n<\/div>\n<\/div>\n\n\n\n<p>Enfin, pour un entretien impeccable, les accessoires professionnels sont incontournables : la <strong>Tondeuse Race R823 GA.MA Italy<\/strong>, la <strong>Tondeuse de Finition Panasonic ER-GP23<\/strong> ou encore la <strong>Tondeuse de Coupe Sans Fil Moser 1400<\/strong> garantissent une coupe pr\u00e9cise et durable, m\u00eame \u00e0 la maison :<\/p>\n\n\n\n<div class=\"wp-block-media-text is-vertically-aligned-center\" style=\"grid-template-columns:22% auto\"><figure class=\"wp-block-media-text__media\"><img loading=\"lazy\" decoding=\"async\" width=\"464\" height=\"472\" src=\"https:\/\/www.procoiffure.com\/blog\/wp-content\/uploads\/2025\/09\/Capture-decran-2025-09-23-120847.png\" alt=\"\" class=\"wp-image-3992 size-full\" srcset=\"https:\/\/www.procoiffure.com\/blog\/wp-content\/uploads\/2025\/09\/Capture-decran-2025-09-23-120847.png 464w, https:\/\/www.procoiffure.com\/blog\/wp-content\/uploads\/2025\/09\/Capture-decran-2025-09-23-120847-295x300.png 295w\" sizes=\"(max-width: 464px) 100vw, 464px\" \/><\/figure><div class=\"wp-block-media-text__content\">\n<p><a href=\"https:\/\/www.procoiffure.com\/tondeuse-de-coupe-finition-race-r823-gama-italy\">Tondeuse de Coupe &amp; Finition Race R823 GA.MA Italy<\/a><\/p>\n<\/div><\/div>\n\n\n\n<div class=\"wp-block-media-text is-vertically-aligned-center\" style=\"grid-template-columns:22% auto\"><figure class=\"wp-block-media-text__media\"><img loading=\"lazy\" decoding=\"async\" width=\"458\" height=\"461\" src=\"https:\/\/www.procoiffure.com\/blog\/wp-content\/uploads\/2025\/09\/Capture-decran-2025-09-23-120923.png\" alt=\"\" class=\"wp-image-3993 size-full\" srcset=\"https:\/\/www.procoiffure.com\/blog\/wp-content\/uploads\/2025\/09\/Capture-decran-2025-09-23-120923.png 458w, https:\/\/www.procoiffure.com\/blog\/wp-content\/uploads\/2025\/09\/Capture-decran-2025-09-23-120923-298x300.png 298w, https:\/\/www.procoiffure.com\/blog\/wp-content\/uploads\/2025\/09\/Capture-decran-2025-09-23-120923-150x150.png 150w\" sizes=\"(max-width: 458px) 100vw, 458px\" \/><\/figure><div class=\"wp-block-media-text__content\">\n<p><a href=\"https:\/\/www.procoiffure.com\/tondeuse-de-finition-cheveux-panasonic-er-gp23\">Tondeuse de Finition Cheveux Panasonic ER-GP23<\/a><\/p>\n<\/div><\/div>\n\n\n\n<div class=\"wp-block-media-text is-vertically-aligned-center\" style=\"grid-template-columns:22% auto\"><figure class=\"wp-block-media-text__media\"><img loading=\"lazy\" decoding=\"async\" width=\"461\" height=\"470\" src=\"https:\/\/www.procoiffure.com\/blog\/wp-content\/uploads\/2025\/09\/Capture-decran-2025-09-23-122527.png\" alt=\"\" class=\"wp-image-4006 size-full\" srcset=\"https:\/\/www.procoiffure.com\/blog\/wp-content\/uploads\/2025\/09\/Capture-decran-2025-09-23-122527.png 461w, https:\/\/www.procoiffure.com\/blog\/wp-content\/uploads\/2025\/09\/Capture-decran-2025-09-23-122527-294x300.png 294w\" sizes=\"(max-width: 461px) 100vw, 461px\" \/><\/figure><div class=\"wp-block-media-text__content\">\n<p><a href=\"https:\/\/www.procoiffure.com\/tondeuse-de-coupe-sans-fil-1400-moser-professionnal\">Tondeuse de Coupe Sans fil 1400 Moser Professionnal<\/a><\/p>\n<\/div><\/div>\n\n\n\n<hr class=\"wp-block-separator aligncenter has-text-color has-white-color has-alpha-channel-opacity has-white-background-color has-background is-style-wide\" style=\"margin-top:var(--wp--preset--spacing--30);margin-bottom:var(--wp--preset--spacing--30)\"\/>\n\n\n\n<h2 class=\"wp-block-heading has-text-color has-link-color wp-elements-1d5c2b7e6dbe43b81452688d4961bc8b\" style=\"color:#e2007a\"># 3 &#8211; Routine beaut\u00e9 hiver : visage et corps hydrat\u00e9s malgr\u00e9 le froid<\/h2>\n\n\n\n<h3 class=\"wp-block-heading has-text-color has-link-color wp-elements-a369709b6a9ad54a4e621f7ab916e957\" style=\"color:#e2007a\">&nbsp;a) <strong>Soins visage hydratants et anti-fatigue<\/strong><\/h3>\n\n\n\n<p><\/p>\n\n\n\n<p>En hiver, la peau du visage se d\u00e9shydrate rapidement et marque davantage la fatigue. La <strong>Gel Doux Nettoyant Peggy Sage <\/strong>\u00e9limine les impuret\u00e9s en douceur, tandis que les <strong>patchs yeux Peggy Sage<\/strong> att\u00e9nuent les signes de fatigue. Le <strong>S\u00e9rum Jeunesse \u00e0 la Gel\u00e9e Royale <\/strong>redonne souplesse et \u00e9clat, et s\u2019int\u00e8gre facilement dans une routine quotidienne.<\/p>\n\n\n\n<div class=\"wp-block-media-text is-vertically-aligned-center\" style=\"grid-template-columns:21% auto\"><figure class=\"wp-block-media-text__media\"><img decoding=\"async\" src=\"https:\/\/www.procoiffure.com\/blog\/wp-content\/uploads\/2025\/09\/Capture-decran-2025-09-23-121105.png\" alt=\"\" class=\"wp-image-3994 size-full\"\/><\/figure><div class=\"wp-block-media-text__content\">\n<p><a href=\"https:\/\/www.procoiffure.com\/gel-doux-nettoyant-visage-peggy-sage-200ml\">Gel Doux Nettoyant Visage Peggy Sage 200ml<\/a><\/p>\n<\/div><\/div>\n\n\n\n<div class=\"wp-block-media-text is-vertically-aligned-center\" style=\"grid-template-columns:22% auto\"><figure class=\"wp-block-media-text__media\"><img loading=\"lazy\" decoding=\"async\" width=\"377\" height=\"386\" src=\"https:\/\/www.procoiffure.com\/blog\/wp-content\/uploads\/2025\/09\/Capture-decran-2025-09-23-121156.png\" alt=\"\" class=\"wp-image-3995 size-full\" srcset=\"https:\/\/www.procoiffure.com\/blog\/wp-content\/uploads\/2025\/09\/Capture-decran-2025-09-23-121156.png 377w, https:\/\/www.procoiffure.com\/blog\/wp-content\/uploads\/2025\/09\/Capture-decran-2025-09-23-121156-293x300.png 293w\" sizes=\"(max-width: 377px) 100vw, 377px\" \/><\/figure><div class=\"wp-block-media-text__content\">\n<p><a href=\"https:\/\/www.procoiffure.com\/les-patchs-yeux-defatiguant-peggy-sage-25g\">Les Patchs Yeux D\u00e9fatiguant Peggy Sage 2.5g<\/a><\/p>\n<\/div><\/div>\n\n\n\n<div class=\"wp-block-media-text\" style=\"grid-template-columns:15% auto\"><figure class=\"wp-block-media-text__media\"><img loading=\"lazy\" decoding=\"async\" width=\"165\" height=\"351\" src=\"https:\/\/www.procoiffure.com\/blog\/wp-content\/uploads\/2025\/09\/Capture-decran-2025-09-23-121332-e1758793116425.png\" alt=\"\" class=\"wp-image-3996 size-full\" srcset=\"https:\/\/www.procoiffure.com\/blog\/wp-content\/uploads\/2025\/09\/Capture-decran-2025-09-23-121332-e1758793116425.png 165w, https:\/\/www.procoiffure.com\/blog\/wp-content\/uploads\/2025\/09\/Capture-decran-2025-09-23-121332-e1758793116425-141x300.png 141w\" sizes=\"(max-width: 165px) 100vw, 165px\" \/><\/figure><div class=\"wp-block-media-text__content\">\n<p><a href=\"https:\/\/www.procoiffure.com\/serum-jeunesse-a-la-gelee-royale-peggy-sage-30ml\">S\u00e9rum Jeunesse \u00e0 la Gel\u00e9e Royale Peggy Sage 30ml<\/a><\/p>\n<\/div><\/div>\n\n\n\n<h3 class=\"wp-block-heading has-text-color has-link-color wp-elements-8fa2cf11d3b01db543a34facd5fa2daf\" style=\"color:#e2007a\">b) <strong>Soins corps nourrissants et gels douche parfum\u00e9s<\/strong><\/h3>\n\n\n\n<p><\/p>\n\n\n\n<p>Le corps n\u2019est pas en reste : <strong>la Gel\u00e9e Hydratante Corps Fraise des Bois Parisax <\/strong>ou le <strong>Gel Douche Framboise Cerise <\/strong>transforment la douche en moment sensoriel, tout en apportant une hydratation bienvenue :<\/p>\n\n\n\n<div class=\"wp-block-media-text is-vertically-aligned-center\" style=\"grid-template-columns:16% auto\"><figure class=\"wp-block-media-text__media\"><img loading=\"lazy\" decoding=\"async\" width=\"258\" height=\"275\" src=\"https:\/\/www.procoiffure.com\/blog\/wp-content\/uploads\/2025\/09\/Capture-decran-2025-09-23-121538-e1758793882392.png\" alt=\"\" class=\"wp-image-3997 size-full\"\/><\/figure><div class=\"wp-block-media-text__content\">\n<p><a href=\"https:\/\/www.procoiffure.com\/gelee-hydratante-corps-you-look-nice-fraise-des-bois-parisax-320g\">Gel\u00e9e Hydratante Corps You Look Nice Fraise des Bois Parisax 320g<\/a><\/p>\n<\/div><\/div>\n\n\n\n<div class=\"wp-block-media-text is-vertically-aligned-center\" style=\"grid-template-columns:15% auto\"><figure class=\"wp-block-media-text__media\"><img loading=\"lazy\" decoding=\"async\" width=\"216\" height=\"419\" src=\"https:\/\/www.procoiffure.com\/blog\/wp-content\/uploads\/2025\/09\/Capture-decran-2025-09-23-121609-e1758793825922.png\" alt=\"\" class=\"wp-image-3998 size-full\" srcset=\"https:\/\/www.procoiffure.com\/blog\/wp-content\/uploads\/2025\/09\/Capture-decran-2025-09-23-121609-e1758793825922.png 216w, https:\/\/www.procoiffure.com\/blog\/wp-content\/uploads\/2025\/09\/Capture-decran-2025-09-23-121609-e1758793825922-155x300.png 155w\" sizes=\"(max-width: 216px) 100vw, 216px\" \/><\/figure><div class=\"wp-block-media-text__content\">\n<p><a href=\"https:\/\/www.procoiffure.com\/gel-douche-you-look-good-framboise-cerise-parisax-450ml\">Gel Douche You Look Good Framboise Cerise Parisax 450ml<\/a><\/p>\n<\/div><\/div>\n\n\n\n<p>Pour les hommes, des soins sp\u00e9cifiques comme le <strong>Gel Douche Corps et Cheveux Peggy Sage <\/strong>ou le <strong>Soin Anti-Rides <\/strong>r\u00e9pondent aux besoins quotidiens :<\/p>\n\n\n\n<p><\/p>\n\n\n\n<div class=\"wp-block-media-text is-vertically-aligned-center\" style=\"grid-template-columns:15% auto\"><figure class=\"wp-block-media-text__media\"><img loading=\"lazy\" decoding=\"async\" width=\"376\" height=\"600\" src=\"https:\/\/www.procoiffure.com\/blog\/wp-content\/uploads\/2025\/09\/soin.jpg\" alt=\"\" class=\"wp-image-4081 size-full\" srcset=\"https:\/\/www.procoiffure.com\/blog\/wp-content\/uploads\/2025\/09\/soin.jpg 376w, https:\/\/www.procoiffure.com\/blog\/wp-content\/uploads\/2025\/09\/soin-188x300.jpg 188w\" sizes=\"(max-width: 376px) 100vw, 376px\" \/><\/figure><div class=\"wp-block-media-text__content\">\n<p><a href=\"https:\/\/www.procoiffure.com\/soin-anti-rides-visage-et-yeux-homme-peggy-sage-50ml\">Soin Anti-Rides Visage et Yeux Homme Peggy Sage 50ml<\/a><\/p>\n<\/div><\/div>\n\n\n\n<div class=\"wp-block-media-text is-vertically-aligned-center\" style=\"grid-template-columns:15% auto\"><figure class=\"wp-block-media-text__media\"><img loading=\"lazy\" decoding=\"async\" width=\"429\" height=\"469\" src=\"https:\/\/www.procoiffure.com\/blog\/wp-content\/uploads\/2025\/09\/Capture-decran-2025-09-23-150048.png\" alt=\"\" class=\"wp-image-4051 size-full\" srcset=\"https:\/\/www.procoiffure.com\/blog\/wp-content\/uploads\/2025\/09\/Capture-decran-2025-09-23-150048.png 429w, https:\/\/www.procoiffure.com\/blog\/wp-content\/uploads\/2025\/09\/Capture-decran-2025-09-23-150048-274x300.png 274w\" sizes=\"(max-width: 429px) 100vw, 429px\" \/><\/figure><div class=\"wp-block-media-text__content\">\n<p><a href=\"https:\/\/www.procoiffure.com\/gel-douche-homme-corps-et-cheveux-peggy-sage-200ml\">Gel Douche Homme Corps et Cheveux Peggy Sage 200ml<\/a><\/p>\n<\/div><\/div>\n\n\n\n<hr class=\"wp-block-separator aligncenter has-text-color has-white-color has-alpha-channel-opacity has-white-background-color has-background is-style-wide\" style=\"margin-top:var(--wp--preset--spacing--30);margin-bottom:var(--wp--preset--spacing--30)\"\/>\n\n\n\n<h2 class=\"wp-block-heading has-text-color has-link-color wp-elements-84306e33509f951a0d0f3812cff96592\" style=\"color:#e2007a\"># 4 &#8211; Ongles et manucure hiver : vernis, semi permanent et soins mains<\/h2>\n\n\n\n<p><\/p>\n\n\n\n<h3 class=\"wp-block-heading has-text-color has-link-color wp-elements-b06aae00880730573928688a51a2d4ee\" style=\"color:#e2007a\">a) Soins mains et cuticules<\/h3>\n\n\n\n<p><\/p>\n\n\n\n<p>Le froid fragilise les mains, qui deviennent vite s\u00e8ches et sensibles. Des produits cibl\u00e9s comme les <strong>gants hydratants Peggy Sage,<\/strong> <strong>l\u2019huile cuticules ProNails <\/strong>ou le <strong>durcisseur Peggy Sage<\/strong> apportent nutrition et protection pour des mains nettes et confortables.<\/p>\n\n\n\n<div class=\"wp-block-media-text is-vertically-aligned-center\" style=\"grid-template-columns:16% auto\"><figure class=\"wp-block-media-text__media\"><img loading=\"lazy\" decoding=\"async\" width=\"331\" height=\"335\" src=\"https:\/\/www.procoiffure.com\/blog\/wp-content\/uploads\/2025\/09\/Capture-decran-2025-09-23-140624.png\" alt=\"\" class=\"wp-image-4011 size-full\" srcset=\"https:\/\/www.procoiffure.com\/blog\/wp-content\/uploads\/2025\/09\/Capture-decran-2025-09-23-140624.png 331w, https:\/\/www.procoiffure.com\/blog\/wp-content\/uploads\/2025\/09\/Capture-decran-2025-09-23-140624-296x300.png 296w\" sizes=\"(max-width: 331px) 100vw, 331px\" \/><\/figure><div class=\"wp-block-media-text__content\">\n<p><a href=\"https:\/\/www.procoiffure.com\/gants-pour-les-mains-hydratants-peggy-sage-2x18g\">Gants pour les Mains Hydratants Peggy Sage 2x18g<\/a><\/p>\n<\/div><\/div>\n\n\n\n<div class=\"wp-block-media-text is-vertically-aligned-center\" style=\"grid-template-columns:16% auto\"><figure class=\"wp-block-media-text__media\"><img loading=\"lazy\" decoding=\"async\" width=\"376\" height=\"600\" src=\"https:\/\/www.procoiffure.com\/blog\/wp-content\/uploads\/2025\/09\/029569_2.jpg\" alt=\"\" class=\"wp-image-4089 size-full\" srcset=\"https:\/\/www.procoiffure.com\/blog\/wp-content\/uploads\/2025\/09\/029569_2.jpg 376w, https:\/\/www.procoiffure.com\/blog\/wp-content\/uploads\/2025\/09\/029569_2-188x300.jpg 188w\" sizes=\"(max-width: 376px) 100vw, 376px\" \/><\/figure><div class=\"wp-block-media-text__content\">\n<p><a href=\"https:\/\/www.procoiffure.com\/vitamina-cuticle-oil-10ml-pronails\">Vitamina Cuticle Oil 10mlPronails<\/a><\/p>\n<\/div><\/div>\n\n\n\n<div class=\"wp-block-media-text is-vertically-aligned-center\" style=\"grid-template-columns:16% auto\"><figure class=\"wp-block-media-text__media\"><img loading=\"lazy\" decoding=\"async\" width=\"453\" height=\"470\" src=\"https:\/\/www.procoiffure.com\/blog\/wp-content\/uploads\/2025\/09\/Capture-decran-2025-09-23-140831.png\" alt=\"\" class=\"wp-image-4015 size-full\" srcset=\"https:\/\/www.procoiffure.com\/blog\/wp-content\/uploads\/2025\/09\/Capture-decran-2025-09-23-140831.png 453w, https:\/\/www.procoiffure.com\/blog\/wp-content\/uploads\/2025\/09\/Capture-decran-2025-09-23-140831-289x300.png 289w\" sizes=\"(max-width: 453px) 100vw, 453px\" \/><\/figure><div class=\"wp-block-media-text__content\">\n<p><a href=\"https:\/\/www.procoiffure.com\/durcisseur-green-pour-ongles-peggy-sage-9ml\">Durcisseur Green pour Ongles Peggy Sage 9ml<\/a><\/p>\n<\/div><\/div>\n\n\n\n<p>&nbsp;<\/p>\n\n\n\n<h3 class=\"wp-block-heading has-text-color has-link-color wp-elements-9b903b865794e29d93293e301f4e73dd\" style=\"color:#e2007a\">b) Vernis et couleurs festives pour l\u2019hiver<\/h3>\n\n\n\n<p>Les f\u00eates sont aussi l\u2019occasion d\u2019oser la couleur. Les <strong>vernis Longwear Peggy Sage<\/strong> offrent une tenue parfaite, les <strong>mini vernis It Color<\/strong> sont id\u00e9aux pour varier les teintes, et les <strong>vernis semi-permanents I-LAK <\/strong>assurent un rendu brillant longue dur\u00e9e.<\/p>\n\n\n\n<p class=\"has-text-align-left\"><a href=\"https:\/\/www.procoiffure.com\/brand\/pronails\">Vernis Longwear Pronails<\/a> :<\/p>\n\n\n\n<div class=\"wp-block-columns are-vertically-aligned-center is-not-stacked-on-mobile is-layout-flex wp-container-core-columns-is-layout-14cf5ab5 wp-block-columns-is-layout-flex\">\n<div class=\"wp-block-column is-vertically-aligned-center is-layout-flow wp-block-column-is-layout-flow\" style=\"flex-basis:20%\">\n<figure class=\"wp-block-image size-full is-resized\"><img loading=\"lazy\" decoding=\"async\" width=\"469\" height=\"468\" src=\"https:\/\/www.procoiffure.com\/blog\/wp-content\/uploads\/2025\/09\/Capture-decran-2025-09-23-141531.png\" alt=\"\" class=\"wp-image-4018\" style=\"width:300px\" srcset=\"https:\/\/www.procoiffure.com\/blog\/wp-content\/uploads\/2025\/09\/Capture-decran-2025-09-23-141531.png 469w, https:\/\/www.procoiffure.com\/blog\/wp-content\/uploads\/2025\/09\/Capture-decran-2025-09-23-141531-300x300.png 300w, https:\/\/www.procoiffure.com\/blog\/wp-content\/uploads\/2025\/09\/Capture-decran-2025-09-23-141531-150x150.png 150w\" sizes=\"(max-width: 469px) 100vw, 469px\" \/><\/figure>\n<\/div>\n\n\n\n<div class=\"wp-block-column is-vertically-aligned-center is-layout-flow wp-block-column-is-layout-flow\" style=\"flex-basis:20%\">\n<figure class=\"wp-block-image size-full is-resized\"><img loading=\"lazy\" decoding=\"async\" width=\"467\" height=\"476\" src=\"https:\/\/www.procoiffure.com\/blog\/wp-content\/uploads\/2025\/09\/Capture-decran-2025-09-23-141609.png\" alt=\"\" class=\"wp-image-4019\" style=\"width:300px\" srcset=\"https:\/\/www.procoiffure.com\/blog\/wp-content\/uploads\/2025\/09\/Capture-decran-2025-09-23-141609.png 467w, https:\/\/www.procoiffure.com\/blog\/wp-content\/uploads\/2025\/09\/Capture-decran-2025-09-23-141609-294x300.png 294w\" sizes=\"(max-width: 467px) 100vw, 467px\" \/><\/figure>\n<\/div>\n\n\n\n<div class=\"wp-block-column is-vertically-aligned-center is-layout-flow wp-block-column-is-layout-flow\" style=\"flex-basis:20%\">\n<figure class=\"wp-block-image size-full is-resized\"><img loading=\"lazy\" decoding=\"async\" width=\"469\" height=\"471\" src=\"https:\/\/www.procoiffure.com\/blog\/wp-content\/uploads\/2025\/09\/Capture-decran-2025-09-23-141649.png\" alt=\"\" class=\"wp-image-4020\" style=\"width:300px\" srcset=\"https:\/\/www.procoiffure.com\/blog\/wp-content\/uploads\/2025\/09\/Capture-decran-2025-09-23-141649.png 469w, https:\/\/www.procoiffure.com\/blog\/wp-content\/uploads\/2025\/09\/Capture-decran-2025-09-23-141649-300x300.png 300w, https:\/\/www.procoiffure.com\/blog\/wp-content\/uploads\/2025\/09\/Capture-decran-2025-09-23-141649-150x150.png 150w\" sizes=\"(max-width: 469px) 100vw, 469px\" \/><\/figure>\n<\/div>\n\n\n\n<div class=\"wp-block-column is-vertically-aligned-center is-layout-flow wp-block-column-is-layout-flow\" style=\"flex-basis:20%\">\n<figure class=\"wp-block-image size-full is-resized\"><img loading=\"lazy\" decoding=\"async\" width=\"467\" height=\"467\" src=\"https:\/\/www.procoiffure.com\/blog\/wp-content\/uploads\/2025\/09\/Capture-decran-2025-09-23-141708.png\" alt=\"\" class=\"wp-image-4021\" style=\"width:300px\" srcset=\"https:\/\/www.procoiffure.com\/blog\/wp-content\/uploads\/2025\/09\/Capture-decran-2025-09-23-141708.png 467w, https:\/\/www.procoiffure.com\/blog\/wp-content\/uploads\/2025\/09\/Capture-decran-2025-09-23-141708-300x300.png 300w, https:\/\/www.procoiffure.com\/blog\/wp-content\/uploads\/2025\/09\/Capture-decran-2025-09-23-141708-150x150.png 150w\" sizes=\"(max-width: 467px) 100vw, 467px\" \/><\/figure>\n<\/div>\n<\/div>\n\n\n\n<p class=\"has-text-align-left\"><a href=\"https:\/\/www.procoiffure.com\/brand\/peggy-sage\">Mini Vernis Peggy Sage<\/a> :<\/p>\n\n\n\n<hr class=\"wp-block-separator has-text-color has-ti-bg-color has-alpha-channel-opacity has-ti-bg-background-color has-background\" style=\"margin-top:var(--wp--preset--spacing--30);margin-bottom:var(--wp--preset--spacing--30)\"\/>\n\n\n\n<div class=\"wp-block-columns are-vertically-aligned-center is-not-stacked-on-mobile is-layout-flex wp-container-core-columns-is-layout-14cf5ab5 wp-block-columns-is-layout-flex\">\n<div class=\"wp-block-column is-vertically-aligned-center is-layout-flow wp-block-column-is-layout-flow\" style=\"flex-basis:20%\">\n<figure class=\"wp-block-image size-full is-resized\"><img loading=\"lazy\" decoding=\"async\" width=\"389\" height=\"384\" src=\"https:\/\/www.procoiffure.com\/blog\/wp-content\/uploads\/2025\/09\/Capture-decran-2025-09-23-141912.png\" alt=\"\" class=\"wp-image-4022\" style=\"width:300px\" srcset=\"https:\/\/www.procoiffure.com\/blog\/wp-content\/uploads\/2025\/09\/Capture-decran-2025-09-23-141912.png 389w, https:\/\/www.procoiffure.com\/blog\/wp-content\/uploads\/2025\/09\/Capture-decran-2025-09-23-141912-300x296.png 300w\" sizes=\"(max-width: 389px) 100vw, 389px\" \/><\/figure>\n<\/div>\n\n\n\n<div class=\"wp-block-column is-vertically-aligned-center is-layout-flow wp-block-column-is-layout-flow\" style=\"flex-basis:20%\">\n<figure class=\"wp-block-image size-full is-resized\"><img loading=\"lazy\" decoding=\"async\" width=\"389\" height=\"385\" src=\"https:\/\/www.procoiffure.com\/blog\/wp-content\/uploads\/2025\/09\/Capture-decran-2025-09-23-141947.png\" alt=\"\" class=\"wp-image-4023\" style=\"width:300px\" srcset=\"https:\/\/www.procoiffure.com\/blog\/wp-content\/uploads\/2025\/09\/Capture-decran-2025-09-23-141947.png 389w, https:\/\/www.procoiffure.com\/blog\/wp-content\/uploads\/2025\/09\/Capture-decran-2025-09-23-141947-300x297.png 300w\" sizes=\"(max-width: 389px) 100vw, 389px\" \/><\/figure>\n<\/div>\n\n\n\n<div class=\"wp-block-column is-vertically-aligned-center is-layout-flow wp-block-column-is-layout-flow\" style=\"flex-basis:20%\">\n<figure class=\"wp-block-image size-full is-resized\"><img loading=\"lazy\" decoding=\"async\" width=\"390\" height=\"387\" src=\"https:\/\/www.procoiffure.com\/blog\/wp-content\/uploads\/2025\/09\/Capture-decran-2025-09-23-141958.png\" alt=\"\" class=\"wp-image-4024\" style=\"width:300px\" srcset=\"https:\/\/www.procoiffure.com\/blog\/wp-content\/uploads\/2025\/09\/Capture-decran-2025-09-23-141958.png 390w, https:\/\/www.procoiffure.com\/blog\/wp-content\/uploads\/2025\/09\/Capture-decran-2025-09-23-141958-300x298.png 300w, https:\/\/www.procoiffure.com\/blog\/wp-content\/uploads\/2025\/09\/Capture-decran-2025-09-23-141958-150x150.png 150w\" sizes=\"(max-width: 390px) 100vw, 390px\" \/><\/figure>\n<\/div>\n\n\n\n<div class=\"wp-block-column is-vertically-aligned-center is-layout-flow wp-block-column-is-layout-flow\" style=\"flex-basis:20%\">\n<figure class=\"wp-block-image size-full is-resized\"><img loading=\"lazy\" decoding=\"async\" width=\"388\" height=\"387\" src=\"https:\/\/www.procoiffure.com\/blog\/wp-content\/uploads\/2025\/09\/Capture-decran-2025-09-23-142229.png\" alt=\"\" class=\"wp-image-4026\" style=\"width:300px\" srcset=\"https:\/\/www.procoiffure.com\/blog\/wp-content\/uploads\/2025\/09\/Capture-decran-2025-09-23-142229.png 388w, https:\/\/www.procoiffure.com\/blog\/wp-content\/uploads\/2025\/09\/Capture-decran-2025-09-23-142229-300x300.png 300w, https:\/\/www.procoiffure.com\/blog\/wp-content\/uploads\/2025\/09\/Capture-decran-2025-09-23-142229-150x150.png 150w\" sizes=\"(max-width: 388px) 100vw, 388px\" \/><\/figure>\n<\/div>\n<\/div>\n\n\n\n<hr class=\"wp-block-separator has-text-color has-ti-bg-color has-alpha-channel-opacity has-ti-bg-background-color has-background\" style=\"margin-top:var(--wp--preset--spacing--30);margin-bottom:var(--wp--preset--spacing--30)\"\/>\n\n\n\n<p class=\"has-text-align-left\"><a href=\"https:\/\/www.procoiffure.com\/brand\/peggy-sage\">Vernis I-LAK Peggy Sage<\/a> :<\/p>\n\n\n\n<div class=\"wp-block-columns are-vertically-aligned-center is-not-stacked-on-mobile is-layout-flex wp-container-core-columns-is-layout-14cf5ab5 wp-block-columns-is-layout-flex\">\n<div class=\"wp-block-column is-vertically-aligned-center is-layout-flow wp-block-column-is-layout-flow\" style=\"flex-basis:20%\">\n<figure class=\"wp-block-image size-full is-resized\"><img loading=\"lazy\" decoding=\"async\" width=\"468\" height=\"468\" src=\"https:\/\/www.procoiffure.com\/blog\/wp-content\/uploads\/2025\/09\/Capture-decran-2025-09-23-142639.png\" alt=\"\" class=\"wp-image-4027\" style=\"width:300px\" srcset=\"https:\/\/www.procoiffure.com\/blog\/wp-content\/uploads\/2025\/09\/Capture-decran-2025-09-23-142639.png 468w, https:\/\/www.procoiffure.com\/blog\/wp-content\/uploads\/2025\/09\/Capture-decran-2025-09-23-142639-300x300.png 300w, https:\/\/www.procoiffure.com\/blog\/wp-content\/uploads\/2025\/09\/Capture-decran-2025-09-23-142639-150x150.png 150w\" sizes=\"(max-width: 468px) 100vw, 468px\" \/><\/figure>\n<\/div>\n\n\n\n<div class=\"wp-block-column is-vertically-aligned-center is-layout-flow wp-block-column-is-layout-flow\" style=\"flex-basis:20%\">\n<figure class=\"wp-block-image size-full is-resized\"><img loading=\"lazy\" decoding=\"async\" width=\"465\" height=\"465\" src=\"https:\/\/www.procoiffure.com\/blog\/wp-content\/uploads\/2025\/09\/Capture-decran-2025-09-23-142633.png\" alt=\"\" class=\"wp-image-4028\" style=\"width:300px\" srcset=\"https:\/\/www.procoiffure.com\/blog\/wp-content\/uploads\/2025\/09\/Capture-decran-2025-09-23-142633.png 465w, https:\/\/www.procoiffure.com\/blog\/wp-content\/uploads\/2025\/09\/Capture-decran-2025-09-23-142633-300x300.png 300w, https:\/\/www.procoiffure.com\/blog\/wp-content\/uploads\/2025\/09\/Capture-decran-2025-09-23-142633-150x150.png 150w\" sizes=\"(max-width: 465px) 100vw, 465px\" \/><\/figure>\n<\/div>\n\n\n\n<div class=\"wp-block-column is-vertically-aligned-center is-layout-flow wp-block-column-is-layout-flow\" style=\"flex-basis:20%\">\n<figure class=\"wp-block-image size-full is-resized\"><img loading=\"lazy\" decoding=\"async\" width=\"468\" height=\"466\" src=\"https:\/\/www.procoiffure.com\/blog\/wp-content\/uploads\/2025\/09\/Capture-decran-2025-09-23-142620.png\" alt=\"\" class=\"wp-image-4029\" style=\"width:300px\" srcset=\"https:\/\/www.procoiffure.com\/blog\/wp-content\/uploads\/2025\/09\/Capture-decran-2025-09-23-142620.png 468w, https:\/\/www.procoiffure.com\/blog\/wp-content\/uploads\/2025\/09\/Capture-decran-2025-09-23-142620-300x300.png 300w, https:\/\/www.procoiffure.com\/blog\/wp-content\/uploads\/2025\/09\/Capture-decran-2025-09-23-142620-150x150.png 150w\" sizes=\"(max-width: 468px) 100vw, 468px\" \/><\/figure>\n<\/div>\n\n\n\n<div class=\"wp-block-column is-vertically-aligned-center is-layout-flow wp-block-column-is-layout-flow\" style=\"flex-basis:20%\">\n<figure class=\"wp-block-image size-full is-resized\"><img loading=\"lazy\" decoding=\"async\" width=\"466\" height=\"461\" src=\"https:\/\/www.procoiffure.com\/blog\/wp-content\/uploads\/2025\/09\/Capture-decran-2025-09-23-142627.png\" alt=\"\" class=\"wp-image-4030\" style=\"width:300px\" srcset=\"https:\/\/www.procoiffure.com\/blog\/wp-content\/uploads\/2025\/09\/Capture-decran-2025-09-23-142627.png 466w, https:\/\/www.procoiffure.com\/blog\/wp-content\/uploads\/2025\/09\/Capture-decran-2025-09-23-142627-300x297.png 300w\" sizes=\"(max-width: 466px) 100vw, 466px\" \/><\/figure>\n<\/div>\n<\/div>\n\n\n\n<hr class=\"wp-block-separator has-text-color has-ti-bg-color has-alpha-channel-opacity has-ti-bg-background-color has-background\" style=\"margin-top:var(--wp--preset--spacing--30);margin-bottom:var(--wp--preset--spacing--30)\"\/>\n\n\n\n<hr class=\"wp-block-separator aligncenter has-text-color has-white-color has-alpha-channel-opacity has-white-background-color has-background is-style-wide\" style=\"margin-top:var(--wp--preset--spacing--30);margin-bottom:var(--wp--preset--spacing--30)\"\/>\n\n\n\n<h2 class=\"wp-block-heading has-text-color has-link-color wp-elements-420bd20c9d1f9d8388f9484096c14e40\" style=\"color:#e2007a\"># 5 &#8211; Accessoires et appareils coiffure : l\u2019indispensable pour un look parfait<\/h2>\n\n\n\n<p><\/p>\n\n\n\n<p>Un brushing r\u00e9ussi d\u00e9pend avant tout de la qualit\u00e9 des outils utilis\u00e9s. Le <strong>Coffret S\u00e9choir Alyon Or avec diffuseur Magic Sense<\/strong> combine performance et \u00e9l\u00e9gance, tandis que le <strong>Coffret S\u00e8che-Cheveux 5 Accessoires Penta Eurostil<\/strong> offre une polyvalence id\u00e9ale pour varier les styles. Compact et moderne, le <strong>S\u00e8che-cheveux IQ Lite Rouge Ultra Compact GA.MA Italy<\/strong> s\u00e9duit par sa l\u00e9g\u00e8ret\u00e9 et sa puissance, parfait pour un usage quotidien.<\/p>\n\n\n\n<p><\/p>\n\n\n\n<p>&nbsp;<\/p>\n\n\n\n<div class=\"wp-block-media-text is-vertically-aligned-center\" style=\"grid-template-columns:18% auto\"><figure class=\"wp-block-media-text__media\"><img loading=\"lazy\" decoding=\"async\" width=\"388\" height=\"384\" src=\"https:\/\/www.procoiffure.com\/blog\/wp-content\/uploads\/2025\/09\/Capture-decran-2025-09-23-143014.png\" alt=\"\" class=\"wp-image-4032 size-full\" srcset=\"https:\/\/www.procoiffure.com\/blog\/wp-content\/uploads\/2025\/09\/Capture-decran-2025-09-23-143014.png 388w, https:\/\/www.procoiffure.com\/blog\/wp-content\/uploads\/2025\/09\/Capture-decran-2025-09-23-143014-300x297.png 300w\" sizes=\"(max-width: 388px) 100vw, 388px\" \/><\/figure><div class=\"wp-block-media-text__content\">\n<p><a href=\"https:\/\/www.procoiffure.com\/coffret-sechoir-alyon-or-avec-diffuseur-magic-sense\">Coffret s\u00e9choir Alyon Or avec diffuseur Magic Sense<\/a><\/p>\n<\/div><\/div>\n\n\n\n<div class=\"wp-block-media-text is-vertically-aligned-center\" style=\"grid-template-columns:18% auto\"><figure class=\"wp-block-media-text__media\"><img loading=\"lazy\" decoding=\"async\" width=\"472\" height=\"475\" src=\"https:\/\/www.procoiffure.com\/blog\/wp-content\/uploads\/2025\/09\/Capture-decran-2025-09-23-175328.png\" alt=\"\" class=\"wp-image-4094 size-full\" srcset=\"https:\/\/www.procoiffure.com\/blog\/wp-content\/uploads\/2025\/09\/Capture-decran-2025-09-23-175328.png 472w, https:\/\/www.procoiffure.com\/blog\/wp-content\/uploads\/2025\/09\/Capture-decran-2025-09-23-175328-298x300.png 298w, https:\/\/www.procoiffure.com\/blog\/wp-content\/uploads\/2025\/09\/Capture-decran-2025-09-23-175328-150x150.png 150w\" sizes=\"(max-width: 472px) 100vw, 472px\" \/><\/figure><div class=\"wp-block-media-text__content\">\n<p><a href=\"https:\/\/www.procoiffure.com\/coffret-seche-cheveux-5-accessoires-penta-eurostil\">Coffret S\u00e8che-Cheveux 5 Accessoires Penta Eurostil<\/a><\/p>\n<\/div><\/div>\n\n\n\n<div class=\"wp-block-media-text is-vertically-aligned-center\" style=\"grid-template-columns:18% auto\"><figure class=\"wp-block-media-text__media\"><img loading=\"lazy\" decoding=\"async\" width=\"465\" height=\"471\" src=\"https:\/\/www.procoiffure.com\/blog\/wp-content\/uploads\/2025\/09\/Capture-decran-2025-09-23-174857.png\" alt=\"\" class=\"wp-image-4092 size-full\" srcset=\"https:\/\/www.procoiffure.com\/blog\/wp-content\/uploads\/2025\/09\/Capture-decran-2025-09-23-174857.png 465w, https:\/\/www.procoiffure.com\/blog\/wp-content\/uploads\/2025\/09\/Capture-decran-2025-09-23-174857-296x300.png 296w\" sizes=\"(max-width: 465px) 100vw, 465px\" \/><\/figure><div class=\"wp-block-media-text__content\">\n<p><a href=\"https:\/\/www.procoiffure.com\/seche-cheveux-iq-lite-rouge-ultra-compact-gama-italy\">S\u00e8che-cheveux IQ Lite Rouge Ultra Compact GA.MA Italy<\/a><\/p>\n<\/div><\/div>\n\n\n\n<p><\/p>\n\n\n\n<p>C\u00f4t\u00e9 lissage, deux innovations se distinguent : le <strong>Lisseur \u00e0 Vapeur Froide Oshun Ultron<\/strong>, qui prot\u00e8ge la fibre capillaire tout en garantissant un r\u00e9sultat brillant, et le <strong>Lisseur Boucleur Steampod 4 Utopia \u00c9dition Limit\u00e9e L\u2019Or\u00e9al Professionnel<\/strong>, un outil multifonction pens\u00e9 pour lisser ou boucler avec un rendu professionnel :<\/p>\n\n\n\n<div class=\"wp-block-media-text is-vertically-aligned-center\" style=\"grid-template-columns:19% auto\"><figure class=\"wp-block-media-text__media\"><img loading=\"lazy\" decoding=\"async\" width=\"473\" height=\"372\" src=\"https:\/\/www.procoiffure.com\/blog\/wp-content\/uploads\/2025\/09\/Capture-decran-2025-09-23-174652.png\" alt=\"\" class=\"wp-image-4091 size-full\" srcset=\"https:\/\/www.procoiffure.com\/blog\/wp-content\/uploads\/2025\/09\/Capture-decran-2025-09-23-174652.png 473w, https:\/\/www.procoiffure.com\/blog\/wp-content\/uploads\/2025\/09\/Capture-decran-2025-09-23-174652-300x236.png 300w\" sizes=\"(max-width: 473px) 100vw, 473px\" \/><\/figure><div class=\"wp-block-media-text__content\">\n<p><a href=\"https:\/\/www.procoiffure.com\/lisseur-a-vapeur-froide-oshun-ultron\">Lisseur \u00e0 Vapeur Froide Oshun Ultron<\/a><\/p>\n<\/div><\/div>\n\n\n\n<div class=\"wp-block-media-text is-vertically-aligned-center\" style=\"grid-template-columns:19% auto\"><figure class=\"wp-block-media-text__media\"><img loading=\"lazy\" decoding=\"async\" width=\"474\" height=\"389\" src=\"https:\/\/www.procoiffure.com\/blog\/wp-content\/uploads\/2025\/09\/Capture-decran-2025-09-23-175050.png\" alt=\"\" class=\"wp-image-4093 size-full\" srcset=\"https:\/\/www.procoiffure.com\/blog\/wp-content\/uploads\/2025\/09\/Capture-decran-2025-09-23-175050.png 474w, https:\/\/www.procoiffure.com\/blog\/wp-content\/uploads\/2025\/09\/Capture-decran-2025-09-23-175050-300x246.png 300w\" sizes=\"(max-width: 474px) 100vw, 474px\" \/><\/figure><div class=\"wp-block-media-text__content\">\n<p><a href=\"https:\/\/www.procoiffure.com\/lisseur-boucleur-steampod-4-utopia-edition-limitee-l-oreal-professionnel\">Lisseur Boucleur Steampod 4 Utopia \u00c9dition Limit\u00e9e L&rsquo;Or\u00e9al Professionnel<\/a><\/p>\n<\/div><\/div>\n\n\n\n<hr class=\"wp-block-separator has-text-color has-ti-bg-color has-alpha-channel-opacity has-ti-bg-background-color has-background\" style=\"margin-top:var(--wp--preset--spacing--30);margin-bottom:var(--wp--preset--spacing--30)\"\/>\n\n\n\n<hr class=\"wp-block-separator aligncenter has-text-color has-white-color has-alpha-channel-opacity has-white-background-color has-background is-style-wide\" style=\"margin-top:var(--wp--preset--spacing--30);margin-bottom:var(--wp--preset--spacing--30)\"\/>\n\n\n\n<h2 class=\"wp-block-heading has-text-color has-link-color wp-elements-48a4935d1ed02ef72c460720d067dbe4\" style=\"color:#e2007a\"># 6 &#8211; Parfums et brumes parfum\u00e9es : la touche finale de votre routine<\/h2>\n\n\n\n<p><\/p>\n\n\n\n<p>Un parfum, c\u2019est souvent le dernier geste beaut\u00e9 avant de sortir. Cet hiver, laissez-vous s\u00e9duire par les <strong>Eaux de parfum Solinotes <\/strong>(Rose, Osmanthus, Bois de Oud), la <strong>Brume Fleur d\u2019Oranger<\/strong> ou le <strong>Parfum Argan Mood Myriam K<\/strong>. Des notes fra\u00eeches, florales ou bois\u00e9es, qui compl\u00e8tent \u00e0 merveille votre routine beaut\u00e9 hivernale.<\/p>\n\n\n\n<p class=\"has-text-align-left\"><a href=\"https:\/\/www.procoiffure.com\/brand\/solinotes-paris\">Eaux de parfum Solinotes<\/a> :<\/p>\n\n\n\n<div class=\"wp-block-columns are-vertically-aligned-center is-not-stacked-on-mobile is-layout-flex wp-container-core-columns-is-layout-cf05694f wp-block-columns-is-layout-flex\">\n<div class=\"wp-block-column is-vertically-aligned-center is-layout-flow wp-block-column-is-layout-flow\" style=\"flex-basis:20%\">\n<figure class=\"wp-block-image aligncenter size-full is-resized\"><img loading=\"lazy\" decoding=\"async\" width=\"98\" height=\"231\" src=\"https:\/\/www.procoiffure.com\/blog\/wp-content\/uploads\/2025\/09\/Capture-decran-2025-09-23-143815-e1758792365272.png\" alt=\"\" class=\"wp-image-4036\" style=\"width:90px\"\/><\/figure>\n<\/div>\n\n\n\n<div class=\"wp-block-column is-vertically-aligned-center is-layout-flow wp-block-column-is-layout-flow\" style=\"flex-basis:20%\">\n<figure class=\"wp-block-image aligncenter size-full is-resized\"><img loading=\"lazy\" decoding=\"async\" width=\"106\" height=\"242\" src=\"https:\/\/www.procoiffure.com\/blog\/wp-content\/uploads\/2025\/09\/Capture-decran-2025-09-23-143916-e1758792430907.png\" alt=\"\" class=\"wp-image-4037\" style=\"width:90px\"\/><\/figure>\n<\/div>\n\n\n\n<div class=\"wp-block-column is-vertically-aligned-center is-layout-flow wp-block-column-is-layout-flow\" style=\"flex-basis:20%\">\n<figure class=\"wp-block-image aligncenter size-full is-resized\"><img loading=\"lazy\" decoding=\"async\" width=\"98\" height=\"240\" src=\"https:\/\/www.procoiffure.com\/blog\/wp-content\/uploads\/2025\/09\/Capture-decran-2025-09-23-143935-e1758792483831.png\" alt=\"\" class=\"wp-image-4038\" style=\"width:90px\"\/><\/figure>\n<\/div>\n\n\n\n<div class=\"wp-block-column is-vertically-aligned-center is-layout-flow wp-block-column-is-layout-flow\" style=\"flex-basis:20%\">\n<figure class=\"wp-block-image aligncenter size-full is-resized\"><img loading=\"lazy\" decoding=\"async\" width=\"139\" height=\"328\" src=\"https:\/\/www.procoiffure.com\/blog\/wp-content\/uploads\/2025\/09\/Capture-decran-2025-09-23-143959-e1758792525303.png\" alt=\"\" class=\"wp-image-4039\" style=\"width:90px\" srcset=\"https:\/\/www.procoiffure.com\/blog\/wp-content\/uploads\/2025\/09\/Capture-decran-2025-09-23-143959-e1758792525303.png 139w, https:\/\/www.procoiffure.com\/blog\/wp-content\/uploads\/2025\/09\/Capture-decran-2025-09-23-143959-e1758792525303-127x300.png 127w\" sizes=\"(max-width: 139px) 100vw, 139px\" \/><\/figure>\n<\/div>\n<\/div>\n\n\n\n<p class=\"has-text-align-left\"><a href=\"https:\/\/www.procoiffure.com\/brand\/solinotes-paris\">Les Brumes Solinotes<\/a> :<\/p>\n\n\n\n<div class=\"wp-block-columns are-vertically-aligned-center is-not-stacked-on-mobile is-layout-flex wp-container-core-columns-is-layout-cf05694f wp-block-columns-is-layout-flex\">\n<div class=\"wp-block-column is-vertically-aligned-center is-layout-flow wp-block-column-is-layout-flow\" style=\"flex-basis:20%\">\n<figure class=\"wp-block-image aligncenter size-full is-resized\"><img loading=\"lazy\" decoding=\"async\" width=\"122\" height=\"367\" src=\"https:\/\/www.procoiffure.com\/blog\/wp-content\/uploads\/2025\/09\/Capture-decran-2025-09-23-144107-e1758791973434.png\" alt=\"\" class=\"wp-image-4040\" style=\"width:150px\" srcset=\"https:\/\/www.procoiffure.com\/blog\/wp-content\/uploads\/2025\/09\/Capture-decran-2025-09-23-144107-e1758791973434.png 122w, https:\/\/www.procoiffure.com\/blog\/wp-content\/uploads\/2025\/09\/Capture-decran-2025-09-23-144107-e1758791973434-100x300.png 100w\" sizes=\"(max-width: 122px) 100vw, 122px\" \/><\/figure>\n<\/div>\n\n\n\n<div class=\"wp-block-column is-vertically-aligned-center is-layout-flow wp-block-column-is-layout-flow\" style=\"flex-basis:20%\">\n<figure class=\"wp-block-image aligncenter size-full is-resized\"><img loading=\"lazy\" decoding=\"async\" width=\"120\" height=\"359\" src=\"https:\/\/www.procoiffure.com\/blog\/wp-content\/uploads\/2025\/09\/Capture-decran-2025-09-23-144116-e1758792052492.png\" alt=\"\" class=\"wp-image-4041\" style=\"width:150px\" srcset=\"https:\/\/www.procoiffure.com\/blog\/wp-content\/uploads\/2025\/09\/Capture-decran-2025-09-23-144116-e1758792052492.png 120w, https:\/\/www.procoiffure.com\/blog\/wp-content\/uploads\/2025\/09\/Capture-decran-2025-09-23-144116-e1758792052492-100x300.png 100w\" sizes=\"(max-width: 120px) 100vw, 120px\" \/><\/figure>\n<\/div>\n\n\n\n<div class=\"wp-block-column is-vertically-aligned-center is-layout-flow wp-block-column-is-layout-flow\" style=\"flex-basis:20%\">\n<figure class=\"wp-block-image aligncenter size-full is-resized\"><img loading=\"lazy\" decoding=\"async\" width=\"140\" height=\"422\" src=\"https:\/\/www.procoiffure.com\/blog\/wp-content\/uploads\/2025\/09\/Capture-decran-2025-09-23-144148-e1758792241693.png\" alt=\"\" class=\"wp-image-4042\" style=\"width:150px\" srcset=\"https:\/\/www.procoiffure.com\/blog\/wp-content\/uploads\/2025\/09\/Capture-decran-2025-09-23-144148-e1758792241693.png 140w, https:\/\/www.procoiffure.com\/blog\/wp-content\/uploads\/2025\/09\/Capture-decran-2025-09-23-144148-e1758792241693-100x300.png 100w\" sizes=\"(max-width: 140px) 100vw, 140px\" \/><\/figure>\n<\/div>\n\n\n\n<div class=\"wp-block-column is-vertically-aligned-center is-layout-flow wp-block-column-is-layout-flow\" style=\"flex-basis:20%\">\n<figure class=\"wp-block-image aligncenter size-full is-resized\"><img loading=\"lazy\" decoding=\"async\" width=\"118\" height=\"367\" src=\"https:\/\/www.procoiffure.com\/blog\/wp-content\/uploads\/2025\/09\/Capture-decran-2025-09-23-144226-e1758792297770.png\" alt=\"\" class=\"wp-image-4043\" style=\"width:150px\" srcset=\"https:\/\/www.procoiffure.com\/blog\/wp-content\/uploads\/2025\/09\/Capture-decran-2025-09-23-144226-e1758792297770.png 118w, https:\/\/www.procoiffure.com\/blog\/wp-content\/uploads\/2025\/09\/Capture-decran-2025-09-23-144226-e1758792297770-96x300.png 96w\" sizes=\"(max-width: 118px) 100vw, 118px\" \/><\/figure>\n<\/div>\n<\/div>\n\n\n\n<p><a href=\"https:\/\/www.procoiffure.com\/parfum-argan-mood-myriam-k-30ml\">Parfum Argan Mood Myriam K<\/a> : <\/p>\n\n\n\n<div class=\"wp-block-columns is-layout-flex wp-container-core-columns-is-layout-28f84493 wp-block-columns-is-layout-flex\">\n<div class=\"wp-block-column is-vertically-aligned-bottom is-layout-flow wp-block-column-is-layout-flow\" style=\"flex-basis:33.33%\">\n<figure class=\"wp-block-image alignleft size-full is-resized\"><img loading=\"lazy\" decoding=\"async\" width=\"184\" height=\"387\" src=\"https:\/\/www.procoiffure.com\/blog\/wp-content\/uploads\/2025\/09\/Capture-decran-2025-09-23-144303-e1758792632651.png\" alt=\"\" class=\"wp-image-4044\" style=\"width:88px;height:auto\" srcset=\"https:\/\/www.procoiffure.com\/blog\/wp-content\/uploads\/2025\/09\/Capture-decran-2025-09-23-144303-e1758792632651.png 184w, https:\/\/www.procoiffure.com\/blog\/wp-content\/uploads\/2025\/09\/Capture-decran-2025-09-23-144303-e1758792632651-143x300.png 143w\" sizes=\"(max-width: 184px) 100vw, 184px\" \/><\/figure>\n<\/div>\n<\/div>\n\n\n\n<hr class=\"wp-block-separator aligncenter has-text-color has-white-color has-alpha-channel-opacity has-white-background-color has-background is-style-wide\" style=\"margin-top:var(--wp--preset--spacing--30);margin-bottom:var(--wp--preset--spacing--30)\"\/>\n\n\n\n<h2 class=\"wp-block-heading has-text-color has-link-color wp-elements-5c0e383707613e0b687207f0b6c3f22a\" style=\"color:#e2007a\"># 7 &#8211; Calendrier de l\u2019Avent Beaut\u00e9 2025 : pr\u00e9parez-vous aux f\u00eates en douceur<\/h2>\n\n\n\n<p><\/p>\n\n\n\n<p>Le <strong>calendrier de l\u2019Avent<\/strong> est devenu un v\u00e9ritable incontournable des f\u00eates. Bien plus qu\u2019un simple d\u00e9compte jusqu\u2019\u00e0 No\u00ebl, il repr\u00e9sente une mani\u00e8re ludique et raffin\u00e9e de patienter en s\u2019offrant chaque jour <strong>une petite surprise<\/strong>. C\u2019est aussi une id\u00e9e cadeau qui fait <strong>toujours plaisir<\/strong>, car elle combine la magie de l\u2019attente et la d\u00e9couverte quotidienne de nouveaux produits.<\/p>\n\n\n\n<p>Le Calendrier de l\u2019Avent Soins du corps et Bain Romantic Dreams invite aux moments <strong>cocooning<\/strong>, tandis que le Calendrier de l\u2019Avent Spa Parisax propose une v\u00e9ritable parenth\u00e8se <strong>d\u00e9tente<\/strong>. Pour les passionn\u00e9es de <strong>maquillage<\/strong>, le Calendrier Winter Magic Beauty est id\u00e9al pour varier ses looks de f\u00eates. Enfin, le Calendrier Premium 2025 Century Edition offre une exp\u00e9rience compl\u00e8te, pens\u00e9e pour celles et ceux qui veulent se faire plaisir avec une s\u00e9lection <strong>haut de gamme.<\/strong><\/p>\n\n\n\n<p><\/p>\n\n\n\n<div class=\"wp-block-media-text is-vertically-aligned-center\" style=\"grid-template-columns:20% auto\"><figure class=\"wp-block-media-text__media\"><img loading=\"lazy\" decoding=\"async\" width=\"454\" height=\"465\" src=\"https:\/\/www.procoiffure.com\/blog\/wp-content\/uploads\/2025\/09\/Capture-decran-2025-09-23-110633.png\" alt=\"\" class=\"wp-image-3947 size-full\" srcset=\"https:\/\/www.procoiffure.com\/blog\/wp-content\/uploads\/2025\/09\/Capture-decran-2025-09-23-110633.png 454w, https:\/\/www.procoiffure.com\/blog\/wp-content\/uploads\/2025\/09\/Capture-decran-2025-09-23-110633-293x300.png 293w\" sizes=\"(max-width: 454px) 100vw, 454px\" \/><\/figure><div class=\"wp-block-media-text__content\">\n<p><a href=\"https:\/\/www.procoiffure.com\/calendrier-de-l-avent-premium-2025-century-editon\">Calendrier De l&rsquo;Avent Premium 2025 Century Editon<\/a><\/p>\n<\/div><\/div>\n\n\n\n<div class=\"wp-block-media-text is-vertically-aligned-center\" style=\"grid-template-columns:23% auto\"><figure class=\"wp-block-media-text__media\"><img loading=\"lazy\" decoding=\"async\" width=\"471\" height=\"410\" src=\"https:\/\/www.procoiffure.com\/blog\/wp-content\/uploads\/2025\/09\/Capture-decran-2025-09-23-110302.png\" alt=\"\" class=\"wp-image-3943 size-full\" srcset=\"https:\/\/www.procoiffure.com\/blog\/wp-content\/uploads\/2025\/09\/Capture-decran-2025-09-23-110302.png 471w, https:\/\/www.procoiffure.com\/blog\/wp-content\/uploads\/2025\/09\/Capture-decran-2025-09-23-110302-300x261.png 300w\" sizes=\"(max-width: 471px) 100vw, 471px\" \/><\/figure><div class=\"wp-block-media-text__content\">\n<p><a href=\"https:\/\/www.procoiffure.com\/calendrier-de-l-avent-spa-24j-parisax\">Calendrier de l&rsquo;Avent Spa 24j Parisax<\/a><\/p>\n<\/div><\/div>\n\n\n\n<div class=\"wp-block-media-text\" style=\"grid-template-columns:18% auto\"><figure class=\"wp-block-media-text__media\"><img loading=\"lazy\" decoding=\"async\" width=\"462\" height=\"468\" src=\"https:\/\/www.procoiffure.com\/blog\/wp-content\/uploads\/2025\/09\/Capture-decran-2025-09-23-110013.png\" alt=\"\" class=\"wp-image-3941 size-full\" srcset=\"https:\/\/www.procoiffure.com\/blog\/wp-content\/uploads\/2025\/09\/Capture-decran-2025-09-23-110013.png 462w, https:\/\/www.procoiffure.com\/blog\/wp-content\/uploads\/2025\/09\/Capture-decran-2025-09-23-110013-296x300.png 296w\" sizes=\"(max-width: 462px) 100vw, 462px\" \/><\/figure><div class=\"wp-block-media-text__content\">\n<p><a href=\"https:\/\/www.procoiffure.com\/calendrier-de-l-avent-soins-du-corps-et-bain-24j-romantic-dreams\">Calendrier de L&rsquo;Avent Soins du corps et Bain 24j Romantic Dreams<\/a><\/p>\n<\/div><\/div>\n\n\n\n<div class=\"wp-block-media-text is-vertically-aligned-center\" style=\"grid-template-columns:30% auto\"><figure class=\"wp-block-media-text__media\"><img loading=\"lazy\" decoding=\"async\" width=\"462\" height=\"300\" src=\"https:\/\/www.procoiffure.com\/blog\/wp-content\/uploads\/2025\/09\/Capture-decran-2025-09-23-110531.png\" alt=\"\" class=\"wp-image-3946 size-full\" srcset=\"https:\/\/www.procoiffure.com\/blog\/wp-content\/uploads\/2025\/09\/Capture-decran-2025-09-23-110531.png 462w, https:\/\/www.procoiffure.com\/blog\/wp-content\/uploads\/2025\/09\/Capture-decran-2025-09-23-110531-300x195.png 300w\" sizes=\"(max-width: 462px) 100vw, 462px\" \/><\/figure><div class=\"wp-block-media-text__content\">\n<p><a href=\"https:\/\/www.procoiffure.com\/calendrier-de-l-avent-maquillage-winter-magic-beauty\">Calendrier de L&rsquo;Avent Maquillage Winter Magic Beauty<\/a><\/p>\n<\/div><\/div>\n\n\n\n<hr class=\"wp-block-separator aligncenter has-text-color has-white-color has-alpha-channel-opacity has-white-background-color has-background is-style-wide\" style=\"margin-top:var(--wp--preset--spacing--30);margin-bottom:var(--wp--preset--spacing--30)\"\/>\n\n\n\n<h2 class=\"wp-block-heading has-text-color has-link-color wp-elements-93932179d3ddd7afe6976fcbba926166\" style=\"color:#e2007a\"><strong>Les incontournables beaut\u00e9 et bien-\u00eatre de la saison<\/strong><\/h2>\n\n\n\n<p><\/p>\n\n\n\n<p>De la <strong>protection des cheveux<\/strong> aux <strong>soins visage<\/strong> et <strong>corps<\/strong>, en passant par la <strong>manucure <\/strong>festive, <strong>les calendriers de l\u2019Avent beaut\u00e9<\/strong> ou encore les <strong>id\u00e9es cadeaux parfum\u00e9es,<\/strong> cette <strong>s\u00e9lection hiver 2025 <\/strong>r\u00e9unit l\u2019essentiel pour passer la saison avec confort et \u00e9l\u00e9gance.<\/p>\n\n\n\n<p>&nbsp;<\/p>\n\n\n\n<p><strong>D\u00e9couvrez la collection compl\u00e8te directement sur <a href=\"https:\/\/www.procoiffure.com\/catalog\/selection-hiver-2025\/\">notre site.<\/a><\/strong><\/p>\n\n\n\n<p>&nbsp;<\/p>\n","protected":false},"excerpt":{"rendered":"<p>L\u2019hiver impose son rythme et avec lui, de nouveaux besoins pour la peau, les cheveux et la routine beaut\u00e9 en g\u00e9n\u00e9ral. Entre le froid, le vent et les f\u00eates de fin d\u2019ann\u00e9e, c\u2019est la saison id\u00e9ale pour renforcer ses soins et d\u00e9couvrir de nouvelles id\u00e9es cadeaux. Voici notre s\u00e9lection hiver 2025, pens\u00e9e pour accompagner vos [&hellip;]<\/p>\n","protected":false},"author":4,"featured_media":4161,"comment_status":"open","ping_status":"open","sticky":false,"template":"elementor_theme","format":"standard","meta":{"_jetpack_memberships_contains_paid_content":false,"footnotes":""},"categories":[17,7],"tags":[],"class_list":["post-3916","post","type-post","status-publish","format-standard","has-post-thumbnail","hentry","category-conseils","category-tendance"],"yoast_head":"<!-- This site is optimized with the Yoast SEO plugin v27.2 - https:\/\/yoast.com\/product\/yoast-seo-wordpress\/ -->\n<title>S\u00e9lection Automne Hiver 2025 : soins, calendriers de l\u2019Avent et id\u00e9es cadeaux<\/title>\n<meta name=\"description\" content=\"Offrez-vous une parenth\u00e8se beaut\u00e9 cet hiver : soins cheveux, peau et corps, calendriers de l\u2019Avent et id\u00e9es cadeaux exclusives chez Pro Coiffure Esth\u00e9tique.\" \/>\n<meta name=\"robots\" content=\"index, follow, max-snippet:-1, max-image-preview:large, max-video-preview:-1\" \/>\n<link rel=\"canonical\" href=\"https:\/\/www.procoiffure.com\/blog\/selection-automne-hiver-2025\/\" \/>\n<meta property=\"og:locale\" content=\"fr_FR\" \/>\n<meta property=\"og:type\" content=\"article\" \/>\n<meta property=\"og:title\" content=\"S\u00e9lection Automne Hiver 2025 : soins, calendriers de l\u2019Avent et id\u00e9es cadeaux\" \/>\n<meta property=\"og:description\" content=\"Offrez-vous une parenth\u00e8se beaut\u00e9 cet hiver : soins cheveux, peau et corps, calendriers de l\u2019Avent et id\u00e9es cadeaux exclusives chez Pro Coiffure Esth\u00e9tique.\" \/>\n<meta property=\"og:url\" content=\"https:\/\/www.procoiffure.com\/blog\/selection-automne-hiver-2025\/\" \/>\n<meta property=\"og:site_name\" content=\"L&#039;actu beaut\u00e9 | Pro Coiffure Esht\u00e9tique\" \/>\n<meta property=\"article:published_time\" content=\"2025-09-23T14:23:07+00:00\" \/>\n<meta property=\"article:modified_time\" content=\"2026-03-06T13:32:42+00:00\" \/>\n<meta property=\"og:image\" content=\"https:\/\/www.procoiffure.com\/blog\/wp-content\/uploads\/2025\/09\/Selection-Hiver-2025-1-1.jpg\" \/>\n\t<meta property=\"og:image:width\" content=\"600\" \/>\n\t<meta property=\"og:image:height\" content=\"600\" \/>\n\t<meta property=\"og:image:type\" content=\"image\/jpeg\" \/>\n<meta name=\"author\" content=\"Elodie Soulier\" \/>\n<meta name=\"twitter:card\" content=\"summary_large_image\" \/>\n<meta name=\"twitter:label1\" content=\"\u00c9crit par\" \/>\n\t<meta name=\"twitter:data1\" content=\"Elodie Soulier\" \/>\n\t<meta name=\"twitter:label2\" content=\"Dur\u00e9e de lecture estim\u00e9e\" \/>\n\t<meta name=\"twitter:data2\" content=\"24 minutes\" \/>\n<script type=\"application\/ld+json\" class=\"yoast-schema-graph\">{\"@context\":\"https:\/\/schema.org\",\"@graph\":[{\"@type\":\"Article\",\"@id\":\"https:\/\/www.procoiffure.com\/blog\/selection-automne-hiver-2025\/#article\",\"isPartOf\":{\"@id\":\"https:\/\/www.procoiffure.com\/blog\/selection-automne-hiver-2025\/\"},\"author\":{\"name\":\"Elodie Soulier\",\"@id\":\"https:\/\/www.procoiffure.com\/blog\/#\/schema\/person\/1737ca6207ae0dec18ceab1195f285c8\"},\"headline\":\"S\u00e9lection Beaut\u00e9 Automne Hiver 2025 : Des essentiels pens\u00e9s pour la saison\",\"datePublished\":\"2025-09-23T14:23:07+00:00\",\"dateModified\":\"2026-03-06T13:32:42+00:00\",\"mainEntityOfPage\":{\"@id\":\"https:\/\/www.procoiffure.com\/blog\/selection-automne-hiver-2025\/\"},\"wordCount\":1733,\"commentCount\":0,\"publisher\":{\"@id\":\"https:\/\/www.procoiffure.com\/blog\/#organization\"},\"image\":{\"@id\":\"https:\/\/www.procoiffure.com\/blog\/selection-automne-hiver-2025\/#primaryimage\"},\"thumbnailUrl\":\"https:\/\/www.procoiffure.com\/blog\/wp-content\/uploads\/2025\/09\/Selection-Hiver-2025-1-1.jpg\",\"articleSection\":[\"Conseils\",\"Tendance\"],\"inLanguage\":\"fr-FR\",\"potentialAction\":[{\"@type\":\"CommentAction\",\"name\":\"Comment\",\"target\":[\"https:\/\/www.procoiffure.com\/blog\/selection-automne-hiver-2025\/#respond\"]}]},{\"@type\":\"WebPage\",\"@id\":\"https:\/\/www.procoiffure.com\/blog\/selection-automne-hiver-2025\/\",\"url\":\"https:\/\/www.procoiffure.com\/blog\/selection-automne-hiver-2025\/\",\"name\":\"S\u00e9lection Automne Hiver 2025 : soins, calendriers de l\u2019Avent et id\u00e9es cadeaux\",\"isPartOf\":{\"@id\":\"https:\/\/www.procoiffure.com\/blog\/#website\"},\"primaryImageOfPage\":{\"@id\":\"https:\/\/www.procoiffure.com\/blog\/selection-automne-hiver-2025\/#primaryimage\"},\"image\":{\"@id\":\"https:\/\/www.procoiffure.com\/blog\/selection-automne-hiver-2025\/#primaryimage\"},\"thumbnailUrl\":\"https:\/\/www.procoiffure.com\/blog\/wp-content\/uploads\/2025\/09\/Selection-Hiver-2025-1-1.jpg\",\"datePublished\":\"2025-09-23T14:23:07+00:00\",\"dateModified\":\"2026-03-06T13:32:42+00:00\",\"description\":\"Offrez-vous une parenth\u00e8se beaut\u00e9 cet hiver : soins cheveux, peau et corps, calendriers de l\u2019Avent et id\u00e9es cadeaux exclusives chez Pro Coiffure Esth\u00e9tique.\",\"breadcrumb\":{\"@id\":\"https:\/\/www.procoiffure.com\/blog\/selection-automne-hiver-2025\/#breadcrumb\"},\"inLanguage\":\"fr-FR\",\"potentialAction\":[{\"@type\":\"ReadAction\",\"target\":[\"https:\/\/www.procoiffure.com\/blog\/selection-automne-hiver-2025\/\"]}]},{\"@type\":\"ImageObject\",\"inLanguage\":\"fr-FR\",\"@id\":\"https:\/\/www.procoiffure.com\/blog\/selection-automne-hiver-2025\/#primaryimage\",\"url\":\"https:\/\/www.procoiffure.com\/blog\/wp-content\/uploads\/2025\/09\/Selection-Hiver-2025-1-1.jpg\",\"contentUrl\":\"https:\/\/www.procoiffure.com\/blog\/wp-content\/uploads\/2025\/09\/Selection-Hiver-2025-1-1.jpg\",\"width\":600,\"height\":600},{\"@type\":\"BreadcrumbList\",\"@id\":\"https:\/\/www.procoiffure.com\/blog\/selection-automne-hiver-2025\/#breadcrumb\",\"itemListElement\":[{\"@type\":\"ListItem\",\"position\":1,\"name\":\"Accueil\",\"item\":\"https:\/\/www.procoiffure.com\/blog\/\"},{\"@type\":\"ListItem\",\"position\":2,\"name\":\"S\u00e9lection Beaut\u00e9 Automne Hiver 2025 : Des essentiels pens\u00e9s pour la saison\"}]},{\"@type\":\"WebSite\",\"@id\":\"https:\/\/www.procoiffure.com\/blog\/#website\",\"url\":\"https:\/\/www.procoiffure.com\/blog\/\",\"name\":\"L'actu beaut\u00e9 | Pro Coiffure Esth\u00e9tique\",\"description\":\"\",\"publisher\":{\"@id\":\"https:\/\/www.procoiffure.com\/blog\/#organization\"},\"potentialAction\":[{\"@type\":\"SearchAction\",\"target\":{\"@type\":\"EntryPoint\",\"urlTemplate\":\"https:\/\/www.procoiffure.com\/blog\/?s={search_term_string}\"},\"query-input\":{\"@type\":\"PropertyValueSpecification\",\"valueRequired\":true,\"valueName\":\"search_term_string\"}}],\"inLanguage\":\"fr-FR\"},{\"@type\":\"Organization\",\"@id\":\"https:\/\/www.procoiffure.com\/blog\/#organization\",\"name\":\"Le Blog de No\u00e9mie\",\"url\":\"https:\/\/www.procoiffure.com\/blog\/\",\"logo\":{\"@type\":\"ImageObject\",\"inLanguage\":\"fr-FR\",\"@id\":\"https:\/\/www.procoiffure.com\/blog\/#\/schema\/logo\/image\/\",\"url\":\"https:\/\/www.procoiffure.com\/blog\/wp-content\/uploads\/2025\/03\/LOGO-BLOG-1.png\",\"contentUrl\":\"https:\/\/www.procoiffure.com\/blog\/wp-content\/uploads\/2025\/03\/LOGO-BLOG-1.png\",\"width\":998,\"height\":397,\"caption\":\"Le Blog de No\u00e9mie\"},\"image\":{\"@id\":\"https:\/\/www.procoiffure.com\/blog\/#\/schema\/logo\/image\/\"}},{\"@type\":\"Person\",\"@id\":\"https:\/\/www.procoiffure.com\/blog\/#\/schema\/person\/1737ca6207ae0dec18ceab1195f285c8\",\"name\":\"Elodie Soulier\",\"image\":{\"@type\":\"ImageObject\",\"inLanguage\":\"fr-FR\",\"@id\":\"https:\/\/secure.gravatar.com\/avatar\/1d7d61bb3f84fbe0ce04787c39b28f1c9e04603618601bee9eaed59905cd11ef?s=96&d=color&r=g\",\"url\":\"https:\/\/secure.gravatar.com\/avatar\/1d7d61bb3f84fbe0ce04787c39b28f1c9e04603618601bee9eaed59905cd11ef?s=96&d=color&r=g\",\"contentUrl\":\"https:\/\/secure.gravatar.com\/avatar\/1d7d61bb3f84fbe0ce04787c39b28f1c9e04603618601bee9eaed59905cd11ef?s=96&d=color&r=g\",\"caption\":\"Elodie Soulier\"},\"url\":\"https:\/\/www.procoiffure.com\/blog\/author\/elodie-soul\/\"}]}<\/script>\n<!-- \/ Yoast SEO plugin. -->","yoast_head_json":{"title":"S\u00e9lection Automne Hiver 2025 : soins, calendriers de l\u2019Avent et id\u00e9es cadeaux","description":"Offrez-vous une parenth\u00e8se beaut\u00e9 cet hiver : soins cheveux, peau et corps, calendriers de l\u2019Avent et id\u00e9es cadeaux exclusives chez Pro Coiffure Esth\u00e9tique.","robots":{"index":"index","follow":"follow","max-snippet":"max-snippet:-1","max-image-preview":"max-image-preview:large","max-video-preview":"max-video-preview:-1"},"canonical":"https:\/\/www.procoiffure.com\/blog\/selection-automne-hiver-2025\/","og_locale":"fr_FR","og_type":"article","og_title":"S\u00e9lection Automne Hiver 2025 : soins, calendriers de l\u2019Avent et id\u00e9es cadeaux","og_description":"Offrez-vous une parenth\u00e8se beaut\u00e9 cet hiver : soins cheveux, peau et corps, calendriers de l\u2019Avent et id\u00e9es cadeaux exclusives chez Pro Coiffure Esth\u00e9tique.","og_url":"https:\/\/www.procoiffure.com\/blog\/selection-automne-hiver-2025\/","og_site_name":"L&#039;actu beaut\u00e9 | Pro Coiffure Esht\u00e9tique","article_published_time":"2025-09-23T14:23:07+00:00","article_modified_time":"2026-03-06T13:32:42+00:00","og_image":[{"width":600,"height":600,"url":"https:\/\/www.procoiffure.com\/blog\/wp-content\/uploads\/2025\/09\/Selection-Hiver-2025-1-1.jpg","type":"image\/jpeg"}],"author":"Elodie Soulier","twitter_card":"summary_large_image","twitter_misc":{"\u00c9crit par":"Elodie Soulier","Dur\u00e9e de lecture estim\u00e9e":"24 minutes"},"schema":{"@context":"https:\/\/schema.org","@graph":[{"@type":"Article","@id":"https:\/\/www.procoiffure.com\/blog\/selection-automne-hiver-2025\/#article","isPartOf":{"@id":"https:\/\/www.procoiffure.com\/blog\/selection-automne-hiver-2025\/"},"author":{"name":"Elodie Soulier","@id":"https:\/\/www.procoiffure.com\/blog\/#\/schema\/person\/1737ca6207ae0dec18ceab1195f285c8"},"headline":"S\u00e9lection Beaut\u00e9 Automne Hiver 2025 : Des essentiels pens\u00e9s pour la saison","datePublished":"2025-09-23T14:23:07+00:00","dateModified":"2026-03-06T13:32:42+00:00","mainEntityOfPage":{"@id":"https:\/\/www.procoiffure.com\/blog\/selection-automne-hiver-2025\/"},"wordCount":1733,"commentCount":0,"publisher":{"@id":"https:\/\/www.procoiffure.com\/blog\/#organization"},"image":{"@id":"https:\/\/www.procoiffure.com\/blog\/selection-automne-hiver-2025\/#primaryimage"},"thumbnailUrl":"https:\/\/www.procoiffure.com\/blog\/wp-content\/uploads\/2025\/09\/Selection-Hiver-2025-1-1.jpg","articleSection":["Conseils","Tendance"],"inLanguage":"fr-FR","potentialAction":[{"@type":"CommentAction","name":"Comment","target":["https:\/\/www.procoiffure.com\/blog\/selection-automne-hiver-2025\/#respond"]}]},{"@type":"WebPage","@id":"https:\/\/www.procoiffure.com\/blog\/selection-automne-hiver-2025\/","url":"https:\/\/www.procoiffure.com\/blog\/selection-automne-hiver-2025\/","name":"S\u00e9lection Automne Hiver 2025 : soins, calendriers de l\u2019Avent et id\u00e9es cadeaux","isPartOf":{"@id":"https:\/\/www.procoiffure.com\/blog\/#website"},"primaryImageOfPage":{"@id":"https:\/\/www.procoiffure.com\/blog\/selection-automne-hiver-2025\/#primaryimage"},"image":{"@id":"https:\/\/www.procoiffure.com\/blog\/selection-automne-hiver-2025\/#primaryimage"},"thumbnailUrl":"https:\/\/www.procoiffure.com\/blog\/wp-content\/uploads\/2025\/09\/Selection-Hiver-2025-1-1.jpg","datePublished":"2025-09-23T14:23:07+00:00","dateModified":"2026-03-06T13:32:42+00:00","description":"Offrez-vous une parenth\u00e8se beaut\u00e9 cet hiver : soins cheveux, peau et corps, calendriers de l\u2019Avent et id\u00e9es cadeaux exclusives chez Pro Coiffure Esth\u00e9tique.","breadcrumb":{"@id":"https:\/\/www.procoiffure.com\/blog\/selection-automne-hiver-2025\/#breadcrumb"},"inLanguage":"fr-FR","potentialAction":[{"@type":"ReadAction","target":["https:\/\/www.procoiffure.com\/blog\/selection-automne-hiver-2025\/"]}]},{"@type":"ImageObject","inLanguage":"fr-FR","@id":"https:\/\/www.procoiffure.com\/blog\/selection-automne-hiver-2025\/#primaryimage","url":"https:\/\/www.procoiffure.com\/blog\/wp-content\/uploads\/2025\/09\/Selection-Hiver-2025-1-1.jpg","contentUrl":"https:\/\/www.procoiffure.com\/blog\/wp-content\/uploads\/2025\/09\/Selection-Hiver-2025-1-1.jpg","width":600,"height":600},{"@type":"BreadcrumbList","@id":"https:\/\/www.procoiffure.com\/blog\/selection-automne-hiver-2025\/#breadcrumb","itemListElement":[{"@type":"ListItem","position":1,"name":"Accueil","item":"https:\/\/www.procoiffure.com\/blog\/"},{"@type":"ListItem","position":2,"name":"S\u00e9lection Beaut\u00e9 Automne Hiver 2025 : Des essentiels pens\u00e9s pour la saison"}]},{"@type":"WebSite","@id":"https:\/\/www.procoiffure.com\/blog\/#website","url":"https:\/\/www.procoiffure.com\/blog\/","name":"L'actu beaut\u00e9 | Pro Coiffure Esth\u00e9tique","description":"","publisher":{"@id":"https:\/\/www.procoiffure.com\/blog\/#organization"},"potentialAction":[{"@type":"SearchAction","target":{"@type":"EntryPoint","urlTemplate":"https:\/\/www.procoiffure.com\/blog\/?s={search_term_string}"},"query-input":{"@type":"PropertyValueSpecification","valueRequired":true,"valueName":"search_term_string"}}],"inLanguage":"fr-FR"},{"@type":"Organization","@id":"https:\/\/www.procoiffure.com\/blog\/#organization","name":"Le Blog de No\u00e9mie","url":"https:\/\/www.procoiffure.com\/blog\/","logo":{"@type":"ImageObject","inLanguage":"fr-FR","@id":"https:\/\/www.procoiffure.com\/blog\/#\/schema\/logo\/image\/","url":"https:\/\/www.procoiffure.com\/blog\/wp-content\/uploads\/2025\/03\/LOGO-BLOG-1.png","contentUrl":"https:\/\/www.procoiffure.com\/blog\/wp-content\/uploads\/2025\/03\/LOGO-BLOG-1.png","width":998,"height":397,"caption":"Le Blog de No\u00e9mie"},"image":{"@id":"https:\/\/www.procoiffure.com\/blog\/#\/schema\/logo\/image\/"}},{"@type":"Person","@id":"https:\/\/www.procoiffure.com\/blog\/#\/schema\/person\/1737ca6207ae0dec18ceab1195f285c8","name":"Elodie Soulier","image":{"@type":"ImageObject","inLanguage":"fr-FR","@id":"https:\/\/secure.gravatar.com\/avatar\/1d7d61bb3f84fbe0ce04787c39b28f1c9e04603618601bee9eaed59905cd11ef?s=96&d=color&r=g","url":"https:\/\/secure.gravatar.com\/avatar\/1d7d61bb3f84fbe0ce04787c39b28f1c9e04603618601bee9eaed59905cd11ef?s=96&d=color&r=g","contentUrl":"https:\/\/secure.gravatar.com\/avatar\/1d7d61bb3f84fbe0ce04787c39b28f1c9e04603618601bee9eaed59905cd11ef?s=96&d=color&r=g","caption":"Elodie Soulier"},"url":"https:\/\/www.procoiffure.com\/blog\/author\/elodie-soul\/"}]}},"jetpack_featured_media_url":"https:\/\/www.procoiffure.com\/blog\/wp-content\/uploads\/2025\/09\/Selection-Hiver-2025-1-1.jpg","jetpack_sharing_enabled":true,"_links":{"self":[{"href":"https:\/\/www.procoiffure.com\/blog\/wp-json\/wp\/v2\/posts\/3916","targetHints":{"allow":["GET"]}}],"collection":[{"href":"https:\/\/www.procoiffure.com\/blog\/wp-json\/wp\/v2\/posts"}],"about":[{"href":"https:\/\/www.procoiffure.com\/blog\/wp-json\/wp\/v2\/types\/post"}],"author":[{"embeddable":true,"href":"https:\/\/www.procoiffure.com\/blog\/wp-json\/wp\/v2\/users\/4"}],"replies":[{"embeddable":true,"href":"https:\/\/www.procoiffure.com\/blog\/wp-json\/wp\/v2\/comments?post=3916"}],"version-history":[{"count":135,"href":"https:\/\/www.procoiffure.com\/blog\/wp-json\/wp\/v2\/posts\/3916\/revisions"}],"predecessor-version":[{"id":5234,"href":"https:\/\/www.procoiffure.com\/blog\/wp-json\/wp\/v2\/posts\/3916\/revisions\/5234"}],"wp:featuredmedia":[{"embeddable":true,"href":"https:\/\/www.procoiffure.com\/blog\/wp-json\/wp\/v2\/media\/4161"}],"wp:attachment":[{"href":"https:\/\/www.procoiffure.com\/blog\/wp-json\/wp\/v2\/media?parent=3916"}],"wp:term":[{"taxonomy":"category","embeddable":true,"href":"https:\/\/www.procoiffure.com\/blog\/wp-json\/wp\/v2\/categories?post=3916"},{"taxonomy":"post_tag","embeddable":true,"href":"https:\/\/www.procoiffure.com\/blog\/wp-json\/wp\/v2\/tags?post=3916"}],"curies":[{"name":"wp","href":"https:\/\/api.w.org\/{rel}","templated":true}]}}