{"id":3908,"date":"2025-09-26T15:45:08","date_gmt":"2025-09-26T13:45:08","guid":{"rendered":"https:\/\/www.procoiffure.com\/blog\/?p=3908"},"modified":"2025-10-06T08:45:11","modified_gmt":"2025-10-06T06:45:11","slug":"octobre-rose-2025","status":"publish","type":"post","link":"https:\/\/www.procoiffure.com\/blog\/octobre-rose-2025\/","title":{"rendered":"\ud83c\udf80Octobre Rose 2025, rejoignez le mouvement !\ud83c\udf80"},"content":{"rendered":"\n<h1 class=\"wp-block-heading has-text-color has-link-color wp-elements-e8a534a3b81a958d40d06e76d6c6673e\" style=\"color:#e2007a\">Pro Coiffure Esth\u00e9tique poursuit son engagement aux c\u00f4t\u00e9s du Centre Lacassagne<\/h1>\n\n\n\n<p><span style=\"font-weight: 400;\">Le mois Octobre Rose est un moment fort de <\/span><b>mobilisation <\/b><span style=\"font-weight: 400;\">pour <\/span><b>sensibiliser <\/b><span style=\"font-weight: 400;\">au d\u00e9pistage du cancer du sein, soutenir la recherche et <\/span>accompagner <span style=\"font-weight: 400;\">celles qui luttent contre la maladie.<\/span><\/p>\n\n\n\n<p><span style=\"font-weight: 400;\">Chez Pro Coiffure Esth\u00e9tique, nous souhaitons que ce mois ne soit pas seulement un symbole :<\/span><b> nous agissons, concr\u00e8tement <\/b>et avec <b>conviction.<\/b> C&rsquo;est pourquoi, a<span style=\"font-weight: 400;\">pr\u00e8s deux ann\u00e9es d\u2019engagement aux c\u00f4t\u00e9s du <\/span><b>Centre Antoine Lacassagne<\/b><span style=\"font-weight: 400;\">, nous sommes fiers de <\/span><b>renouveler notre soutien <\/b><span style=\"font-weight: 400;\">avec une nouvelle <\/span><b>campagne solidaire<\/b><span style=\"font-weight: 400;\"> ouverte \u00e0 toutes et \u00e0 tous.&nbsp;<\/span><\/p>\n\n\n\n<hr class=\"wp-block-separator has-text-color has-ti-bg-color has-alpha-channel-opacity has-ti-bg-background-color has-background\" style=\"margin-top:var(--wp--preset--spacing--30);margin-bottom:var(--wp--preset--spacing--30)\"\/>\n\n\n\n<h2 class=\"wp-block-heading has-text-color has-link-color wp-elements-c694e539cdf744e5b5ea857babea9610\" style=\"color:#e2007a\"><strong>\ud83c\udf80<\/strong><b style=\"\"><font color=\"#e2007a\">Octobre Rose reste une urgence sanitaire<\/font><\/b><\/h2>\n\n\n\n<p><span style=\"font-weight: 400;\">Chaque <\/span>jour <span style=\"font-weight: 400;\">en France, plus de <\/span>160 femmes apprennent qu\u2019elles sont atteintes d\u2019un cancer du sein :<\/p>\n\n\n\n<figure class=\"wp-block-image aligncenter size-full is-resized\"><img fetchpriority=\"high\" decoding=\"async\" width=\"888\" height=\"299\" src=\"https:\/\/www.procoiffure.com\/blog\/wp-content\/uploads\/2025\/09\/image-4.png\" alt=\"\" class=\"wp-image-4256\" style=\"width:1000px;height:auto\" srcset=\"https:\/\/www.procoiffure.com\/blog\/wp-content\/uploads\/2025\/09\/image-4.png 888w, https:\/\/www.procoiffure.com\/blog\/wp-content\/uploads\/2025\/09\/image-4-300x101.png 300w, https:\/\/www.procoiffure.com\/blog\/wp-content\/uploads\/2025\/09\/image-4-768x259.png 768w\" sizes=\"(max-width: 888px) 100vw, 888px\" \/><\/figure>\n\n\n\n<p><\/p>\n\n\n\n<p>Derri\u00e8re ces chiffres, il y a des vies, des familles, des professionnels et des chercheurs mobilis\u00e9s. Et une r\u00e9alit\u00e9 : <strong>plus un cancer est d\u00e9tect\u00e9 t\u00f4t, meilleures sont les chances de gu\u00e9rison<\/strong>.<\/p>\n\n\n\n<p><\/p>\n\n\n\n<hr class=\"wp-block-separator has-text-color has-ti-bg-color has-alpha-channel-opacity has-ti-bg-background-color has-background\" style=\"margin-top:var(--wp--preset--spacing--30);margin-bottom:var(--wp--preset--spacing--30)\"\/>\n\n\n\n<div class=\"wp-block-group is-layout-constrained wp-block-group-is-layout-constrained\">\n<h2 class=\"wp-block-heading has-text-color has-link-color wp-elements-939c8e56dab93d712e29db5b13f88533\" style=\"color:#e2007a\"><strong>\ud83c\udf80<\/strong><span style=\"color: #e2007a;\"><b>D\u00e9construire les id\u00e9es re\u00e7ues : un autre volet de la pr\u00e9vention<\/b><\/span><\/h2>\n\n\n\n<p><span style=\"font-weight: 400;\">Nombreuses sont les id\u00e9es re\u00e7ues qui circulent encore sur le cancer du sein, et certaines peuvent malheureusement retarder un diagnostic. Mieux conna\u00eetre ces r\u00e9alit\u00e9s, c\u2019est d\u00e9j\u00e0 se prot\u00e9ger<\/span> :<\/p>\n\n\n\n<details class=\"wp-block-details is-layout-flow wp-block-details-is-layout-flow\"><summary>Je suis jeune,&nbsp; j\u2019ai le temps<\/summary>\n<p><b>Faux <\/b><span style=\"font-weight: 400;\">: Le cancer du sein peut aussi toucher les femmes de moins de 40 ans.<\/span><\/p>\n<\/details>\n\n\n\n<details class=\"wp-block-details is-layout-flow wp-block-details-is-layout-flow\"><summary>S\u2019il n\u2019y a pas de boule, il n\u2019y a pas de cancer<\/summary>\n<p><b> Faux <\/b><span style=\"font-weight: 400;\">: Le cancer peut \u00eatre totalement asymptomatique dans ses premiers stades.<\/span><\/p>\n<\/details>\n\n\n\n<details class=\"wp-block-details is-layout-flow wp-block-details-is-layout-flow\"><summary>Je n\u2019ai pas d\u2019ant\u00e9c\u00e9dents familiaux, donc je ne risque rien.<\/summary>\n<p><b>Faux <\/b><span style=\"font-weight: 400;\">: Pr\u00e8s de 70 % des cas surviennent sans ant\u00e9c\u00e9dents connus.<\/span><\/p>\n<\/details>\n\n\n\n<details class=\"wp-block-details is-layout-flow wp-block-details-is-layout-flow\"><summary>Une mammographie fait mal et est dangereuse.<\/summary>\n<p><b>Faux <\/b><span style=\"font-weight: 400;\">: Elle peut \u00eatre inconfortable, mais elle est indolore pour la plupart, et sans danger.<\/span><\/p>\n<\/details>\n<\/div>\n\n\n\n<hr class=\"wp-block-separator has-text-color has-ti-bg-color has-alpha-channel-opacity has-ti-bg-background-color has-background\" style=\"margin-top:var(--wp--preset--spacing--30);margin-bottom:var(--wp--preset--spacing--30)\"\/>\n\n\n\n<div class=\"wp-block-group is-layout-constrained wp-block-group-is-layout-constrained\">\n<div class=\"wp-block-group is-layout-constrained wp-block-group-is-layout-constrained\">\n<h2 class=\"wp-block-heading has-text-color has-link-color wp-elements-1b7a415a1bb40ad8ba80958deae1c76c\" style=\"color:#e2007a\"><strong>\ud83c\udf80<\/strong><b>Pr\u00e9venir, c\u2019est aussi apprendre les bons gestes<\/b><\/h2>\n\n\n\n<p><span style=\"font-weight: 400;\">Nous encourageons chaque femme \u00e0 pratiquer r\u00e9guli\u00e8rement <\/span><b>l\u2019auto-palpation<\/b><span style=\"font-weight: 400;\">, un geste simple et pr\u00e9cieux qui peut permettre de d\u00e9tecter une anomalie entre deux examens.<\/span><\/p>\n\n\n\n<p><\/p>\n\n\n\n<p>\u00c0 faire de pr\u00e9f\u00e9rence apr\u00e8s les r\u00e8gles, ce geste consiste \u00e0 :<\/p>\n\n\n\n<ul class=\"wp-block-list\">\n<li><span style=\"font-weight: 400;\">Observer ses seins dans un miroir (sym\u00e9trie, rougeurs, r\u00e9tractations)<\/span><\/li>\n\n\n\n<li><span style=\"font-weight: 400;\">Palper doucement avec les doigts \u00e0 plat, en cercles autour du mamelon<\/span><\/li>\n\n\n\n<li><span style=\"font-weight: 400;\">Explorer la zone des aisselles, o\u00f9 peuvent appara\u00eetre certains ganglions<\/span><\/li>\n<\/ul>\n<\/div>\n\n\n\n<p><span style=\"font-weight: 400;\">En cas de doute, il ne faut jamais h\u00e9siter \u00e0 consulter. <\/span><b>Mieux vaut une v\u00e9rification rassurante qu\u2019un retard de diagnostic.<\/b><\/p>\n<\/div>\n\n\n\n<hr class=\"wp-block-separator has-text-color has-ti-bg-color has-alpha-channel-opacity has-ti-bg-background-color has-background\" style=\"margin-top:var(--wp--preset--spacing--30);margin-bottom:var(--wp--preset--spacing--30)\"\/>\n\n\n\n<div class=\"wp-block-group is-layout-constrained wp-block-group-is-layout-constrained\">\n<h2 class=\"wp-block-heading has-text-color has-link-color wp-elements-f49f59e97d66070826120108415d64e2\" style=\"color:#e2007a\"><strong>\ud83c\udf80<\/strong><span style=\"color: #e2007a;\"><b>Ce qu\u2019il faut savoir en 2025 sur le d\u00e9pistage du cancer du sein<\/b><\/span><\/h2>\n\n\n\n<p><span style=\"font-weight: 400;\">M\u00eame \u00e0 l\u2019heure des progr\u00e8s m\u00e9dicaux,<\/span><b> le d\u00e9pistage <\/b>reste l\u2019outil le<b> plus puissant <\/b>dont nous disposons. <\/p>\n\n\n\n<p><span style=\"font-weight: 400;\">En France, le programme national permet <\/span>aux femmes de 50 \u00e0 74 ans de b\u00e9n\u00e9ficier tous les deux ans d\u2019une <b>mammographie gratuite, <\/b>accompagn\u00e9e <b>d\u2019un examen clinique.<\/b> <span style=\"font-weight: 400;\">Et pour celles pr\u00e9sentant un <\/span><b>risque accru<\/b><span style=\"font-weight: 400;\"> (ant\u00e9c\u00e9dents familiaux, mutations g\u00e9n\u00e9tiques) une <\/span><b>surveillance personnalis\u00e9e <\/b><span style=\"font-weight: 400;\">peut \u00eatre mise en place bien plus t\u00f4t.<\/span> <\/p>\n\n\n\n<p><span style=\"font-weight: 400;\">Aujourd\u2019hui, des techniques avanc\u00e9es comme la <\/span><b>tomosynth\u00e8se <\/b><span style=\"font-weight: 400;\">(mammographie 3D) ou <\/span><b>l\u2019IRM mammaire <\/b><span style=\"font-weight: 400;\">am\u00e9liorent consid\u00e9rablement la <\/span><b>d\u00e9tection<\/b><span style=\"font-weight: 400;\">.<\/span> <\/p>\n\n\n\n<p><span style=\"font-weight: 400;\">Mais encore faut-il que ce d\u00e9pistage soit r\u00e9alis\u00e9. <\/span><b>Un cancer du sein d\u00e9tect\u00e9 t\u00f4t a 9 chances sur 10 d\u2019\u00eatre gu\u00e9ri.<\/b><\/p>\n<\/div>\n\n\n\n<hr class=\"wp-block-separator has-text-color has-ti-bg-color has-alpha-channel-opacity has-ti-bg-background-color has-background\" style=\"margin-top:var(--wp--preset--spacing--30);margin-bottom:var(--wp--preset--spacing--30)\"\/>\n\n\n\n<div class=\"wp-block-group is-nowrap is-layout-flex wp-container-core-group-is-layout-6c531013 wp-block-group-is-layout-flex\">\n<h2 class=\"wp-block-heading has-text-color has-link-color wp-elements-03de5c95dfe06fa056eb8de838f4ba55\" style=\"color:#e2007a\"><strong>\ud83c\udf80<\/strong><span style=\"color: #e2007a;\"><b>Le r\u00f4le essentiel du Centre Antoine Lacassagne<\/b><\/span><\/h2>\n<\/div>\n\n\n\n<p>Depuis plus de 60 ans, le <strong>Centre Antoine Lacassagne<\/strong>, bas\u00e9 \u00e0 Nice, est un acteur majeur de la canc\u00e9rologie en r\u00e9gion PACA. Son <strong>Institut du Sein et de Canc\u00e9rologie gyn\u00e9cologique<\/strong>, \u00e9largi en 2019, est aujourd\u2019hui une r\u00e9f\u00e9rence nationale et internationale :<\/p>\n\n\n\n<ul class=\"wp-block-list\">\n<li>Plus de <strong>12 000 actes de s\u00e9nologie<\/strong> r\u00e9alis\u00e9s chaque ann\u00e9e<\/li>\n\n\n\n<li>Plus de <strong>100 patientes atteintes d\u2019un cancer du sein incluses dans des essais cliniques<\/strong><\/li>\n\n\n\n<li><strong>29 essais cliniques ouverts<\/strong>, portant sur les m\u00e9dicaments, la chirurgie, la radioth\u00e9rapie et des approches innovantes<\/li>\n<\/ul>\n\n\n\n<p><\/p>\n\n\n\n<ul class=\"wp-block-list\">\n<li><span style=\"color: #e2007a;\"><b>Une campagne locale et f\u00e9d\u00e9ratrice : Horizon Rose &amp; Azur<\/b><\/span><\/li>\n<\/ul>\n\n\n\n<p>En octobre 2025, le <strong>Centre Antoine Lacassagne<\/strong> lance la premi\u00e8re \u00e9dition de sa campagne <strong>\u00ab Horizon Rose &amp; Azur \u00bb<\/strong> dont l&rsquo;objectif est de <strong>mobiliser les habitants de la r\u00e9gion <\/strong>pour soutenir les <strong>\u00e9quipes m\u00e9dicales <\/strong>et <strong>offrir aux femmes <\/strong>atteintes d\u2019un cancer du sein <strong>de nouvelles perspectives th\u00e9rapeutiques<\/strong>.<\/p>\n\n\n\n<p><\/p>\n\n\n\n<ul class=\"wp-block-list\">\n<li><span style=\"color: #e2007a;\"><b>Des projets de recherche concrets soutenus par les dons<\/b><\/span>  <\/li>\n<\/ul>\n\n\n\n<p>Gr\u00e2ce \u00e0 votre g\u00e9n\u00e9rosit\u00e9, le Centre peut d\u00e9velopper des programmes de recherche ambitieux, qui transforment directement la prise en charge des patientes :<\/p>\n\n\n\n<ul class=\"wp-block-list\">\n<li><strong>TARGET<\/strong> : d\u00e9velopper des <strong>biopsies liquides<\/strong>, diagnostics r\u00e9alis\u00e9s par simple prise de sang, plus pr\u00e9cis et beaucoup moins invasifs que les biopsies traditionnelles.<\/li>\n<\/ul>\n\n\n\n<ul class=\"wp-block-list\">\n<li><strong>METABOPREDICT<\/strong> : exploiter l\u2019intelligence artificielle pour identifier les patientes pour lesquelles la chimioth\u00e9rapie post-op\u00e9ratoire n\u2019apporterait pas de b\u00e9n\u00e9fice, et \u00e9viter des traitements lourds inutiles.<\/li>\n<\/ul>\n\n\n\n<ul class=\"wp-block-list\">\n<li><strong>OPEX<\/strong> : proposer des <strong>proth\u00e8ses mammaires externes 3D sur-mesure<\/strong>, confortables et esth\u00e9tiques, afin d\u2019am\u00e9liorer la qualit\u00e9 de vie apr\u00e8s une mastectomie.<\/li>\n<\/ul>\n\n\n\n<hr class=\"wp-block-separator has-text-color has-ti-bg-color has-alpha-channel-opacity has-ti-bg-background-color has-background\" style=\"margin-top:var(--wp--preset--spacing--30);margin-bottom:var(--wp--preset--spacing--30)\"\/>\n\n\n\n<h2 class=\"wp-block-heading has-text-color has-link-color wp-elements-654040a3cc41c36f47a1538bf1de409d\" style=\"color:#e2007a\"><strong>\ud83c\udf80<\/strong><b>R\u00e9trospective : Nos actions concr\u00e8tes et locales en 2024<\/b><\/h2>\n\n\n\n<div class=\"wp-block-columns are-vertically-aligned-center has-normal-font-size is-layout-flex wp-container-core-columns-is-layout-18141635 wp-block-columns-is-layout-flex\" style=\"margin-top:var(--wp--preset--spacing--30);margin-bottom:var(--wp--preset--spacing--30);padding-top:var(--wp--preset--spacing--40);padding-right:var(--wp--preset--spacing--30);padding-bottom:var(--wp--preset--spacing--40);padding-left:var(--wp--preset--spacing--30)\">\n<div class=\"wp-block-column is-vertically-aligned-center is-content-justification-center is-layout-constrained wp-block-column-is-layout-constrained\" style=\"flex-basis:100%\">\n<div class=\"wp-block-media-text is-stacked-on-mobile is-image-fill-element\" style=\"grid-template-columns:24% auto\"><figure class=\"wp-block-media-text__media\"><img decoding=\"async\" width=\"1080\" height=\"1920\" src=\"https:\/\/www.procoiffure.com\/blog\/wp-content\/uploads\/2025\/09\/photo_lacassagne-1.jpg\" alt=\"\" class=\"wp-image-3911 size-full\" style=\"object-position:38% 57%\" srcset=\"https:\/\/www.procoiffure.com\/blog\/wp-content\/uploads\/2025\/09\/photo_lacassagne-1.jpg 1080w, https:\/\/www.procoiffure.com\/blog\/wp-content\/uploads\/2025\/09\/photo_lacassagne-1-169x300.jpg 169w, https:\/\/www.procoiffure.com\/blog\/wp-content\/uploads\/2025\/09\/photo_lacassagne-1-576x1024.jpg 576w, https:\/\/www.procoiffure.com\/blog\/wp-content\/uploads\/2025\/09\/photo_lacassagne-1-768x1365.jpg 768w, https:\/\/www.procoiffure.com\/blog\/wp-content\/uploads\/2025\/09\/photo_lacassagne-1-864x1536.jpg 864w\" sizes=\"(max-width: 1080px) 100vw, 1080px\" \/><\/figure><div class=\"wp-block-media-text__content\">\n<p class=\"has-text-align-left\">L\u2019an dernier, <strong>gr\u00e2ce \u00e0 vos dons<\/strong>, nous avons pu collecter <strong>3 800\u20ac<\/strong> via nos boutiques et notre site web. Ces fonds ont directement contribu\u00e9 \u00e0 soutenir la recherche et l\u2019accompagnement des patientes suivies au <strong>Centre Antoine Lacassagne<\/strong>.<\/p>\n<\/div><\/div>\n<\/div>\n<\/div>\n\n\n\n<h2 class=\"wp-block-heading has-text-color has-link-color wp-elements-295de186a4c6f907d582bc9346e049b4\" style=\"color:#e2007a\"><strong>\ud83c\udf80<\/strong><b>Octobre Rose 2025 : Nos nouvelles initiatives solidaires <\/b><\/h2>\n\n\n\n<p><\/p>\n\n\n\n<p><strong><span style=\"font-weight: 400;\">Cette ann\u00e9e, nous poursuivons notre engagement avec la m\u00eame \u00e9nergie et de nouvelles initiatives solidaires<\/span> :<\/strong><\/p>\n\n\n\n<div class=\"wp-block-media-text is-stacked-on-mobile\" style=\"grid-template-columns:23% auto\"><figure class=\"wp-block-media-text__media\"><a href=\"https:\/\/www.procoiffure.com\/catalog\/gamme-soins-des-mains-pronails-2025https:\/\/www.procoiffure.com\/catalog\/gamme-soins-des-mains-pronails-2025\"><img decoding=\"async\" width=\"600\" height=\"600\" src=\"https:\/\/www.procoiffure.com\/blog\/wp-content\/uploads\/2025\/09\/Pronails_octobre-rose.jpg\" alt=\"\" class=\"wp-image-4314 size-full\" srcset=\"https:\/\/www.procoiffure.com\/blog\/wp-content\/uploads\/2025\/09\/Pronails_octobre-rose.jpg 600w, https:\/\/www.procoiffure.com\/blog\/wp-content\/uploads\/2025\/09\/Pronails_octobre-rose-300x300.jpg 300w, https:\/\/www.procoiffure.com\/blog\/wp-content\/uploads\/2025\/09\/Pronails_octobre-rose-150x150.jpg 150w\" sizes=\"(max-width: 600px) 100vw, 600px\" \/><\/a><\/figure><div class=\"wp-block-media-text__content\">\n<p class=\"has-text-color has-link-color wp-elements-de19c69e9c14078307494519bd20acde\" style=\"color:#e2007a\"><strong>10% REVERS\u00c9S D\u00c8S UN PRODUIT ACHET\u00c9<\/strong><\/p>\n\n\n\n<p>D\u00e8s 1 produit&nbsp;de la gamme&nbsp;<a href=\"https:\/\/www.procoiffure.com\/catalog\/gamme-soins-des-mains-pronails-2025\"><strong>ProNails&nbsp;Soins des Mains<\/strong><\/a> achet\u00e9,<strong>&nbsp;<\/strong>10% seront revers\u00e9s&nbsp;au centre Antoine Lacassagne pour financer le projet&nbsp;Horizon Rose &amp; Azur<\/p>\n<\/div><\/div>\n\n\n\n<div class=\"wp-block-media-text is-stacked-on-mobile\" style=\"grid-template-columns:23% auto\"><figure class=\"wp-block-media-text__media\"><a href=\"https:\/\/www.procoiffure.com\/cart#don-octobre-rose\" target=\"_blank\" rel=\" noreferrer noopener\"><img loading=\"lazy\" decoding=\"async\" width=\"600\" height=\"600\" src=\"https:\/\/www.procoiffure.com\/blog\/wp-content\/uploads\/2025\/09\/Don_cochon-1.jpg\" alt=\"\" class=\"wp-image-4330 size-full\" srcset=\"https:\/\/www.procoiffure.com\/blog\/wp-content\/uploads\/2025\/09\/Don_cochon-1.jpg 600w, https:\/\/www.procoiffure.com\/blog\/wp-content\/uploads\/2025\/09\/Don_cochon-1-300x300.jpg 300w, https:\/\/www.procoiffure.com\/blog\/wp-content\/uploads\/2025\/09\/Don_cochon-1-150x150.jpg 150w\" sizes=\"(max-width: 600px) 100vw, 600px\" \/><\/a><\/figure><div class=\"wp-block-media-text__content\">\n<p class=\"has-text-color has-link-color wp-elements-9f4fae291cc85eb740280fe667df9ae4\" style=\"color:#e2007a\"><strong>DONS AVEC VOTRE COMMANDE<\/strong><\/p>\n\n\n\n<p><span style=\"font-weight: 400;\">Pour chaque\u00a0<a href=\"https:\/\/www.procoiffure.com\/cart#don-octobre-rose\"><strong>commande pass\u00e9e sur le site<\/strong><\/a> choisissez parmi les sommes propos\u00e9es (2\u20ac, 5\u20ac ou 10\u20ac) et faites le don de votre choix en quelques cliques<\/span><\/p>\n<\/div><\/div>\n\n\n\n<div class=\"wp-block-media-text is-stacked-on-mobile\" style=\"grid-template-columns:23% auto\"><figure class=\"wp-block-media-text__media\"><a href=\"https:\/\/soutenir.centreantoinelacassagne.org\/HorizonRoseetAzur\/~mon-donhttps:\/\/soutenir.centreantoinelacassagne.org\/HorizonRoseetAzur\/~mon-don\" target=\"_blank\" rel=\" noreferrer noopener\"><img loading=\"lazy\" decoding=\"async\" width=\"600\" height=\"600\" src=\"https:\/\/www.procoiffure.com\/blog\/wp-content\/uploads\/2025\/09\/Don_logo-2.jpg\" alt=\"\" class=\"wp-image-4342 size-full\" srcset=\"https:\/\/www.procoiffure.com\/blog\/wp-content\/uploads\/2025\/09\/Don_logo-2.jpg 600w, https:\/\/www.procoiffure.com\/blog\/wp-content\/uploads\/2025\/09\/Don_logo-2-300x300.jpg 300w, https:\/\/www.procoiffure.com\/blog\/wp-content\/uploads\/2025\/09\/Don_logo-2-150x150.jpg 150w\" sizes=\"(max-width: 600px) 100vw, 600px\" \/><\/a><\/figure><div class=\"wp-block-media-text__content\">\n<p class=\"has-text-color has-link-color wp-elements-0f00d3d5d96388babf4c6c0decf3c65c\" style=\"color:#e2007a\"><strong>CAGNOTTE EN LIGNE <\/strong><\/p>\n\n\n\n<p>Faites un don libre ! <span style=\"font-weight: 400;\">Le Centre Antoine Lacassagne&nbsp;a mis \u00e0 votre disposition <\/span><a href=\"https:\/\/soutenir.centreantoinelacassagne.org\/HorizonRoseetAzur\/~mon-don\"><span style=\"font-weight: 400;\"><strong>une <\/strong><\/span><\/a><strong><a href=\"https:\/\/soutenir.centreantoinelacassagne.org\/HorizonRoseetAzur\/~mon-don\">cagnotte en ligne<\/a>.<\/strong> Chaque geste compte !<\/p>\n<\/div><\/div>\n\n\n\n<p><\/p>\n\n\n\n<p class=\"has-normal-font-size\">Ensemble, nous pouvons financer du <strong>mat\u00e9riel m\u00e9dical<\/strong>, des <strong>projets de recherche<\/strong>, et des <strong>programmes de soutien psychologique<\/strong> pour les femmes atteintes d\u2019un cancer du sein.<\/p>\n\n\n\n<p><\/p>\n\n\n\n<p><\/p>\n\n\n\n<h2 class=\"wp-block-heading has-text-color has-link-color wp-elements-818c1580f255229360f98bff7ab836ee\" style=\"color:#e2007a\">\ud83c\udf80<b>Ce combat nous concerne toutes et tous. Ensemble, il est possible de faire reculer la maladie.<\/b><\/h2>\n\n\n\n<p><\/p>\n\n\n\n<p><b>\ud83e\ude77 Faites un don d\u00e8s maintenant en boutique ou en ligne sur <\/b><a href=\"http:\/\/www.procoiffure.com\"><b>www.procoiffure.com<\/b><\/a><b> \ud83e\ude77&nbsp;<\/b><\/p>\n\n\n\n<p><\/p>\n\n\n\n<p><b>Nous comptons sur votre g\u00e9n\u00e9rosit\u00e9 !<\/b><\/p>\n\n\n\n<p><\/p>\n\n\n\n<p><\/p>\n\n\n\n<div class=\"wp-block-buttons is-layout-flex wp-block-buttons-is-layout-flex\">\n<div class=\"wp-block-button\"><a class=\"wp-block-button__link has-background wp-element-button\" href=\"https:\/\/soutenir.centreantoinelacassagne.org\/HorizonRoseetAzur\/~mon-don\" style=\"background-color:#e2007a\"><b>\ud83e\ude77 FAIRE UN DON<\/b> <b>\ud83e\ude77<\/b><\/a><\/div>\n<\/div>\n\n\n\n<p>&nbsp;<\/p>\n","protected":false},"excerpt":{"rendered":"<p>Pro Coiffure Esth\u00e9tique poursuit son engagement aux c\u00f4t\u00e9s du Centre Lacassagne Le mois Octobre Rose est un moment fort de mobilisation pour sensibiliser au d\u00e9pistage du cancer du sein, soutenir la recherche et accompagner celles qui luttent contre la maladie. Chez Pro Coiffure Esth\u00e9tique, nous souhaitons que ce mois ne soit pas seulement un symbole [&hellip;]<\/p>\n","protected":false},"author":4,"featured_media":4343,"comment_status":"open","ping_status":"open","sticky":false,"template":"","format":"standard","meta":{"_jetpack_memberships_contains_paid_content":false,"footnotes":""},"categories":[262],"tags":[],"class_list":["post-3908","post","type-post","status-publish","format-standard","has-post-thumbnail","hentry","category-mobilisons-nous"],"yoast_head":"<!-- This site is optimized with the Yoast SEO plugin v27.2 - https:\/\/yoast.com\/product\/yoast-seo-wordpress\/ -->\n<title>Octobre Rose 2025 | L&#039;actu Beaut\u00e9 | Pro Coiffure Esth\u00e9tique<\/title>\n<meta name=\"description\" content=\"En 2025, Pro Coiffure Esth\u00e9tique s\u2019engage aux c\u00f4t\u00e9s du Centre Antoine Lacassagne pour Octobre Rose. Ensemble, soutenons la recherche et les patientes.\" \/>\n<meta name=\"robots\" content=\"index, follow, max-snippet:-1, max-image-preview:large, max-video-preview:-1\" \/>\n<link rel=\"canonical\" href=\"https:\/\/www.procoiffure.com\/blog\/octobre-rose-2025\/\" \/>\n<meta property=\"og:locale\" content=\"fr_FR\" \/>\n<meta property=\"og:type\" content=\"article\" \/>\n<meta property=\"og:title\" content=\"Octobre Rose 2025 | L&#039;actu Beaut\u00e9 | Pro Coiffure Esth\u00e9tique\" \/>\n<meta property=\"og:description\" content=\"En 2025, Pro Coiffure Esth\u00e9tique s\u2019engage aux c\u00f4t\u00e9s du Centre Antoine Lacassagne pour Octobre Rose. Ensemble, soutenons la recherche et les patientes.\" \/>\n<meta property=\"og:url\" content=\"https:\/\/www.procoiffure.com\/blog\/octobre-rose-2025\/\" \/>\n<meta property=\"og:site_name\" content=\"L&#039;actu beaut\u00e9 | Pro Coiffure Esht\u00e9tique\" \/>\n<meta property=\"article:published_time\" content=\"2025-09-26T13:45:08+00:00\" \/>\n<meta property=\"article:modified_time\" content=\"2025-10-06T06:45:11+00:00\" \/>\n<meta property=\"og:image\" content=\"https:\/\/www.procoiffure.com\/blog\/wp-content\/uploads\/2025\/09\/Template_Visuel-blog-3.jpg\" \/>\n\t<meta property=\"og:image:width\" content=\"600\" \/>\n\t<meta property=\"og:image:height\" content=\"600\" \/>\n\t<meta property=\"og:image:type\" content=\"image\/jpeg\" \/>\n<meta name=\"author\" content=\"Elodie Soulier\" \/>\n<meta name=\"twitter:card\" content=\"summary_large_image\" \/>\n<meta name=\"twitter:label1\" content=\"\u00c9crit par\" \/>\n\t<meta name=\"twitter:data1\" content=\"Elodie Soulier\" \/>\n\t<meta name=\"twitter:label2\" content=\"Dur\u00e9e de lecture estim\u00e9e\" \/>\n\t<meta name=\"twitter:data2\" content=\"6 minutes\" \/>\n<script type=\"application\/ld+json\" class=\"yoast-schema-graph\">{\"@context\":\"https:\/\/schema.org\",\"@graph\":[{\"@type\":\"Article\",\"@id\":\"https:\/\/www.procoiffure.com\/blog\/octobre-rose-2025\/#article\",\"isPartOf\":{\"@id\":\"https:\/\/www.procoiffure.com\/blog\/octobre-rose-2025\/\"},\"author\":{\"name\":\"Elodie Soulier\",\"@id\":\"https:\/\/www.procoiffure.com\/blog\/#\/schema\/person\/1737ca6207ae0dec18ceab1195f285c8\"},\"headline\":\"\ud83c\udf80Octobre Rose 2025, rejoignez le mouvement !\ud83c\udf80\",\"datePublished\":\"2025-09-26T13:45:08+00:00\",\"dateModified\":\"2025-10-06T06:45:11+00:00\",\"mainEntityOfPage\":{\"@id\":\"https:\/\/www.procoiffure.com\/blog\/octobre-rose-2025\/\"},\"wordCount\":1056,\"commentCount\":0,\"publisher\":{\"@id\":\"https:\/\/www.procoiffure.com\/blog\/#organization\"},\"image\":{\"@id\":\"https:\/\/www.procoiffure.com\/blog\/octobre-rose-2025\/#primaryimage\"},\"thumbnailUrl\":\"https:\/\/www.procoiffure.com\/blog\/wp-content\/uploads\/2025\/09\/Template_Visuel-blog-3.jpg\",\"articleSection\":[\"Mobilisons-nous\"],\"inLanguage\":\"fr-FR\",\"potentialAction\":[{\"@type\":\"CommentAction\",\"name\":\"Comment\",\"target\":[\"https:\/\/www.procoiffure.com\/blog\/octobre-rose-2025\/#respond\"]}]},{\"@type\":\"WebPage\",\"@id\":\"https:\/\/www.procoiffure.com\/blog\/octobre-rose-2025\/\",\"url\":\"https:\/\/www.procoiffure.com\/blog\/octobre-rose-2025\/\",\"name\":\"Octobre Rose 2025 | L'actu Beaut\u00e9 | Pro Coiffure Esth\u00e9tique\",\"isPartOf\":{\"@id\":\"https:\/\/www.procoiffure.com\/blog\/#website\"},\"primaryImageOfPage\":{\"@id\":\"https:\/\/www.procoiffure.com\/blog\/octobre-rose-2025\/#primaryimage\"},\"image\":{\"@id\":\"https:\/\/www.procoiffure.com\/blog\/octobre-rose-2025\/#primaryimage\"},\"thumbnailUrl\":\"https:\/\/www.procoiffure.com\/blog\/wp-content\/uploads\/2025\/09\/Template_Visuel-blog-3.jpg\",\"datePublished\":\"2025-09-26T13:45:08+00:00\",\"dateModified\":\"2025-10-06T06:45:11+00:00\",\"description\":\"En 2025, Pro Coiffure Esth\u00e9tique s\u2019engage aux c\u00f4t\u00e9s du Centre Antoine Lacassagne pour Octobre Rose. Ensemble, soutenons la recherche et les patientes.\",\"breadcrumb\":{\"@id\":\"https:\/\/www.procoiffure.com\/blog\/octobre-rose-2025\/#breadcrumb\"},\"inLanguage\":\"fr-FR\",\"potentialAction\":[{\"@type\":\"ReadAction\",\"target\":[\"https:\/\/www.procoiffure.com\/blog\/octobre-rose-2025\/\"]}]},{\"@type\":\"ImageObject\",\"inLanguage\":\"fr-FR\",\"@id\":\"https:\/\/www.procoiffure.com\/blog\/octobre-rose-2025\/#primaryimage\",\"url\":\"https:\/\/www.procoiffure.com\/blog\/wp-content\/uploads\/2025\/09\/Template_Visuel-blog-3.jpg\",\"contentUrl\":\"https:\/\/www.procoiffure.com\/blog\/wp-content\/uploads\/2025\/09\/Template_Visuel-blog-3.jpg\",\"width\":600,\"height\":600},{\"@type\":\"BreadcrumbList\",\"@id\":\"https:\/\/www.procoiffure.com\/blog\/octobre-rose-2025\/#breadcrumb\",\"itemListElement\":[{\"@type\":\"ListItem\",\"position\":1,\"name\":\"Accueil\",\"item\":\"https:\/\/www.procoiffure.com\/blog\/\"},{\"@type\":\"ListItem\",\"position\":2,\"name\":\"\ud83c\udf80Octobre Rose 2025, rejoignez le mouvement !\ud83c\udf80\"}]},{\"@type\":\"WebSite\",\"@id\":\"https:\/\/www.procoiffure.com\/blog\/#website\",\"url\":\"https:\/\/www.procoiffure.com\/blog\/\",\"name\":\"L'actu beaut\u00e9 | Pro Coiffure Esth\u00e9tique\",\"description\":\"\",\"publisher\":{\"@id\":\"https:\/\/www.procoiffure.com\/blog\/#organization\"},\"potentialAction\":[{\"@type\":\"SearchAction\",\"target\":{\"@type\":\"EntryPoint\",\"urlTemplate\":\"https:\/\/www.procoiffure.com\/blog\/?s={search_term_string}\"},\"query-input\":{\"@type\":\"PropertyValueSpecification\",\"valueRequired\":true,\"valueName\":\"search_term_string\"}}],\"inLanguage\":\"fr-FR\"},{\"@type\":\"Organization\",\"@id\":\"https:\/\/www.procoiffure.com\/blog\/#organization\",\"name\":\"Le Blog de No\u00e9mie\",\"url\":\"https:\/\/www.procoiffure.com\/blog\/\",\"logo\":{\"@type\":\"ImageObject\",\"inLanguage\":\"fr-FR\",\"@id\":\"https:\/\/www.procoiffure.com\/blog\/#\/schema\/logo\/image\/\",\"url\":\"https:\/\/www.procoiffure.com\/blog\/wp-content\/uploads\/2025\/03\/LOGO-BLOG-1.png\",\"contentUrl\":\"https:\/\/www.procoiffure.com\/blog\/wp-content\/uploads\/2025\/03\/LOGO-BLOG-1.png\",\"width\":998,\"height\":397,\"caption\":\"Le Blog de No\u00e9mie\"},\"image\":{\"@id\":\"https:\/\/www.procoiffure.com\/blog\/#\/schema\/logo\/image\/\"}},{\"@type\":\"Person\",\"@id\":\"https:\/\/www.procoiffure.com\/blog\/#\/schema\/person\/1737ca6207ae0dec18ceab1195f285c8\",\"name\":\"Elodie Soulier\",\"image\":{\"@type\":\"ImageObject\",\"inLanguage\":\"fr-FR\",\"@id\":\"https:\/\/secure.gravatar.com\/avatar\/1d7d61bb3f84fbe0ce04787c39b28f1c9e04603618601bee9eaed59905cd11ef?s=96&d=color&r=g\",\"url\":\"https:\/\/secure.gravatar.com\/avatar\/1d7d61bb3f84fbe0ce04787c39b28f1c9e04603618601bee9eaed59905cd11ef?s=96&d=color&r=g\",\"contentUrl\":\"https:\/\/secure.gravatar.com\/avatar\/1d7d61bb3f84fbe0ce04787c39b28f1c9e04603618601bee9eaed59905cd11ef?s=96&d=color&r=g\",\"caption\":\"Elodie Soulier\"},\"url\":\"https:\/\/www.procoiffure.com\/blog\/author\/elodie-soul\/\"}]}<\/script>\n<!-- \/ Yoast SEO plugin. -->","yoast_head_json":{"title":"Octobre Rose 2025 | L'actu Beaut\u00e9 | Pro Coiffure Esth\u00e9tique","description":"En 2025, Pro Coiffure Esth\u00e9tique s\u2019engage aux c\u00f4t\u00e9s du Centre Antoine Lacassagne pour Octobre Rose. Ensemble, soutenons la recherche et les patientes.","robots":{"index":"index","follow":"follow","max-snippet":"max-snippet:-1","max-image-preview":"max-image-preview:large","max-video-preview":"max-video-preview:-1"},"canonical":"https:\/\/www.procoiffure.com\/blog\/octobre-rose-2025\/","og_locale":"fr_FR","og_type":"article","og_title":"Octobre Rose 2025 | L'actu Beaut\u00e9 | Pro Coiffure Esth\u00e9tique","og_description":"En 2025, Pro Coiffure Esth\u00e9tique s\u2019engage aux c\u00f4t\u00e9s du Centre Antoine Lacassagne pour Octobre Rose. Ensemble, soutenons la recherche et les patientes.","og_url":"https:\/\/www.procoiffure.com\/blog\/octobre-rose-2025\/","og_site_name":"L&#039;actu beaut\u00e9 | Pro Coiffure Esht\u00e9tique","article_published_time":"2025-09-26T13:45:08+00:00","article_modified_time":"2025-10-06T06:45:11+00:00","og_image":[{"width":600,"height":600,"url":"https:\/\/www.procoiffure.com\/blog\/wp-content\/uploads\/2025\/09\/Template_Visuel-blog-3.jpg","type":"image\/jpeg"}],"author":"Elodie Soulier","twitter_card":"summary_large_image","twitter_misc":{"\u00c9crit par":"Elodie Soulier","Dur\u00e9e de lecture estim\u00e9e":"6 minutes"},"schema":{"@context":"https:\/\/schema.org","@graph":[{"@type":"Article","@id":"https:\/\/www.procoiffure.com\/blog\/octobre-rose-2025\/#article","isPartOf":{"@id":"https:\/\/www.procoiffure.com\/blog\/octobre-rose-2025\/"},"author":{"name":"Elodie Soulier","@id":"https:\/\/www.procoiffure.com\/blog\/#\/schema\/person\/1737ca6207ae0dec18ceab1195f285c8"},"headline":"\ud83c\udf80Octobre Rose 2025, rejoignez le mouvement !\ud83c\udf80","datePublished":"2025-09-26T13:45:08+00:00","dateModified":"2025-10-06T06:45:11+00:00","mainEntityOfPage":{"@id":"https:\/\/www.procoiffure.com\/blog\/octobre-rose-2025\/"},"wordCount":1056,"commentCount":0,"publisher":{"@id":"https:\/\/www.procoiffure.com\/blog\/#organization"},"image":{"@id":"https:\/\/www.procoiffure.com\/blog\/octobre-rose-2025\/#primaryimage"},"thumbnailUrl":"https:\/\/www.procoiffure.com\/blog\/wp-content\/uploads\/2025\/09\/Template_Visuel-blog-3.jpg","articleSection":["Mobilisons-nous"],"inLanguage":"fr-FR","potentialAction":[{"@type":"CommentAction","name":"Comment","target":["https:\/\/www.procoiffure.com\/blog\/octobre-rose-2025\/#respond"]}]},{"@type":"WebPage","@id":"https:\/\/www.procoiffure.com\/blog\/octobre-rose-2025\/","url":"https:\/\/www.procoiffure.com\/blog\/octobre-rose-2025\/","name":"Octobre Rose 2025 | L'actu Beaut\u00e9 | Pro Coiffure Esth\u00e9tique","isPartOf":{"@id":"https:\/\/www.procoiffure.com\/blog\/#website"},"primaryImageOfPage":{"@id":"https:\/\/www.procoiffure.com\/blog\/octobre-rose-2025\/#primaryimage"},"image":{"@id":"https:\/\/www.procoiffure.com\/blog\/octobre-rose-2025\/#primaryimage"},"thumbnailUrl":"https:\/\/www.procoiffure.com\/blog\/wp-content\/uploads\/2025\/09\/Template_Visuel-blog-3.jpg","datePublished":"2025-09-26T13:45:08+00:00","dateModified":"2025-10-06T06:45:11+00:00","description":"En 2025, Pro Coiffure Esth\u00e9tique s\u2019engage aux c\u00f4t\u00e9s du Centre Antoine Lacassagne pour Octobre Rose. Ensemble, soutenons la recherche et les patientes.","breadcrumb":{"@id":"https:\/\/www.procoiffure.com\/blog\/octobre-rose-2025\/#breadcrumb"},"inLanguage":"fr-FR","potentialAction":[{"@type":"ReadAction","target":["https:\/\/www.procoiffure.com\/blog\/octobre-rose-2025\/"]}]},{"@type":"ImageObject","inLanguage":"fr-FR","@id":"https:\/\/www.procoiffure.com\/blog\/octobre-rose-2025\/#primaryimage","url":"https:\/\/www.procoiffure.com\/blog\/wp-content\/uploads\/2025\/09\/Template_Visuel-blog-3.jpg","contentUrl":"https:\/\/www.procoiffure.com\/blog\/wp-content\/uploads\/2025\/09\/Template_Visuel-blog-3.jpg","width":600,"height":600},{"@type":"BreadcrumbList","@id":"https:\/\/www.procoiffure.com\/blog\/octobre-rose-2025\/#breadcrumb","itemListElement":[{"@type":"ListItem","position":1,"name":"Accueil","item":"https:\/\/www.procoiffure.com\/blog\/"},{"@type":"ListItem","position":2,"name":"\ud83c\udf80Octobre Rose 2025, rejoignez le mouvement !\ud83c\udf80"}]},{"@type":"WebSite","@id":"https:\/\/www.procoiffure.com\/blog\/#website","url":"https:\/\/www.procoiffure.com\/blog\/","name":"L'actu beaut\u00e9 | Pro Coiffure Esth\u00e9tique","description":"","publisher":{"@id":"https:\/\/www.procoiffure.com\/blog\/#organization"},"potentialAction":[{"@type":"SearchAction","target":{"@type":"EntryPoint","urlTemplate":"https:\/\/www.procoiffure.com\/blog\/?s={search_term_string}"},"query-input":{"@type":"PropertyValueSpecification","valueRequired":true,"valueName":"search_term_string"}}],"inLanguage":"fr-FR"},{"@type":"Organization","@id":"https:\/\/www.procoiffure.com\/blog\/#organization","name":"Le Blog de No\u00e9mie","url":"https:\/\/www.procoiffure.com\/blog\/","logo":{"@type":"ImageObject","inLanguage":"fr-FR","@id":"https:\/\/www.procoiffure.com\/blog\/#\/schema\/logo\/image\/","url":"https:\/\/www.procoiffure.com\/blog\/wp-content\/uploads\/2025\/03\/LOGO-BLOG-1.png","contentUrl":"https:\/\/www.procoiffure.com\/blog\/wp-content\/uploads\/2025\/03\/LOGO-BLOG-1.png","width":998,"height":397,"caption":"Le Blog de No\u00e9mie"},"image":{"@id":"https:\/\/www.procoiffure.com\/blog\/#\/schema\/logo\/image\/"}},{"@type":"Person","@id":"https:\/\/www.procoiffure.com\/blog\/#\/schema\/person\/1737ca6207ae0dec18ceab1195f285c8","name":"Elodie Soulier","image":{"@type":"ImageObject","inLanguage":"fr-FR","@id":"https:\/\/secure.gravatar.com\/avatar\/1d7d61bb3f84fbe0ce04787c39b28f1c9e04603618601bee9eaed59905cd11ef?s=96&d=color&r=g","url":"https:\/\/secure.gravatar.com\/avatar\/1d7d61bb3f84fbe0ce04787c39b28f1c9e04603618601bee9eaed59905cd11ef?s=96&d=color&r=g","contentUrl":"https:\/\/secure.gravatar.com\/avatar\/1d7d61bb3f84fbe0ce04787c39b28f1c9e04603618601bee9eaed59905cd11ef?s=96&d=color&r=g","caption":"Elodie Soulier"},"url":"https:\/\/www.procoiffure.com\/blog\/author\/elodie-soul\/"}]}},"jetpack_featured_media_url":"https:\/\/www.procoiffure.com\/blog\/wp-content\/uploads\/2025\/09\/Template_Visuel-blog-3.jpg","jetpack_sharing_enabled":true,"_links":{"self":[{"href":"https:\/\/www.procoiffure.com\/blog\/wp-json\/wp\/v2\/posts\/3908","targetHints":{"allow":["GET"]}}],"collection":[{"href":"https:\/\/www.procoiffure.com\/blog\/wp-json\/wp\/v2\/posts"}],"about":[{"href":"https:\/\/www.procoiffure.com\/blog\/wp-json\/wp\/v2\/types\/post"}],"author":[{"embeddable":true,"href":"https:\/\/www.procoiffure.com\/blog\/wp-json\/wp\/v2\/users\/4"}],"replies":[{"embeddable":true,"href":"https:\/\/www.procoiffure.com\/blog\/wp-json\/wp\/v2\/comments?post=3908"}],"version-history":[{"count":54,"href":"https:\/\/www.procoiffure.com\/blog\/wp-json\/wp\/v2\/posts\/3908\/revisions"}],"predecessor-version":[{"id":4346,"href":"https:\/\/www.procoiffure.com\/blog\/wp-json\/wp\/v2\/posts\/3908\/revisions\/4346"}],"wp:featuredmedia":[{"embeddable":true,"href":"https:\/\/www.procoiffure.com\/blog\/wp-json\/wp\/v2\/media\/4343"}],"wp:attachment":[{"href":"https:\/\/www.procoiffure.com\/blog\/wp-json\/wp\/v2\/media?parent=3908"}],"wp:term":[{"taxonomy":"category","embeddable":true,"href":"https:\/\/www.procoiffure.com\/blog\/wp-json\/wp\/v2\/categories?post=3908"},{"taxonomy":"post_tag","embeddable":true,"href":"https:\/\/www.procoiffure.com\/blog\/wp-json\/wp\/v2\/tags?post=3908"}],"curies":[{"name":"wp","href":"https:\/\/api.w.org\/{rel}","templated":true}]}}