{"id":3629,"date":"2025-07-18T15:38:11","date_gmt":"2025-07-18T13:38:11","guid":{"rendered":"https:\/\/www.procoiffure.com\/blog\/?p=3629"},"modified":"2025-09-24T11:12:31","modified_gmt":"2025-09-24T09:12:31","slug":"5-coiffures-faciles-et-tendance-pour-lete-2025","status":"publish","type":"post","link":"https:\/\/www.procoiffure.com\/blog\/5-coiffures-faciles-et-tendance-pour-lete-2025\/","title":{"rendered":"5 coiffures faciles et tendance pour l\u2019\u00e9t\u00e9 2025"},"content":{"rendered":"\r\n<p>L\u2019\u00e9t\u00e9, on veut du style sans passer des heures dans la salle de bain. Entre chaleur, humidit\u00e9 et valises all\u00e9g\u00e9es, la coiffure doit \u00eatre <strong>facile, rapide et adapt\u00e9e \u00e0 la saison<\/strong>. D\u00e9couvrez 5 id\u00e9es de coiffures minimalistes qui cartonnent en 2025, rep\u00e9r\u00e9es sur les r\u00e9seaux sociaux, les d\u00e9fil\u00e9s, et dans les salons.<\/p>\r\n\r\n\r\n<hr class=\"wp-block-separator has-alpha-channel-opacity is-style-dots\" \/>\r\n\r\n\r\n<h2 class=\"wp-block-heading\"><mark class=\"has-inline-color\" style=\"background-color: rgba(0, 0, 0, 0); color: #e2007a;\">#1 &#8211; <strong>Le Wet Look Assum\u00e9<\/strong><\/mark><\/h2>\r\n\r\n\r\n\r\n<div class=\"wp-block-columns is-layout-flex wp-container-core-columns-is-layout-28f84493 wp-block-columns-is-layout-flex\">\r\n<div class=\"wp-block-column is-layout-flow wp-block-column-is-layout-flow\">\r\n<p><strong>Pourquoi on l\u2019aime<\/strong> : Inspir\u00e9e des podiums, cette coiffure effet mouill\u00e9 est parfaite pour passer du sable au rooftop sans effort. En 2025, le wet look devient plus naturel, avec un fini moins gras et plus modulable.<\/p>\r\n\r\n\r\n\r\n<p><strong>Comment faire<\/strong> : Appliquez un <a href=\"https:\/\/www.procoiffure.com\/catalog\/coiffure\/coiffant\/gel\">gel l\u00e9ger<\/a> (\u00e0 base d\u2019aloe vera ou de glyc\u00e9rine), plaquez les cheveux vers l\u2019arri\u00e8re avec un peigne, et fixez avec une <a href=\"https:\/\/www.procoiffure.com\/brume-parfumee-je-chouchoute-makadamia-urban-keratin-100ml\">brume hydratante<\/a>.<\/p>\r\n\r\n\r\n\r\n<p><em>Tendance 2025<\/em> : Les produits \u00ab\u00a0wet\u00a0\u00bb nouvelle g\u00e9n\u00e9ration sans silicone, qui fixent sans alourdir.<\/p>\r\n<\/div>\r\n\r\n\r\n\r\n<div class=\"wp-block-column is-layout-flow wp-block-column-is-layout-flow\">\r\n<figure class=\"wp-block-image size-large\"><img fetchpriority=\"high\" decoding=\"async\" width=\"1024\" height=\"1024\" class=\"wp-image-3630\" src=\"https:\/\/www.procoiffure.com\/blog\/wp-content\/uploads\/2025\/07\/1-1-1024x1024.png\" alt=\"Wet Look : la coiffure tendance de l'\u00e9t\u00e9 2025\" srcset=\"https:\/\/www.procoiffure.com\/blog\/wp-content\/uploads\/2025\/07\/1-1-1024x1024.png 1024w, https:\/\/www.procoiffure.com\/blog\/wp-content\/uploads\/2025\/07\/1-1-300x300.png 300w, https:\/\/www.procoiffure.com\/blog\/wp-content\/uploads\/2025\/07\/1-1-150x150.png 150w, https:\/\/www.procoiffure.com\/blog\/wp-content\/uploads\/2025\/07\/1-1-768x768.png 768w, https:\/\/www.procoiffure.com\/blog\/wp-content\/uploads\/2025\/07\/1-1.png 1080w\" sizes=\"(max-width: 1024px) 100vw, 1024px\" \/><\/figure>\r\n<\/div>\r\n<\/div>\r\n\r\n\r\n\r\n<h2 class=\"wp-block-heading\"><mark class=\"has-inline-color\" style=\"background-color: rgba(0, 0, 0, 0); color: #e2007a;\">#2 &#8211; <strong>Le Chignon Bun Torsad\u00e9 Bas<\/strong><\/mark><\/h2>\r\n\r\n\r\n\r\n<div class=\"wp-block-columns is-layout-flex wp-container-core-columns-is-layout-28f84493 wp-block-columns-is-layout-flex\">\r\n<div class=\"wp-block-column is-layout-flow wp-block-column-is-layout-flow\">\r\n<figure class=\"wp-block-image size-large\"><img decoding=\"async\" width=\"1024\" height=\"1024\" class=\"wp-image-3631\" src=\"https:\/\/www.procoiffure.com\/blog\/wp-content\/uploads\/2025\/07\/2-1024x1024.png\" alt=\"Chignon torsad\u00e9 bas : un classique revisit\u00e9 pour cet \u00e9t\u00e9\" srcset=\"https:\/\/www.procoiffure.com\/blog\/wp-content\/uploads\/2025\/07\/2-1024x1024.png 1024w, https:\/\/www.procoiffure.com\/blog\/wp-content\/uploads\/2025\/07\/2-300x300.png 300w, https:\/\/www.procoiffure.com\/blog\/wp-content\/uploads\/2025\/07\/2-150x150.png 150w, https:\/\/www.procoiffure.com\/blog\/wp-content\/uploads\/2025\/07\/2-768x768.png 768w, https:\/\/www.procoiffure.com\/blog\/wp-content\/uploads\/2025\/07\/2.png 1080w\" sizes=\"(max-width: 1024px) 100vw, 1024px\" \/><\/figure>\r\n<\/div>\r\n\r\n\r\n\r\n<div class=\"wp-block-column is-layout-flow wp-block-column-is-layout-flow\">\r\n<p><strong>Pourquoi on l\u2019aime<\/strong> : Ultra rapide, \u00e9l\u00e9gant, et parfait pour r\u00e9sister \u00e0 la chaleur. Il met en valeur la nuque et tient toute la journ\u00e9e.<\/p>\r\n\r\n\r\n\r\n<p><strong>Comment faire<\/strong> : Faites une queue basse, torsadez-la et enroulez-la en petit bun. Fixez avec un \u00e9lastique transparent et quelques pinces plates.<\/p>\r\n\r\n\r\n\r\n<p><em>Astuce 2025<\/em> : Accessoirisez avec un mini foulard imprim\u00e9 ou une barrette textur\u00e9e (coquillage, bois ou r\u00e9sine color\u00e9e).<\/p>\r\n<\/div>\r\n<\/div>\r\n\r\n\r\n\r\n<h2 class=\"wp-block-heading\"><mark class=\"has-inline-color\" style=\"background-color: rgba(0, 0, 0, 0); color: #e2007a;\">#3 &#8211; <strong>Les Mini-Tresses<\/strong><\/mark><\/h2>\r\n\r\n\r\n\r\n<div class=\"wp-block-columns is-layout-flex wp-container-core-columns-is-layout-28f84493 wp-block-columns-is-layout-flex\">\r\n<div class=\"wp-block-column is-layout-flow wp-block-column-is-layout-flow\">\r\n<p><strong>Pourquoi on l\u2019aime<\/strong> : C\u2019est <em>la<\/em> coiffure cool et discr\u00e8te qu\u2019on voit partout sur TikTok et Instagram en 2025. Deux fines tresses encadrent le visage pour un effet \u00e0 la fois naturel, f\u00e9minin et un brin boh\u00e8me.<\/p>\r\n\r\n\r\n\r\n<p><strong>Comment faire<\/strong> : Pr\u00e9levez une fine m\u00e8che de chaque c\u00f4t\u00e9 du visage (au niveau des tempes), puis r\u00e9alisez deux tresses simples que vous laissez pendre librement, sans tirer trop fort. Laissez le reste de la chevelure naturelle, en wavy ou lisse.<\/p>\r\n\r\n\r\n\r\n<p><em>Tendance 2025<\/em> : Cette coiffure s\u2019invite aussi sur cheveux attach\u00e9s (queue de cheval, bun) pour ajouter une touche de douceur. Les tresses peuvent \u00eatre agr\u00e9ment\u00e9es de <a href=\"https:\/\/www.procoiffure.com\/500-elastiques-pastels-o20mm\">petits fils color\u00e9s<\/a> ou de perles pour un effet festival chic.<\/p>\r\n<\/div>\r\n\r\n\r\n\r\n<div class=\"wp-block-column is-layout-flow wp-block-column-is-layout-flow\">\r\n<figure class=\"wp-block-image size-large\"><img decoding=\"async\" width=\"1024\" height=\"1024\" class=\"wp-image-3632\" src=\"https:\/\/www.procoiffure.com\/blog\/wp-content\/uploads\/2025\/07\/3-1-1024x1024.png\" alt=\"Les mini-tresses : LA coiffure tendance de l'\u00e9t\u00e9 2025\" srcset=\"https:\/\/www.procoiffure.com\/blog\/wp-content\/uploads\/2025\/07\/3-1-1024x1024.png 1024w, https:\/\/www.procoiffure.com\/blog\/wp-content\/uploads\/2025\/07\/3-1-300x300.png 300w, https:\/\/www.procoiffure.com\/blog\/wp-content\/uploads\/2025\/07\/3-1-150x150.png 150w, https:\/\/www.procoiffure.com\/blog\/wp-content\/uploads\/2025\/07\/3-1-768x768.png 768w, https:\/\/www.procoiffure.com\/blog\/wp-content\/uploads\/2025\/07\/3-1.png 1080w\" sizes=\"(max-width: 1024px) 100vw, 1024px\" \/><\/figure>\r\n<\/div>\r\n<\/div>\r\n\r\n\r\n\r\n<h2 class=\"wp-block-heading\"><mark class=\"has-inline-color\" style=\"background-color: rgba(0, 0, 0, 0); color: #e2007a;\">#4 &#8211; <strong>Le Fluffy Ponytail<\/strong><\/mark><\/h2>\r\n\r\n\r\n\r\n<div class=\"wp-block-columns is-layout-flex wp-container-core-columns-is-layout-28f84493 wp-block-columns-is-layout-flex\">\r\n<div class=\"wp-block-column is-layout-flow wp-block-column-is-layout-flow\">\r\n<figure class=\"wp-block-image size-large\"><img loading=\"lazy\" decoding=\"async\" width=\"1024\" height=\"1024\" class=\"wp-image-3633\" src=\"https:\/\/www.procoiffure.com\/blog\/wp-content\/uploads\/2025\/07\/4-1-1024x1024.png\" alt=\"Fluffy Ponytail : coiffure simple pour la saison estivale\" srcset=\"https:\/\/www.procoiffure.com\/blog\/wp-content\/uploads\/2025\/07\/4-1-1024x1024.png 1024w, https:\/\/www.procoiffure.com\/blog\/wp-content\/uploads\/2025\/07\/4-1-300x300.png 300w, https:\/\/www.procoiffure.com\/blog\/wp-content\/uploads\/2025\/07\/4-1-150x150.png 150w, https:\/\/www.procoiffure.com\/blog\/wp-content\/uploads\/2025\/07\/4-1-768x768.png 768w, https:\/\/www.procoiffure.com\/blog\/wp-content\/uploads\/2025\/07\/4-1.png 1080w\" sizes=\"(max-width: 1024px) 100vw, 1024px\" \/><\/figure>\r\n<\/div>\r\n\r\n\r\n\r\n<div class=\"wp-block-column is-layout-flow wp-block-column-is-layout-flow\">\r\n<p><strong>Pourquoi on l\u2019aime<\/strong> : Une queue de cheval haute, textur\u00e9e et gonfl\u00e9e, pour un effet cool sans \u00eatre stricte.<\/p>\r\n\r\n\r\n\r\n<p><strong>Comment faire<\/strong> : Brossez les cheveux vers le haut, attachez-les, puis utilisez un peigne fin pour cr\u00e9er un peu de volume. Terminez avec une brume volumisante l\u00e9g\u00e8re.<\/p>\r\n\r\n\r\n\r\n<p><em>Tendance 2025<\/em> : Les produits coiffants clean et texturisants sans r\u00e9sidus, enrichis en prot\u00e9ines v\u00e9g\u00e9tales.<\/p>\r\n<\/div>\r\n<\/div>\r\n\r\n\r\n\r\n<h2 class=\"wp-block-heading\"><mark class=\"has-inline-color\" style=\"background-color: rgba(0, 0, 0, 0); color: #e2007a;\">#5 &#8211; <strong>La Silk Scarf Bandana Hairstyle<\/strong><\/mark><\/h2>\r\n\r\n\r\n\r\n<div class=\"wp-block-columns is-layout-flex wp-container-core-columns-is-layout-28f84493 wp-block-columns-is-layout-flex\">\r\n<div class=\"wp-block-column is-layout-flow wp-block-column-is-layout-flow\">\r\n<p><strong>Pourquoi on l\u2019aime<\/strong> : C\u2019est la coiffure virale et styl\u00e9e de l\u2019\u00e9t\u00e9 2025. Inspir\u00e9e du style Riviera des ann\u00e9es 70, cette coiffure prot\u00e8ge les cheveux du soleil tout en ajoutant une touche boh\u00e8me-chic imm\u00e9diate.<\/p>\r\n\r\n\r\n\r\n<p><strong>Comment faire<\/strong> :<\/p>\r\n\r\n\r\n\r\n<ol class=\"wp-block-list\">\r\n<li>Prenez un grand foulard en soie ou satin (60&#215;60 cm minimum).<\/li>\r\n\r\n\r\n\r\n<li>Pliez-le en triangle, puis placez-le sur la t\u00eate en couvrant bien le haut du front.<\/li>\r\n\r\n\r\n\r\n<li>Nouez fermement les extr\u00e9mit\u00e9s \u00e0 l\u2019arri\u00e8re de la t\u00eate, en laissant les pans tomber librement.<\/li>\r\n\r\n\r\n\r\n<li>Laissez vos cheveux d\u00e9tach\u00e9s (liss\u00e9s ou wavy) ou attach\u00e9s en chignon bas pour un look m\u00e9diterran\u00e9en.<\/li>\r\n<\/ol>\r\n\r\n\r\n\r\n<p><em>Tendance 2025<\/em> : Imprim\u00e9s foulard vintage, tie-dye doux, teintes pastel ou naturelles. Un must-have \u00e0 glisser dans toutes les valises.<\/p>\r\n<\/div>\r\n\r\n\r\n\r\n<div class=\"wp-block-column is-layout-flow wp-block-column-is-layout-flow\">\r\n<figure class=\"wp-block-image size-large\"><img loading=\"lazy\" decoding=\"async\" width=\"1024\" height=\"1024\" class=\"wp-image-3634\" src=\"https:\/\/www.procoiffure.com\/blog\/wp-content\/uploads\/2025\/07\/5-1-1024x1024.png\" alt=\"Silk scarf bandana hairstyle : la coiffure incontournable de l'\u00e9t\u00e9\" srcset=\"https:\/\/www.procoiffure.com\/blog\/wp-content\/uploads\/2025\/07\/5-1-1024x1024.png 1024w, https:\/\/www.procoiffure.com\/blog\/wp-content\/uploads\/2025\/07\/5-1-300x300.png 300w, https:\/\/www.procoiffure.com\/blog\/wp-content\/uploads\/2025\/07\/5-1-150x150.png 150w, https:\/\/www.procoiffure.com\/blog\/wp-content\/uploads\/2025\/07\/5-1-768x768.png 768w, https:\/\/www.procoiffure.com\/blog\/wp-content\/uploads\/2025\/07\/5-1.png 1080w\" sizes=\"(max-width: 1024px) 100vw, 1024px\" \/><\/figure>\r\n<\/div>\r\n<\/div>\r\n\r\n\r\n<hr class=\"wp-block-separator has-alpha-channel-opacity is-style-dots\" \/>\r\n\r\n\r\n<p>Pas besoin de brushing \u00e9labor\u00e9 ou d\u2019outils chauffants pour \u00eatre tendance cet \u00e9t\u00e9. Les coiffures minimalistes de 2025 misent sur la simplicit\u00e9, la fra\u00eecheur et une touche de cr\u00e9ativit\u00e9. Que vous soyez team chignon express, wet look sophistiqu\u00e9 ou mini-tresses boh\u00e8mes, il y a une option pour chaque humeur, chaque texture de cheveux et chaque destination. L\u2019essentiel ? Se sentir bien, tout en laissant respirer sa chevelure. Cet \u00e9t\u00e9, on mise sur des coiffures minimalistes, des gestes simples, des produits clean, et des accessoires bien choisis pour briller sans effort.\u00a0<\/p>\r\n\r\n\r\n\r\n<p>&nbsp;<\/p>\r\n","protected":false},"excerpt":{"rendered":"<p>L\u2019\u00e9t\u00e9, on veut du style sans passer des heures dans la salle de bain. Entre chaleur, humidit\u00e9 et valises all\u00e9g\u00e9es, la coiffure doit \u00eatre facile, rapide et adapt\u00e9e \u00e0 la saison. D\u00e9couvrez 5 id\u00e9es de coiffures minimalistes qui cartonnent en 2025, rep\u00e9r\u00e9es sur les r\u00e9seaux sociaux, les d\u00e9fil\u00e9s, et dans les salons. #1 &#8211; Le [&hellip;]<\/p>\n","protected":false},"author":2,"featured_media":3641,"comment_status":"open","ping_status":"open","sticky":false,"template":"elementor_theme","format":"standard","meta":{"_jetpack_memberships_contains_paid_content":false,"footnotes":""},"categories":[5,7],"tags":[],"class_list":["post-3629","post","type-post","status-publish","format-standard","has-post-thumbnail","hentry","category-coiffure","category-tendance"],"yoast_head":"<!-- This site is optimized with the Yoast SEO plugin v27.2 - https:\/\/yoast.com\/product\/yoast-seo-wordpress\/ -->\n<title>5 coiffures faciles et tendance pour l\u2019\u00e9t\u00e9 2025 | L&#039;actu beaut\u00e9 | Pro Coiffure Esht\u00e9tique<\/title>\n<meta name=\"description\" content=\"5 coiffures minimalistes et tendances pour l\u2019\u00e9t\u00e9 2025 : faciles, rapides et parfaites pour rester styl\u00e9e m\u00eame sous la chaleur.\" \/>\n<meta name=\"robots\" content=\"index, follow, max-snippet:-1, max-image-preview:large, max-video-preview:-1\" \/>\n<link rel=\"canonical\" href=\"https:\/\/www.procoiffure.com\/blog\/5-coiffures-faciles-et-tendance-pour-lete-2025\/\" \/>\n<meta property=\"og:locale\" content=\"fr_FR\" \/>\n<meta property=\"og:type\" content=\"article\" \/>\n<meta property=\"og:title\" content=\"5 coiffures faciles et tendance pour l\u2019\u00e9t\u00e9 2025 | L&#039;actu beaut\u00e9 | Pro Coiffure Esht\u00e9tique\" \/>\n<meta property=\"og:description\" content=\"5 coiffures minimalistes et tendances pour l\u2019\u00e9t\u00e9 2025 : faciles, rapides et parfaites pour rester styl\u00e9e m\u00eame sous la chaleur.\" \/>\n<meta property=\"og:url\" content=\"https:\/\/www.procoiffure.com\/blog\/5-coiffures-faciles-et-tendance-pour-lete-2025\/\" \/>\n<meta property=\"og:site_name\" content=\"L&#039;actu beaut\u00e9 | Pro Coiffure Esht\u00e9tique\" \/>\n<meta property=\"article:published_time\" content=\"2025-07-18T13:38:11+00:00\" \/>\n<meta property=\"article:modified_time\" content=\"2025-09-24T09:12:31+00:00\" \/>\n<meta property=\"og:image\" content=\"https:\/\/www.procoiffure.com\/blog\/wp-content\/uploads\/2025\/07\/5-Coiffures-ete-1.jpg\" \/>\n\t<meta property=\"og:image:width\" content=\"600\" \/>\n\t<meta property=\"og:image:height\" content=\"600\" \/>\n\t<meta property=\"og:image:type\" content=\"image\/jpeg\" \/>\n<meta name=\"author\" content=\"Salma RHARIB\" \/>\n<meta name=\"twitter:card\" content=\"summary_large_image\" \/>\n<meta name=\"twitter:label1\" content=\"\u00c9crit par\" \/>\n\t<meta name=\"twitter:data1\" content=\"Salma RHARIB\" \/>\n\t<meta name=\"twitter:label2\" content=\"Dur\u00e9e de lecture estim\u00e9e\" \/>\n\t<meta name=\"twitter:data2\" content=\"5 minutes\" \/>\n<script type=\"application\/ld+json\" class=\"yoast-schema-graph\">{\"@context\":\"https:\/\/schema.org\",\"@graph\":[{\"@type\":\"Article\",\"@id\":\"https:\/\/www.procoiffure.com\/blog\/5-coiffures-faciles-et-tendance-pour-lete-2025\/#article\",\"isPartOf\":{\"@id\":\"https:\/\/www.procoiffure.com\/blog\/5-coiffures-faciles-et-tendance-pour-lete-2025\/\"},\"author\":{\"name\":\"Salma RHARIB\",\"@id\":\"https:\/\/www.procoiffure.com\/blog\/#\/schema\/person\/0e1a122edba3c6ff7099de5d0170f5b9\"},\"headline\":\"5 coiffures faciles et tendance pour l\u2019\u00e9t\u00e9 2025\",\"datePublished\":\"2025-07-18T13:38:11+00:00\",\"dateModified\":\"2025-09-24T09:12:31+00:00\",\"mainEntityOfPage\":{\"@id\":\"https:\/\/www.procoiffure.com\/blog\/5-coiffures-faciles-et-tendance-pour-lete-2025\/\"},\"wordCount\":653,\"commentCount\":0,\"publisher\":{\"@id\":\"https:\/\/www.procoiffure.com\/blog\/#organization\"},\"image\":{\"@id\":\"https:\/\/www.procoiffure.com\/blog\/5-coiffures-faciles-et-tendance-pour-lete-2025\/#primaryimage\"},\"thumbnailUrl\":\"https:\/\/www.procoiffure.com\/blog\/wp-content\/uploads\/2025\/07\/5-Coiffures-ete-1.jpg\",\"articleSection\":[\"Coiffure\",\"Tendance\"],\"inLanguage\":\"fr-FR\",\"potentialAction\":[{\"@type\":\"CommentAction\",\"name\":\"Comment\",\"target\":[\"https:\/\/www.procoiffure.com\/blog\/5-coiffures-faciles-et-tendance-pour-lete-2025\/#respond\"]}]},{\"@type\":\"WebPage\",\"@id\":\"https:\/\/www.procoiffure.com\/blog\/5-coiffures-faciles-et-tendance-pour-lete-2025\/\",\"url\":\"https:\/\/www.procoiffure.com\/blog\/5-coiffures-faciles-et-tendance-pour-lete-2025\/\",\"name\":\"5 coiffures faciles et tendance pour l\u2019\u00e9t\u00e9 2025 | L&#039;actu beaut\u00e9 | Pro Coiffure Esht\u00e9tique\",\"isPartOf\":{\"@id\":\"https:\/\/www.procoiffure.com\/blog\/#website\"},\"primaryImageOfPage\":{\"@id\":\"https:\/\/www.procoiffure.com\/blog\/5-coiffures-faciles-et-tendance-pour-lete-2025\/#primaryimage\"},\"image\":{\"@id\":\"https:\/\/www.procoiffure.com\/blog\/5-coiffures-faciles-et-tendance-pour-lete-2025\/#primaryimage\"},\"thumbnailUrl\":\"https:\/\/www.procoiffure.com\/blog\/wp-content\/uploads\/2025\/07\/5-Coiffures-ete-1.jpg\",\"datePublished\":\"2025-07-18T13:38:11+00:00\",\"dateModified\":\"2025-09-24T09:12:31+00:00\",\"description\":\"5 coiffures minimalistes et tendances pour l\u2019\u00e9t\u00e9 2025 : faciles, rapides et parfaites pour rester styl\u00e9e m\u00eame sous la chaleur.\",\"breadcrumb\":{\"@id\":\"https:\/\/www.procoiffure.com\/blog\/5-coiffures-faciles-et-tendance-pour-lete-2025\/#breadcrumb\"},\"inLanguage\":\"fr-FR\",\"potentialAction\":[{\"@type\":\"ReadAction\",\"target\":[\"https:\/\/www.procoiffure.com\/blog\/5-coiffures-faciles-et-tendance-pour-lete-2025\/\"]}]},{\"@type\":\"ImageObject\",\"inLanguage\":\"fr-FR\",\"@id\":\"https:\/\/www.procoiffure.com\/blog\/5-coiffures-faciles-et-tendance-pour-lete-2025\/#primaryimage\",\"url\":\"https:\/\/www.procoiffure.com\/blog\/wp-content\/uploads\/2025\/07\/5-Coiffures-ete-1.jpg\",\"contentUrl\":\"https:\/\/www.procoiffure.com\/blog\/wp-content\/uploads\/2025\/07\/5-Coiffures-ete-1.jpg\",\"width\":600,\"height\":600,\"caption\":\"5 coiffures faciles et tendances pour l'\u00e9t\u00e9 2025\"},{\"@type\":\"BreadcrumbList\",\"@id\":\"https:\/\/www.procoiffure.com\/blog\/5-coiffures-faciles-et-tendance-pour-lete-2025\/#breadcrumb\",\"itemListElement\":[{\"@type\":\"ListItem\",\"position\":1,\"name\":\"Accueil\",\"item\":\"https:\/\/www.procoiffure.com\/blog\/\"},{\"@type\":\"ListItem\",\"position\":2,\"name\":\"5 coiffures faciles et tendance pour l\u2019\u00e9t\u00e9 2025\"}]},{\"@type\":\"WebSite\",\"@id\":\"https:\/\/www.procoiffure.com\/blog\/#website\",\"url\":\"https:\/\/www.procoiffure.com\/blog\/\",\"name\":\"L'actu beaut\u00e9 | Pro Coiffure Esth\u00e9tique\",\"description\":\"\",\"publisher\":{\"@id\":\"https:\/\/www.procoiffure.com\/blog\/#organization\"},\"potentialAction\":[{\"@type\":\"SearchAction\",\"target\":{\"@type\":\"EntryPoint\",\"urlTemplate\":\"https:\/\/www.procoiffure.com\/blog\/?s={search_term_string}\"},\"query-input\":{\"@type\":\"PropertyValueSpecification\",\"valueRequired\":true,\"valueName\":\"search_term_string\"}}],\"inLanguage\":\"fr-FR\"},{\"@type\":\"Organization\",\"@id\":\"https:\/\/www.procoiffure.com\/blog\/#organization\",\"name\":\"Le Blog de No\u00e9mie\",\"url\":\"https:\/\/www.procoiffure.com\/blog\/\",\"logo\":{\"@type\":\"ImageObject\",\"inLanguage\":\"fr-FR\",\"@id\":\"https:\/\/www.procoiffure.com\/blog\/#\/schema\/logo\/image\/\",\"url\":\"https:\/\/www.procoiffure.com\/blog\/wp-content\/uploads\/2025\/03\/LOGO-BLOG-1.png\",\"contentUrl\":\"https:\/\/www.procoiffure.com\/blog\/wp-content\/uploads\/2025\/03\/LOGO-BLOG-1.png\",\"width\":998,\"height\":397,\"caption\":\"Le Blog de No\u00e9mie\"},\"image\":{\"@id\":\"https:\/\/www.procoiffure.com\/blog\/#\/schema\/logo\/image\/\"}},{\"@type\":\"Person\",\"@id\":\"https:\/\/www.procoiffure.com\/blog\/#\/schema\/person\/0e1a122edba3c6ff7099de5d0170f5b9\",\"name\":\"Salma RHARIB\",\"image\":{\"@type\":\"ImageObject\",\"inLanguage\":\"fr-FR\",\"@id\":\"https:\/\/secure.gravatar.com\/avatar\/474c0e28d67a213b71f0ebdb57b798ea3358dd2684e6a8db7c8f5a824c6599eb?s=96&d=color&r=g\",\"url\":\"https:\/\/secure.gravatar.com\/avatar\/474c0e28d67a213b71f0ebdb57b798ea3358dd2684e6a8db7c8f5a824c6599eb?s=96&d=color&r=g\",\"contentUrl\":\"https:\/\/secure.gravatar.com\/avatar\/474c0e28d67a213b71f0ebdb57b798ea3358dd2684e6a8db7c8f5a824c6599eb?s=96&d=color&r=g\",\"caption\":\"Salma RHARIB\"},\"url\":\"https:\/\/www.procoiffure.com\/blog\/author\/salmaprocoiffure-fr\/\"}]}<\/script>\n<!-- \/ Yoast SEO plugin. -->","yoast_head_json":{"title":"5 coiffures faciles et tendance pour l\u2019\u00e9t\u00e9 2025 | L&#039;actu beaut\u00e9 | Pro Coiffure Esht\u00e9tique","description":"5 coiffures minimalistes et tendances pour l\u2019\u00e9t\u00e9 2025 : faciles, rapides et parfaites pour rester styl\u00e9e m\u00eame sous la chaleur.","robots":{"index":"index","follow":"follow","max-snippet":"max-snippet:-1","max-image-preview":"max-image-preview:large","max-video-preview":"max-video-preview:-1"},"canonical":"https:\/\/www.procoiffure.com\/blog\/5-coiffures-faciles-et-tendance-pour-lete-2025\/","og_locale":"fr_FR","og_type":"article","og_title":"5 coiffures faciles et tendance pour l\u2019\u00e9t\u00e9 2025 | L&#039;actu beaut\u00e9 | Pro Coiffure Esht\u00e9tique","og_description":"5 coiffures minimalistes et tendances pour l\u2019\u00e9t\u00e9 2025 : faciles, rapides et parfaites pour rester styl\u00e9e m\u00eame sous la chaleur.","og_url":"https:\/\/www.procoiffure.com\/blog\/5-coiffures-faciles-et-tendance-pour-lete-2025\/","og_site_name":"L&#039;actu beaut\u00e9 | Pro Coiffure Esht\u00e9tique","article_published_time":"2025-07-18T13:38:11+00:00","article_modified_time":"2025-09-24T09:12:31+00:00","og_image":[{"width":600,"height":600,"url":"https:\/\/www.procoiffure.com\/blog\/wp-content\/uploads\/2025\/07\/5-Coiffures-ete-1.jpg","type":"image\/jpeg"}],"author":"Salma RHARIB","twitter_card":"summary_large_image","twitter_misc":{"\u00c9crit par":"Salma RHARIB","Dur\u00e9e de lecture estim\u00e9e":"5 minutes"},"schema":{"@context":"https:\/\/schema.org","@graph":[{"@type":"Article","@id":"https:\/\/www.procoiffure.com\/blog\/5-coiffures-faciles-et-tendance-pour-lete-2025\/#article","isPartOf":{"@id":"https:\/\/www.procoiffure.com\/blog\/5-coiffures-faciles-et-tendance-pour-lete-2025\/"},"author":{"name":"Salma RHARIB","@id":"https:\/\/www.procoiffure.com\/blog\/#\/schema\/person\/0e1a122edba3c6ff7099de5d0170f5b9"},"headline":"5 coiffures faciles et tendance pour l\u2019\u00e9t\u00e9 2025","datePublished":"2025-07-18T13:38:11+00:00","dateModified":"2025-09-24T09:12:31+00:00","mainEntityOfPage":{"@id":"https:\/\/www.procoiffure.com\/blog\/5-coiffures-faciles-et-tendance-pour-lete-2025\/"},"wordCount":653,"commentCount":0,"publisher":{"@id":"https:\/\/www.procoiffure.com\/blog\/#organization"},"image":{"@id":"https:\/\/www.procoiffure.com\/blog\/5-coiffures-faciles-et-tendance-pour-lete-2025\/#primaryimage"},"thumbnailUrl":"https:\/\/www.procoiffure.com\/blog\/wp-content\/uploads\/2025\/07\/5-Coiffures-ete-1.jpg","articleSection":["Coiffure","Tendance"],"inLanguage":"fr-FR","potentialAction":[{"@type":"CommentAction","name":"Comment","target":["https:\/\/www.procoiffure.com\/blog\/5-coiffures-faciles-et-tendance-pour-lete-2025\/#respond"]}]},{"@type":"WebPage","@id":"https:\/\/www.procoiffure.com\/blog\/5-coiffures-faciles-et-tendance-pour-lete-2025\/","url":"https:\/\/www.procoiffure.com\/blog\/5-coiffures-faciles-et-tendance-pour-lete-2025\/","name":"5 coiffures faciles et tendance pour l\u2019\u00e9t\u00e9 2025 | L&#039;actu beaut\u00e9 | Pro Coiffure Esht\u00e9tique","isPartOf":{"@id":"https:\/\/www.procoiffure.com\/blog\/#website"},"primaryImageOfPage":{"@id":"https:\/\/www.procoiffure.com\/blog\/5-coiffures-faciles-et-tendance-pour-lete-2025\/#primaryimage"},"image":{"@id":"https:\/\/www.procoiffure.com\/blog\/5-coiffures-faciles-et-tendance-pour-lete-2025\/#primaryimage"},"thumbnailUrl":"https:\/\/www.procoiffure.com\/blog\/wp-content\/uploads\/2025\/07\/5-Coiffures-ete-1.jpg","datePublished":"2025-07-18T13:38:11+00:00","dateModified":"2025-09-24T09:12:31+00:00","description":"5 coiffures minimalistes et tendances pour l\u2019\u00e9t\u00e9 2025 : faciles, rapides et parfaites pour rester styl\u00e9e m\u00eame sous la chaleur.","breadcrumb":{"@id":"https:\/\/www.procoiffure.com\/blog\/5-coiffures-faciles-et-tendance-pour-lete-2025\/#breadcrumb"},"inLanguage":"fr-FR","potentialAction":[{"@type":"ReadAction","target":["https:\/\/www.procoiffure.com\/blog\/5-coiffures-faciles-et-tendance-pour-lete-2025\/"]}]},{"@type":"ImageObject","inLanguage":"fr-FR","@id":"https:\/\/www.procoiffure.com\/blog\/5-coiffures-faciles-et-tendance-pour-lete-2025\/#primaryimage","url":"https:\/\/www.procoiffure.com\/blog\/wp-content\/uploads\/2025\/07\/5-Coiffures-ete-1.jpg","contentUrl":"https:\/\/www.procoiffure.com\/blog\/wp-content\/uploads\/2025\/07\/5-Coiffures-ete-1.jpg","width":600,"height":600,"caption":"5 coiffures faciles et tendances pour l'\u00e9t\u00e9 2025"},{"@type":"BreadcrumbList","@id":"https:\/\/www.procoiffure.com\/blog\/5-coiffures-faciles-et-tendance-pour-lete-2025\/#breadcrumb","itemListElement":[{"@type":"ListItem","position":1,"name":"Accueil","item":"https:\/\/www.procoiffure.com\/blog\/"},{"@type":"ListItem","position":2,"name":"5 coiffures faciles et tendance pour l\u2019\u00e9t\u00e9 2025"}]},{"@type":"WebSite","@id":"https:\/\/www.procoiffure.com\/blog\/#website","url":"https:\/\/www.procoiffure.com\/blog\/","name":"L'actu beaut\u00e9 | Pro Coiffure Esth\u00e9tique","description":"","publisher":{"@id":"https:\/\/www.procoiffure.com\/blog\/#organization"},"potentialAction":[{"@type":"SearchAction","target":{"@type":"EntryPoint","urlTemplate":"https:\/\/www.procoiffure.com\/blog\/?s={search_term_string}"},"query-input":{"@type":"PropertyValueSpecification","valueRequired":true,"valueName":"search_term_string"}}],"inLanguage":"fr-FR"},{"@type":"Organization","@id":"https:\/\/www.procoiffure.com\/blog\/#organization","name":"Le Blog de No\u00e9mie","url":"https:\/\/www.procoiffure.com\/blog\/","logo":{"@type":"ImageObject","inLanguage":"fr-FR","@id":"https:\/\/www.procoiffure.com\/blog\/#\/schema\/logo\/image\/","url":"https:\/\/www.procoiffure.com\/blog\/wp-content\/uploads\/2025\/03\/LOGO-BLOG-1.png","contentUrl":"https:\/\/www.procoiffure.com\/blog\/wp-content\/uploads\/2025\/03\/LOGO-BLOG-1.png","width":998,"height":397,"caption":"Le Blog de No\u00e9mie"},"image":{"@id":"https:\/\/www.procoiffure.com\/blog\/#\/schema\/logo\/image\/"}},{"@type":"Person","@id":"https:\/\/www.procoiffure.com\/blog\/#\/schema\/person\/0e1a122edba3c6ff7099de5d0170f5b9","name":"Salma RHARIB","image":{"@type":"ImageObject","inLanguage":"fr-FR","@id":"https:\/\/secure.gravatar.com\/avatar\/474c0e28d67a213b71f0ebdb57b798ea3358dd2684e6a8db7c8f5a824c6599eb?s=96&d=color&r=g","url":"https:\/\/secure.gravatar.com\/avatar\/474c0e28d67a213b71f0ebdb57b798ea3358dd2684e6a8db7c8f5a824c6599eb?s=96&d=color&r=g","contentUrl":"https:\/\/secure.gravatar.com\/avatar\/474c0e28d67a213b71f0ebdb57b798ea3358dd2684e6a8db7c8f5a824c6599eb?s=96&d=color&r=g","caption":"Salma RHARIB"},"url":"https:\/\/www.procoiffure.com\/blog\/author\/salmaprocoiffure-fr\/"}]}},"jetpack_featured_media_url":"https:\/\/www.procoiffure.com\/blog\/wp-content\/uploads\/2025\/07\/5-Coiffures-ete-1.jpg","jetpack_sharing_enabled":true,"_links":{"self":[{"href":"https:\/\/www.procoiffure.com\/blog\/wp-json\/wp\/v2\/posts\/3629","targetHints":{"allow":["GET"]}}],"collection":[{"href":"https:\/\/www.procoiffure.com\/blog\/wp-json\/wp\/v2\/posts"}],"about":[{"href":"https:\/\/www.procoiffure.com\/blog\/wp-json\/wp\/v2\/types\/post"}],"author":[{"embeddable":true,"href":"https:\/\/www.procoiffure.com\/blog\/wp-json\/wp\/v2\/users\/2"}],"replies":[{"embeddable":true,"href":"https:\/\/www.procoiffure.com\/blog\/wp-json\/wp\/v2\/comments?post=3629"}],"version-history":[{"count":6,"href":"https:\/\/www.procoiffure.com\/blog\/wp-json\/wp\/v2\/posts\/3629\/revisions"}],"predecessor-version":[{"id":4140,"href":"https:\/\/www.procoiffure.com\/blog\/wp-json\/wp\/v2\/posts\/3629\/revisions\/4140"}],"wp:featuredmedia":[{"embeddable":true,"href":"https:\/\/www.procoiffure.com\/blog\/wp-json\/wp\/v2\/media\/3641"}],"wp:attachment":[{"href":"https:\/\/www.procoiffure.com\/blog\/wp-json\/wp\/v2\/media?parent=3629"}],"wp:term":[{"taxonomy":"category","embeddable":true,"href":"https:\/\/www.procoiffure.com\/blog\/wp-json\/wp\/v2\/categories?post=3629"},{"taxonomy":"post_tag","embeddable":true,"href":"https:\/\/www.procoiffure.com\/blog\/wp-json\/wp\/v2\/tags?post=3629"}],"curies":[{"name":"wp","href":"https:\/\/api.w.org\/{rel}","templated":true}]}}