{"id":3610,"date":"2025-07-07T09:39:03","date_gmt":"2025-07-07T07:39:03","guid":{"rendered":"https:\/\/www.procoiffure.com\/blog\/?p=3610"},"modified":"2025-07-03T11:44:45","modified_gmt":"2025-07-03T09:44:45","slug":"look-d-invitee-de-mariage-coiffure-maquillage-et-manucure-au-top","status":"publish","type":"post","link":"https:\/\/www.procoiffure.com\/blog\/look-d-invitee-de-mariage-coiffure-maquillage-et-manucure-au-top\/","title":{"rendered":"Look d\u2019invit\u00e9e de mariage : coiffure, maquillage et manucure au top"},"content":{"rendered":"\n<p>\u00catre invit\u00e9e \u00e0 un mariage, c\u2019est l\u2019occasion parfaite de sortir le grand jeu\u2026 sans en faire trop. Trouver le bon \u00e9quilibre entre \u00e9l\u00e9gance, discr\u00e9tion et harmonie n\u2019est pas toujours simple. Que ce soit pour une c\u00e9r\u00e9monie en journ\u00e9e ou en soir\u00e9e, voici nos meilleurs conseils pour r\u00e9ussir votre mise en beaut\u00e9, en trois axes essentiels : <strong>coiffure, maquillage et manucure<\/strong>.<\/p>\n\n\n\n<hr class=\"wp-block-separator has-alpha-channel-opacity is-style-dots\"\/>\n\n\n\n<h2 class=\"wp-block-heading\"><strong><mark style=\"background-color:rgba(0, 0, 0, 0);color:#e2007a\" class=\"has-inline-color\">La coiffure : chic, pratique et adapt\u00e9e \u00e0 l\u2019\u00e9v\u00e9nement<\/mark><\/strong><\/h2>\n\n\n\n<p>La coiffure donne le ton de votre look. Elle doit tenir toute la journ\u00e9e (et toute la nuit si vous dansez), r\u00e9sister aux \u00e9motions\u2026 et s\u2019adapter \u00e0 votre tenue comme au lieu de la c\u00e9r\u00e9monie.<\/p>\n\n\n\n<h3 class=\"wp-block-heading\"><strong>Quelques id\u00e9es tendance :<\/strong><\/h3>\n\n\n\n<ul class=\"wp-block-list\">\n<li><strong>Chignon flou<\/strong> : id\u00e9al pour un style romantique et facile \u00e0 accessoiriser (fleurs, peigne dor\u00e9\u2026)<\/li>\n\n\n\n<li><strong>Tresse boh\u00e8me<\/strong> : parfaite pour un mariage champ\u00eatre ou en ext\u00e9rieur<\/li>\n\n\n\n<li><strong>Wavy naturel<\/strong> : une valeur s\u00fbre, surtout sur cheveux mi-longs \u00e0 longs<\/li>\n\n\n\n<li><strong>Queue de cheval haute ou basse sophistiqu\u00e9e<\/strong> : \u00e9l\u00e9gante et moderne<\/li>\n<\/ul>\n\n\n\n<p><em>Astuce beaut\u00e9 :<\/em> pensez \u00e0 appliquer un <a href=\"https:\/\/www.procoiffure.com\/catalog\/coiffure\/coiffant\/laque-et-gel-laque\">spray fixant<\/a> ou anti-humidit\u00e9, surtout en \u00e9t\u00e9.<\/p>\n\n\n\n<p><strong>\u00c0 \u00e9viter :<\/strong> les coiffures trop structur\u00e9es ou charg\u00e9es, qui peuvent donner un air trop \u201cmari\u00e9e bis\u201d.<\/p>\n\n\n\n<div class=\"wp-block-columns is-layout-flex wp-container-core-columns-is-layout-28f84493 wp-block-columns-is-layout-flex\">\n<div class=\"wp-block-column is-layout-flow wp-block-column-is-layout-flow\">\n<figure class=\"wp-block-image size-large\"><img fetchpriority=\"high\" decoding=\"async\" width=\"1024\" height=\"1024\" src=\"https:\/\/www.procoiffure.com\/blog\/wp-content\/uploads\/2025\/07\/1-1024x1024.png\" alt=\"Chignon bas pour une coiffure \u00e9l\u00e9gante d'invit\u00e9e au mariage\" class=\"wp-image-3611\" srcset=\"https:\/\/www.procoiffure.com\/blog\/wp-content\/uploads\/2025\/07\/1-1024x1024.png 1024w, https:\/\/www.procoiffure.com\/blog\/wp-content\/uploads\/2025\/07\/1-300x300.png 300w, https:\/\/www.procoiffure.com\/blog\/wp-content\/uploads\/2025\/07\/1-150x150.png 150w, https:\/\/www.procoiffure.com\/blog\/wp-content\/uploads\/2025\/07\/1-768x768.png 768w, https:\/\/www.procoiffure.com\/blog\/wp-content\/uploads\/2025\/07\/1.png 1080w\" sizes=\"(max-width: 1024px) 100vw, 1024px\" \/><\/figure>\n<\/div>\n\n\n\n<div class=\"wp-block-column is-layout-flow wp-block-column-is-layout-flow\">\n<figure class=\"wp-block-image size-large\"><img decoding=\"async\" width=\"1024\" height=\"1024\" src=\"https:\/\/www.procoiffure.com\/blog\/wp-content\/uploads\/2025\/07\/3-1024x1024.png\" alt=\"Un wavy parfait pour un mariage\" class=\"wp-image-3612\" srcset=\"https:\/\/www.procoiffure.com\/blog\/wp-content\/uploads\/2025\/07\/3-1024x1024.png 1024w, https:\/\/www.procoiffure.com\/blog\/wp-content\/uploads\/2025\/07\/3-300x300.png 300w, https:\/\/www.procoiffure.com\/blog\/wp-content\/uploads\/2025\/07\/3-150x150.png 150w, https:\/\/www.procoiffure.com\/blog\/wp-content\/uploads\/2025\/07\/3-768x768.png 768w, https:\/\/www.procoiffure.com\/blog\/wp-content\/uploads\/2025\/07\/3.png 1080w\" sizes=\"(max-width: 1024px) 100vw, 1024px\" \/><\/figure>\n<\/div>\n\n\n\n<div class=\"wp-block-column is-layout-flow wp-block-column-is-layout-flow\">\n<figure class=\"wp-block-image size-large\"><img decoding=\"async\" width=\"1080\" height=\"1080\" src=\"https:\/\/www.procoiffure.com\/blog\/wp-content\/uploads\/2025\/07\/4-1024x1024.png\" alt=\"Une queue de cheval sophistiqu\u00e9e pour \u00eatre au top lors de l'\u00e9v\u00e9nement\" class=\"wp-image-3613\" srcset=\"https:\/\/www.procoiffure.com\/blog\/wp-content\/uploads\/2025\/07\/4-1024x1024.png 1024w, https:\/\/www.procoiffure.com\/blog\/wp-content\/uploads\/2025\/07\/4-300x300.png 300w, https:\/\/www.procoiffure.com\/blog\/wp-content\/uploads\/2025\/07\/4-150x150.png 150w, https:\/\/www.procoiffure.com\/blog\/wp-content\/uploads\/2025\/07\/4-768x768.png 768w, https:\/\/www.procoiffure.com\/blog\/wp-content\/uploads\/2025\/07\/4.png 1080w\" sizes=\"(max-width: 1080px) 100vw, 1080px\" \/><\/figure>\n<\/div>\n<\/div>\n\n\n\n<hr class=\"wp-block-separator has-alpha-channel-opacity is-style-dots\"\/>\n\n\n\n<h2 class=\"wp-block-heading\"><strong><mark style=\"background-color:rgba(0, 0, 0, 0);color:#e2007a\" class=\"has-inline-color\">Le maquillage : lumineux, frais et sans exc\u00e8s<\/mark><\/strong><\/h2>\n\n\n\n<p>Pas question de voler la vedette \u00e0 la mari\u00e9e, mais vous avez tout \u00e0 fait le droit d\u2019\u00eatre sublime. Le bon maquillage d\u2019invit\u00e9e doit rester <strong>l\u00e9ger, lumineux et r\u00e9sistant<\/strong>. Voici nos conseils :<\/p>\n\n\n\n<h3 class=\"wp-block-heading\"><strong>Les bases d\u2019un maquillage r\u00e9ussi pour un mariage :<\/strong><\/h3>\n\n\n\n<ul class=\"wp-block-list\">\n<li><strong>Teint frais<\/strong> : privil\u00e9giez une <a href=\"https:\/\/www.procoiffure.com\/base-hydratante-peau-rafraichie-30ml-gosh\">base hydratante<\/a>, un <a href=\"https:\/\/www.procoiffure.com\/catalog\/maquillage\/teint\/fond-de-teint\">fond de teint<\/a> l\u00e9ger et une <a href=\"https:\/\/www.procoiffure.com\/catalog\/maquillage\/teint\/highlighter-et-contouring\">touche d\u2019enlumineur<\/a><\/li>\n\n\n\n<li><strong>Yeux subtils<\/strong> : <a href=\"https:\/\/www.procoiffure.com\/palette-ombres-a-paupieres-perfect-nude-parisax\">fards nude, cuivr\u00e9s ou ros\u00e9s<\/a> selon votre carnation, un trait d\u2019<a href=\"https:\/\/www.procoiffure.com\/catalog\/maquillage\/yeux\/eyeliner\">eyeliner<\/a> discret, et du <a href=\"https:\/\/www.procoiffure.com\/catalog\/maquillage\/yeux\/mascara&amp;keyword=waterproof&amp;opfilter=t\">mascara waterproof<\/a><\/li>\n\n\n\n<li><strong>L\u00e8vres soign\u00e9es<\/strong> : un <a href=\"https:\/\/www.procoiffure.com\/catalog\/maquillage\/levres\/rouge-a-levres\">rouge \u00e0 l\u00e8vres<\/a> longue tenue dans des tons framboise, corail ou nude selon votre robe<\/li>\n<\/ul>\n\n\n\n<p><em>Pensez \u00e0 une retouche dans la journ\u00e9e :<\/em> emportez votre rouge \u00e0 l\u00e8vres, une <a href=\"https:\/\/www.procoiffure.com\/catalog\/maquillage\/teint\/poudre-matifiante\">poudre matifiante<\/a> et quelques cotons.<\/p>\n\n\n\n<p><strong>\u00c0 \u00e9viter :<\/strong> les paillettes excessives, les faux-cils ultra voyants ou les smokys trop fonc\u00e9s.<\/p>\n\n\n\n<div class=\"wp-block-columns is-layout-flex wp-container-core-columns-is-layout-28f84493 wp-block-columns-is-layout-flex\">\n<div class=\"wp-block-column is-layout-flow wp-block-column-is-layout-flow\">\n<figure class=\"wp-block-image size-large\"><img loading=\"lazy\" decoding=\"async\" width=\"1024\" height=\"1024\" src=\"https:\/\/www.procoiffure.com\/blog\/wp-content\/uploads\/2025\/07\/5-1024x1024.png\" alt=\"Un teint frais et illumin\u00e9\" class=\"wp-image-3614\" srcset=\"https:\/\/www.procoiffure.com\/blog\/wp-content\/uploads\/2025\/07\/5-1024x1024.png 1024w, https:\/\/www.procoiffure.com\/blog\/wp-content\/uploads\/2025\/07\/5-300x300.png 300w, https:\/\/www.procoiffure.com\/blog\/wp-content\/uploads\/2025\/07\/5-150x150.png 150w, https:\/\/www.procoiffure.com\/blog\/wp-content\/uploads\/2025\/07\/5-768x768.png 768w, https:\/\/www.procoiffure.com\/blog\/wp-content\/uploads\/2025\/07\/5.png 1080w\" sizes=\"(max-width: 1024px) 100vw, 1024px\" \/><\/figure>\n<\/div>\n\n\n\n<div class=\"wp-block-column is-layout-flow wp-block-column-is-layout-flow\">\n<figure class=\"wp-block-image size-large\"><img loading=\"lazy\" decoding=\"async\" width=\"1024\" height=\"1024\" src=\"https:\/\/www.procoiffure.com\/blog\/wp-content\/uploads\/2025\/07\/6-1024x1024.png\" alt=\"Des yeux discrets mais sublim\u00e9s pour un look d'invit\u00e9e de mariage canon\" class=\"wp-image-3615\" srcset=\"https:\/\/www.procoiffure.com\/blog\/wp-content\/uploads\/2025\/07\/6-1024x1024.png 1024w, https:\/\/www.procoiffure.com\/blog\/wp-content\/uploads\/2025\/07\/6-300x300.png 300w, https:\/\/www.procoiffure.com\/blog\/wp-content\/uploads\/2025\/07\/6-150x150.png 150w, https:\/\/www.procoiffure.com\/blog\/wp-content\/uploads\/2025\/07\/6-768x768.png 768w, https:\/\/www.procoiffure.com\/blog\/wp-content\/uploads\/2025\/07\/6.png 1080w\" sizes=\"(max-width: 1024px) 100vw, 1024px\" \/><\/figure>\n<\/div>\n\n\n\n<div class=\"wp-block-column is-layout-flow wp-block-column-is-layout-flow\">\n<figure class=\"wp-block-image size-large\"><img loading=\"lazy\" decoding=\"async\" width=\"1024\" height=\"1024\" src=\"https:\/\/www.procoiffure.com\/blog\/wp-content\/uploads\/2025\/07\/7-1024x1024.png\" alt=\"Un rouge \u00e0 l\u00e8vre frais et qui tient tout au long du mariage\" class=\"wp-image-3616\" srcset=\"https:\/\/www.procoiffure.com\/blog\/wp-content\/uploads\/2025\/07\/7-1024x1024.png 1024w, https:\/\/www.procoiffure.com\/blog\/wp-content\/uploads\/2025\/07\/7-300x300.png 300w, https:\/\/www.procoiffure.com\/blog\/wp-content\/uploads\/2025\/07\/7-150x150.png 150w, https:\/\/www.procoiffure.com\/blog\/wp-content\/uploads\/2025\/07\/7-768x768.png 768w, https:\/\/www.procoiffure.com\/blog\/wp-content\/uploads\/2025\/07\/7.png 1080w\" sizes=\"(max-width: 1024px) 100vw, 1024px\" \/><\/figure>\n<\/div>\n<\/div>\n\n\n\n<hr class=\"wp-block-separator has-alpha-channel-opacity is-style-dots\"\/>\n\n\n\n<h2 class=\"wp-block-heading\"><strong><mark style=\"background-color:rgba(0, 0, 0, 0);color:#e2007a\" class=\"has-inline-color\">La manucure : soign\u00e9e, \u00e9l\u00e9gante et coordonn\u00e9e<\/mark><\/strong><\/h2>\n\n\n\n<p>Souvent n\u00e9glig\u00e9e, la manucure joue pourtant un r\u00f4le cl\u00e9 dans votre look global. Vos mains seront visibles sur les photos, quand vous porterez un verre ou saluerez les mari\u00e9s. Prenez-en soin !<\/p>\n\n\n\n<h3 class=\"wp-block-heading\"><strong>Tendances manucure pour invit\u00e9e de mariage :<\/strong><\/h3>\n\n\n\n<ul class=\"wp-block-list\">\n<li><strong>Manucure nude<\/strong> : \u00e9l\u00e9gante, passe-partout, elle va avec tout<\/li>\n\n\n\n<li><strong>French revisit\u00e9e<\/strong> : fine, avec une pointe de couleur pastel ou dor\u00e9e<\/li>\n\n\n\n<li><strong>Tons poudr\u00e9s<\/strong> : rose tendre, p\u00eache, taupe\u2026 pour un rendu d\u00e9licat<\/li>\n\n\n\n<li><strong>Vernis coordonn\u00e9 \u00e0 votre tenue<\/strong> : dans des tons compl\u00e9mentaires, pas forc\u00e9ment identiques<\/li>\n<\/ul>\n\n\n\n<p><em>Bonus :<\/em> si vous manquez de temps, pensez aux <a href=\"https:\/\/www.procoiffure.com\/catalog\/onglerie\/vernis-semi-permanent\/couleur-semi-permanent\">vernis semi-permanents<\/a> ou aux <a href=\"https:\/\/www.procoiffure.com\/catalog\/onglerie\/formes-capsules-et-faux-ongles\/faux-ongles\">press-on nails<\/a> de qualit\u00e9.<\/p>\n\n\n\n<p><strong>\u00c0 \u00e9viter :<\/strong> les motifs trop charg\u00e9s, les ongles trop longs ou les couleurs criardes qui attirent l\u2019\u0153il.<\/p>\n\n\n\n<div class=\"wp-block-columns is-layout-flex wp-container-core-columns-is-layout-28f84493 wp-block-columns-is-layout-flex\">\n<div class=\"wp-block-column is-layout-flow wp-block-column-is-layout-flow\">\n<figure class=\"wp-block-image size-large\"><img loading=\"lazy\" decoding=\"async\" width=\"1024\" height=\"1024\" src=\"https:\/\/www.procoiffure.com\/blog\/wp-content\/uploads\/2025\/07\/8-1024x1024.png\" alt=\"Des ongles nude, une valeur s\u00fbre\" class=\"wp-image-3617\" srcset=\"https:\/\/www.procoiffure.com\/blog\/wp-content\/uploads\/2025\/07\/8-1024x1024.png 1024w, https:\/\/www.procoiffure.com\/blog\/wp-content\/uploads\/2025\/07\/8-300x300.png 300w, https:\/\/www.procoiffure.com\/blog\/wp-content\/uploads\/2025\/07\/8-150x150.png 150w, https:\/\/www.procoiffure.com\/blog\/wp-content\/uploads\/2025\/07\/8-768x768.png 768w, https:\/\/www.procoiffure.com\/blog\/wp-content\/uploads\/2025\/07\/8.png 1080w\" sizes=\"(max-width: 1024px) 100vw, 1024px\" \/><\/figure>\n<\/div>\n\n\n\n<div class=\"wp-block-column is-layout-flow wp-block-column-is-layout-flow\">\n<figure class=\"wp-block-image size-large\"><img loading=\"lazy\" decoding=\"async\" width=\"1024\" height=\"1024\" src=\"https:\/\/www.procoiffure.com\/blog\/wp-content\/uploads\/2025\/07\/9-1024x1024.png\" alt=\"Une french manucure revisit\u00e9e\" class=\"wp-image-3618\" srcset=\"https:\/\/www.procoiffure.com\/blog\/wp-content\/uploads\/2025\/07\/9-1024x1024.png 1024w, https:\/\/www.procoiffure.com\/blog\/wp-content\/uploads\/2025\/07\/9-300x300.png 300w, https:\/\/www.procoiffure.com\/blog\/wp-content\/uploads\/2025\/07\/9-150x150.png 150w, https:\/\/www.procoiffure.com\/blog\/wp-content\/uploads\/2025\/07\/9-768x768.png 768w, https:\/\/www.procoiffure.com\/blog\/wp-content\/uploads\/2025\/07\/9.png 1080w\" sizes=\"(max-width: 1024px) 100vw, 1024px\" \/><\/figure>\n<\/div>\n\n\n\n<div class=\"wp-block-column is-layout-flow wp-block-column-is-layout-flow\">\n<figure class=\"wp-block-image size-large\"><img loading=\"lazy\" decoding=\"async\" width=\"1024\" height=\"1024\" src=\"https:\/\/www.procoiffure.com\/blog\/wp-content\/uploads\/2025\/07\/10-1024x1024.png\" alt=\"Une manucure dans des tons poudr\u00e9s pour un rendu d\u00e9licat\" class=\"wp-image-3619\" srcset=\"https:\/\/www.procoiffure.com\/blog\/wp-content\/uploads\/2025\/07\/10-1024x1024.png 1024w, https:\/\/www.procoiffure.com\/blog\/wp-content\/uploads\/2025\/07\/10-300x300.png 300w, https:\/\/www.procoiffure.com\/blog\/wp-content\/uploads\/2025\/07\/10-150x150.png 150w, https:\/\/www.procoiffure.com\/blog\/wp-content\/uploads\/2025\/07\/10-768x768.png 768w, https:\/\/www.procoiffure.com\/blog\/wp-content\/uploads\/2025\/07\/10.png 1080w\" sizes=\"(max-width: 1024px) 100vw, 1024px\" \/><\/figure>\n<\/div>\n<\/div>\n\n\n\n<hr class=\"wp-block-separator has-alpha-channel-opacity is-style-dots\"\/>\n\n\n\n<p>Pour une mise en beaut\u00e9 d\u2019invit\u00e9e r\u00e9ussie \u00e0 un mariage, pensez <strong>harmonie et simplicit\u00e9<\/strong> : une coiffure qui tient, un maquillage lumineux et une manucure soign\u00e9e suffisent \u00e0 faire toute la diff\u00e9rence. N&rsquo;oubliez pas : le mot d\u2019ordre est <strong>\u00e9l\u00e9gante sans en faire trop<\/strong>. Apr\u00e8s tout, la star du jour, c\u2019est la mari\u00e9e !<\/p>\n\n\n\n<p><\/p>\n","protected":false},"excerpt":{"rendered":"<p>\u00catre invit\u00e9e \u00e0 un mariage, c\u2019est l\u2019occasion parfaite de sortir le grand jeu\u2026 sans en faire trop. Trouver le bon \u00e9quilibre entre \u00e9l\u00e9gance, discr\u00e9tion et harmonie n\u2019est pas toujours simple. Que ce soit pour une c\u00e9r\u00e9monie en journ\u00e9e ou en soir\u00e9e, voici nos meilleurs conseils pour r\u00e9ussir votre mise en beaut\u00e9, en trois axes essentiels [&hellip;]<\/p>\n","protected":false},"author":2,"featured_media":3621,"comment_status":"open","ping_status":"open","sticky":false,"template":"","format":"standard","meta":{"_jetpack_memberships_contains_paid_content":false,"footnotes":""},"categories":[5,3,13,12],"tags":[],"class_list":["post-3610","post","type-post","status-publish","format-standard","has-post-thumbnail","hentry","category-coiffure","category-make-up","category-onglerie","category-tutoriels-et-conseils"],"yoast_head":"<!-- This site is optimized with the Yoast SEO plugin v27.2 - https:\/\/yoast.com\/product\/yoast-seo-wordpress\/ -->\n<title>Look d\u2019invit\u00e9e de mariage : coiffure, maquillage et manucure au top | L&#039;actu beaut\u00e9 | Pro Coiffure Esht\u00e9tique<\/title>\n<meta name=\"description\" content=\"Coiffure, maquillage, manucure : nos conseils pour une mise en beaut\u00e9 \u00e9l\u00e9gante et harmonieuse en tant qu&#039;invit\u00e9e \u00e0 un mariage.\" \/>\n<meta name=\"robots\" content=\"index, follow, max-snippet:-1, max-image-preview:large, max-video-preview:-1\" \/>\n<link rel=\"canonical\" href=\"https:\/\/www.procoiffure.com\/blog\/look-d-invitee-de-mariage-coiffure-maquillage-et-manucure-au-top\/\" \/>\n<meta property=\"og:locale\" content=\"fr_FR\" \/>\n<meta property=\"og:type\" content=\"article\" \/>\n<meta property=\"og:title\" content=\"Look d\u2019invit\u00e9e de mariage : coiffure, maquillage et manucure au top | L&#039;actu beaut\u00e9 | Pro Coiffure Esht\u00e9tique\" \/>\n<meta property=\"og:description\" content=\"Coiffure, maquillage, manucure : nos conseils pour une mise en beaut\u00e9 \u00e9l\u00e9gante et harmonieuse en tant qu&#039;invit\u00e9e \u00e0 un mariage.\" \/>\n<meta property=\"og:url\" content=\"https:\/\/www.procoiffure.com\/blog\/look-d-invitee-de-mariage-coiffure-maquillage-et-manucure-au-top\/\" \/>\n<meta property=\"og:site_name\" content=\"L&#039;actu beaut\u00e9 | Pro Coiffure Esht\u00e9tique\" \/>\n<meta property=\"article:published_time\" content=\"2025-07-07T07:39:03+00:00\" \/>\n<meta property=\"og:image\" content=\"https:\/\/www.procoiffure.com\/blog\/wp-content\/uploads\/2025\/07\/Invitee-mariage_blog.jpg\" \/>\n\t<meta property=\"og:image:width\" content=\"600\" \/>\n\t<meta property=\"og:image:height\" content=\"600\" \/>\n\t<meta property=\"og:image:type\" content=\"image\/jpeg\" \/>\n<meta name=\"author\" content=\"Salma RHARIB\" \/>\n<meta name=\"twitter:card\" content=\"summary_large_image\" \/>\n<meta name=\"twitter:label1\" content=\"\u00c9crit par\" \/>\n\t<meta name=\"twitter:data1\" content=\"Salma RHARIB\" \/>\n\t<meta name=\"twitter:label2\" content=\"Dur\u00e9e de lecture estim\u00e9e\" \/>\n\t<meta name=\"twitter:data2\" content=\"5 minutes\" \/>\n<script type=\"application\/ld+json\" class=\"yoast-schema-graph\">{\"@context\":\"https:\/\/schema.org\",\"@graph\":[{\"@type\":\"Article\",\"@id\":\"https:\/\/www.procoiffure.com\/blog\/look-d-invitee-de-mariage-coiffure-maquillage-et-manucure-au-top\/#article\",\"isPartOf\":{\"@id\":\"https:\/\/www.procoiffure.com\/blog\/look-d-invitee-de-mariage-coiffure-maquillage-et-manucure-au-top\/\"},\"author\":{\"name\":\"Salma RHARIB\",\"@id\":\"https:\/\/www.procoiffure.com\/blog\/#\/schema\/person\/0e1a122edba3c6ff7099de5d0170f5b9\"},\"headline\":\"Look d\u2019invit\u00e9e de mariage : coiffure, maquillage et manucure au top\",\"datePublished\":\"2025-07-07T07:39:03+00:00\",\"mainEntityOfPage\":{\"@id\":\"https:\/\/www.procoiffure.com\/blog\/look-d-invitee-de-mariage-coiffure-maquillage-et-manucure-au-top\/\"},\"wordCount\":551,\"commentCount\":0,\"publisher\":{\"@id\":\"https:\/\/www.procoiffure.com\/blog\/#organization\"},\"image\":{\"@id\":\"https:\/\/www.procoiffure.com\/blog\/look-d-invitee-de-mariage-coiffure-maquillage-et-manucure-au-top\/#primaryimage\"},\"thumbnailUrl\":\"https:\/\/www.procoiffure.com\/blog\/wp-content\/uploads\/2025\/07\/Invitee-mariage_blog.jpg\",\"articleSection\":[\"Coiffure\",\"Make-up\",\"Onglerie\",\"Tutoriels &amp; Conseils\"],\"inLanguage\":\"fr-FR\",\"potentialAction\":[{\"@type\":\"CommentAction\",\"name\":\"Comment\",\"target\":[\"https:\/\/www.procoiffure.com\/blog\/look-d-invitee-de-mariage-coiffure-maquillage-et-manucure-au-top\/#respond\"]}]},{\"@type\":\"WebPage\",\"@id\":\"https:\/\/www.procoiffure.com\/blog\/look-d-invitee-de-mariage-coiffure-maquillage-et-manucure-au-top\/\",\"url\":\"https:\/\/www.procoiffure.com\/blog\/look-d-invitee-de-mariage-coiffure-maquillage-et-manucure-au-top\/\",\"name\":\"Look d\u2019invit\u00e9e de mariage : coiffure, maquillage et manucure au top | L&#039;actu beaut\u00e9 | Pro Coiffure Esht\u00e9tique\",\"isPartOf\":{\"@id\":\"https:\/\/www.procoiffure.com\/blog\/#website\"},\"primaryImageOfPage\":{\"@id\":\"https:\/\/www.procoiffure.com\/blog\/look-d-invitee-de-mariage-coiffure-maquillage-et-manucure-au-top\/#primaryimage\"},\"image\":{\"@id\":\"https:\/\/www.procoiffure.com\/blog\/look-d-invitee-de-mariage-coiffure-maquillage-et-manucure-au-top\/#primaryimage\"},\"thumbnailUrl\":\"https:\/\/www.procoiffure.com\/blog\/wp-content\/uploads\/2025\/07\/Invitee-mariage_blog.jpg\",\"datePublished\":\"2025-07-07T07:39:03+00:00\",\"description\":\"Coiffure, maquillage, manucure : nos conseils pour une mise en beaut\u00e9 \u00e9l\u00e9gante et harmonieuse en tant qu'invit\u00e9e \u00e0 un mariage.\",\"breadcrumb\":{\"@id\":\"https:\/\/www.procoiffure.com\/blog\/look-d-invitee-de-mariage-coiffure-maquillage-et-manucure-au-top\/#breadcrumb\"},\"inLanguage\":\"fr-FR\",\"potentialAction\":[{\"@type\":\"ReadAction\",\"target\":[\"https:\/\/www.procoiffure.com\/blog\/look-d-invitee-de-mariage-coiffure-maquillage-et-manucure-au-top\/\"]}]},{\"@type\":\"ImageObject\",\"inLanguage\":\"fr-FR\",\"@id\":\"https:\/\/www.procoiffure.com\/blog\/look-d-invitee-de-mariage-coiffure-maquillage-et-manucure-au-top\/#primaryimage\",\"url\":\"https:\/\/www.procoiffure.com\/blog\/wp-content\/uploads\/2025\/07\/Invitee-mariage_blog.jpg\",\"contentUrl\":\"https:\/\/www.procoiffure.com\/blog\/wp-content\/uploads\/2025\/07\/Invitee-mariage_blog.jpg\",\"width\":600,\"height\":600,\"caption\":\"Look d'invit\u00e9e de mariage : Coiffure, maquillage et manucure au top\"},{\"@type\":\"BreadcrumbList\",\"@id\":\"https:\/\/www.procoiffure.com\/blog\/look-d-invitee-de-mariage-coiffure-maquillage-et-manucure-au-top\/#breadcrumb\",\"itemListElement\":[{\"@type\":\"ListItem\",\"position\":1,\"name\":\"Accueil\",\"item\":\"https:\/\/www.procoiffure.com\/blog\/\"},{\"@type\":\"ListItem\",\"position\":2,\"name\":\"Look d\u2019invit\u00e9e de mariage : coiffure, maquillage et manucure au top\"}]},{\"@type\":\"WebSite\",\"@id\":\"https:\/\/www.procoiffure.com\/blog\/#website\",\"url\":\"https:\/\/www.procoiffure.com\/blog\/\",\"name\":\"L'actu beaut\u00e9 | Pro Coiffure Esth\u00e9tique\",\"description\":\"\",\"publisher\":{\"@id\":\"https:\/\/www.procoiffure.com\/blog\/#organization\"},\"potentialAction\":[{\"@type\":\"SearchAction\",\"target\":{\"@type\":\"EntryPoint\",\"urlTemplate\":\"https:\/\/www.procoiffure.com\/blog\/?s={search_term_string}\"},\"query-input\":{\"@type\":\"PropertyValueSpecification\",\"valueRequired\":true,\"valueName\":\"search_term_string\"}}],\"inLanguage\":\"fr-FR\"},{\"@type\":\"Organization\",\"@id\":\"https:\/\/www.procoiffure.com\/blog\/#organization\",\"name\":\"Le Blog de No\u00e9mie\",\"url\":\"https:\/\/www.procoiffure.com\/blog\/\",\"logo\":{\"@type\":\"ImageObject\",\"inLanguage\":\"fr-FR\",\"@id\":\"https:\/\/www.procoiffure.com\/blog\/#\/schema\/logo\/image\/\",\"url\":\"https:\/\/www.procoiffure.com\/blog\/wp-content\/uploads\/2025\/03\/LOGO-BLOG-1.png\",\"contentUrl\":\"https:\/\/www.procoiffure.com\/blog\/wp-content\/uploads\/2025\/03\/LOGO-BLOG-1.png\",\"width\":998,\"height\":397,\"caption\":\"Le Blog de No\u00e9mie\"},\"image\":{\"@id\":\"https:\/\/www.procoiffure.com\/blog\/#\/schema\/logo\/image\/\"}},{\"@type\":\"Person\",\"@id\":\"https:\/\/www.procoiffure.com\/blog\/#\/schema\/person\/0e1a122edba3c6ff7099de5d0170f5b9\",\"name\":\"Salma RHARIB\",\"image\":{\"@type\":\"ImageObject\",\"inLanguage\":\"fr-FR\",\"@id\":\"https:\/\/secure.gravatar.com\/avatar\/474c0e28d67a213b71f0ebdb57b798ea3358dd2684e6a8db7c8f5a824c6599eb?s=96&d=color&r=g\",\"url\":\"https:\/\/secure.gravatar.com\/avatar\/474c0e28d67a213b71f0ebdb57b798ea3358dd2684e6a8db7c8f5a824c6599eb?s=96&d=color&r=g\",\"contentUrl\":\"https:\/\/secure.gravatar.com\/avatar\/474c0e28d67a213b71f0ebdb57b798ea3358dd2684e6a8db7c8f5a824c6599eb?s=96&d=color&r=g\",\"caption\":\"Salma RHARIB\"},\"url\":\"https:\/\/www.procoiffure.com\/blog\/author\/salmaprocoiffure-fr\/\"}]}<\/script>\n<!-- \/ Yoast SEO plugin. -->","yoast_head_json":{"title":"Look d\u2019invit\u00e9e de mariage : coiffure, maquillage et manucure au top | L&#039;actu beaut\u00e9 | Pro Coiffure Esht\u00e9tique","description":"Coiffure, maquillage, manucure : nos conseils pour une mise en beaut\u00e9 \u00e9l\u00e9gante et harmonieuse en tant qu'invit\u00e9e \u00e0 un mariage.","robots":{"index":"index","follow":"follow","max-snippet":"max-snippet:-1","max-image-preview":"max-image-preview:large","max-video-preview":"max-video-preview:-1"},"canonical":"https:\/\/www.procoiffure.com\/blog\/look-d-invitee-de-mariage-coiffure-maquillage-et-manucure-au-top\/","og_locale":"fr_FR","og_type":"article","og_title":"Look d\u2019invit\u00e9e de mariage : coiffure, maquillage et manucure au top | L&#039;actu beaut\u00e9 | Pro Coiffure Esht\u00e9tique","og_description":"Coiffure, maquillage, manucure : nos conseils pour une mise en beaut\u00e9 \u00e9l\u00e9gante et harmonieuse en tant qu'invit\u00e9e \u00e0 un mariage.","og_url":"https:\/\/www.procoiffure.com\/blog\/look-d-invitee-de-mariage-coiffure-maquillage-et-manucure-au-top\/","og_site_name":"L&#039;actu beaut\u00e9 | Pro Coiffure Esht\u00e9tique","article_published_time":"2025-07-07T07:39:03+00:00","og_image":[{"width":600,"height":600,"url":"https:\/\/www.procoiffure.com\/blog\/wp-content\/uploads\/2025\/07\/Invitee-mariage_blog.jpg","type":"image\/jpeg"}],"author":"Salma RHARIB","twitter_card":"summary_large_image","twitter_misc":{"\u00c9crit par":"Salma RHARIB","Dur\u00e9e de lecture estim\u00e9e":"5 minutes"},"schema":{"@context":"https:\/\/schema.org","@graph":[{"@type":"Article","@id":"https:\/\/www.procoiffure.com\/blog\/look-d-invitee-de-mariage-coiffure-maquillage-et-manucure-au-top\/#article","isPartOf":{"@id":"https:\/\/www.procoiffure.com\/blog\/look-d-invitee-de-mariage-coiffure-maquillage-et-manucure-au-top\/"},"author":{"name":"Salma RHARIB","@id":"https:\/\/www.procoiffure.com\/blog\/#\/schema\/person\/0e1a122edba3c6ff7099de5d0170f5b9"},"headline":"Look d\u2019invit\u00e9e de mariage : coiffure, maquillage et manucure au top","datePublished":"2025-07-07T07:39:03+00:00","mainEntityOfPage":{"@id":"https:\/\/www.procoiffure.com\/blog\/look-d-invitee-de-mariage-coiffure-maquillage-et-manucure-au-top\/"},"wordCount":551,"commentCount":0,"publisher":{"@id":"https:\/\/www.procoiffure.com\/blog\/#organization"},"image":{"@id":"https:\/\/www.procoiffure.com\/blog\/look-d-invitee-de-mariage-coiffure-maquillage-et-manucure-au-top\/#primaryimage"},"thumbnailUrl":"https:\/\/www.procoiffure.com\/blog\/wp-content\/uploads\/2025\/07\/Invitee-mariage_blog.jpg","articleSection":["Coiffure","Make-up","Onglerie","Tutoriels &amp; Conseils"],"inLanguage":"fr-FR","potentialAction":[{"@type":"CommentAction","name":"Comment","target":["https:\/\/www.procoiffure.com\/blog\/look-d-invitee-de-mariage-coiffure-maquillage-et-manucure-au-top\/#respond"]}]},{"@type":"WebPage","@id":"https:\/\/www.procoiffure.com\/blog\/look-d-invitee-de-mariage-coiffure-maquillage-et-manucure-au-top\/","url":"https:\/\/www.procoiffure.com\/blog\/look-d-invitee-de-mariage-coiffure-maquillage-et-manucure-au-top\/","name":"Look d\u2019invit\u00e9e de mariage : coiffure, maquillage et manucure au top | L&#039;actu beaut\u00e9 | Pro Coiffure Esht\u00e9tique","isPartOf":{"@id":"https:\/\/www.procoiffure.com\/blog\/#website"},"primaryImageOfPage":{"@id":"https:\/\/www.procoiffure.com\/blog\/look-d-invitee-de-mariage-coiffure-maquillage-et-manucure-au-top\/#primaryimage"},"image":{"@id":"https:\/\/www.procoiffure.com\/blog\/look-d-invitee-de-mariage-coiffure-maquillage-et-manucure-au-top\/#primaryimage"},"thumbnailUrl":"https:\/\/www.procoiffure.com\/blog\/wp-content\/uploads\/2025\/07\/Invitee-mariage_blog.jpg","datePublished":"2025-07-07T07:39:03+00:00","description":"Coiffure, maquillage, manucure : nos conseils pour une mise en beaut\u00e9 \u00e9l\u00e9gante et harmonieuse en tant qu'invit\u00e9e \u00e0 un mariage.","breadcrumb":{"@id":"https:\/\/www.procoiffure.com\/blog\/look-d-invitee-de-mariage-coiffure-maquillage-et-manucure-au-top\/#breadcrumb"},"inLanguage":"fr-FR","potentialAction":[{"@type":"ReadAction","target":["https:\/\/www.procoiffure.com\/blog\/look-d-invitee-de-mariage-coiffure-maquillage-et-manucure-au-top\/"]}]},{"@type":"ImageObject","inLanguage":"fr-FR","@id":"https:\/\/www.procoiffure.com\/blog\/look-d-invitee-de-mariage-coiffure-maquillage-et-manucure-au-top\/#primaryimage","url":"https:\/\/www.procoiffure.com\/blog\/wp-content\/uploads\/2025\/07\/Invitee-mariage_blog.jpg","contentUrl":"https:\/\/www.procoiffure.com\/blog\/wp-content\/uploads\/2025\/07\/Invitee-mariage_blog.jpg","width":600,"height":600,"caption":"Look d'invit\u00e9e de mariage : Coiffure, maquillage et manucure au top"},{"@type":"BreadcrumbList","@id":"https:\/\/www.procoiffure.com\/blog\/look-d-invitee-de-mariage-coiffure-maquillage-et-manucure-au-top\/#breadcrumb","itemListElement":[{"@type":"ListItem","position":1,"name":"Accueil","item":"https:\/\/www.procoiffure.com\/blog\/"},{"@type":"ListItem","position":2,"name":"Look d\u2019invit\u00e9e de mariage : coiffure, maquillage et manucure au top"}]},{"@type":"WebSite","@id":"https:\/\/www.procoiffure.com\/blog\/#website","url":"https:\/\/www.procoiffure.com\/blog\/","name":"L'actu beaut\u00e9 | Pro Coiffure Esth\u00e9tique","description":"","publisher":{"@id":"https:\/\/www.procoiffure.com\/blog\/#organization"},"potentialAction":[{"@type":"SearchAction","target":{"@type":"EntryPoint","urlTemplate":"https:\/\/www.procoiffure.com\/blog\/?s={search_term_string}"},"query-input":{"@type":"PropertyValueSpecification","valueRequired":true,"valueName":"search_term_string"}}],"inLanguage":"fr-FR"},{"@type":"Organization","@id":"https:\/\/www.procoiffure.com\/blog\/#organization","name":"Le Blog de No\u00e9mie","url":"https:\/\/www.procoiffure.com\/blog\/","logo":{"@type":"ImageObject","inLanguage":"fr-FR","@id":"https:\/\/www.procoiffure.com\/blog\/#\/schema\/logo\/image\/","url":"https:\/\/www.procoiffure.com\/blog\/wp-content\/uploads\/2025\/03\/LOGO-BLOG-1.png","contentUrl":"https:\/\/www.procoiffure.com\/blog\/wp-content\/uploads\/2025\/03\/LOGO-BLOG-1.png","width":998,"height":397,"caption":"Le Blog de No\u00e9mie"},"image":{"@id":"https:\/\/www.procoiffure.com\/blog\/#\/schema\/logo\/image\/"}},{"@type":"Person","@id":"https:\/\/www.procoiffure.com\/blog\/#\/schema\/person\/0e1a122edba3c6ff7099de5d0170f5b9","name":"Salma RHARIB","image":{"@type":"ImageObject","inLanguage":"fr-FR","@id":"https:\/\/secure.gravatar.com\/avatar\/474c0e28d67a213b71f0ebdb57b798ea3358dd2684e6a8db7c8f5a824c6599eb?s=96&d=color&r=g","url":"https:\/\/secure.gravatar.com\/avatar\/474c0e28d67a213b71f0ebdb57b798ea3358dd2684e6a8db7c8f5a824c6599eb?s=96&d=color&r=g","contentUrl":"https:\/\/secure.gravatar.com\/avatar\/474c0e28d67a213b71f0ebdb57b798ea3358dd2684e6a8db7c8f5a824c6599eb?s=96&d=color&r=g","caption":"Salma RHARIB"},"url":"https:\/\/www.procoiffure.com\/blog\/author\/salmaprocoiffure-fr\/"}]}},"jetpack_featured_media_url":"https:\/\/www.procoiffure.com\/blog\/wp-content\/uploads\/2025\/07\/Invitee-mariage_blog.jpg","jetpack_sharing_enabled":true,"_links":{"self":[{"href":"https:\/\/www.procoiffure.com\/blog\/wp-json\/wp\/v2\/posts\/3610","targetHints":{"allow":["GET"]}}],"collection":[{"href":"https:\/\/www.procoiffure.com\/blog\/wp-json\/wp\/v2\/posts"}],"about":[{"href":"https:\/\/www.procoiffure.com\/blog\/wp-json\/wp\/v2\/types\/post"}],"author":[{"embeddable":true,"href":"https:\/\/www.procoiffure.com\/blog\/wp-json\/wp\/v2\/users\/2"}],"replies":[{"embeddable":true,"href":"https:\/\/www.procoiffure.com\/blog\/wp-json\/wp\/v2\/comments?post=3610"}],"version-history":[{"count":2,"href":"https:\/\/www.procoiffure.com\/blog\/wp-json\/wp\/v2\/posts\/3610\/revisions"}],"predecessor-version":[{"id":3622,"href":"https:\/\/www.procoiffure.com\/blog\/wp-json\/wp\/v2\/posts\/3610\/revisions\/3622"}],"wp:featuredmedia":[{"embeddable":true,"href":"https:\/\/www.procoiffure.com\/blog\/wp-json\/wp\/v2\/media\/3621"}],"wp:attachment":[{"href":"https:\/\/www.procoiffure.com\/blog\/wp-json\/wp\/v2\/media?parent=3610"}],"wp:term":[{"taxonomy":"category","embeddable":true,"href":"https:\/\/www.procoiffure.com\/blog\/wp-json\/wp\/v2\/categories?post=3610"},{"taxonomy":"post_tag","embeddable":true,"href":"https:\/\/www.procoiffure.com\/blog\/wp-json\/wp\/v2\/tags?post=3610"}],"curies":[{"name":"wp","href":"https:\/\/api.w.org\/{rel}","templated":true}]}}