{"id":2794,"date":"2025-03-20T09:11:00","date_gmt":"2025-03-20T08:11:00","guid":{"rendered":"https:\/\/www.procoiffure.com\/blog\/?p=2794"},"modified":"2025-03-20T17:51:52","modified_gmt":"2025-03-20T16:51:52","slug":"peggy-sage-le-printemps-asiatique-en-couleurs","status":"publish","type":"post","link":"https:\/\/www.procoiffure.com\/blog\/peggy-sage-le-printemps-asiatique-en-couleurs\/","title":{"rendered":"Peggy Sage : Le Printemps Asiatique en Couleurs"},"content":{"rendered":"\n<p>Le <strong>printemps 2025<\/strong> s&rsquo;annonce tout en fra\u00eecheur et \u00e9l\u00e9gance avec la <strong><a href=\"https:\/\/www.procoiffure.com\/catalog\/collection-peggy-sage-printemps-2025?utm_source=blog&amp;utm_medium=article&amp;utm_campaign=collectionprintemps25-peggysage\">nouvelle collection de Peggy Sage<\/a><\/strong>, qui puise son inspiration dans la beaut\u00e9 intemporelle de la romance asiatique. Cette collection met en lumi\u00e8re des teintes lumineuses et vibrantes, \u00e9voquant les fleurs de cerisier et les nuances printani\u00e8res. Les teintes d\u00e9licates et fra\u00eeches de cette collection apportent une touche raffin\u00e9e, alliant modernit\u00e9 et douceur. D\u00e9couvrez d\u00e8s maintenant les produits phares de cette nouvelle collection, v\u00e9ritable hommage aux couleurs chatoyantes du printemps !<\/p>\n\n\n\n<h2 class=\"wp-block-heading\">Une fusion parfaite d\u2019\u00e9l\u00e9gance et de modernit\u00e9 avec Peggy Sage<\/h2>\n\n\n\n<p>Peggy Sage, r\u00e9f\u00e9rence incontournable de la beaut\u00e9, allie expertise professionnelle et innovation. Elle propose des produits de qualit\u00e9 qui s\u00e9duisent \u00e0 la fois les professionnels et les passionn\u00e9s de beaut\u00e9. Chaque collection, comme celle du printemps 2025, refl\u00e8te l&rsquo;engagement de Peggy Sage pour des produits sublimes et modernes. Pour cette saison, la marque s&rsquo;inspire de la po\u00e9sie asiatique avec des couleurs vibrantes incarnant \u00e9l\u00e9gance, fra\u00eecheur et beaut\u00e9 naturelle. Peggy Sage marque les esprits avec des cr\u00e9ations alliant tradition et innovation, sublimant chaque d\u00e9tail.<\/p>\n\n\n\n<h2 class=\"wp-block-heading\">Plongez au c\u0153ur du printemps asiatique avec la nouvelle collection Peggy Sage<\/h2>\n\n\n\n<p>Cette collection Peggy Sage s&rsquo;inspire de la beaut\u00e9 d\u00e9licate du printemps asiatique, apportant fra\u00eecheur et \u00e9l\u00e9gance \u00e0 votre routine beaut\u00e9. Parmi les nouveaut\u00e9s, vous trouverez des <strong>vernis<\/strong> aux teintes printani\u00e8res, des <strong>d\u00e9cors adh\u00e9sifs<\/strong> pour ongles inspir\u00e9s de motifs floraux, ainsi que des <strong>crayons l\u00e8vres et yeux<\/strong> qui subliment votre regard et vos l\u00e8vres avec des couleurs vives et raffin\u00e9es. La collection inclut \u00e9galement des solutions d\u2019<strong>\u00e9pilation<\/strong> pour une peau parfaitement lisse, en harmonie avec les tendances de la saison. Chaque produit est une invitation \u00e0 c\u00e9l\u00e9brer le printemps avec l\u00e9g\u00e8ret\u00e9 et sophistication.<\/p>\n\n\n\n<div class=\"wp-block-columns is-layout-flex wp-container-core-columns-is-layout-28f84493 wp-block-columns-is-layout-flex\">\n<div class=\"wp-block-column is-layout-flow wp-block-column-is-layout-flow\">\n<figure class=\"wp-block-image size-large\"><a href=\"https:\/\/www.procoiffure.com\/vernis-semi-permanent-i-lak-n1075-lychee-peggy-sage-11ml\"><img fetchpriority=\"high\" decoding=\"async\" width=\"908\" height=\"1024\" src=\"https:\/\/www.procoiffure.com\/blog\/wp-content\/uploads\/2025\/03\/lychee-908x1024.jpg\" alt=\"Vernis semi-permanent I-LAK N\u00b01075 Lychee Peggy Sage 11ml\" class=\"wp-image-2799\" srcset=\"https:\/\/www.procoiffure.com\/blog\/wp-content\/uploads\/2025\/03\/lychee-908x1024.jpg 908w, https:\/\/www.procoiffure.com\/blog\/wp-content\/uploads\/2025\/03\/lychee-266x300.jpg 266w, https:\/\/www.procoiffure.com\/blog\/wp-content\/uploads\/2025\/03\/lychee-768x866.jpg 768w, https:\/\/www.procoiffure.com\/blog\/wp-content\/uploads\/2025\/03\/lychee.jpg 1200w\" sizes=\"(max-width: 908px) 100vw, 908px\" \/><\/a><\/figure>\n<\/div>\n\n\n\n<div class=\"wp-block-column is-layout-flow wp-block-column-is-layout-flow\">\n<figure class=\"wp-block-image size-large\"><a href=\"https:\/\/www.procoiffure.com\/vernis-semi-permanent-i-lak-n1076-peach-blossom-peggy-sage-11ml\"><img decoding=\"async\" width=\"908\" height=\"1024\" src=\"https:\/\/www.procoiffure.com\/blog\/wp-content\/uploads\/2025\/03\/peach-blossom-908x1024.jpg\" alt=\"Vernis semi-permanent I-LAK N\u00b01076 Peach Blossom Peggy Sage 11ml\" class=\"wp-image-2800\" srcset=\"https:\/\/www.procoiffure.com\/blog\/wp-content\/uploads\/2025\/03\/peach-blossom-908x1024.jpg 908w, https:\/\/www.procoiffure.com\/blog\/wp-content\/uploads\/2025\/03\/peach-blossom-266x300.jpg 266w, https:\/\/www.procoiffure.com\/blog\/wp-content\/uploads\/2025\/03\/peach-blossom-768x866.jpg 768w, https:\/\/www.procoiffure.com\/blog\/wp-content\/uploads\/2025\/03\/peach-blossom.jpg 1200w\" sizes=\"(max-width: 908px) 100vw, 908px\" \/><\/a><\/figure>\n<\/div>\n\n\n\n<div class=\"wp-block-column is-layout-flow wp-block-column-is-layout-flow\">\n<figure class=\"wp-block-image size-large\"><a href=\"https:\/\/www.procoiffure.com\/vernis-semi-permanent-i-lak-n1078-shimmering-blossom-peggy-sage-11ml\"><img decoding=\"async\" width=\"908\" height=\"1024\" src=\"https:\/\/www.procoiffure.com\/blog\/wp-content\/uploads\/2025\/03\/shimmering-blossom-e1741791965564-908x1024.jpg\" alt=\"Vernis semi-permanent I-LAK N\u00b01078 Shimmering blossom Peggy Sage 11ml\" class=\"wp-image-2801\" srcset=\"https:\/\/www.procoiffure.com\/blog\/wp-content\/uploads\/2025\/03\/shimmering-blossom-e1741791965564-908x1024.jpg 908w, https:\/\/www.procoiffure.com\/blog\/wp-content\/uploads\/2025\/03\/shimmering-blossom-e1741791965564-266x300.jpg 266w, https:\/\/www.procoiffure.com\/blog\/wp-content\/uploads\/2025\/03\/shimmering-blossom-e1741791965564-768x866.jpg 768w, https:\/\/www.procoiffure.com\/blog\/wp-content\/uploads\/2025\/03\/shimmering-blossom-e1741791965564.jpg 1200w\" sizes=\"(max-width: 908px) 100vw, 908px\" \/><\/a><\/figure>\n<\/div>\n<\/div>\n\n\n\n<hr class=\"wp-block-separator has-alpha-channel-opacity is-style-dots\"\/>\n\n\n\n<h3 class=\"wp-block-heading\">Nouveaux Produits Ongles : Fra\u00eecheur et \u00c9l\u00e9gance au Rendez-vous<\/h3>\n\n\n\n<p>Pour un printemps \u00e9clatant, la collection Peggy Sage offre des produits innovants pour des ongles \u00e9l\u00e9gants et modernes.<\/p>\n\n\n\n<div class=\"wp-block-columns is-layout-flex wp-container-core-columns-is-layout-28f84493 wp-block-columns-is-layout-flex\">\n<div class=\"wp-block-column is-layout-flow wp-block-column-is-layout-flow\">\n<figure class=\"wp-block-image size-full\"><img loading=\"lazy\" decoding=\"async\" width=\"530\" height=\"942\" src=\"https:\/\/www.procoiffure.com\/blog\/wp-content\/uploads\/2025\/03\/1-LAK-PS.jpg\" alt=\"\" class=\"wp-image-2795\" srcset=\"https:\/\/www.procoiffure.com\/blog\/wp-content\/uploads\/2025\/03\/1-LAK-PS.jpg 530w, https:\/\/www.procoiffure.com\/blog\/wp-content\/uploads\/2025\/03\/1-LAK-PS-169x300.jpg 169w\" sizes=\"(max-width: 530px) 100vw, 530px\" \/><\/figure>\n<\/div>\n\n\n\n<div class=\"wp-block-column is-layout-flow wp-block-column-is-layout-flow\">\n<p><strong>6 Teintes I-LAK<br><\/strong> Inspir\u00e9es des fleurs printani\u00e8res, ces nuances vibrantes apportent une touche de fra\u00eecheur et de dynamisme \u00e0 vos ongles. Avec I-LAK, offrez-vous une manucure \u00e9clatante, qui capte la lumi\u00e8re \u00e0 chaque mouvement.<br><br><strong>6 Teintes 1-LAK<br><\/strong> L\u2019alliance parfaite entre simplicit\u00e9 et \u00e9clat. Ces teintes lumineuses permettent une manucure impeccable en un seul geste, pour un r\u00e9sultat parfait et longue dur\u00e9e.<br><br><strong>2 Teintes Green LAK<br><\/strong> Pour celles qui recherchent une formule plus naturelle, Green LAK offre des couleurs \u00e9clatantes tout en \u00e9tant plus respectueuse de l\u2019environnement. Le compromis parfait entre performance et durabilit\u00e9.<\/p>\n<\/div>\n<\/div>\n\n\n\n<div class=\"wp-block-columns is-layout-flex wp-container-core-columns-is-layout-28f84493 wp-block-columns-is-layout-flex\">\n<div class=\"wp-block-column is-layout-flow wp-block-column-is-layout-flow\">\n<p><strong>D\u00e9cors Adh\u00e9sifs<br><\/strong>Apportez une touche artistique \u00e0 vos ongles gr\u00e2ce \u00e0 nos d\u00e9cors adh\u00e9sifs. Faciles \u00e0 poser, ils subliment instantan\u00e9ment vos ongles avec des motifs raffin\u00e9s, inspir\u00e9s par la beaut\u00e9 des fleurs de cerisier, pour une manucure pleine de po\u00e9sie.<br><\/p>\n\n\n\n<p><strong>Faux Ongles R\u00e9utilisables \u00ab Crazy Peggy \u00bb<br><\/strong> Offrez-vous un effet \u00ab cat eyes \u00bb spectaculaire avec les faux ongles r\u00e9utilisables Crazy Peggy. Rapides et simples \u00e0 poser, ces faux ongles apporteront \u00e0 vos mains une touche de glamour instantan\u00e9e.<br><\/p>\n\n\n\n<p><strong>Xpress GEL 3-en-1<br><\/strong> D\u00e9couvrez l&rsquo;innovation qui r\u00e9volutionne vos poses d&rsquo;ongles : le Xpress GEL 3-en-1. Ce produit combine base, construction et finition dans un seul flacon, pour une application fluide, sans limage, et un gain de temps impressionnant. Une solution parfaite pour une extension ou un gainage d&rsquo;ongles parfait, en toute simplicit\u00e9.<\/p>\n<\/div>\n\n\n\n<div class=\"wp-block-column is-layout-flow wp-block-column-is-layout-flow\">\n<figure class=\"wp-block-image size-full\"><img loading=\"lazy\" decoding=\"async\" width=\"529\" height=\"942\" src=\"https:\/\/www.procoiffure.com\/blog\/wp-content\/uploads\/2025\/03\/Xpress-GEL-PS.jpg\" alt=\"\" class=\"wp-image-2796\" srcset=\"https:\/\/www.procoiffure.com\/blog\/wp-content\/uploads\/2025\/03\/Xpress-GEL-PS.jpg 529w, https:\/\/www.procoiffure.com\/blog\/wp-content\/uploads\/2025\/03\/Xpress-GEL-PS-168x300.jpg 168w\" sizes=\"(max-width: 529px) 100vw, 529px\" \/><\/figure>\n<\/div>\n<\/div>\n\n\n\n<hr class=\"wp-block-separator has-alpha-channel-opacity is-style-dots\"\/>\n\n\n\n<h3 class=\"wp-block-heading\">Nouveaux Produits Maquillage : Sublimez Votre Regard et Votre Bouche<\/h3>\n\n\n\n<div class=\"wp-block-columns is-layout-flex wp-container-core-columns-is-layout-28f84493 wp-block-columns-is-layout-flex\">\n<div class=\"wp-block-column is-layout-flow wp-block-column-is-layout-flow\">\n<figure class=\"wp-block-image size-full\"><img loading=\"lazy\" decoding=\"async\" width=\"527\" height=\"939\" src=\"https:\/\/www.procoiffure.com\/blog\/wp-content\/uploads\/2025\/03\/Crayons-Levres-PS.jpg\" alt=\"\" class=\"wp-image-2797\" srcset=\"https:\/\/www.procoiffure.com\/blog\/wp-content\/uploads\/2025\/03\/Crayons-Levres-PS.jpg 527w, https:\/\/www.procoiffure.com\/blog\/wp-content\/uploads\/2025\/03\/Crayons-Levres-PS-168x300.jpg 168w\" sizes=\"(max-width: 527px) 100vw, 527px\" \/><\/figure>\n<\/div>\n\n\n\n<div class=\"wp-block-column is-layout-flow wp-block-column-is-layout-flow\">\n<p><strong>Palette de Fards \u00e0 Paupi\u00e8res<br><\/strong>Avec un m\u00e9lange parfait de <strong>9 couleurs neutres et intenses<\/strong>, cette palette s&rsquo;adapte \u00e0 tous les styles et toutes les occasions. Que vous pr\u00e9f\u00e9riez un look naturel ou un regard plus audacieux, elle offre une vari\u00e9t\u00e9 de teintes qui sublimeront vos yeux avec \u00e9l\u00e9gance.<br><\/p>\n\n\n\n<p><strong>Crayons Kh\u00f4l et Waterproof<br><\/strong>Pour un regard intense et captivant, optez pour nos <strong>crayons kh\u00f4l<\/strong>. Leur formule cr\u00e9meuse assure une application facile et une <strong>longue tenue<\/strong>, m\u00eame dans les conditions les plus extr\u00eames. Disponibles en version waterproof, ils r\u00e9sistent \u00e0 l\u2019eau et \u00e0 l&rsquo;humidit\u00e9, pour un maquillage sans compromis tout au long de la journ\u00e9e.<br><\/p>\n\n\n\n<p><strong>Crayons Contour des L\u00e8vres<br><\/strong>Offrez \u00e0 vos l\u00e8vres une <strong>d\u00e9finition parfaite<\/strong> gr\u00e2ce \u00e0 nos <strong>crayons contour des l\u00e8vres<\/strong>. Leur texture douce et pigment\u00e9e permet une application fluide, tout en cr\u00e9ant une bouche irr\u00e9sistible, parfaitement dessin\u00e9e, avec une tenue impeccable.<\/p>\n<\/div>\n<\/div>\n\n\n\n<hr class=\"wp-block-separator has-alpha-channel-opacity is-style-dots\"\/>\n\n\n\n<h3 class=\"wp-block-heading\">Nouveaux Rituels d\u2019\u00c9pilation : Douceur et Soin<\/h3>\n\n\n\n<p><strong>Cartouche de Cire Ti\u00e8de Baby Powder<\/strong><strong><br><\/strong> Pour une \u00e9pilation tout en douceur, d\u00e9couvrez la <strong>cartouche de cire ti\u00e8de Baby Powder<\/strong>. Sp\u00e9cialement con\u00e7ue pour les peaux sensibles, sa <strong>texture cr\u00e9meuse<\/strong> permet une application facile et agr\u00e9able. Son <strong>parfum d\u00e9licat<\/strong> ajoute une touche de confort, rendant chaque s\u00e9ance d\u2019\u00e9pilation plus douce et plus agr\u00e9able. Id\u00e9ale pour un soin efficace et respectueux de votre peau.<\/p>\n\n\n\n<hr class=\"wp-block-separator has-alpha-channel-opacity is-style-dots\"\/>\n\n\n\n<p>la nouvelle collection Peggy Sage pour le printemps 2025 incarne l&rsquo;alliance parfaite entre tradition asiatique et modernit\u00e9. Avec des couleurs fra\u00eeches et vibrantes, cette ligne de produits \u00e9l\u00e8ve le rituel de beaut\u00e9 \u00e0 un niveau de raffinement et de po\u00e9sie. Que ce soit \u00e0 travers les vernis \u00e9clatants, les accessoires floraux ou les produits de maquillage subtils, chaque d\u00e9tail de cette collection est con\u00e7u pour apporter une touche de fra\u00eecheur et d&rsquo;\u00e9l\u00e9gance \u00e0 votre routine printani\u00e8re. Peggy Sage s\u00e9duit par son expertise et son innovation, c\u00e9l\u00e9brant la beaut\u00e9 sous toutes ses formes. Laissez-vous envo\u00fbter par le printemps asiatique et offrez \u00e0 votre routine beaut\u00e9 les couleurs et la douceur qu&rsquo;elle m\u00e9rite.<\/p>\n\n\n\n<div class=\"wp-block-columns is-layout-flex wp-container-core-columns-is-layout-28f84493 wp-block-columns-is-layout-flex\">\n<div class=\"wp-block-column is-layout-flow wp-block-column-is-layout-flow\">\n<figure class=\"wp-block-image size-large\"><a href=\"https:\/\/www.procoiffure.com\/decors-adhesifs-pour-ongles-sakura-peggy-sage\"><img loading=\"lazy\" decoding=\"async\" width=\"908\" height=\"1024\" src=\"https:\/\/www.procoiffure.com\/blog\/wp-content\/uploads\/2025\/03\/141249-3-908x1024.jpg\" alt=\"D\u00e9cors Adh\u00e9sifs Pour Ongles Sakura Peggy Sage\" class=\"wp-image-2802\" srcset=\"https:\/\/www.procoiffure.com\/blog\/wp-content\/uploads\/2025\/03\/141249-3-908x1024.jpg 908w, https:\/\/www.procoiffure.com\/blog\/wp-content\/uploads\/2025\/03\/141249-3-266x300.jpg 266w, https:\/\/www.procoiffure.com\/blog\/wp-content\/uploads\/2025\/03\/141249-3-768x866.jpg 768w, https:\/\/www.procoiffure.com\/blog\/wp-content\/uploads\/2025\/03\/141249-3.jpg 1200w\" sizes=\"(max-width: 908px) 100vw, 908px\" \/><\/a><\/figure>\n<\/div>\n\n\n\n<div class=\"wp-block-column is-layout-flow wp-block-column-is-layout-flow\">\n<figure class=\"wp-block-image size-full\"><a href=\"https:\/\/www.procoiffure.com\/catalog\/collection-peggy-sage-printemps-2025?utm_source=siteweb&amp;utm_medium=footer&amp;utm_campaign=collectionprintemps25-peggysage\"><img loading=\"lazy\" decoding=\"async\" width=\"1200\" height=\"1353\" src=\"https:\/\/www.procoiffure.com\/blog\/wp-content\/uploads\/2025\/03\/crayon-waterproof-PS-2.png\" alt=\"\" class=\"wp-image-2805\" srcset=\"https:\/\/www.procoiffure.com\/blog\/wp-content\/uploads\/2025\/03\/crayon-waterproof-PS-2.png 1200w, https:\/\/www.procoiffure.com\/blog\/wp-content\/uploads\/2025\/03\/crayon-waterproof-PS-2-266x300.png 266w, https:\/\/www.procoiffure.com\/blog\/wp-content\/uploads\/2025\/03\/crayon-waterproof-PS-2-908x1024.png 908w, https:\/\/www.procoiffure.com\/blog\/wp-content\/uploads\/2025\/03\/crayon-waterproof-PS-2-768x866.png 768w\" sizes=\"(max-width: 1200px) 100vw, 1200px\" \/><\/a><\/figure>\n<\/div>\n\n\n\n<div class=\"wp-block-column is-layout-flow wp-block-column-is-layout-flow\">\n<figure class=\"wp-block-image size-large\"><a href=\"https:\/\/www.procoiffure.com\/kit-de-24-faux-ongles-reutilisables-crazy-peggy-sage\"><img loading=\"lazy\" decoding=\"async\" width=\"908\" height=\"1024\" src=\"https:\/\/www.procoiffure.com\/blog\/wp-content\/uploads\/2025\/03\/ongles-crazy-peggy-908x1024.jpg\" alt=\"Kit de 24 Faux Ongles R\u00e9utilisables Crazy Peggy Sage\" class=\"wp-image-2806\" srcset=\"https:\/\/www.procoiffure.com\/blog\/wp-content\/uploads\/2025\/03\/ongles-crazy-peggy-908x1024.jpg 908w, https:\/\/www.procoiffure.com\/blog\/wp-content\/uploads\/2025\/03\/ongles-crazy-peggy-266x300.jpg 266w, https:\/\/www.procoiffure.com\/blog\/wp-content\/uploads\/2025\/03\/ongles-crazy-peggy-768x866.jpg 768w, https:\/\/www.procoiffure.com\/blog\/wp-content\/uploads\/2025\/03\/ongles-crazy-peggy.jpg 1200w\" sizes=\"(max-width: 908px) 100vw, 908px\" \/><\/a><\/figure>\n<\/div>\n<\/div>\n\n\n\n<p><\/p>\n","protected":false},"excerpt":{"rendered":"<p>Le printemps 2025 s&rsquo;annonce tout en fra\u00eecheur et \u00e9l\u00e9gance avec la nouvelle collection de Peggy Sage, qui puise son inspiration dans la beaut\u00e9 intemporelle de la romance asiatique. Cette collection met en lumi\u00e8re des teintes lumineuses et vibrantes, \u00e9voquant les fleurs de cerisier et les nuances printani\u00e8res. Les teintes d\u00e9licates et fra\u00eeches de cette collection [&hellip;]<\/p>\n","protected":false},"author":2,"featured_media":3003,"comment_status":"open","ping_status":"open","sticky":false,"template":"","format":"standard","meta":{"_jetpack_memberships_contains_paid_content":false,"footnotes":""},"categories":[15,14,3,13,7],"tags":[],"class_list":["post-2794","post","type-post","status-publish","format-standard","has-post-thumbnail","hentry","category-epilation","category-esthetique","category-make-up","category-onglerie","category-tendance"],"yoast_head":"<!-- This site is optimized with the Yoast SEO plugin v27.2 - https:\/\/yoast.com\/product\/yoast-seo-wordpress\/ -->\n<title>Peggy Sage : Le Printemps Asiatique en Couleurs | L&#039;actu beaut\u00e9 | Pro Coiffure Esht\u00e9tique<\/title>\n<meta name=\"description\" content=\"D\u00e9couvrez la collection Peggy Sage printemps 2025, des teintes fra\u00eeches et lumineuses inspir\u00e9es du printemps et de la romance asiatique.\" \/>\n<meta name=\"robots\" content=\"index, follow, max-snippet:-1, max-image-preview:large, max-video-preview:-1\" \/>\n<link rel=\"canonical\" href=\"https:\/\/www.procoiffure.com\/blog\/peggy-sage-le-printemps-asiatique-en-couleurs\/\" \/>\n<meta property=\"og:locale\" content=\"fr_FR\" \/>\n<meta property=\"og:type\" content=\"article\" \/>\n<meta property=\"og:title\" content=\"Peggy Sage : Le Printemps Asiatique en Couleurs | L&#039;actu beaut\u00e9 | Pro Coiffure Esht\u00e9tique\" \/>\n<meta property=\"og:description\" content=\"D\u00e9couvrez la collection Peggy Sage printemps 2025, des teintes fra\u00eeches et lumineuses inspir\u00e9es du printemps et de la romance asiatique.\" \/>\n<meta property=\"og:url\" content=\"https:\/\/www.procoiffure.com\/blog\/peggy-sage-le-printemps-asiatique-en-couleurs\/\" \/>\n<meta property=\"og:site_name\" content=\"L&#039;actu beaut\u00e9 | Pro Coiffure Esht\u00e9tique\" \/>\n<meta property=\"article:published_time\" content=\"2025-03-20T08:11:00+00:00\" \/>\n<meta property=\"article:modified_time\" content=\"2025-03-20T16:51:52+00:00\" \/>\n<meta property=\"og:image\" content=\"https:\/\/www.procoiffure.com\/blog\/wp-content\/uploads\/2025\/03\/Blog_PEGGY_SAGE.jpg\" \/>\n\t<meta property=\"og:image:width\" content=\"600\" \/>\n\t<meta property=\"og:image:height\" content=\"600\" \/>\n\t<meta property=\"og:image:type\" content=\"image\/jpeg\" \/>\n<meta name=\"author\" content=\"Salma RHARIB\" \/>\n<meta name=\"twitter:card\" content=\"summary_large_image\" \/>\n<meta name=\"twitter:label1\" content=\"\u00c9crit par\" \/>\n\t<meta name=\"twitter:data1\" content=\"Salma RHARIB\" \/>\n\t<meta name=\"twitter:label2\" content=\"Dur\u00e9e de lecture estim\u00e9e\" \/>\n\t<meta name=\"twitter:data2\" content=\"7 minutes\" \/>\n<script type=\"application\/ld+json\" class=\"yoast-schema-graph\">{\"@context\":\"https:\/\/schema.org\",\"@graph\":[{\"@type\":\"Article\",\"@id\":\"https:\/\/www.procoiffure.com\/blog\/peggy-sage-le-printemps-asiatique-en-couleurs\/#article\",\"isPartOf\":{\"@id\":\"https:\/\/www.procoiffure.com\/blog\/peggy-sage-le-printemps-asiatique-en-couleurs\/\"},\"author\":{\"name\":\"Salma RHARIB\",\"@id\":\"https:\/\/www.procoiffure.com\/blog\/#\/schema\/person\/0e1a122edba3c6ff7099de5d0170f5b9\"},\"headline\":\"Peggy Sage : Le Printemps Asiatique en Couleurs\",\"datePublished\":\"2025-03-20T08:11:00+00:00\",\"dateModified\":\"2025-03-20T16:51:52+00:00\",\"mainEntityOfPage\":{\"@id\":\"https:\/\/www.procoiffure.com\/blog\/peggy-sage-le-printemps-asiatique-en-couleurs\/\"},\"wordCount\":947,\"commentCount\":0,\"publisher\":{\"@id\":\"https:\/\/www.procoiffure.com\/blog\/#organization\"},\"image\":{\"@id\":\"https:\/\/www.procoiffure.com\/blog\/peggy-sage-le-printemps-asiatique-en-couleurs\/#primaryimage\"},\"thumbnailUrl\":\"https:\/\/www.procoiffure.com\/blog\/wp-content\/uploads\/2025\/03\/Blog_PEGGY_SAGE.jpg\",\"articleSection\":[\"Epilation\",\"Esth\u00e9tique\",\"Make-up\",\"Onglerie\",\"Tendance\"],\"inLanguage\":\"fr-FR\",\"potentialAction\":[{\"@type\":\"CommentAction\",\"name\":\"Comment\",\"target\":[\"https:\/\/www.procoiffure.com\/blog\/peggy-sage-le-printemps-asiatique-en-couleurs\/#respond\"]}]},{\"@type\":\"WebPage\",\"@id\":\"https:\/\/www.procoiffure.com\/blog\/peggy-sage-le-printemps-asiatique-en-couleurs\/\",\"url\":\"https:\/\/www.procoiffure.com\/blog\/peggy-sage-le-printemps-asiatique-en-couleurs\/\",\"name\":\"Peggy Sage : Le Printemps Asiatique en Couleurs | L&#039;actu beaut\u00e9 | Pro Coiffure Esht\u00e9tique\",\"isPartOf\":{\"@id\":\"https:\/\/www.procoiffure.com\/blog\/#website\"},\"primaryImageOfPage\":{\"@id\":\"https:\/\/www.procoiffure.com\/blog\/peggy-sage-le-printemps-asiatique-en-couleurs\/#primaryimage\"},\"image\":{\"@id\":\"https:\/\/www.procoiffure.com\/blog\/peggy-sage-le-printemps-asiatique-en-couleurs\/#primaryimage\"},\"thumbnailUrl\":\"https:\/\/www.procoiffure.com\/blog\/wp-content\/uploads\/2025\/03\/Blog_PEGGY_SAGE.jpg\",\"datePublished\":\"2025-03-20T08:11:00+00:00\",\"dateModified\":\"2025-03-20T16:51:52+00:00\",\"description\":\"D\u00e9couvrez la collection Peggy Sage printemps 2025, des teintes fra\u00eeches et lumineuses inspir\u00e9es du printemps et de la romance asiatique.\",\"breadcrumb\":{\"@id\":\"https:\/\/www.procoiffure.com\/blog\/peggy-sage-le-printemps-asiatique-en-couleurs\/#breadcrumb\"},\"inLanguage\":\"fr-FR\",\"potentialAction\":[{\"@type\":\"ReadAction\",\"target\":[\"https:\/\/www.procoiffure.com\/blog\/peggy-sage-le-printemps-asiatique-en-couleurs\/\"]}]},{\"@type\":\"ImageObject\",\"inLanguage\":\"fr-FR\",\"@id\":\"https:\/\/www.procoiffure.com\/blog\/peggy-sage-le-printemps-asiatique-en-couleurs\/#primaryimage\",\"url\":\"https:\/\/www.procoiffure.com\/blog\/wp-content\/uploads\/2025\/03\/Blog_PEGGY_SAGE.jpg\",\"contentUrl\":\"https:\/\/www.procoiffure.com\/blog\/wp-content\/uploads\/2025\/03\/Blog_PEGGY_SAGE.jpg\",\"width\":600,\"height\":600,\"caption\":\"Peggy Sage : le printemps asiatique en couleurs\"},{\"@type\":\"BreadcrumbList\",\"@id\":\"https:\/\/www.procoiffure.com\/blog\/peggy-sage-le-printemps-asiatique-en-couleurs\/#breadcrumb\",\"itemListElement\":[{\"@type\":\"ListItem\",\"position\":1,\"name\":\"Accueil\",\"item\":\"https:\/\/www.procoiffure.com\/blog\/\"},{\"@type\":\"ListItem\",\"position\":2,\"name\":\"Peggy Sage : Le Printemps Asiatique en Couleurs\"}]},{\"@type\":\"WebSite\",\"@id\":\"https:\/\/www.procoiffure.com\/blog\/#website\",\"url\":\"https:\/\/www.procoiffure.com\/blog\/\",\"name\":\"L'actu beaut\u00e9 | Pro Coiffure Esth\u00e9tique\",\"description\":\"\",\"publisher\":{\"@id\":\"https:\/\/www.procoiffure.com\/blog\/#organization\"},\"potentialAction\":[{\"@type\":\"SearchAction\",\"target\":{\"@type\":\"EntryPoint\",\"urlTemplate\":\"https:\/\/www.procoiffure.com\/blog\/?s={search_term_string}\"},\"query-input\":{\"@type\":\"PropertyValueSpecification\",\"valueRequired\":true,\"valueName\":\"search_term_string\"}}],\"inLanguage\":\"fr-FR\"},{\"@type\":\"Organization\",\"@id\":\"https:\/\/www.procoiffure.com\/blog\/#organization\",\"name\":\"Le Blog de No\u00e9mie\",\"url\":\"https:\/\/www.procoiffure.com\/blog\/\",\"logo\":{\"@type\":\"ImageObject\",\"inLanguage\":\"fr-FR\",\"@id\":\"https:\/\/www.procoiffure.com\/blog\/#\/schema\/logo\/image\/\",\"url\":\"https:\/\/www.procoiffure.com\/blog\/wp-content\/uploads\/2025\/03\/LOGO-BLOG-1.png\",\"contentUrl\":\"https:\/\/www.procoiffure.com\/blog\/wp-content\/uploads\/2025\/03\/LOGO-BLOG-1.png\",\"width\":998,\"height\":397,\"caption\":\"Le Blog de No\u00e9mie\"},\"image\":{\"@id\":\"https:\/\/www.procoiffure.com\/blog\/#\/schema\/logo\/image\/\"}},{\"@type\":\"Person\",\"@id\":\"https:\/\/www.procoiffure.com\/blog\/#\/schema\/person\/0e1a122edba3c6ff7099de5d0170f5b9\",\"name\":\"Salma RHARIB\",\"image\":{\"@type\":\"ImageObject\",\"inLanguage\":\"fr-FR\",\"@id\":\"https:\/\/secure.gravatar.com\/avatar\/474c0e28d67a213b71f0ebdb57b798ea3358dd2684e6a8db7c8f5a824c6599eb?s=96&d=color&r=g\",\"url\":\"https:\/\/secure.gravatar.com\/avatar\/474c0e28d67a213b71f0ebdb57b798ea3358dd2684e6a8db7c8f5a824c6599eb?s=96&d=color&r=g\",\"contentUrl\":\"https:\/\/secure.gravatar.com\/avatar\/474c0e28d67a213b71f0ebdb57b798ea3358dd2684e6a8db7c8f5a824c6599eb?s=96&d=color&r=g\",\"caption\":\"Salma RHARIB\"},\"url\":\"https:\/\/www.procoiffure.com\/blog\/author\/salmaprocoiffure-fr\/\"}]}<\/script>\n<!-- \/ Yoast SEO plugin. -->","yoast_head_json":{"title":"Peggy Sage : Le Printemps Asiatique en Couleurs | L&#039;actu beaut\u00e9 | Pro Coiffure Esht\u00e9tique","description":"D\u00e9couvrez la collection Peggy Sage printemps 2025, des teintes fra\u00eeches et lumineuses inspir\u00e9es du printemps et de la romance asiatique.","robots":{"index":"index","follow":"follow","max-snippet":"max-snippet:-1","max-image-preview":"max-image-preview:large","max-video-preview":"max-video-preview:-1"},"canonical":"https:\/\/www.procoiffure.com\/blog\/peggy-sage-le-printemps-asiatique-en-couleurs\/","og_locale":"fr_FR","og_type":"article","og_title":"Peggy Sage : Le Printemps Asiatique en Couleurs | L&#039;actu beaut\u00e9 | Pro Coiffure Esht\u00e9tique","og_description":"D\u00e9couvrez la collection Peggy Sage printemps 2025, des teintes fra\u00eeches et lumineuses inspir\u00e9es du printemps et de la romance asiatique.","og_url":"https:\/\/www.procoiffure.com\/blog\/peggy-sage-le-printemps-asiatique-en-couleurs\/","og_site_name":"L&#039;actu beaut\u00e9 | Pro Coiffure Esht\u00e9tique","article_published_time":"2025-03-20T08:11:00+00:00","article_modified_time":"2025-03-20T16:51:52+00:00","og_image":[{"width":600,"height":600,"url":"https:\/\/www.procoiffure.com\/blog\/wp-content\/uploads\/2025\/03\/Blog_PEGGY_SAGE.jpg","type":"image\/jpeg"}],"author":"Salma RHARIB","twitter_card":"summary_large_image","twitter_misc":{"\u00c9crit par":"Salma RHARIB","Dur\u00e9e de lecture estim\u00e9e":"7 minutes"},"schema":{"@context":"https:\/\/schema.org","@graph":[{"@type":"Article","@id":"https:\/\/www.procoiffure.com\/blog\/peggy-sage-le-printemps-asiatique-en-couleurs\/#article","isPartOf":{"@id":"https:\/\/www.procoiffure.com\/blog\/peggy-sage-le-printemps-asiatique-en-couleurs\/"},"author":{"name":"Salma RHARIB","@id":"https:\/\/www.procoiffure.com\/blog\/#\/schema\/person\/0e1a122edba3c6ff7099de5d0170f5b9"},"headline":"Peggy Sage : Le Printemps Asiatique en Couleurs","datePublished":"2025-03-20T08:11:00+00:00","dateModified":"2025-03-20T16:51:52+00:00","mainEntityOfPage":{"@id":"https:\/\/www.procoiffure.com\/blog\/peggy-sage-le-printemps-asiatique-en-couleurs\/"},"wordCount":947,"commentCount":0,"publisher":{"@id":"https:\/\/www.procoiffure.com\/blog\/#organization"},"image":{"@id":"https:\/\/www.procoiffure.com\/blog\/peggy-sage-le-printemps-asiatique-en-couleurs\/#primaryimage"},"thumbnailUrl":"https:\/\/www.procoiffure.com\/blog\/wp-content\/uploads\/2025\/03\/Blog_PEGGY_SAGE.jpg","articleSection":["Epilation","Esth\u00e9tique","Make-up","Onglerie","Tendance"],"inLanguage":"fr-FR","potentialAction":[{"@type":"CommentAction","name":"Comment","target":["https:\/\/www.procoiffure.com\/blog\/peggy-sage-le-printemps-asiatique-en-couleurs\/#respond"]}]},{"@type":"WebPage","@id":"https:\/\/www.procoiffure.com\/blog\/peggy-sage-le-printemps-asiatique-en-couleurs\/","url":"https:\/\/www.procoiffure.com\/blog\/peggy-sage-le-printemps-asiatique-en-couleurs\/","name":"Peggy Sage : Le Printemps Asiatique en Couleurs | L&#039;actu beaut\u00e9 | Pro Coiffure Esht\u00e9tique","isPartOf":{"@id":"https:\/\/www.procoiffure.com\/blog\/#website"},"primaryImageOfPage":{"@id":"https:\/\/www.procoiffure.com\/blog\/peggy-sage-le-printemps-asiatique-en-couleurs\/#primaryimage"},"image":{"@id":"https:\/\/www.procoiffure.com\/blog\/peggy-sage-le-printemps-asiatique-en-couleurs\/#primaryimage"},"thumbnailUrl":"https:\/\/www.procoiffure.com\/blog\/wp-content\/uploads\/2025\/03\/Blog_PEGGY_SAGE.jpg","datePublished":"2025-03-20T08:11:00+00:00","dateModified":"2025-03-20T16:51:52+00:00","description":"D\u00e9couvrez la collection Peggy Sage printemps 2025, des teintes fra\u00eeches et lumineuses inspir\u00e9es du printemps et de la romance asiatique.","breadcrumb":{"@id":"https:\/\/www.procoiffure.com\/blog\/peggy-sage-le-printemps-asiatique-en-couleurs\/#breadcrumb"},"inLanguage":"fr-FR","potentialAction":[{"@type":"ReadAction","target":["https:\/\/www.procoiffure.com\/blog\/peggy-sage-le-printemps-asiatique-en-couleurs\/"]}]},{"@type":"ImageObject","inLanguage":"fr-FR","@id":"https:\/\/www.procoiffure.com\/blog\/peggy-sage-le-printemps-asiatique-en-couleurs\/#primaryimage","url":"https:\/\/www.procoiffure.com\/blog\/wp-content\/uploads\/2025\/03\/Blog_PEGGY_SAGE.jpg","contentUrl":"https:\/\/www.procoiffure.com\/blog\/wp-content\/uploads\/2025\/03\/Blog_PEGGY_SAGE.jpg","width":600,"height":600,"caption":"Peggy Sage : le printemps asiatique en couleurs"},{"@type":"BreadcrumbList","@id":"https:\/\/www.procoiffure.com\/blog\/peggy-sage-le-printemps-asiatique-en-couleurs\/#breadcrumb","itemListElement":[{"@type":"ListItem","position":1,"name":"Accueil","item":"https:\/\/www.procoiffure.com\/blog\/"},{"@type":"ListItem","position":2,"name":"Peggy Sage : Le Printemps Asiatique en Couleurs"}]},{"@type":"WebSite","@id":"https:\/\/www.procoiffure.com\/blog\/#website","url":"https:\/\/www.procoiffure.com\/blog\/","name":"L'actu beaut\u00e9 | Pro Coiffure Esth\u00e9tique","description":"","publisher":{"@id":"https:\/\/www.procoiffure.com\/blog\/#organization"},"potentialAction":[{"@type":"SearchAction","target":{"@type":"EntryPoint","urlTemplate":"https:\/\/www.procoiffure.com\/blog\/?s={search_term_string}"},"query-input":{"@type":"PropertyValueSpecification","valueRequired":true,"valueName":"search_term_string"}}],"inLanguage":"fr-FR"},{"@type":"Organization","@id":"https:\/\/www.procoiffure.com\/blog\/#organization","name":"Le Blog de No\u00e9mie","url":"https:\/\/www.procoiffure.com\/blog\/","logo":{"@type":"ImageObject","inLanguage":"fr-FR","@id":"https:\/\/www.procoiffure.com\/blog\/#\/schema\/logo\/image\/","url":"https:\/\/www.procoiffure.com\/blog\/wp-content\/uploads\/2025\/03\/LOGO-BLOG-1.png","contentUrl":"https:\/\/www.procoiffure.com\/blog\/wp-content\/uploads\/2025\/03\/LOGO-BLOG-1.png","width":998,"height":397,"caption":"Le Blog de No\u00e9mie"},"image":{"@id":"https:\/\/www.procoiffure.com\/blog\/#\/schema\/logo\/image\/"}},{"@type":"Person","@id":"https:\/\/www.procoiffure.com\/blog\/#\/schema\/person\/0e1a122edba3c6ff7099de5d0170f5b9","name":"Salma RHARIB","image":{"@type":"ImageObject","inLanguage":"fr-FR","@id":"https:\/\/secure.gravatar.com\/avatar\/474c0e28d67a213b71f0ebdb57b798ea3358dd2684e6a8db7c8f5a824c6599eb?s=96&d=color&r=g","url":"https:\/\/secure.gravatar.com\/avatar\/474c0e28d67a213b71f0ebdb57b798ea3358dd2684e6a8db7c8f5a824c6599eb?s=96&d=color&r=g","contentUrl":"https:\/\/secure.gravatar.com\/avatar\/474c0e28d67a213b71f0ebdb57b798ea3358dd2684e6a8db7c8f5a824c6599eb?s=96&d=color&r=g","caption":"Salma RHARIB"},"url":"https:\/\/www.procoiffure.com\/blog\/author\/salmaprocoiffure-fr\/"}]}},"jetpack_featured_media_url":"https:\/\/www.procoiffure.com\/blog\/wp-content\/uploads\/2025\/03\/Blog_PEGGY_SAGE.jpg","jetpack_sharing_enabled":true,"_links":{"self":[{"href":"https:\/\/www.procoiffure.com\/blog\/wp-json\/wp\/v2\/posts\/2794","targetHints":{"allow":["GET"]}}],"collection":[{"href":"https:\/\/www.procoiffure.com\/blog\/wp-json\/wp\/v2\/posts"}],"about":[{"href":"https:\/\/www.procoiffure.com\/blog\/wp-json\/wp\/v2\/types\/post"}],"author":[{"embeddable":true,"href":"https:\/\/www.procoiffure.com\/blog\/wp-json\/wp\/v2\/users\/2"}],"replies":[{"embeddable":true,"href":"https:\/\/www.procoiffure.com\/blog\/wp-json\/wp\/v2\/comments?post=2794"}],"version-history":[{"count":8,"href":"https:\/\/www.procoiffure.com\/blog\/wp-json\/wp\/v2\/posts\/2794\/revisions"}],"predecessor-version":[{"id":3054,"href":"https:\/\/www.procoiffure.com\/blog\/wp-json\/wp\/v2\/posts\/2794\/revisions\/3054"}],"wp:featuredmedia":[{"embeddable":true,"href":"https:\/\/www.procoiffure.com\/blog\/wp-json\/wp\/v2\/media\/3003"}],"wp:attachment":[{"href":"https:\/\/www.procoiffure.com\/blog\/wp-json\/wp\/v2\/media?parent=2794"}],"wp:term":[{"taxonomy":"category","embeddable":true,"href":"https:\/\/www.procoiffure.com\/blog\/wp-json\/wp\/v2\/categories?post=2794"},{"taxonomy":"post_tag","embeddable":true,"href":"https:\/\/www.procoiffure.com\/blog\/wp-json\/wp\/v2\/tags?post=2794"}],"curies":[{"name":"wp","href":"https:\/\/api.w.org\/{rel}","templated":true}]}}