{"id":1918,"date":"2024-07-16T17:18:52","date_gmt":"2024-07-16T15:18:52","guid":{"rendered":"https:\/\/www.procoiffure.com\/blog\/?p=1918"},"modified":"2025-07-07T14:32:36","modified_gmt":"2025-07-07T12:32:36","slug":"comment-ne-pas-abimer-ses-cheveux-en-ete","status":"publish","type":"post","link":"https:\/\/www.procoiffure.com\/blog\/comment-ne-pas-abimer-ses-cheveux-en-ete\/","title":{"rendered":"Comment ne pas ab\u00eemer ses cheveux en \u00e9t\u00e9 ? \u2600\ufe0f"},"content":{"rendered":"\n<p>Tu r\u00eaves d&rsquo;une <strong>chevelure douce<\/strong> et <strong>soyeuse<\/strong> m\u00eame en plein \u00e9t\u00e9 ?\u2728<br>Que tu sois fan des <strong>vacances \u00e0 la plage<\/strong>, adepte des heures \u00e0 <strong>l\u00e9zarder au bord de la piscine<\/strong> ou passionn\u00e9(e) de <strong>randonn\u00e9es ensoleill\u00e9es<\/strong>. C&rsquo;est possible ! \ud83d\ude03 Adopte <strong>nos conseils<\/strong> d\u00e8s maintenant pour <strong>pr\u00e9server tes cheveux<\/strong> tout l&rsquo;\u00e9t\u00e9 ! \ud83d\udc49<\/p>\n\n\n\n<h2 class=\"wp-block-heading\">Les 6 erreurs \u274c \u00e0 ne plus commettre ! <\/h2>\n\n\n\n<div class=\"alignnormal\"><div id=\"metaslider-id-1955\" style=\"max-width: 540px;\" class=\"ml-slider-3-106-0 metaslider metaslider-flex metaslider-1955 ml-slider has-dots-nav ms-theme-default\" role=\"region\" aria-label=\"Erreurs cheveux \u00e9t\u00e9\" data-height=\"675\" data-width=\"540\">\n    <div id=\"metaslider_container_1955\">\n        <div id=\"metaslider_1955\">\n            <ul class='slides'>\n                <li style=\"display: block; width: 100%;\" class=\"slide-1965 ms-image \" aria-roledescription=\"slide\" data-date=\"2024-07-25 15:22:27\" data-filename=\"Plan-de-travail-1-1-540x675.png\" data-slide-type=\"image\"><img fetchpriority=\"high\" decoding=\"async\" src=\"https:\/\/www.procoiffure.com\/blog\/wp-content\/uploads\/2024\/07\/Plan-de-travail-1-1-540x675.png\" height=\"675\" width=\"540\" alt=\"ne pas n\u00e9gliger la protection solaire\" class=\"slider-1955 slide-1965 msDefaultImage\" title=\"Plan de travail 1-1\" \/><\/li>\n                <li style=\"display: none; width: 100%;\" class=\"slide-1966 ms-image \" aria-roledescription=\"slide\" data-date=\"2024-07-25 15:22:27\" data-filename=\"Plan-de-travail-1-2-540x675.png\" data-slide-type=\"image\"><img decoding=\"async\" src=\"https:\/\/www.procoiffure.com\/blog\/wp-content\/uploads\/2024\/07\/Plan-de-travail-1-2-540x675.png\" height=\"675\" width=\"540\" alt=\"ne pas zapper le soin thermo-protetceur\" class=\"slider-1955 slide-1966 msDefaultImage\" title=\"Plan de travail 1-2\" \/><\/li>\n                <li style=\"display: none; width: 100%;\" class=\"slide-1967 ms-image \" aria-roledescription=\"slide\" data-date=\"2024-07-25 15:22:27\" data-filename=\"Plan-de-travail-1-3-540x675.png\" data-slide-type=\"image\"><img decoding=\"async\" src=\"https:\/\/www.procoiffure.com\/blog\/wp-content\/uploads\/2024\/07\/Plan-de-travail-1-3-540x675.png\" height=\"675\" width=\"540\" alt=\"hydrater ses cheveux\" class=\"slider-1955 slide-1967 msDefaultImage\" title=\"Plan de travail 1-3\" \/><\/li>\n                <li style=\"display: none; width: 100%;\" class=\"slide-1968 ms-image \" aria-roledescription=\"slide\" data-date=\"2024-07-25 15:22:27\" data-filename=\"6-540x675.png\" data-slide-type=\"image\"><img loading=\"lazy\" decoding=\"async\" src=\"https:\/\/www.procoiffure.com\/blog\/wp-content\/uploads\/2024\/07\/6-540x675.png\" height=\"675\" width=\"540\" alt=\"rincer ses cheveux apr\u00e8s la plage ou la piscine\" class=\"slider-1955 slide-1968 msDefaultImage\" title=\"+6\" \/><\/li>\n                <li style=\"display: none; width: 100%;\" class=\"slide-1969 ms-image \" aria-roledescription=\"slide\" data-date=\"2024-07-25 15:22:27\" data-filename=\"Plan-de-travail-1-5-540x675.png\" data-slide-type=\"image\"><img loading=\"lazy\" decoding=\"async\" src=\"https:\/\/www.procoiffure.com\/blog\/wp-content\/uploads\/2024\/07\/Plan-de-travail-1-5-540x675.png\" height=\"675\" width=\"540\" alt=\"ne pas attacher ses cheveux mouill\u00e9s\" class=\"slider-1955 slide-1969 msDefaultImage\" title=\"Plan de travail 1-5\" \/><\/li>\n                <li style=\"display: none; width: 100%;\" class=\"slide-1970 ms-image \" aria-roledescription=\"slide\" data-date=\"2024-07-25 15:22:27\" data-filename=\"Plan-de-travail-1-6-540x675.png\" data-slide-type=\"image\"><img loading=\"lazy\" decoding=\"async\" src=\"https:\/\/www.procoiffure.com\/blog\/wp-content\/uploads\/2024\/07\/Plan-de-travail-1-6-540x675.png\" height=\"675\" width=\"540\" alt=\"eviter de se d\u00e9colorer les cheveux avant l&#039;\u00e9t\u00e9\" class=\"slider-1955 slide-1970 msDefaultImage\" title=\"Plan de travail 1-6\" \/><\/li>\n            <\/ul>\n        <\/div>\n        \n    <\/div>\n<\/div><\/div>\n\n\n\n<h3 class=\"wp-block-heading has-medium-font-size\"><span style=\"background-color: rgba(0, 0, 0, 0); color: #e7017e;\" class=\"has-inline-color\"><strong><span style=\"background-color: rgba(0, 0, 0, 0); color: #e7017e;\" class=\"has-inline-color\"><strong>Erreur #1 &#8211; N\u00e9gliger la protection solaire !<\/strong><\/span><\/strong><\/span><\/h3>\n\n\n\n<p>Tout comme la peau, les <strong>cheveux<\/strong> doivent \u00eatre prot\u00e9g\u00e9s des <strong>rayons UV<\/strong>. En effet, l&rsquo;exposition r\u00e9p\u00e9t\u00e9e au soleil et \u00e0 la <strong>chaleur d\u00e9shydrate<\/strong>, <strong>ass\u00e8che les cheveux<\/strong> et entra\u00eene m\u00eame des <strong>pointes fourchues<\/strong> et <strong>une perte de couleur<\/strong> pour les cheveux color\u00e9s.<\/p>\n\n\n\n<p>\u2022 <a href=\"https:\/\/www.procoiffure.com\/pochette-routine-shampoing-et-spray-solaire-makadamia-soleil\" target=\"_blank\" rel=\"noreferrer noopener\">La Routine Soleil de Makadamia<\/a><br>Le <strong>baume solaire<\/strong> sans rin\u00e7age en spray, l\u00e9ger et facile \u00e0 utiliser, prot\u00e8ge votre fibre capillaire du soleil tout en offrant un effet soyeux. Il p\u00e9n\u00e8tre sans alourdir. <br>Le <strong>shampooing solaire 2 en 1 <\/strong>\u00e9limine en douceur les r\u00e9sidus de sel et de chlore apr\u00e8s la baignade.<\/p>\n\n\n\n<p>\u2022 <a href=\"https:\/\/www.procoiffure.com\/huile-cheveux-solaire-sun-myriam-k-140ml\" target=\"_blank\" rel=\"noreferrer noopener\">Huile Cheveux Solaire SUN de Myriam K<\/a><br>Formul\u00e9e avec des <strong>ingr\u00e9dients naturels<\/strong>, cette huile <strong>hydrate ta<\/strong> <strong>chevelure <\/strong>tout en formant une couche protectrice pour les <strong>prot\u00e9ger des rayons UV<\/strong> et des autres agressions. Elle <strong>pr\u00e9serve la durabilit\u00e9 du lissage<\/strong> en neutralisant les effets du sel et des produits alcalins de la piscine.<\/p>\n\n\n\n<p>\u2022 <a href=\"https:\/\/www.procoiffure.com\/huile-capillaire-solaire-protectrice-anti-uv-nacree-100ml-mulato\" target=\"_blank\" rel=\"noreferrer noopener\">Huile Capillaire Solaire Protectrice Anti-UV Nacr\u00e9e de Mulato<\/a><br>Cette <strong>huile nourrissante<\/strong> avec <strong>voile protecteur anti UV<\/strong> est compos\u00e9e \u00e0 99% d&rsquo;ingr\u00e9dients d&rsquo;origine naturelle pour <strong>prot\u00e9ger tes cheveux en douceur<\/strong>.<\/p>\n\n\n\n<h4 class=\"wp-block-heading\"><span style=\"background-color: rgba(0, 0, 0, 0); color: #e7017e;\" class=\"has-inline-color\"><strong>Conseil en +<\/strong><\/span><\/h4>\n\n\n\n<p>Opte pour un <strong>chapeau<\/strong> ou un <strong>foulard<\/strong> lors de longues sorties : une fa\u00e7on d&rsquo;\u00eatre <strong>chic<\/strong> tout en pr\u00e9servant <strong>ta chevelure<\/strong> !<\/p>\n\n\n\n<h2 class=\"wp-block-heading has-medium-font-size\"><br><span style=\"background-color: rgba(0, 0, 0, 0); color: #e7017e;\" class=\"has-inline-color\"><strong><span style=\"background-color: rgba(0, 0, 0, 0); color: #e7017e;\" class=\"has-inline-color\"><strong><span style=\"background-color: rgba(0, 0, 0, 0); color: #e7017e;\" class=\"has-inline-color\"><strong>Erreur #2 &#8211; Zapper le soin thermo-protecteur !<\/strong><\/span><\/strong><\/span><\/strong><\/span><\/h2>\n\n\n\n<p>En \u00e9t\u00e9, plus que jamais, il est n\u00e9cessaire de <strong>prot\u00e9ger ses cheveux de la chaleur<\/strong>. En cette saison, l&rsquo;ass\u00e8chement provoqu\u00e9s par les lisseurs, boucleurs et s\u00e9choir utilis\u00e9s au quotidien, se voit <strong>acc\u00e9l\u00e9r\u00e9<\/strong> par l&rsquo;exposition au <strong>Soleil<\/strong> !<\/p>\n\n\n\n<p>C&rsquo;est pourquoi, il est fortement conseill\u00e9 d&rsquo;utiliser <strong>un soin thermo-protecteur<\/strong> adapt\u00e9 avant l&rsquo;utilisation de <strong>ton appareil de coiffure chauffant<\/strong>. \ud83c\udf21\ufe0f<\/p>\n\n\n\n<p>\u2022 <a href=\"https:\/\/www.procoiffure.com\/spray-thermo-protecteur-repair-myriam-k-140ml\" target=\"_blank\" rel=\"noreferrer noopener\">Spray Thermo Protecteur REPAIR de Myriam K<\/a><br>Produit innovant \u00e0 base de <strong>biotine<\/strong>, ce soin se d\u00e9marque par son <strong>pouvoir r\u00e9parateur<\/strong> et <strong>revitalisant<\/strong>. Gr\u00e2ce \u00e0 sa <strong>protection thermique avanc\u00e9e<\/strong>, il prot\u00e9gera ta chevelure des effets n\u00e9fastes de la chaleur.<\/p>\n\n\n\n<p>\u2022 <a href=\"https:\/\/www.procoiffure.com\/soin-lissant-et-protecteur-thermique-steampod-de-l-oreal-professionnel-50ml\" target=\"_blank\" rel=\"noreferrer noopener\">Soin Lissant Thermoprotecteur Steampod de L&rsquo;or\u00e9al Professionnel<\/a><br>C&rsquo;est le premier <strong>soin thermo-protecteur enrichi d&rsquo;Alpha-silane<\/strong> pour prot\u00e9ger les cheveux de <strong>la chaleur et des conditions d&rsquo;humidit\u00e9 extr\u00eame<\/strong> ! Compatible avec tous les lisseurs, il laisse la chevelure instantan\u00e9ment plus <strong>lisse<\/strong>, plus <strong>disciplin\u00e9<\/strong>e et plus <strong>brillant<\/strong>e. \u2728<\/p>\n\n\n\n<p><span style=\"background-color: rgba(0, 0, 0, 0); color: #e7017e;\" class=\"has-inline-color\"><strong>Conseil en +<\/strong><\/span><br>Utiliser l\u2019<strong>air froid<\/strong> de <a href=\"https:\/\/www.procoiffure.com\/catalog\/coiffure\/materiel-electrique\/seche-cheveux\" target=\"_blank\" rel=\"noreferrer noopener\">ton s\u00e8che-cheveux<\/a> permettra de <strong>moins agresser l<\/strong>a fibre capillaire, de refermer les \u00e9cailles et de <strong>fixer ta coiffure<\/strong> ! \ud83d\udca8<br><\/p>\n\n\n\n<h3 class=\"wp-block-heading has-medium-font-size\"><br><span style=\"background-color: rgba(0, 0, 0, 0); color: #e7017e;\" class=\"has-inline-color\"><strong><span style=\"background-color: rgba(0, 0, 0, 0); color: #e7017e;\" class=\"has-inline-color\"><strong><span style=\"background-color: rgba(0, 0, 0, 0); color: #e7017e;\" class=\"has-inline-color\"><strong><span style=\"background-color: rgba(0, 0, 0, 0); color: #e7017e;\" class=\"has-inline-color\"><strong><span style=\"background-color: rgba(0, 0, 0, 0); color: #e7017e;\" class=\"has-inline-color\"><strong>Erreur #3 &#8211; Ne pas hydrater ses cheveux<\/strong><\/span><\/strong><\/span><\/strong><\/span><\/strong><\/span><\/strong><\/span><\/h3>\n\n\n\n<p>Pour <strong>contrer les effets n\u00e9fastes de la chaleur<\/strong> sur tes cheveux, il est imp\u00e9ratif d&rsquo;<strong>hydrater r\u00e9guli\u00e8rement ta belle crini\u00e8re<\/strong> ;).<br><strong>L&rsquo;hydratation <\/strong>nourrit la fibre capillaire, pr\u00e9serve son \u00e9lasticit\u00e9 et limite la casse et l&rsquo;apparence terne caus\u00e9es par la s\u00e9cheresse.<\/p>\n\n\n\n<p>Il existe de nombreux <strong>shampoings<\/strong>, <strong>soins<\/strong> et <strong>masques<\/strong> sp\u00e9cialement appropri\u00e9s aux <strong>cheveux secs<\/strong>, d\u00e9shydrat\u00e9s et ab\u00eem\u00e9s. Voici notre <strong>TOP 3 du moment<\/strong> pour une chevelure \u00e9clatante !<\/p>\n\n\n\n<p>\u2022 Le <a href=\"https:\/\/www.procoiffure.com\/shampoing-sun-more-milk-shake-250ml\" target=\"_blank\" rel=\"noreferrer noopener\">Shampoing Sun &amp; More de Milk Shake<\/a> <strong>hydratant cheveux et corps<\/strong>, \u00e0 la formule \u00e9quilibr\u00e9e sp\u00e9cifique compos\u00e9e d&rsquo;huiles nourrissantes, d&rsquo;agents hydratants, vitamine E et filtre solaire, nettoie, <strong>prot\u00e8ge<\/strong> et <strong>hydrate la peau<\/strong> et <strong>les cheveux<\/strong>. Le <a href=\"https:\/\/www.procoiffure.com\/masque-sun-more-milk-shake-200ml\" target=\"_blank\" rel=\"noreferrer noopener\">Masque Sun &amp; More de Milk Shake<\/a> <strong>est un <\/strong>masque riche et profond \u00e0 utiliser apr\u00e8s chaque shampoing pour combattre <strong>la d\u00e9shydratation<\/strong> provoqu\u00e9e par le <strong>soleil<\/strong>, le <strong>sel<\/strong>, le <strong>vent<\/strong> et le <strong>chlore<\/strong>.<\/p>\n\n\n\n<p>\u2022 <a href=\"https:\/\/www.procoiffure.com\/brand\/subtil&amp;keyword=hydratation%20active\">Gamme Hydratation ColorLab de Subtil<\/a><br>D\u00e9couvrez le <a href=\"https:\/\/www.procoiffure.com\/shampooing-hydratation-active-colorlab-subtil-100ml\">shampooing Hydratation Active<\/a>, le <strong><a href=\"https:\/\/www.procoiffure.com\/masque-hydratation-active-colorlab-subtil-50ml\">masque Hydratation Active<\/a><\/strong> et l&rsquo;<strong><a href=\"https:\/\/www.procoiffure.com\/huile-corps-et-cheveux-iconic-subtil-care-30ml\">Huile Corps et Cheveux<\/a><\/strong>. Une gamme compl\u00e8te pour avoir des cheveux bien hydrat\u00e9s tout l&rsquo;\u00e9t\u00e9 !<\/p>\n\n\n\n<p>\u2022 <a href=\"https:\/\/www.procoiffure.com\/catalogsearch\/bond%20therapy&amp;familly=&amp;order=pert\" target=\"_blank\" rel=\"noreferrer noopener\">La Gamme Bond Therapy de Biolage<\/a> qui vise \u00e0 r\u00e9duire la casse et les pointes fourchues, <strong>nourrir les cheveux<\/strong> tout en renfor\u00e7ant leur <strong>r\u00e9sistance<\/strong> ! \ud83d\udcaa<\/p>\n\n\n\n<p><span style=\"background-color: rgba(0, 0, 0, 0); color: #e7017e;\" class=\"has-inline-color\"><strong>Conseil en +<\/strong><\/span><br>En compl\u00e9ment, <strong>pense \u00e0 boire beaucoup d&rsquo;eau<\/strong> pour hydrater ta fibre capillaire et pr\u00e9venir la d\u00e9shydratation.<br><\/p>\n\n\n\n<h3 class=\"wp-block-heading has-medium-font-size\"><br><span style=\"background-color: rgba(0, 0, 0, 0); color: #e7017e;\" class=\"has-inline-color\"><strong><span style=\"background-color: rgba(0, 0, 0, 0); color: #e7017e;\" class=\"has-inline-color\"><strong><span style=\"background-color: rgba(0, 0, 0, 0); color: #e7017e;\" class=\"has-inline-color\"><strong><span style=\"background-color: rgba(0, 0, 0, 0); color: #e7017e;\" class=\"has-inline-color\"><strong>Erreur #4 &#8211; Ne pas rincer ses cheveux apr\u00e8s la baignade<\/strong><\/span><\/strong><\/span><\/strong><\/span><\/strong><\/span><\/h3>\n\n\n\n<p>Ne commets pas cette erreur ! Les <strong>grains de sable<\/strong>, le <strong>sel<\/strong>, le <strong>calcaire<\/strong> et le <strong>chlore<\/strong> sont des \u00e9l\u00e9ments agressifs pour <strong>la fibre capillaire<\/strong>. De plus, ces types de r\u00e9sidus peuvent causer des <strong>irritations du cuir chevelu<\/strong> et des <strong>d\u00e9mangeaisons<\/strong>. Pour limiter les <strong>dommages caus\u00e9s<\/strong> par l&rsquo;<strong>eau de mer<\/strong> ou de <strong>piscine<\/strong>, il est recommand\u00e9 de <strong>rincer tes cheveux \u00e0 l&rsquo;eau claire apr\u00e8s chaque baignade<\/strong> afin d&rsquo;\u00e9liminer le sel ou le chlore. En plus cela t&rsquo;\u00e9vitera <strong>les m\u00e8ches rebelles<\/strong> et <strong>la sensation r\u00eache<\/strong>, d\u00e9sagr\u00e9able au toucher !<\/p>\n\n\n\n<p>Alors <strong>go faire un petit tour par la douche de la plage ou de la piscine<\/strong>\u2026 oui oui aller, un petit effort, tes cheveux te remercieront ! \ud83d\ude42<\/p>\n\n\n\n<p>Afin d&rsquo;<strong>\u00e9liminer efficacement les r\u00e9sidus<\/strong> et autres d\u00e9p\u00f4ts, opte pour <strong>un gommage capillaire<\/strong> :<\/p>\n\n\n\n<p>\u2022 <a href=\"https:\/\/www.procoiffure.com\/gommage-capillaire-nettoyant-scalp-myriam-k-250ml\" target=\"_blank\" rel=\"noreferrer noopener\">Gommage Capillaire Nettoyant Scalp de Myriam K<\/a><br>Ce produit se compose de <strong>micro-granules v\u00e9g\u00e9tales<\/strong> fabriqu\u00e9es \u00e0 partir de <strong>noisettes<\/strong> et <strong>amandes<\/strong>, magique, il <strong>nettoie en profondeur<\/strong> et <strong>\u00e9limine les impuret\u00e9s<\/strong> telles que le s\u00e9bum, les peaux mortes et les pellicules. \ud83c\udfdd\ufe0f<\/p>\n\n\n\n<p>\u2022 <a href=\"https:\/\/www.procoiffure.com\/gommage-capillaire-argila-200mlmulato\" target=\"_blank\" rel=\"noreferrer noopener\">Gommage Capillaire Argila de Mulato<\/a><br>Ce <strong>gommage d\u00e9toxifie<\/strong>, purifie et assouplit tous les types de cheveux. Compos\u00e9 d&rsquo;<strong>argile blanche exfoliante<\/strong>, appel\u00e9e \u00e9galement Kaolin, connue pour ses <strong>propri\u00e9t\u00e9s nettoyantes<\/strong> et <strong>r\u00e9paratrices<\/strong>.<\/p>\n\n\n\n<p>\u2022 <a href=\"https:\/\/www.procoiffure.com\/brosse-de-massage-a-picots-rose-myriam-k\" target=\"_blank\" rel=\"noreferrer noopener\">Brosse de Massage \u00e0 Picots Rose de Myriam K<\/a><br>Gr\u00e2ce \u00e0 ses <strong>picots souples en silicone<\/strong>, elle offre <strong>un massage en profondeur du cuir chevelu<\/strong> id\u00e9al pour faire mousser son shampoing et nettoyer plus efficacement ses cheveux. Stimulant la circulation sanguine, elle favorise aussi <strong>la croissance des cheveux<\/strong>.<\/p>\n\n\n\n<p><span style=\"background-color: rgba(0, 0, 0, 0); color: #e7017e;\" class=\"has-inline-color\"><strong>Conseil en +<\/strong><\/span><br><strong>Brosse tes cheveux r\u00e9guli\u00e8rement<\/strong> pour \u00e9liminer <strong>la poussi\u00e8re<\/strong> et <strong>les grains de sable<\/strong> !<br>D\u00e9couvre <a href=\"https:\/\/www.procoiffure.com\/brosse-tangle-teezer-the-original\">la brosse Tangle Teezer<\/a> \u00e0 emporter partout avec toi !<br><\/p>\n\n\n\n<h3 class=\"wp-block-heading has-medium-font-size\"><br><span style=\"background-color: rgba(0, 0, 0, 0); color: #e7017e;\" class=\"has-inline-color\"><strong><span style=\"background-color: rgba(0, 0, 0, 0); color: #e7017e;\" class=\"has-inline-color\"><strong><span style=\"background-color: rgba(0, 0, 0, 0); color: #e7017e;\" class=\"has-inline-color\"><strong><span style=\"background-color: rgba(0, 0, 0, 0); color: #e7017e;\" class=\"has-inline-color\"><strong>Erreur #5 &#8211; Attacher ses cheveux mouill\u00e9s<\/strong><\/span><\/strong><\/span><\/strong><\/span><\/strong><\/span><\/h3>\n\n\n\n<p>Les <strong>cheveux mouill\u00e9s sont d\u00e9j\u00e0 fragiles<\/strong>, attacher tes longueurs en queue de cheval, chignon ou tresse contribue \u00e0 fragiliser ta chevelure. Assure-toi qu&rsquo;ils soient bien <strong>secs<\/strong> avant de sortir tes <strong>chouchous<\/strong>. Pour des <strong>cheveux rel\u00e2ch\u00e9s<\/strong> et <strong>disciplin\u00e9s<\/strong>, tu peux utiliser <strong>un spray d\u00e9m\u00ealant<\/strong> ainsi qu&rsquo;une <strong>brosse adapt\u00e9e<\/strong> \u00e0 ton type de cheveux.<\/p>\n\n\n\n<p>\u2022 Parce que l&rsquo;\u00e9lastique participe \u00e0 casser <strong>la fibre capillaire<\/strong>, pr\u00e9f\u00e8re donc les bandeaux, rubans ou les chouchous en tissu !<\/p>\n\n\n\n<p>\u2022 Il existe des <strong>brosses \u00e0 picots<\/strong> sp\u00e9cialement \u00e9tudi\u00e9es pour <strong>d\u00e9m\u00ealer les cheveux<\/strong> en douceur. Il existe aussi des <strong>brosses<\/strong> adapt\u00e9s pour les <strong>cheveux fins<\/strong>, <strong>normaux<\/strong> ou <strong>\u00e9pais<\/strong> ! <a href=\"https:\/\/www.procoiffure.com\/catalogsearch\/brosse%20d%C3%A9m%C3%AAlante&amp;familly=&amp;order=pert\" target=\"_blank\" rel=\"noreferrer noopener\">Trouve la tienne ici<\/a> !<\/p>\n\n\n\n<p>\u2022 <a href=\"https:\/\/www.procoiffure.com\/soin-demelant-instantane-protection-solaire-equave-revlon-100ml\" target=\"_blank\" rel=\"noreferrer noopener\">Soin D\u00e9m\u00ealant Instantan\u00e9 Protection Solaire de Equave<\/a> pour <strong>cheveux expos\u00e9s au soleil<\/strong> hydrate et prot\u00e8ge des UV. Une <strong>double action<\/strong> qui d\u00e9m\u00eale et prot\u00e8ge, une approche technique pour un <strong>r\u00e9sultat professionnel<\/strong>. \ud83e\uddf4<\/p>\n\n\n\n<p><span style=\"background-color: rgba(0, 0, 0, 0); color: #e7017e;\" class=\"has-inline-color\"><strong>Conseil en +<\/strong><\/span><br><strong>Evite<\/strong> tout simplement, si possible, de <strong>te mouiller les cheveux \u00e0 la mer ou \u00e0 la piscine<\/strong>.<br>Chez toi, utilise <strong>un adoucisseur d&rsquo;eau<\/strong> pour limiter les effets du <strong>calcaire<\/strong> sur tes cheveux.<br><\/p>\n\n\n\n<h3 class=\"wp-block-heading has-medium-font-size\"><br><span style=\"background-color: rgba(0, 0, 0, 0); color: #e7017e;\" class=\"has-inline-color\"><span style=\"background-color: rgba(0, 0, 0, 0); color: #e7017e;\" class=\"has-inline-color\"><span style=\"background-color: rgba(0, 0, 0, 0); color: #e7017e;\" class=\"has-inline-color\"><span style=\"background-color: rgba(0, 0, 0, 0); color: #e7017e;\" class=\"has-inline-color\"><strong>Erreur #6 &#8211; Se d\u00e9colorer les cheveux l&rsquo;\u00e9t\u00e9<\/strong><\/span><\/span><\/span><\/span><\/h3>\n\n\n\n<p><strong>Evite la d\u00e9coloration<\/strong> qui ass\u00e8che beaucoup la chevelure <strong>juste avant tes vacances<\/strong> ! Et pour cause ! Le chlore peut <strong>d\u00e9colorer <\/strong>la chevelure surtout s&rsquo;ils sont color\u00e9s ou les faire virer aux <strong>reflets verts<\/strong>\u2026 peu rago\u00fbtants ! De plus, comme <strong>le Soleil \u00e9claircit d\u00e9j\u00e0 tes cheveux<\/strong> naturellement, cela risquerait de trop les d\u00e9colorer et <strong>trop les fragiliser<\/strong>.<\/p>\n\n\n\n<p>Opte pour des <strong>solutions qui viendront mettre en valeur tes cheveux<\/strong> ou <strong>maintenir<\/strong> ton blond :<\/p>\n\n\n\n<ul class=\"wp-block-list\">\n<li><a href=\"https:\/\/www.procoiffure.com\/catalogsearch\/blondifier&amp;familly=&amp;order=pert\" target=\"_blank\" rel=\"noreferrer noopener\">Gloss Blondifier S\u00e9rie Expert de L&rsquo;Or\u00e9al Professionnel<\/a> restaure et <strong>illumine les cheveux blonds<\/strong>. \ud83d\udc9b<\/li>\n\n\n\n<li><a href=\"https:\/\/www.procoiffure.com\/catalogsearch\/blondage&amp;familly=&amp;order=pert\">Color Extend Blondage de Redken<\/a> <strong>neutralisen<\/strong>t<strong> les reflets ind\u00e9sirables<\/strong> et pr\u00e9servent l&rsquo;\u00e9clat du blond.<\/li>\n\n\n\n<li><a href=\"https:\/\/www.procoiffure.com\/styling-beach-spray-texturisant-effet-plage-redken-125ml\">Beach Spray de L&rsquo;Or\u00e9al Professionnel<\/a> est <strong>une solution coiffante<\/strong> non alourdissant booste le volume et apporte du corps pour un look mat d\u00e9coiff\u00e9 ! <strong>Effet retour de plage<\/strong> ! \ud83c\udf0a<\/li>\n<\/ul>\n\n\n\n<p><span style=\"background-color: rgba(0, 0, 0, 0); color: #e7017e;\" class=\"has-inline-color\"><strong>Conseil en +<\/strong><\/span><br>Anticipe et <strong>prends d\u00e9j\u00e0 RDV chez ton coiffeur<\/strong> pour la rentr\u00e9e ! Avec les conseils d&rsquo;un professionnel, tes cheveux, apr\u00e8s les vacances, d\u00e9buteront la nouvelle ann\u00e9e en toute s\u00e9r\u00e9nit\u00e9.<\/p>\n\n\n\n<p>Et toi ? Quelle <strong>erreur<\/strong> commets-tu le plus souvent ? Vas-tu <strong>changer tes habitudes<\/strong> et tester nos <strong>conseils<\/strong> ou les <strong>produits<\/strong> ? R\u00e9ponds en commentaire. \ud83d\udc47<\/p>\n\n\n\n<p>#cheveux #secs #coiffure #ete #soleil #sel #sable #chlore #protectionsolaire #antiuv #hydratation #erreur #conseils #tips #astuces #beaute #produit #soin #shopping<\/p>\n","protected":false},"excerpt":{"rendered":"<p>Tu r\u00eaves d&rsquo;une chevelure douce et soyeuse m\u00eame en plein \u00e9t\u00e9 ?\u2728 Que tu sois fan des vacances \u00e0 la plage, adepte des heures \u00e0 l\u00e9zarder au bord de la piscine ou passionn\u00e9(e) de randonn\u00e9es ensoleill\u00e9es. C&rsquo;est possible ! \ud83d\ude03 Adopte nos conseils d\u00e8s maintenant pour pr\u00e9server tes cheveux tout l&rsquo;\u00e9t\u00e9 ! \ud83d\udc49<\/p>\n","protected":false},"author":2,"featured_media":3074,"comment_status":"open","ping_status":"open","sticky":false,"template":"","format":"standard","meta":{"_jetpack_memberships_contains_paid_content":false,"footnotes":""},"categories":[5,7,12],"tags":[216,21,92,22,55,11,23,219,90,200,220,222,217,214,213,156,52,197,93],"class_list":["post-1918","post","type-post","status-publish","format-standard","has-post-thumbnail","hentry","category-coiffure","category-tendance","category-tutoriels-et-conseils","tag-antiuv","tag-astuces","tag-beaute","tag-cheveux","tag-chlore","tag-coiffure","tag-conseils","tag-erreur","tag-ete","tag-hydratation","tag-produit","tag-protection-solaire","tag-sable","tag-secs","tag-sel","tag-shopping","tag-soin","tag-soleil","tag-tips"],"yoast_head":"<!-- This site is optimized with the Yoast SEO plugin v27.2 - https:\/\/yoast.com\/product\/yoast-seo-wordpress\/ -->\n<title>Comment ne pas ab\u00eemer ses cheveux en \u00e9t\u00e9 ? \u2600\ufe0f | L&#039;actu beaut\u00e9 | Pro Coiffure Esht\u00e9tique<\/title>\n<meta name=\"description\" content=\"D\u00e9couvre nos astuces pour des cheveux doux et soyeux tout l&#039;\u00e9t\u00e9, m\u00eame apr\u00e8s une journ\u00e9e \u00e0 la plage, \u00e0 la piscine ou en randonn\u00e9e.\" \/>\n<meta name=\"robots\" content=\"index, follow, max-snippet:-1, max-image-preview:large, max-video-preview:-1\" \/>\n<link rel=\"canonical\" href=\"https:\/\/www.procoiffure.com\/blog\/comment-ne-pas-abimer-ses-cheveux-en-ete\/\" \/>\n<meta property=\"og:locale\" content=\"fr_FR\" \/>\n<meta property=\"og:type\" content=\"article\" \/>\n<meta property=\"og:title\" content=\"Comment ne pas ab\u00eemer ses cheveux en \u00e9t\u00e9 ? \u2600\ufe0f | L&#039;actu beaut\u00e9 | Pro Coiffure Esht\u00e9tique\" \/>\n<meta property=\"og:description\" content=\"D\u00e9couvre nos astuces pour des cheveux doux et soyeux tout l&#039;\u00e9t\u00e9, m\u00eame apr\u00e8s une journ\u00e9e \u00e0 la plage, \u00e0 la piscine ou en randonn\u00e9e.\" \/>\n<meta property=\"og:url\" content=\"https:\/\/www.procoiffure.com\/blog\/comment-ne-pas-abimer-ses-cheveux-en-ete\/\" \/>\n<meta property=\"og:site_name\" content=\"L&#039;actu beaut\u00e9 | Pro Coiffure Esht\u00e9tique\" \/>\n<meta property=\"article:published_time\" content=\"2024-07-16T15:18:52+00:00\" \/>\n<meta property=\"article:modified_time\" content=\"2025-07-07T12:32:36+00:00\" \/>\n<meta property=\"og:image\" content=\"https:\/\/www.procoiffure.com\/blog\/wp-content\/uploads\/2025\/03\/comment-ne-pas-abimer-ses-cheveux-en-ete.jpg\" \/>\n\t<meta property=\"og:image:width\" content=\"600\" \/>\n\t<meta property=\"og:image:height\" content=\"600\" \/>\n\t<meta property=\"og:image:type\" content=\"image\/jpeg\" \/>\n<meta name=\"author\" content=\"Salma RHARIB\" \/>\n<meta name=\"twitter:card\" content=\"summary_large_image\" \/>\n<meta name=\"twitter:label1\" content=\"\u00c9crit par\" \/>\n\t<meta name=\"twitter:data1\" content=\"Salma RHARIB\" \/>\n\t<meta name=\"twitter:label2\" content=\"Dur\u00e9e de lecture estim\u00e9e\" \/>\n\t<meta name=\"twitter:data2\" content=\"7 minutes\" \/>\n<script type=\"application\/ld+json\" class=\"yoast-schema-graph\">{\"@context\":\"https:\/\/schema.org\",\"@graph\":[{\"@type\":\"Article\",\"@id\":\"https:\/\/www.procoiffure.com\/blog\/comment-ne-pas-abimer-ses-cheveux-en-ete\/#article\",\"isPartOf\":{\"@id\":\"https:\/\/www.procoiffure.com\/blog\/comment-ne-pas-abimer-ses-cheveux-en-ete\/\"},\"author\":{\"name\":\"Salma RHARIB\",\"@id\":\"https:\/\/www.procoiffure.com\/blog\/#\/schema\/person\/0e1a122edba3c6ff7099de5d0170f5b9\"},\"headline\":\"Comment ne pas ab\u00eemer ses cheveux en \u00e9t\u00e9 ? \u2600\ufe0f\",\"datePublished\":\"2024-07-16T15:18:52+00:00\",\"dateModified\":\"2025-07-07T12:32:36+00:00\",\"mainEntityOfPage\":{\"@id\":\"https:\/\/www.procoiffure.com\/blog\/comment-ne-pas-abimer-ses-cheveux-en-ete\/\"},\"wordCount\":1444,\"commentCount\":0,\"publisher\":{\"@id\":\"https:\/\/www.procoiffure.com\/blog\/#organization\"},\"image\":{\"@id\":\"https:\/\/www.procoiffure.com\/blog\/comment-ne-pas-abimer-ses-cheveux-en-ete\/#primaryimage\"},\"thumbnailUrl\":\"https:\/\/www.procoiffure.com\/blog\/wp-content\/uploads\/2025\/03\/comment-ne-pas-abimer-ses-cheveux-en-ete.jpg\",\"keywords\":[\"antiuv\",\"astuces\",\"beaute\",\"cheveux\",\"chlore\",\"coiffure\",\"conseils\",\"erreur\",\"ete\",\"hydratation\",\"produit\",\"protection solaire\",\"sable\",\"secs\",\"sel\",\"shopping\",\"soin\",\"soleil\",\"tips\"],\"articleSection\":[\"Coiffure\",\"Tendance\",\"Tutoriels &amp; Conseils\"],\"inLanguage\":\"fr-FR\",\"potentialAction\":[{\"@type\":\"CommentAction\",\"name\":\"Comment\",\"target\":[\"https:\/\/www.procoiffure.com\/blog\/comment-ne-pas-abimer-ses-cheveux-en-ete\/#respond\"]}]},{\"@type\":\"WebPage\",\"@id\":\"https:\/\/www.procoiffure.com\/blog\/comment-ne-pas-abimer-ses-cheveux-en-ete\/\",\"url\":\"https:\/\/www.procoiffure.com\/blog\/comment-ne-pas-abimer-ses-cheveux-en-ete\/\",\"name\":\"Comment ne pas ab\u00eemer ses cheveux en \u00e9t\u00e9 ? \u2600\ufe0f | L&#039;actu beaut\u00e9 | Pro Coiffure Esht\u00e9tique\",\"isPartOf\":{\"@id\":\"https:\/\/www.procoiffure.com\/blog\/#website\"},\"primaryImageOfPage\":{\"@id\":\"https:\/\/www.procoiffure.com\/blog\/comment-ne-pas-abimer-ses-cheveux-en-ete\/#primaryimage\"},\"image\":{\"@id\":\"https:\/\/www.procoiffure.com\/blog\/comment-ne-pas-abimer-ses-cheveux-en-ete\/#primaryimage\"},\"thumbnailUrl\":\"https:\/\/www.procoiffure.com\/blog\/wp-content\/uploads\/2025\/03\/comment-ne-pas-abimer-ses-cheveux-en-ete.jpg\",\"datePublished\":\"2024-07-16T15:18:52+00:00\",\"dateModified\":\"2025-07-07T12:32:36+00:00\",\"description\":\"D\u00e9couvre nos astuces pour des cheveux doux et soyeux tout l'\u00e9t\u00e9, m\u00eame apr\u00e8s une journ\u00e9e \u00e0 la plage, \u00e0 la piscine ou en randonn\u00e9e.\",\"breadcrumb\":{\"@id\":\"https:\/\/www.procoiffure.com\/blog\/comment-ne-pas-abimer-ses-cheveux-en-ete\/#breadcrumb\"},\"inLanguage\":\"fr-FR\",\"potentialAction\":[{\"@type\":\"ReadAction\",\"target\":[\"https:\/\/www.procoiffure.com\/blog\/comment-ne-pas-abimer-ses-cheveux-en-ete\/\"]}]},{\"@type\":\"ImageObject\",\"inLanguage\":\"fr-FR\",\"@id\":\"https:\/\/www.procoiffure.com\/blog\/comment-ne-pas-abimer-ses-cheveux-en-ete\/#primaryimage\",\"url\":\"https:\/\/www.procoiffure.com\/blog\/wp-content\/uploads\/2025\/03\/comment-ne-pas-abimer-ses-cheveux-en-ete.jpg\",\"contentUrl\":\"https:\/\/www.procoiffure.com\/blog\/wp-content\/uploads\/2025\/03\/comment-ne-pas-abimer-ses-cheveux-en-ete.jpg\",\"width\":600,\"height\":600},{\"@type\":\"BreadcrumbList\",\"@id\":\"https:\/\/www.procoiffure.com\/blog\/comment-ne-pas-abimer-ses-cheveux-en-ete\/#breadcrumb\",\"itemListElement\":[{\"@type\":\"ListItem\",\"position\":1,\"name\":\"Accueil\",\"item\":\"https:\/\/www.procoiffure.com\/blog\/\"},{\"@type\":\"ListItem\",\"position\":2,\"name\":\"Comment ne pas ab\u00eemer ses cheveux en \u00e9t\u00e9 ? \u2600\ufe0f\"}]},{\"@type\":\"WebSite\",\"@id\":\"https:\/\/www.procoiffure.com\/blog\/#website\",\"url\":\"https:\/\/www.procoiffure.com\/blog\/\",\"name\":\"L'actu beaut\u00e9 | Pro Coiffure Esth\u00e9tique\",\"description\":\"\",\"publisher\":{\"@id\":\"https:\/\/www.procoiffure.com\/blog\/#organization\"},\"potentialAction\":[{\"@type\":\"SearchAction\",\"target\":{\"@type\":\"EntryPoint\",\"urlTemplate\":\"https:\/\/www.procoiffure.com\/blog\/?s={search_term_string}\"},\"query-input\":{\"@type\":\"PropertyValueSpecification\",\"valueRequired\":true,\"valueName\":\"search_term_string\"}}],\"inLanguage\":\"fr-FR\"},{\"@type\":\"Organization\",\"@id\":\"https:\/\/www.procoiffure.com\/blog\/#organization\",\"name\":\"Le Blog de No\u00e9mie\",\"url\":\"https:\/\/www.procoiffure.com\/blog\/\",\"logo\":{\"@type\":\"ImageObject\",\"inLanguage\":\"fr-FR\",\"@id\":\"https:\/\/www.procoiffure.com\/blog\/#\/schema\/logo\/image\/\",\"url\":\"https:\/\/www.procoiffure.com\/blog\/wp-content\/uploads\/2025\/03\/LOGO-BLOG-1.png\",\"contentUrl\":\"https:\/\/www.procoiffure.com\/blog\/wp-content\/uploads\/2025\/03\/LOGO-BLOG-1.png\",\"width\":998,\"height\":397,\"caption\":\"Le Blog de No\u00e9mie\"},\"image\":{\"@id\":\"https:\/\/www.procoiffure.com\/blog\/#\/schema\/logo\/image\/\"}},{\"@type\":\"Person\",\"@id\":\"https:\/\/www.procoiffure.com\/blog\/#\/schema\/person\/0e1a122edba3c6ff7099de5d0170f5b9\",\"name\":\"Salma RHARIB\",\"image\":{\"@type\":\"ImageObject\",\"inLanguage\":\"fr-FR\",\"@id\":\"https:\/\/secure.gravatar.com\/avatar\/474c0e28d67a213b71f0ebdb57b798ea3358dd2684e6a8db7c8f5a824c6599eb?s=96&d=color&r=g\",\"url\":\"https:\/\/secure.gravatar.com\/avatar\/474c0e28d67a213b71f0ebdb57b798ea3358dd2684e6a8db7c8f5a824c6599eb?s=96&d=color&r=g\",\"contentUrl\":\"https:\/\/secure.gravatar.com\/avatar\/474c0e28d67a213b71f0ebdb57b798ea3358dd2684e6a8db7c8f5a824c6599eb?s=96&d=color&r=g\",\"caption\":\"Salma RHARIB\"},\"url\":\"https:\/\/www.procoiffure.com\/blog\/author\/salmaprocoiffure-fr\/\"}]}<\/script>\n<!-- \/ Yoast SEO plugin. -->","yoast_head_json":{"title":"Comment ne pas ab\u00eemer ses cheveux en \u00e9t\u00e9 ? \u2600\ufe0f | L&#039;actu beaut\u00e9 | Pro Coiffure Esht\u00e9tique","description":"D\u00e9couvre nos astuces pour des cheveux doux et soyeux tout l'\u00e9t\u00e9, m\u00eame apr\u00e8s une journ\u00e9e \u00e0 la plage, \u00e0 la piscine ou en randonn\u00e9e.","robots":{"index":"index","follow":"follow","max-snippet":"max-snippet:-1","max-image-preview":"max-image-preview:large","max-video-preview":"max-video-preview:-1"},"canonical":"https:\/\/www.procoiffure.com\/blog\/comment-ne-pas-abimer-ses-cheveux-en-ete\/","og_locale":"fr_FR","og_type":"article","og_title":"Comment ne pas ab\u00eemer ses cheveux en \u00e9t\u00e9 ? \u2600\ufe0f | L&#039;actu beaut\u00e9 | Pro Coiffure Esht\u00e9tique","og_description":"D\u00e9couvre nos astuces pour des cheveux doux et soyeux tout l'\u00e9t\u00e9, m\u00eame apr\u00e8s une journ\u00e9e \u00e0 la plage, \u00e0 la piscine ou en randonn\u00e9e.","og_url":"https:\/\/www.procoiffure.com\/blog\/comment-ne-pas-abimer-ses-cheveux-en-ete\/","og_site_name":"L&#039;actu beaut\u00e9 | Pro Coiffure Esht\u00e9tique","article_published_time":"2024-07-16T15:18:52+00:00","article_modified_time":"2025-07-07T12:32:36+00:00","og_image":[{"width":600,"height":600,"url":"https:\/\/www.procoiffure.com\/blog\/wp-content\/uploads\/2025\/03\/comment-ne-pas-abimer-ses-cheveux-en-ete.jpg","type":"image\/jpeg"}],"author":"Salma RHARIB","twitter_card":"summary_large_image","twitter_misc":{"\u00c9crit par":"Salma RHARIB","Dur\u00e9e de lecture estim\u00e9e":"7 minutes"},"schema":{"@context":"https:\/\/schema.org","@graph":[{"@type":"Article","@id":"https:\/\/www.procoiffure.com\/blog\/comment-ne-pas-abimer-ses-cheveux-en-ete\/#article","isPartOf":{"@id":"https:\/\/www.procoiffure.com\/blog\/comment-ne-pas-abimer-ses-cheveux-en-ete\/"},"author":{"name":"Salma RHARIB","@id":"https:\/\/www.procoiffure.com\/blog\/#\/schema\/person\/0e1a122edba3c6ff7099de5d0170f5b9"},"headline":"Comment ne pas ab\u00eemer ses cheveux en \u00e9t\u00e9 ? \u2600\ufe0f","datePublished":"2024-07-16T15:18:52+00:00","dateModified":"2025-07-07T12:32:36+00:00","mainEntityOfPage":{"@id":"https:\/\/www.procoiffure.com\/blog\/comment-ne-pas-abimer-ses-cheveux-en-ete\/"},"wordCount":1444,"commentCount":0,"publisher":{"@id":"https:\/\/www.procoiffure.com\/blog\/#organization"},"image":{"@id":"https:\/\/www.procoiffure.com\/blog\/comment-ne-pas-abimer-ses-cheveux-en-ete\/#primaryimage"},"thumbnailUrl":"https:\/\/www.procoiffure.com\/blog\/wp-content\/uploads\/2025\/03\/comment-ne-pas-abimer-ses-cheveux-en-ete.jpg","keywords":["antiuv","astuces","beaute","cheveux","chlore","coiffure","conseils","erreur","ete","hydratation","produit","protection solaire","sable","secs","sel","shopping","soin","soleil","tips"],"articleSection":["Coiffure","Tendance","Tutoriels &amp; Conseils"],"inLanguage":"fr-FR","potentialAction":[{"@type":"CommentAction","name":"Comment","target":["https:\/\/www.procoiffure.com\/blog\/comment-ne-pas-abimer-ses-cheveux-en-ete\/#respond"]}]},{"@type":"WebPage","@id":"https:\/\/www.procoiffure.com\/blog\/comment-ne-pas-abimer-ses-cheveux-en-ete\/","url":"https:\/\/www.procoiffure.com\/blog\/comment-ne-pas-abimer-ses-cheveux-en-ete\/","name":"Comment ne pas ab\u00eemer ses cheveux en \u00e9t\u00e9 ? \u2600\ufe0f | L&#039;actu beaut\u00e9 | Pro Coiffure Esht\u00e9tique","isPartOf":{"@id":"https:\/\/www.procoiffure.com\/blog\/#website"},"primaryImageOfPage":{"@id":"https:\/\/www.procoiffure.com\/blog\/comment-ne-pas-abimer-ses-cheveux-en-ete\/#primaryimage"},"image":{"@id":"https:\/\/www.procoiffure.com\/blog\/comment-ne-pas-abimer-ses-cheveux-en-ete\/#primaryimage"},"thumbnailUrl":"https:\/\/www.procoiffure.com\/blog\/wp-content\/uploads\/2025\/03\/comment-ne-pas-abimer-ses-cheveux-en-ete.jpg","datePublished":"2024-07-16T15:18:52+00:00","dateModified":"2025-07-07T12:32:36+00:00","description":"D\u00e9couvre nos astuces pour des cheveux doux et soyeux tout l'\u00e9t\u00e9, m\u00eame apr\u00e8s une journ\u00e9e \u00e0 la plage, \u00e0 la piscine ou en randonn\u00e9e.","breadcrumb":{"@id":"https:\/\/www.procoiffure.com\/blog\/comment-ne-pas-abimer-ses-cheveux-en-ete\/#breadcrumb"},"inLanguage":"fr-FR","potentialAction":[{"@type":"ReadAction","target":["https:\/\/www.procoiffure.com\/blog\/comment-ne-pas-abimer-ses-cheveux-en-ete\/"]}]},{"@type":"ImageObject","inLanguage":"fr-FR","@id":"https:\/\/www.procoiffure.com\/blog\/comment-ne-pas-abimer-ses-cheveux-en-ete\/#primaryimage","url":"https:\/\/www.procoiffure.com\/blog\/wp-content\/uploads\/2025\/03\/comment-ne-pas-abimer-ses-cheveux-en-ete.jpg","contentUrl":"https:\/\/www.procoiffure.com\/blog\/wp-content\/uploads\/2025\/03\/comment-ne-pas-abimer-ses-cheveux-en-ete.jpg","width":600,"height":600},{"@type":"BreadcrumbList","@id":"https:\/\/www.procoiffure.com\/blog\/comment-ne-pas-abimer-ses-cheveux-en-ete\/#breadcrumb","itemListElement":[{"@type":"ListItem","position":1,"name":"Accueil","item":"https:\/\/www.procoiffure.com\/blog\/"},{"@type":"ListItem","position":2,"name":"Comment ne pas ab\u00eemer ses cheveux en \u00e9t\u00e9 ? \u2600\ufe0f"}]},{"@type":"WebSite","@id":"https:\/\/www.procoiffure.com\/blog\/#website","url":"https:\/\/www.procoiffure.com\/blog\/","name":"L'actu beaut\u00e9 | Pro Coiffure Esth\u00e9tique","description":"","publisher":{"@id":"https:\/\/www.procoiffure.com\/blog\/#organization"},"potentialAction":[{"@type":"SearchAction","target":{"@type":"EntryPoint","urlTemplate":"https:\/\/www.procoiffure.com\/blog\/?s={search_term_string}"},"query-input":{"@type":"PropertyValueSpecification","valueRequired":true,"valueName":"search_term_string"}}],"inLanguage":"fr-FR"},{"@type":"Organization","@id":"https:\/\/www.procoiffure.com\/blog\/#organization","name":"Le Blog de No\u00e9mie","url":"https:\/\/www.procoiffure.com\/blog\/","logo":{"@type":"ImageObject","inLanguage":"fr-FR","@id":"https:\/\/www.procoiffure.com\/blog\/#\/schema\/logo\/image\/","url":"https:\/\/www.procoiffure.com\/blog\/wp-content\/uploads\/2025\/03\/LOGO-BLOG-1.png","contentUrl":"https:\/\/www.procoiffure.com\/blog\/wp-content\/uploads\/2025\/03\/LOGO-BLOG-1.png","width":998,"height":397,"caption":"Le Blog de No\u00e9mie"},"image":{"@id":"https:\/\/www.procoiffure.com\/blog\/#\/schema\/logo\/image\/"}},{"@type":"Person","@id":"https:\/\/www.procoiffure.com\/blog\/#\/schema\/person\/0e1a122edba3c6ff7099de5d0170f5b9","name":"Salma RHARIB","image":{"@type":"ImageObject","inLanguage":"fr-FR","@id":"https:\/\/secure.gravatar.com\/avatar\/474c0e28d67a213b71f0ebdb57b798ea3358dd2684e6a8db7c8f5a824c6599eb?s=96&d=color&r=g","url":"https:\/\/secure.gravatar.com\/avatar\/474c0e28d67a213b71f0ebdb57b798ea3358dd2684e6a8db7c8f5a824c6599eb?s=96&d=color&r=g","contentUrl":"https:\/\/secure.gravatar.com\/avatar\/474c0e28d67a213b71f0ebdb57b798ea3358dd2684e6a8db7c8f5a824c6599eb?s=96&d=color&r=g","caption":"Salma RHARIB"},"url":"https:\/\/www.procoiffure.com\/blog\/author\/salmaprocoiffure-fr\/"}]}},"jetpack_featured_media_url":"https:\/\/www.procoiffure.com\/blog\/wp-content\/uploads\/2025\/03\/comment-ne-pas-abimer-ses-cheveux-en-ete.jpg","jetpack_sharing_enabled":true,"_links":{"self":[{"href":"https:\/\/www.procoiffure.com\/blog\/wp-json\/wp\/v2\/posts\/1918","targetHints":{"allow":["GET"]}}],"collection":[{"href":"https:\/\/www.procoiffure.com\/blog\/wp-json\/wp\/v2\/posts"}],"about":[{"href":"https:\/\/www.procoiffure.com\/blog\/wp-json\/wp\/v2\/types\/post"}],"author":[{"embeddable":true,"href":"https:\/\/www.procoiffure.com\/blog\/wp-json\/wp\/v2\/users\/2"}],"replies":[{"embeddable":true,"href":"https:\/\/www.procoiffure.com\/blog\/wp-json\/wp\/v2\/comments?post=1918"}],"version-history":[{"count":25,"href":"https:\/\/www.procoiffure.com\/blog\/wp-json\/wp\/v2\/posts\/1918\/revisions"}],"predecessor-version":[{"id":3626,"href":"https:\/\/www.procoiffure.com\/blog\/wp-json\/wp\/v2\/posts\/1918\/revisions\/3626"}],"wp:featuredmedia":[{"embeddable":true,"href":"https:\/\/www.procoiffure.com\/blog\/wp-json\/wp\/v2\/media\/3074"}],"wp:attachment":[{"href":"https:\/\/www.procoiffure.com\/blog\/wp-json\/wp\/v2\/media?parent=1918"}],"wp:term":[{"taxonomy":"category","embeddable":true,"href":"https:\/\/www.procoiffure.com\/blog\/wp-json\/wp\/v2\/categories?post=1918"},{"taxonomy":"post_tag","embeddable":true,"href":"https:\/\/www.procoiffure.com\/blog\/wp-json\/wp\/v2\/tags?post=1918"}],"curies":[{"name":"wp","href":"https:\/\/api.w.org\/{rel}","templated":true}]}}