{"id":1857,"date":"2024-06-19T18:00:49","date_gmt":"2024-06-19T16:00:49","guid":{"rendered":"https:\/\/www.procoiffure.com\/blog\/?p=1857"},"modified":"2025-04-02T11:08:54","modified_gmt":"2025-04-02T09:08:54","slug":"ta-routine-beaute-pour-une-peau-radieuse","status":"publish","type":"post","link":"https:\/\/www.procoiffure.com\/blog\/ta-routine-beaute-pour-une-peau-radieuse\/","title":{"rendered":"La routine beaut\u00e9 pour une peau radieuse"},"content":{"rendered":"\n<p>Une bonne routine beaut\u00e9 de soin du visage est un atout essentiel pour maintenir une peau saine et une bonne mine !<br>Peau grasse, s\u00e8che, mixte, sensible ou mature, cette routine am\u00e9liore le teint, l\u2019\u00e9clat et pr\u00e9vient les signes de l\u2019\u00e2ge.<\/p>\n\n\n\n<h2 class=\"wp-block-heading\"><strong>Morning Routine &#8211; Les 6 \u00e9tapes cl\u00e9s du matin <\/strong>! <\/h2>\n\n\n\n<p>Elle implique le nettoyage, la tonification, l&rsquo;application d&rsquo;un s\u00e9rum pour un traitement cibl\u00e9, l&rsquo;utilisation d&rsquo;un soin pour le contour des yeux, sans oublier l&rsquo;hydratation et la protection solaire. <\/p>\n\n\n\n<div class=\"alignnormal\"><div id=\"metaslider-id-1876\" style=\"max-width: 540px;\" class=\"ml-slider-3-106-0 metaslider metaslider-flex metaslider-1876 ml-slider has-dots-nav ms-theme-default\" role=\"region\" aria-label=\"Routine beaute pour une peau radieuse\" data-height=\"675\" data-width=\"540\">\n    <div id=\"metaslider_container_1876\">\n        <div id=\"metaslider_1876\">\n            <ul class='slides'>\n                <li style=\"display: block; width: 100%;\" class=\"slide-1887 ms-image \" aria-roledescription=\"slide\" data-date=\"2024-06-20 16:50:20\" data-filename=\"2-540x675.png\" data-slide-type=\"image\"><img fetchpriority=\"high\" decoding=\"async\" src=\"https:\/\/www.procoiffure.com\/blog\/wp-content\/uploads\/2024\/06\/2-540x675.png\" height=\"675\" width=\"540\" alt=\"morning routine skincare nettoyage de la peau\" class=\"slider-1876 slide-1887 msDefaultImage\" title=\"2\" \/><\/li>\n                <li style=\"display: none; width: 100%;\" class=\"slide-1888 ms-image \" aria-roledescription=\"slide\" data-date=\"2024-06-20 16:50:20\" data-filename=\"3-540x675.png\" data-slide-type=\"image\"><img decoding=\"async\" src=\"https:\/\/www.procoiffure.com\/blog\/wp-content\/uploads\/2024\/06\/3-540x675.png\" height=\"675\" width=\"540\" alt=\"morning routine skincare tonifier la peau\" class=\"slider-1876 slide-1888 msDefaultImage\" title=\"3\" \/><\/li>\n                <li style=\"display: none; width: 100%;\" class=\"slide-1889 ms-image \" aria-roledescription=\"slide\" data-date=\"2024-06-20 16:50:20\" data-filename=\"4-540x675.png\" data-slide-type=\"image\"><img decoding=\"async\" src=\"https:\/\/www.procoiffure.com\/blog\/wp-content\/uploads\/2024\/06\/4-540x675.png\" height=\"675\" width=\"540\" alt=\"morning routine skincare le s\u00e9rum pour la peau\" class=\"slider-1876 slide-1889 msDefaultImage\" title=\"4\" \/><\/li>\n                <li style=\"display: none; width: 100%;\" class=\"slide-1890 ms-image \" aria-roledescription=\"slide\" data-date=\"2024-06-20 16:50:20\" data-filename=\"5-540x675.png\" data-slide-type=\"image\"><img loading=\"lazy\" decoding=\"async\" src=\"https:\/\/www.procoiffure.com\/blog\/wp-content\/uploads\/2024\/06\/5-540x675.png\" height=\"675\" width=\"540\" alt=\"morning routine skincare le contour des yeux\" class=\"slider-1876 slide-1890 msDefaultImage\" title=\"5\" \/><\/li>\n                <li style=\"display: none; width: 100%;\" class=\"slide-1891 ms-image \" aria-roledescription=\"slide\" data-date=\"2024-06-20 16:50:20\" data-filename=\"6-540x675.png\" data-slide-type=\"image\"><img loading=\"lazy\" decoding=\"async\" src=\"https:\/\/www.procoiffure.com\/blog\/wp-content\/uploads\/2024\/06\/6-540x675.png\" height=\"675\" width=\"540\" alt=\"morning routine skincare hydratation de la peau\" class=\"slider-1876 slide-1891 msDefaultImage\" title=\"6\" \/><\/li>\n                <li style=\"display: none; width: 100%;\" class=\"slide-1892 ms-image \" aria-roledescription=\"slide\" data-date=\"2024-06-20 16:50:20\" data-filename=\"7-540x675.png\" data-slide-type=\"image\"><img loading=\"lazy\" decoding=\"async\" src=\"https:\/\/www.procoiffure.com\/blog\/wp-content\/uploads\/2024\/06\/7-540x675.png\" height=\"675\" width=\"540\" alt=\"morning routine skincare protection solaire\" class=\"slider-1876 slide-1892 msDefaultImage\" title=\"7\" \/><\/li>\n            <\/ul>\n        <\/div>\n        \n    <\/div>\n<\/div><\/div>\n\n\n\n<h3 class=\"wp-block-heading has-medium-font-size\"><span style=\"background-color: rgba(0, 0, 0, 0); color: #e7017e;\" class=\"has-inline-color\"><strong><span style=\"background-color: rgba(0, 0, 0, 0); color: #e7017e;\" class=\"has-inline-color\"><strong>#1 &#8211; NETTOYER &#8211; La premi\u00e8re \u00e9tape \u00e0 ne pas sauter !<\/strong><\/span><\/strong><\/span><\/h3>\n\n\n\n<p>Le <strong>nettoyage<\/strong> est un <strong>geste essentiel<\/strong> permet <strong>\u00e9liminer les impuret\u00e9s<\/strong> accumul\u00e9es dans la nuit, l&rsquo;<strong>exc\u00e8s de s\u00e9bum<\/strong> et les <strong>traces de maquillage<\/strong> qui peuvent obstruer les pores et provoquer des <strong>probl\u00e8mes de peau<\/strong> comme l&rsquo;acn\u00e9.<br>Il pr\u00e9pare \u00e9galement la peau \u00e0 recevoir les produits de soin qui suivent, en augmentant leur p\u00e9n\u00e9tration et leur efficacit\u00e9.<br>Quelle que soit la nature de votre peau, le nettoyage est une \u00e9tape incontournable de la routine matinale ! Craquez pour ce <a href=\"https:\/\/www.procoiffure.com\/gel-nettoyant-moussant-elements-250ml\" target=\"_blank\" rel=\"noreferrer noopener\">gel nettoyant moussant \u00e0 l&rsquo;eau florale de Bleuet<\/a> de la marque <strong>Elements<\/strong>.<\/p>\n\n\n\n<h3 class=\"wp-block-heading has-medium-font-size\"><span style=\"background-color: rgba(0, 0, 0, 0); color: #e7017e;\" class=\"has-inline-color\"><strong><span style=\"background-color: rgba(0, 0, 0, 0); color: #e7017e;\" class=\"has-inline-color\"><strong>#2 &#8211; TONIFIER &#8211; R\u00e9\u00e9quilibrer la peau<\/strong><\/span><\/strong><\/span><\/h3>\n\n\n\n<p>Dans votre <strong>routine de soin matinale<\/strong>, la <strong>tonification<\/strong> aide \u00e0 <strong>r\u00e9\u00e9quilibrer votre peau<\/strong> apr\u00e8s le nettoyage. Le tonique est une lotion l\u00e9g\u00e8re qui contient des <strong>ingr\u00e9dients<\/strong> tels que des <strong>antioxydants<\/strong> ou <strong>nutriments<\/strong> b\u00e9n\u00e9fiques pour la peau.<br>Ce produit <strong>restaure le pH naturel de l<\/strong>a <strong>peau<\/strong>, \u00e9limine <strong>les r\u00e9sidus <\/strong>et <strong>pr\u00e9pare votre peau<\/strong> \u00e0 absorber les soins. Il \u00e9limine aussi les traces de calcaire laiss\u00e9es par l&rsquo;eau lors du nettoyage.<br>Lors de la s\u00e9lection d&rsquo;un tonique, vous devez tenir compte de votre <strong>type de peau<\/strong> et de vos <strong>pr\u00e9occupations sp\u00e9cifiques<\/strong> en mati\u00e8re de soin. D\u00e9couvrez <a href=\"https:\/\/www.procoiffure.com\/lotion-tonique-visage-elements-125ml\" target=\"_blank\" rel=\"noreferrer noopener\">la lotion tonique pour le visage de Elements<\/a>.<\/p>\n\n\n\n<h3 class=\"wp-block-heading has-medium-font-size\"><span style=\"background-color: rgba(0, 0, 0, 0); color: #e7017e;\" class=\"has-inline-color\"><strong>#3 &#8211; TRAITER &#8211; Le s\u00e9rum, un concentr\u00e9 de bienfaits pour la peau<\/strong><\/span><\/h3>\n\n\n\n<p>Le s\u00e9rum est sans doute l&rsquo;un des <strong>produits cosm\u00e9tiques<\/strong> les plus efficaces pour am\u00e9liorer <strong>la qualit\u00e9 de la peau<\/strong>. Riche en antioxydants, vitamine C, vitamine E, biotine, collag\u00e8ne, \u00e9lastine, acide hyaluronique et r\u00e9tinol, selon, ce <strong>puissant concentr\u00e9<\/strong> p\u00e9n\u00e8tre en profondeur dans la peau pour <strong>nourrir<\/strong>, <strong>hydrater<\/strong>, et <strong>aider \u00e0 combattre divers probl\u00e8mes de peau<\/strong> tels que l&rsquo;acn\u00e9, les rides, les marques et les t\u00e2ches brunes.<br>Sa texture l\u00e9g\u00e8re s&rsquo;int\u00e8gre facilement \u00e0 votre routine matinale de soin de la peau. Il s&rsquo;applique avant la <strong>cr\u00e8me hydratante<\/strong> ! <br>Retrouvez <a href=\"https:\/\/www.procoiffure.com\/serum-imperfection-elements-30ml\" target=\"_blank\" rel=\"noreferrer noopener\">le s\u00e9rum s\u00e9bor\u00e9gulateur Elements pour les peaux \u00e0 imperfections<\/a> et <a href=\"https:\/\/www.procoiffure.com\/catalogsearch\/s%C3%A9rum%20visage&amp;familly=&amp;order=pert\" target=\"_blank\" rel=\"noreferrer noopener\">nos autres s\u00e9rums pour le visage<\/a>.<\/p>\n\n\n\n<h3 class=\"wp-block-heading has-medium-font-size\"><span style=\"background-color: rgba(0, 0, 0, 0); color: #e7017e;\" class=\"has-inline-color\"><strong><span style=\"background-color: rgba(0, 0, 0, 0); color: #e7017e;\" class=\"has-inline-color\"><strong>#4 &#8211; PR\u00c9VENIR &#8211; Prendre soin du contour des yeux<\/strong><\/span><\/strong><\/span><\/h3>\n\n\n\n<p>La <strong>zone du contour des yeux<\/strong> est l&rsquo;une des plus sensibles de notre visage et l&rsquo;une des premi\u00e8res \u00e0 montrer <strong>les premiers signes de vieillissement<\/strong> (ridules autour des yeux, appell\u00e9es aussi \u00ab\u00a0pattes d&rsquo;oie\u00a0\u00bb). Cette peau \u00e9tant d\u00e9pourvue de glandes s\u00e9bac\u00e9es, ce qui la rend particuli\u00e8rement <strong>sujette \u00e0 la s\u00e9cheresse et aux rides<\/strong>. 40% plus fine que le reste du visage, cette zone n\u00e9cessite une attention particuli\u00e8re dans votre routine matinale.<br>Il convient alors d&rsquo;utiliser <strong>un produit sp\u00e9cifique<\/strong> pour <strong>le contour des yeux<\/strong> pour <strong>hydrater <\/strong>et <strong>prot\u00e9ger cette zone d\u00e9licate<\/strong>.<br>Ces soins r\u00e9duisent cernes, poches et rides, tout en apportant fra\u00eecheur et confort ! D\u00e9couvrez <a href=\"https:\/\/www.procoiffure.com\/catalogsearch\/contour%20des%20yeux&amp;familly=&amp;order=pert\" target=\"_blank\" rel=\"noreferrer noopener\">les soins sp\u00e9cialement con\u00e7us pour le contour des yeux<\/a>.<\/p>\n\n\n\n<h3 class=\"wp-block-heading has-medium-font-size\"><span style=\"background-color: rgba(0, 0, 0, 0); color: #e7017e;\" class=\"has-inline-color\"><strong>#5 &#8211; HYDRATER &#8211; Le secret d&rsquo;une peau \u00e9clatante<\/strong><\/span><\/h3>\n\n\n\n<p>Une <strong>peau radieuse<\/strong> est le reflet d&rsquo;une <strong>routine matinale soign\u00e9e<\/strong>, et l&rsquo;<strong>hydratation<\/strong> y joue un r\u00f4le indispensable ! La peau est le plus <strong>grand organe<\/strong> du corps et elle a besoin d&rsquo;un apport constant d&rsquo;<strong>hydratation<\/strong> pour fonctionner correctement.<br>Quel que soit <strong>le type de peau<\/strong> &#8211; grasse, s\u00e8che, mixte, sensible ou mature &#8211; une <strong>bonne hydratation<\/strong> aide \u00e0 maintenir l&rsquo;<strong>\u00e9lasticit\u00e9 de la peau<\/strong> : appliquez donc une <strong>cr\u00e8me de jour<\/strong> !<br>L&rsquo;hydratation prot\u00e8ge la peau des agressions ext\u00e9rieures comme le soleil, le vent et la pollution.<br>Pour une <strong>hydratation optimale<\/strong>, il est recommand\u00e9 d&rsquo;utiliser des <strong>cosm\u00e9tiques<\/strong> de <strong>qualit\u00e9<\/strong> et <strong>non-com\u00e9dog\u00e8nes<\/strong>. Choisissez parmi <a href=\"https:\/\/www.procoiffure.com\/creme-visage-hydratation-ultra-legere-elements-40ml\" target=\"_blank\" rel=\"noreferrer noopener\">la cr\u00e8me de jour l\u00e9g\u00e8re Elements<\/a> ou <a data-type=\"link\" data-id=\"https:\/\/www.procoiffure.com\/creme-de-base-hydratante-elements-40ml\" href=\"https:\/\/www.procoiffure.com\/creme-de-base-hydratante-elements-40ml\" target=\"_blank\" rel=\"noreferrer noopener\">cette base hydratatante<\/a>.<\/p>\n\n\n\n<h3 class=\"wp-block-heading has-medium-font-size\"><span style=\"background-color: rgba(0, 0, 0, 0); color: #e7017e;\" class=\"has-inline-color\"><strong>#6 &#8211; PROT\u00c9GER &#8211; Contre les dommages du soleil<\/strong><\/span><\/h3>\n\n\n\n<p>Une partie souvent n\u00e9glig\u00e9e dans une <strong>routine matinale<\/strong> de <strong>soins du visage<\/strong> est l&rsquo;application d&rsquo;une <strong>protection solaire<\/strong>. On associe g\u00e9n\u00e9ralement le soleil \u00e0 <strong>une peau dor\u00e9e<\/strong>, mais les <strong>rayons UVA<\/strong> et <strong>UVB<\/strong> peuvent causer des <strong>dommages irr\u00e9parables<\/strong> comme des <strong>t\u00e2ches brunes<\/strong>, des <strong>rides<\/strong> et m\u00eame des <strong>cancers cutan\u00e9s<\/strong>.<br>Les <strong>produits de protection solaire<\/strong> ne sont <strong>pas uniquement destin\u00e9s \u00e0 la plage<\/strong> ou aux jours ensoleill\u00e9s. Ils doivent \u00eatre <strong>int\u00e9gr\u00e9s dans votre routine de soin quotidienne<\/strong>, peu importe votre type de peau et quelle que soit la p\u00e9riode de l&rsquo;ann\u00e9e. Terminez votre \u00ab\u00a0Morning Routine\u00a0\u00bb avec l&rsquo;application d&rsquo;une <strong>cr\u00e8me solaire<\/strong> telle que <a href=\"https:\/\/www.procoiffure.com\/creme-solaire-visage-et-corps-spf50-50ml-yumi\" target=\"_blank\" rel=\"noreferrer noopener\">la cr\u00e8me protectrice visage et corps Yumi<\/a> ou d&rsquo;un <strong>\u00e9cran-total solaire SPF 50<\/strong>.<\/p>\n\n\n\n<p>En conclusion, une routine matinale bien con\u00e7ue am\u00e9liore l&rsquo;hygi\u00e8ne, l&rsquo;apparence de votre peau et votre bien-\u00eatre !<\/p>\n\n\n\n<h2 class=\"wp-block-heading\"><strong>Night Routine &#8211; Les 6 \u00e9tapes cl\u00e9s du soir <\/strong>! <\/h2>\n\n\n\n<p>La <strong>routine de soin pour le visage du soir<\/strong> est relativement la m\u00eame que la Morning Routine \u00e0 <strong>2 exceptions pr\u00e8s<\/strong> :<\/p>\n\n\n\n<ul class=\"wp-block-list\">\n<li><strong>L&rsquo;\u00e9tape N\u00b01 devient le d\u00e9maquillage<\/strong> et ce dernier doit pr\u00e9c\u00e9der l&rsquo;\u00e9tape du nettoyage du visage.<\/li>\n\n\n\n<li><strong>La derni\u00e8re \u00e9tape de protection solaire est \u00e0 supprimer<\/strong> car il n&rsquo;est plus n\u00e9cessaire de prot\u00e9ger sa peau du Soleil la nuit !<\/li>\n<\/ul>\n\n\n\n<h3 class=\"wp-block-heading has-medium-font-size\"><span style=\"background-color: rgba(0, 0, 0, 0); color: #e7017e;\" class=\"has-inline-color\"><strong>#1 &#8211; D\u00c9MAQUILLLER &#8211; L&rsquo;\u00e9tape fondamentale \u00e0 ne pas n\u00e9gliger<\/strong><\/span><\/h3>\n\n\n\n<p>Le <strong>d\u00e9maquillage<\/strong> n&rsquo;est pas seulement une question d&rsquo;esth\u00e9tique, c&rsquo;est <strong>un geste de sant\u00e9<\/strong>. En effet, il permet de <strong>d\u00e9barrasser la peau des particules de pollution<\/strong> qui se d\u00e9posent tout au long de la journ\u00e9e, des <strong>r\u00e9sidus de maquillage<\/strong> et de <strong>s\u00e9bum<\/strong> qui, s&rsquo;ils restent, peuvent <strong>obstruer les pores<\/strong> et <strong>favoriser<\/strong> l&rsquo;apparition de <strong>points noirs<\/strong> et de <strong>boutons<\/strong>. Par ailleurs, <strong>se d\u00e9maquiller<\/strong> permet \u00e0 la peau de respirer, de se r\u00e9g\u00e9n\u00e9rer pendant la nuit et de profiter pleinement des <strong>soins appliqu\u00e9s<\/strong> part la suite.<\/p>\n\n\n\n<p>Retrouvez l&rsquo;<a href=\"https:\/\/www.procoiffure.com\/huile-demaquillante-elements-125ml\" target=\"_blank\" rel=\"noreferrer noopener\">huile d\u00e9maquillante Elements ici<\/a> et <a href=\"https:\/\/www.procoiffure.com\/catalogsearch\/d%C3%A9maquillant%20yumi&amp;familly=&amp;order=pert\" target=\"_blank\" rel=\"noreferrer noopener\">nos autres d\u00e9maquillants<\/a> sur notre boutique en ligne.<\/p>\n\n\n\n<h3 class=\"wp-block-heading has-medium-font-size\"><span style=\"background-color: rgba(0, 0, 0, 0); color: #e7017e;\" class=\"has-inline-color\"><strong>#2 &#8211; NETTOYER &#8211; La deuxi\u00e8me \u00e9tape de votre routine du soir<\/strong><\/span><\/h3>\n\n\n\n<p>Une fois que vous avez pass\u00e9 l&rsquo;\u00e9tape du d\u00e9maquillage, la deuxi\u00e8me phase de votre routine du soir doit \u00eatre <strong>le nettoyage<\/strong>. Il s&rsquo;agit d&rsquo;une <strong>\u00e9tape essentielle<\/strong> qui garantit <strong>la propret\u00e9 de votre \u00e9piderme<\/strong> en <strong>\u00e9liminant les impuret\u00e9s<\/strong> qui peuvent obstruer vos pores. Cette pratique permet d&rsquo;<strong>am\u00e9liorer la texture de votre peau<\/strong> et de pr\u00e9parer votre visage pour la suite de votre routine de soins.<br>Optez pour <a href=\"https:\/\/www.procoiffure.com\/gel-nettoyant-moussant-elements-125ml\" target=\"_blank\" rel=\"noreferrer noopener\">la mousse nettoyante de Elements<\/a> \u00e0 l&rsquo;eau florale de Bleuet.<\/p>\n\n\n\n<h3 class=\"wp-block-heading has-medium-font-size\"><span style=\"background-color: rgba(0, 0, 0, 0); color: #e7017e;\" class=\"has-inline-color\"><strong>#<strong>3 &#8211; TONIFIER &#8211; On tonifie encore et toujours, m\u00eame avant d&rsquo;aller au lit !<\/strong><\/strong><\/span><\/h3>\n\n\n\n<p>Le <strong>tonique<\/strong>, \u00e9galement connu sous le nom de <strong>lotion<\/strong> est un <strong>produit cosm\u00e9tique<\/strong> indispensable qui a pour mission de <strong>r\u00e9\u00e9quilibrer le pH de l&rsquo;\u00e9piderme<\/strong> apr\u00e8s le d\u00e9maquillage et le nettoyage. Sa <strong>texture l\u00e9g\u00e8re et rafra\u00eechissante<\/strong> permet de <strong>resserrer les pores<\/strong> et d&rsquo;optimiser l&rsquo;absorption des soins suivants. En outre, la <strong>tonification<\/strong> stimule la <strong>revitalisation de la peau<\/strong>.<br>D\u00e9couvrez <a href=\"https:\/\/www.procoiffure.com\/lotion-visage-acide-glycolique-yumi-100ml\" target=\"_blank\" rel=\"noreferrer noopener\">la lotion visage de la marque Yumi<\/a> \u00e0 l&rsquo;acide glycolique !<\/p>\n\n\n\n<h3 class=\"wp-block-heading has-medium-font-size\"><span style=\"background-color: rgba(0, 0, 0, 0); color: #e7017e;\" class=\"has-inline-color\"><strong><strong>#4 &#8211; TRAITER &#8211; Le traitement cibl\u00e9 reste indispensable<\/strong><\/strong><\/span><\/h3>\n\n\n\n<p>La peau se r\u00e9g\u00e9n\u00e9rant plus rapidement la nuit, il est indispensable de lui <strong>apporter du soin lors de votre repos<\/strong> ! Apr\u00e8s avoir d\u00e9maquill\u00e9, nettoy\u00e9 et tonifi\u00e9 votre peau, l&rsquo;\u00e9tape suivante de votre <strong>routine beaut\u00e9 du soir<\/strong> sera l&rsquo;application d&rsquo;un <strong>s\u00e9rum<\/strong>. Les s\u00e9rums sont des formules hautement concentr\u00e9es qui ciblent des probl\u00e8mes sp\u00e9cifiques de la peau.<br>Vous avez une <strong>peau \u00e0 imperfections<\/strong> ? Ce <a data-type=\"link\" data-id=\"https:\/\/www.procoiffure.com\/serum-imperfection-elements-30ml\" href=\"https:\/\/www.procoiffure.com\/serum-imperfection-elements-30ml\" target=\"_blank\" rel=\"noreferrer noopener\">s\u00e9rum Elements<\/a> est fait pour vous ! D\u00e9couvrez aussi les <a href=\"https:\/\/www.procoiffure.com\/catalogsearch\/serum%20elements&amp;familly=&amp;order=pert\" target=\"_blank\" rel=\"noreferrer noopener\">autres s\u00e9rums<\/a>.<\/p>\n\n\n\n<h3 class=\"wp-block-heading has-medium-font-size\"><span style=\"background-color: rgba(0, 0, 0, 0); color: #e7017e;\" class=\"has-inline-color\"><strong><strong>#5 &#8211; PR\u00c9VENIR &#8211; Le contour des yeux devient un incontournable<\/strong><\/strong><\/span><\/h3>\n\n\n\n<p>Un \u00e9l\u00e9ment crucial de toute routine nocturne de soins du visage est l&rsquo;attention port\u00e9e au <strong>contour des yeux<\/strong>. C&rsquo;est pourquoi il est important d&rsquo;adopter des <strong>soins sp\u00e9cifiques<\/strong> pour cette zone. Un <strong>soin adapt\u00e9<\/strong> peut aider \u00e0 r\u00e9duire l&rsquo;apparence des cernes, des poches et des rides, tout en contribuant \u00e0 la revitalisation et \u00e0 l&rsquo;hydratation de cette zone. Retrouvez le <a href=\"https:\/\/www.procoiffure.com\/gel-contour-yeux-et-levres-elements-30ml\" target=\"_blank\" rel=\"noreferrer noopener\">Gel contour des yeux et des l\u00e8vres Elements \u00e0 effet tenseur imm\u00e9diat<\/a> ou ce <a href=\"https:\/\/www.procoiffure.com\/creme-contour-des-yeux-anti-age-the-vert-peggy-sage-15ml\" target=\"_blank\" rel=\"noreferrer noopener\">Gel contour des yeux \u00e0 l&rsquo;extrait de Th\u00e9 Vert Peggy sage<\/a>.<\/p>\n\n\n\n<h3 class=\"wp-block-heading has-medium-font-size\"><span style=\"background-color: rgba(0, 0, 0, 0); color: #e7017e;\" class=\"has-inline-color\"><strong><strong>#6 &#8211; HYDRATER &#8211; Hydratez votre peau, m\u00eame le soir !<\/strong><\/strong><\/span><\/h3>\n\n\n\n<p>Ultime \u00e9tape de votre \u00ab\u00a0Night Routine\u00a0\u00bb, l&rsquo;<strong>hydratation de votre visage<\/strong> est absolument essentielle dans une <strong>routine de soin du visage<\/strong>. L&rsquo;hydratation nocturne est particuli\u00e8rement importante car elle permet \u00e0 la peau de se r\u00e9g\u00e9n\u00e9rer et de se r\u00e9parer pendant <strong>le sommeil<\/strong>.<br>Optez pour <strong>une cr\u00e8me du soir<\/strong> qui deviendra votre alli\u00e9e ! La <a href=\"https:\/\/www.procoiffure.com\/creme-regenerante-nuit-a-la-gelee-royale-peggy-sage-50ml\">Cr\u00e8me r\u00e9g\u00e9n\u00e9rante de nuit de Peggy Sage \u00e0 la gel\u00e9e royale<\/a>, la <a href=\"https:\/\/www.procoiffure.com\/creme-hydratante-aux-billes-de-jojoba-la-quintessence-yumi-50ml\" target=\"_blank\" rel=\"noreferrer noopener\">Cr\u00e8me hydratante Yumi aux billes de Jojoba<\/a> et la <a href=\"https:\/\/www.procoiffure.com\/creme-hydratante-visage-ultra-fondante-elements-40ml\" target=\"_blank\" rel=\"noreferrer noopener\">Cr\u00e8me Visage Hydratation et nutrition de Elements<\/a> sont \u00e0 d\u00e9couvrir sur <a data-type=\"link\" data-id=\"https:\/\/www.procoiffure.com\" href=\"https:\/\/www.procoiffure.com\" target=\"_blank\" rel=\"noreferrer noopener\">www.procoiffure.com<\/a>.<\/p>\n\n\n\n<h3 class=\"wp-block-heading has-medium-font-size\"><span class=\"has-inline-color\" style=\"background-color: rgba(0, 0, 0, 0); color: #e7017e;\"><strong>BONUS : Nos conseils en +<\/strong><\/span><\/h3>\n\n\n\n<h4 class=\"wp-block-heading\">Optimisez les bienfaits de votre routine beaut\u00e9 :<\/h4>\n\n\n\n<p>Vous pouvez <strong>exfolier la peau 1 \u00e0 2 fois par semaine<\/strong> avec un <strong>gommage doux<\/strong> pour \u00e9liminer les cellules mortes et favoriser le <strong>renouvellement cellulaire<\/strong>. D\u00e9couvrez cet <a href=\"https:\/\/www.procoiffure.com\/exfoliant-visage-elements-40ml\" target=\"_blank\" rel=\"noreferrer noopener\">exfoliant \u00e0 grains pour le visage de la marque Elements<\/a>.<\/p>\n\n\n\n<p>De plus, <strong>1 fois par semaine<\/strong>, r\u00e9alisez un <strong>masque beaut\u00e9<\/strong> adapt\u00e9 \u00e0 votre besoin pour hydrater, purifier et revitaliser votre peau. <a href=\"https:\/\/www.procoiffure.com\/catalogsearch\/masque%20visage&amp;familly=&amp;order=pert\" target=\"_blank\" rel=\"noreferrer noopener\">Shoppez les masques pour le visage ici<\/a> !<\/p>\n\n\n\n<h4 class=\"wp-block-heading\"><strong>D\u00e9couvrez 3 produits essentiels pour maintenir une sensation de fra\u00eecheur tout au long de la journ\u00e9e : <\/strong><\/h4>\n\n\n\n<p>\u00c0 emporter partout avec vous :<\/p>\n\n\n\n<ul class=\"wp-block-list\">\n<li><a href=\"https:\/\/www.procoiffure.com\/catalogsearch\/Huile%20%C3%A0%20L%C3%A8vres%20Hydratante%20peggy&amp;familly=&amp;order=pert\" target=\"_blank\" rel=\"noreferrer noopener\">L&rsquo;huile \u00e0 l\u00e8vres Peggy Sage<\/a> pour une retouche make-up !<\/li>\n\n\n\n<li><a href=\"https:\/\/www.procoiffure.com\/huile-corps-et-cheveux-subtil-care-100ml\" target=\"_blank\" rel=\"noreferrer noopener\">L&rsquo;Huile s\u00e8che ICONIC Corps et Cheveux Subtil<\/a> pour une peau toute douce !<\/li>\n\n\n\n<li><a href=\"https:\/\/www.procoiffure.com\/catalogsearch\/brume%20parfum%C3%A9e%20solinotes&amp;familly=&amp;order=pert\" target=\"_blank\" rel=\"noreferrer noopener\">La brume parfum\u00e9e Solinotes<\/a> pour se rafra\u00eechir n&rsquo;importe o\u00f9 !<\/li>\n<\/ul>\n\n\n\n<p>Les produits que vous utilisez doivent \u00eatre <strong>adapt\u00e9s \u00e0 votre type de peau<\/strong> et de pr\u00e9f\u00e9rence <strong>hypoallerg\u00e9niques<\/strong>, <strong>non-com\u00e9dog\u00e8nes<\/strong> et <strong>test\u00e9s dermatologiquement<\/strong>.<\/p>\n\n\n\n<p>Enfin, en cas de <strong>probl\u00e8mes de peaux<\/strong>, n&rsquo;h\u00e9sitez pas \u00e0 consulter <strong>un dermatologue<\/strong> pour un diagnostic professionnel et un conseil personnalis\u00e9.<\/p>\n","protected":false},"excerpt":{"rendered":"<p>Une routine matinale de soin du visage bien \u00e9tablie est un atout essentiel pour maintenir une peau saine et une bonne mine !\u2728\ud83d\ude0c<br \/>\nQue tu aies une peau grasse, s\u00e8che, mixte, sensible ou mature, cette \u00ab\u00a0Morning Routine\u00a0\u00bb apporte les soins n\u00e9cessaires pour am\u00e9liorer le teint, l&rsquo;\u00e9clat de la peau et pr\u00e9venir les signes de l&rsquo;\u00e2ge. \ud83d\udd5c<\/p>\n","protected":false},"author":2,"featured_media":3133,"comment_status":"open","ping_status":"open","sticky":false,"template":"","format":"standard","meta":{"_jetpack_memberships_contains_paid_content":false,"footnotes":""},"categories":[14,7,12],"tags":[92,208,204,94,200,207,89,73,206,203,52,96,205,210,209],"class_list":["post-1857","post","type-post","status-publish","format-standard","has-post-thumbnail","hentry","category-esthetique","category-tendance","category-tutoriels-et-conseils","tag-beaute","tag-creme","tag-demaquillant","tag-esthetique","tag-hydratation","tag-nettoyant","tag-peau","tag-routine","tag-serum","tag-skincare","tag-soin","tag-teint","tag-tonique","tag-visage","tag-yeux"],"yoast_head":"<!-- This site is optimized with the Yoast SEO plugin v27.2 - https:\/\/yoast.com\/product\/yoast-seo-wordpress\/ -->\n<title>La routine beaut\u00e9 pour une peau radieuse | L&#039;actu beaut\u00e9 | Pro Coiffure Esht\u00e9tique<\/title>\n<meta name=\"description\" content=\"Adoptez une routine beaut\u00e9 pour une peau saine, \u00e9clatante et prot\u00e9g\u00e9e. Cette routine pour le matin et le soir am\u00e9liorera votre peau.\" \/>\n<meta name=\"robots\" content=\"index, follow, max-snippet:-1, max-image-preview:large, max-video-preview:-1\" \/>\n<link rel=\"canonical\" href=\"https:\/\/www.procoiffure.com\/blog\/ta-routine-beaute-pour-une-peau-radieuse\/\" \/>\n<meta property=\"og:locale\" content=\"fr_FR\" \/>\n<meta property=\"og:type\" content=\"article\" \/>\n<meta property=\"og:title\" content=\"La routine beaut\u00e9 pour une peau radieuse | L&#039;actu beaut\u00e9 | Pro Coiffure Esht\u00e9tique\" \/>\n<meta property=\"og:description\" content=\"Adoptez une routine beaut\u00e9 pour une peau saine, \u00e9clatante et prot\u00e9g\u00e9e. Cette routine pour le matin et le soir am\u00e9liorera votre peau.\" \/>\n<meta property=\"og:url\" content=\"https:\/\/www.procoiffure.com\/blog\/ta-routine-beaute-pour-une-peau-radieuse\/\" \/>\n<meta property=\"og:site_name\" content=\"L&#039;actu beaut\u00e9 | Pro Coiffure Esht\u00e9tique\" \/>\n<meta property=\"article:published_time\" content=\"2024-06-19T16:00:49+00:00\" \/>\n<meta property=\"article:modified_time\" content=\"2025-04-02T09:08:54+00:00\" \/>\n<meta property=\"og:image\" content=\"https:\/\/www.procoiffure.com\/blog\/wp-content\/uploads\/2024\/06\/Routine-Beaute-Peau-Radieuse.jpg\" \/>\n\t<meta property=\"og:image:width\" content=\"1000\" \/>\n\t<meta property=\"og:image:height\" content=\"1000\" \/>\n\t<meta property=\"og:image:type\" content=\"image\/jpeg\" \/>\n<meta name=\"author\" content=\"Salma RHARIB\" \/>\n<meta name=\"twitter:card\" content=\"summary_large_image\" \/>\n<meta name=\"twitter:label1\" content=\"\u00c9crit par\" \/>\n\t<meta name=\"twitter:data1\" content=\"Salma RHARIB\" \/>\n\t<meta name=\"twitter:label2\" content=\"Dur\u00e9e de lecture estim\u00e9e\" \/>\n\t<meta name=\"twitter:data2\" content=\"9 minutes\" \/>\n<script type=\"application\/ld+json\" class=\"yoast-schema-graph\">{\"@context\":\"https:\/\/schema.org\",\"@graph\":[{\"@type\":\"Article\",\"@id\":\"https:\/\/www.procoiffure.com\/blog\/ta-routine-beaute-pour-une-peau-radieuse\/#article\",\"isPartOf\":{\"@id\":\"https:\/\/www.procoiffure.com\/blog\/ta-routine-beaute-pour-une-peau-radieuse\/\"},\"author\":{\"name\":\"Salma RHARIB\",\"@id\":\"https:\/\/www.procoiffure.com\/blog\/#\/schema\/person\/0e1a122edba3c6ff7099de5d0170f5b9\"},\"headline\":\"La routine beaut\u00e9 pour une peau radieuse\",\"datePublished\":\"2024-06-19T16:00:49+00:00\",\"dateModified\":\"2025-04-02T09:08:54+00:00\",\"mainEntityOfPage\":{\"@id\":\"https:\/\/www.procoiffure.com\/blog\/ta-routine-beaute-pour-une-peau-radieuse\/\"},\"wordCount\":1720,\"commentCount\":0,\"publisher\":{\"@id\":\"https:\/\/www.procoiffure.com\/blog\/#organization\"},\"image\":{\"@id\":\"https:\/\/www.procoiffure.com\/blog\/ta-routine-beaute-pour-une-peau-radieuse\/#primaryimage\"},\"thumbnailUrl\":\"https:\/\/www.procoiffure.com\/blog\/wp-content\/uploads\/2024\/06\/Routine-Beaute-Peau-Radieuse.jpg\",\"keywords\":[\"beaute\",\"creme\",\"demaquillant\",\"esthetique\",\"hydratation\",\"nettoyant\",\"peau\",\"routine\",\"serum\",\"skincare\",\"soin\",\"teint\",\"tonique\",\"visage\",\"yeux\"],\"articleSection\":[\"Esth\u00e9tique\",\"Tendance\",\"Tutoriels &amp; Conseils\"],\"inLanguage\":\"fr-FR\",\"potentialAction\":[{\"@type\":\"CommentAction\",\"name\":\"Comment\",\"target\":[\"https:\/\/www.procoiffure.com\/blog\/ta-routine-beaute-pour-une-peau-radieuse\/#respond\"]}]},{\"@type\":\"WebPage\",\"@id\":\"https:\/\/www.procoiffure.com\/blog\/ta-routine-beaute-pour-une-peau-radieuse\/\",\"url\":\"https:\/\/www.procoiffure.com\/blog\/ta-routine-beaute-pour-une-peau-radieuse\/\",\"name\":\"La routine beaut\u00e9 pour une peau radieuse | L&#039;actu beaut\u00e9 | Pro Coiffure Esht\u00e9tique\",\"isPartOf\":{\"@id\":\"https:\/\/www.procoiffure.com\/blog\/#website\"},\"primaryImageOfPage\":{\"@id\":\"https:\/\/www.procoiffure.com\/blog\/ta-routine-beaute-pour-une-peau-radieuse\/#primaryimage\"},\"image\":{\"@id\":\"https:\/\/www.procoiffure.com\/blog\/ta-routine-beaute-pour-une-peau-radieuse\/#primaryimage\"},\"thumbnailUrl\":\"https:\/\/www.procoiffure.com\/blog\/wp-content\/uploads\/2024\/06\/Routine-Beaute-Peau-Radieuse.jpg\",\"datePublished\":\"2024-06-19T16:00:49+00:00\",\"dateModified\":\"2025-04-02T09:08:54+00:00\",\"description\":\"Adoptez une routine beaut\u00e9 pour une peau saine, \u00e9clatante et prot\u00e9g\u00e9e. Cette routine pour le matin et le soir am\u00e9liorera votre peau.\",\"breadcrumb\":{\"@id\":\"https:\/\/www.procoiffure.com\/blog\/ta-routine-beaute-pour-une-peau-radieuse\/#breadcrumb\"},\"inLanguage\":\"fr-FR\",\"potentialAction\":[{\"@type\":\"ReadAction\",\"target\":[\"https:\/\/www.procoiffure.com\/blog\/ta-routine-beaute-pour-une-peau-radieuse\/\"]}]},{\"@type\":\"ImageObject\",\"inLanguage\":\"fr-FR\",\"@id\":\"https:\/\/www.procoiffure.com\/blog\/ta-routine-beaute-pour-une-peau-radieuse\/#primaryimage\",\"url\":\"https:\/\/www.procoiffure.com\/blog\/wp-content\/uploads\/2024\/06\/Routine-Beaute-Peau-Radieuse.jpg\",\"contentUrl\":\"https:\/\/www.procoiffure.com\/blog\/wp-content\/uploads\/2024\/06\/Routine-Beaute-Peau-Radieuse.jpg\",\"width\":1000,\"height\":1000},{\"@type\":\"BreadcrumbList\",\"@id\":\"https:\/\/www.procoiffure.com\/blog\/ta-routine-beaute-pour-une-peau-radieuse\/#breadcrumb\",\"itemListElement\":[{\"@type\":\"ListItem\",\"position\":1,\"name\":\"Accueil\",\"item\":\"https:\/\/www.procoiffure.com\/blog\/\"},{\"@type\":\"ListItem\",\"position\":2,\"name\":\"La routine beaut\u00e9 pour une peau radieuse\"}]},{\"@type\":\"WebSite\",\"@id\":\"https:\/\/www.procoiffure.com\/blog\/#website\",\"url\":\"https:\/\/www.procoiffure.com\/blog\/\",\"name\":\"L'actu beaut\u00e9 | Pro Coiffure Esth\u00e9tique\",\"description\":\"\",\"publisher\":{\"@id\":\"https:\/\/www.procoiffure.com\/blog\/#organization\"},\"potentialAction\":[{\"@type\":\"SearchAction\",\"target\":{\"@type\":\"EntryPoint\",\"urlTemplate\":\"https:\/\/www.procoiffure.com\/blog\/?s={search_term_string}\"},\"query-input\":{\"@type\":\"PropertyValueSpecification\",\"valueRequired\":true,\"valueName\":\"search_term_string\"}}],\"inLanguage\":\"fr-FR\"},{\"@type\":\"Organization\",\"@id\":\"https:\/\/www.procoiffure.com\/blog\/#organization\",\"name\":\"Le Blog de No\u00e9mie\",\"url\":\"https:\/\/www.procoiffure.com\/blog\/\",\"logo\":{\"@type\":\"ImageObject\",\"inLanguage\":\"fr-FR\",\"@id\":\"https:\/\/www.procoiffure.com\/blog\/#\/schema\/logo\/image\/\",\"url\":\"https:\/\/www.procoiffure.com\/blog\/wp-content\/uploads\/2025\/03\/LOGO-BLOG-1.png\",\"contentUrl\":\"https:\/\/www.procoiffure.com\/blog\/wp-content\/uploads\/2025\/03\/LOGO-BLOG-1.png\",\"width\":998,\"height\":397,\"caption\":\"Le Blog de No\u00e9mie\"},\"image\":{\"@id\":\"https:\/\/www.procoiffure.com\/blog\/#\/schema\/logo\/image\/\"}},{\"@type\":\"Person\",\"@id\":\"https:\/\/www.procoiffure.com\/blog\/#\/schema\/person\/0e1a122edba3c6ff7099de5d0170f5b9\",\"name\":\"Salma RHARIB\",\"image\":{\"@type\":\"ImageObject\",\"inLanguage\":\"fr-FR\",\"@id\":\"https:\/\/secure.gravatar.com\/avatar\/474c0e28d67a213b71f0ebdb57b798ea3358dd2684e6a8db7c8f5a824c6599eb?s=96&d=color&r=g\",\"url\":\"https:\/\/secure.gravatar.com\/avatar\/474c0e28d67a213b71f0ebdb57b798ea3358dd2684e6a8db7c8f5a824c6599eb?s=96&d=color&r=g\",\"contentUrl\":\"https:\/\/secure.gravatar.com\/avatar\/474c0e28d67a213b71f0ebdb57b798ea3358dd2684e6a8db7c8f5a824c6599eb?s=96&d=color&r=g\",\"caption\":\"Salma RHARIB\"},\"url\":\"https:\/\/www.procoiffure.com\/blog\/author\/salmaprocoiffure-fr\/\"}]}<\/script>\n<!-- \/ Yoast SEO plugin. -->","yoast_head_json":{"title":"La routine beaut\u00e9 pour une peau radieuse | L&#039;actu beaut\u00e9 | Pro Coiffure Esht\u00e9tique","description":"Adoptez une routine beaut\u00e9 pour une peau saine, \u00e9clatante et prot\u00e9g\u00e9e. Cette routine pour le matin et le soir am\u00e9liorera votre peau.","robots":{"index":"index","follow":"follow","max-snippet":"max-snippet:-1","max-image-preview":"max-image-preview:large","max-video-preview":"max-video-preview:-1"},"canonical":"https:\/\/www.procoiffure.com\/blog\/ta-routine-beaute-pour-une-peau-radieuse\/","og_locale":"fr_FR","og_type":"article","og_title":"La routine beaut\u00e9 pour une peau radieuse | L&#039;actu beaut\u00e9 | Pro Coiffure Esht\u00e9tique","og_description":"Adoptez une routine beaut\u00e9 pour une peau saine, \u00e9clatante et prot\u00e9g\u00e9e. Cette routine pour le matin et le soir am\u00e9liorera votre peau.","og_url":"https:\/\/www.procoiffure.com\/blog\/ta-routine-beaute-pour-une-peau-radieuse\/","og_site_name":"L&#039;actu beaut\u00e9 | Pro Coiffure Esht\u00e9tique","article_published_time":"2024-06-19T16:00:49+00:00","article_modified_time":"2025-04-02T09:08:54+00:00","og_image":[{"width":1000,"height":1000,"url":"https:\/\/www.procoiffure.com\/blog\/wp-content\/uploads\/2024\/06\/Routine-Beaute-Peau-Radieuse.jpg","type":"image\/jpeg"}],"author":"Salma RHARIB","twitter_card":"summary_large_image","twitter_misc":{"\u00c9crit par":"Salma RHARIB","Dur\u00e9e de lecture estim\u00e9e":"9 minutes"},"schema":{"@context":"https:\/\/schema.org","@graph":[{"@type":"Article","@id":"https:\/\/www.procoiffure.com\/blog\/ta-routine-beaute-pour-une-peau-radieuse\/#article","isPartOf":{"@id":"https:\/\/www.procoiffure.com\/blog\/ta-routine-beaute-pour-une-peau-radieuse\/"},"author":{"name":"Salma RHARIB","@id":"https:\/\/www.procoiffure.com\/blog\/#\/schema\/person\/0e1a122edba3c6ff7099de5d0170f5b9"},"headline":"La routine beaut\u00e9 pour une peau radieuse","datePublished":"2024-06-19T16:00:49+00:00","dateModified":"2025-04-02T09:08:54+00:00","mainEntityOfPage":{"@id":"https:\/\/www.procoiffure.com\/blog\/ta-routine-beaute-pour-une-peau-radieuse\/"},"wordCount":1720,"commentCount":0,"publisher":{"@id":"https:\/\/www.procoiffure.com\/blog\/#organization"},"image":{"@id":"https:\/\/www.procoiffure.com\/blog\/ta-routine-beaute-pour-une-peau-radieuse\/#primaryimage"},"thumbnailUrl":"https:\/\/www.procoiffure.com\/blog\/wp-content\/uploads\/2024\/06\/Routine-Beaute-Peau-Radieuse.jpg","keywords":["beaute","creme","demaquillant","esthetique","hydratation","nettoyant","peau","routine","serum","skincare","soin","teint","tonique","visage","yeux"],"articleSection":["Esth\u00e9tique","Tendance","Tutoriels &amp; Conseils"],"inLanguage":"fr-FR","potentialAction":[{"@type":"CommentAction","name":"Comment","target":["https:\/\/www.procoiffure.com\/blog\/ta-routine-beaute-pour-une-peau-radieuse\/#respond"]}]},{"@type":"WebPage","@id":"https:\/\/www.procoiffure.com\/blog\/ta-routine-beaute-pour-une-peau-radieuse\/","url":"https:\/\/www.procoiffure.com\/blog\/ta-routine-beaute-pour-une-peau-radieuse\/","name":"La routine beaut\u00e9 pour une peau radieuse | L&#039;actu beaut\u00e9 | Pro Coiffure Esht\u00e9tique","isPartOf":{"@id":"https:\/\/www.procoiffure.com\/blog\/#website"},"primaryImageOfPage":{"@id":"https:\/\/www.procoiffure.com\/blog\/ta-routine-beaute-pour-une-peau-radieuse\/#primaryimage"},"image":{"@id":"https:\/\/www.procoiffure.com\/blog\/ta-routine-beaute-pour-une-peau-radieuse\/#primaryimage"},"thumbnailUrl":"https:\/\/www.procoiffure.com\/blog\/wp-content\/uploads\/2024\/06\/Routine-Beaute-Peau-Radieuse.jpg","datePublished":"2024-06-19T16:00:49+00:00","dateModified":"2025-04-02T09:08:54+00:00","description":"Adoptez une routine beaut\u00e9 pour une peau saine, \u00e9clatante et prot\u00e9g\u00e9e. Cette routine pour le matin et le soir am\u00e9liorera votre peau.","breadcrumb":{"@id":"https:\/\/www.procoiffure.com\/blog\/ta-routine-beaute-pour-une-peau-radieuse\/#breadcrumb"},"inLanguage":"fr-FR","potentialAction":[{"@type":"ReadAction","target":["https:\/\/www.procoiffure.com\/blog\/ta-routine-beaute-pour-une-peau-radieuse\/"]}]},{"@type":"ImageObject","inLanguage":"fr-FR","@id":"https:\/\/www.procoiffure.com\/blog\/ta-routine-beaute-pour-une-peau-radieuse\/#primaryimage","url":"https:\/\/www.procoiffure.com\/blog\/wp-content\/uploads\/2024\/06\/Routine-Beaute-Peau-Radieuse.jpg","contentUrl":"https:\/\/www.procoiffure.com\/blog\/wp-content\/uploads\/2024\/06\/Routine-Beaute-Peau-Radieuse.jpg","width":1000,"height":1000},{"@type":"BreadcrumbList","@id":"https:\/\/www.procoiffure.com\/blog\/ta-routine-beaute-pour-une-peau-radieuse\/#breadcrumb","itemListElement":[{"@type":"ListItem","position":1,"name":"Accueil","item":"https:\/\/www.procoiffure.com\/blog\/"},{"@type":"ListItem","position":2,"name":"La routine beaut\u00e9 pour une peau radieuse"}]},{"@type":"WebSite","@id":"https:\/\/www.procoiffure.com\/blog\/#website","url":"https:\/\/www.procoiffure.com\/blog\/","name":"L'actu beaut\u00e9 | Pro Coiffure Esth\u00e9tique","description":"","publisher":{"@id":"https:\/\/www.procoiffure.com\/blog\/#organization"},"potentialAction":[{"@type":"SearchAction","target":{"@type":"EntryPoint","urlTemplate":"https:\/\/www.procoiffure.com\/blog\/?s={search_term_string}"},"query-input":{"@type":"PropertyValueSpecification","valueRequired":true,"valueName":"search_term_string"}}],"inLanguage":"fr-FR"},{"@type":"Organization","@id":"https:\/\/www.procoiffure.com\/blog\/#organization","name":"Le Blog de No\u00e9mie","url":"https:\/\/www.procoiffure.com\/blog\/","logo":{"@type":"ImageObject","inLanguage":"fr-FR","@id":"https:\/\/www.procoiffure.com\/blog\/#\/schema\/logo\/image\/","url":"https:\/\/www.procoiffure.com\/blog\/wp-content\/uploads\/2025\/03\/LOGO-BLOG-1.png","contentUrl":"https:\/\/www.procoiffure.com\/blog\/wp-content\/uploads\/2025\/03\/LOGO-BLOG-1.png","width":998,"height":397,"caption":"Le Blog de No\u00e9mie"},"image":{"@id":"https:\/\/www.procoiffure.com\/blog\/#\/schema\/logo\/image\/"}},{"@type":"Person","@id":"https:\/\/www.procoiffure.com\/blog\/#\/schema\/person\/0e1a122edba3c6ff7099de5d0170f5b9","name":"Salma RHARIB","image":{"@type":"ImageObject","inLanguage":"fr-FR","@id":"https:\/\/secure.gravatar.com\/avatar\/474c0e28d67a213b71f0ebdb57b798ea3358dd2684e6a8db7c8f5a824c6599eb?s=96&d=color&r=g","url":"https:\/\/secure.gravatar.com\/avatar\/474c0e28d67a213b71f0ebdb57b798ea3358dd2684e6a8db7c8f5a824c6599eb?s=96&d=color&r=g","contentUrl":"https:\/\/secure.gravatar.com\/avatar\/474c0e28d67a213b71f0ebdb57b798ea3358dd2684e6a8db7c8f5a824c6599eb?s=96&d=color&r=g","caption":"Salma RHARIB"},"url":"https:\/\/www.procoiffure.com\/blog\/author\/salmaprocoiffure-fr\/"}]}},"jetpack_featured_media_url":"https:\/\/www.procoiffure.com\/blog\/wp-content\/uploads\/2024\/06\/Routine-Beaute-Peau-Radieuse.jpg","jetpack_sharing_enabled":true,"_links":{"self":[{"href":"https:\/\/www.procoiffure.com\/blog\/wp-json\/wp\/v2\/posts\/1857","targetHints":{"allow":["GET"]}}],"collection":[{"href":"https:\/\/www.procoiffure.com\/blog\/wp-json\/wp\/v2\/posts"}],"about":[{"href":"https:\/\/www.procoiffure.com\/blog\/wp-json\/wp\/v2\/types\/post"}],"author":[{"embeddable":true,"href":"https:\/\/www.procoiffure.com\/blog\/wp-json\/wp\/v2\/users\/2"}],"replies":[{"embeddable":true,"href":"https:\/\/www.procoiffure.com\/blog\/wp-json\/wp\/v2\/comments?post=1857"}],"version-history":[{"count":34,"href":"https:\/\/www.procoiffure.com\/blog\/wp-json\/wp\/v2\/posts\/1857\/revisions"}],"predecessor-version":[{"id":3186,"href":"https:\/\/www.procoiffure.com\/blog\/wp-json\/wp\/v2\/posts\/1857\/revisions\/3186"}],"wp:featuredmedia":[{"embeddable":true,"href":"https:\/\/www.procoiffure.com\/blog\/wp-json\/wp\/v2\/media\/3133"}],"wp:attachment":[{"href":"https:\/\/www.procoiffure.com\/blog\/wp-json\/wp\/v2\/media?parent=1857"}],"wp:term":[{"taxonomy":"category","embeddable":true,"href":"https:\/\/www.procoiffure.com\/blog\/wp-json\/wp\/v2\/categories?post=1857"},{"taxonomy":"post_tag","embeddable":true,"href":"https:\/\/www.procoiffure.com\/blog\/wp-json\/wp\/v2\/tags?post=1857"}],"curies":[{"name":"wp","href":"https:\/\/api.w.org\/{rel}","templated":true}]}}