{"id":1779,"date":"2024-05-21T12:08:04","date_gmt":"2024-05-21T10:08:04","guid":{"rendered":"https:\/\/www.procoiffure.com\/blog\/?p=1779"},"modified":"2025-04-02T11:09:01","modified_gmt":"2025-04-02T09:09:01","slug":"comment-preparer-et-maintenir-son-bronzage","status":"publish","type":"post","link":"https:\/\/www.procoiffure.com\/blog\/comment-preparer-et-maintenir-son-bronzage\/","title":{"rendered":"Les secrets d\u2019un bronzage parfait et durable tout l&rsquo;\u00e9t\u00e9 !"},"content":{"rendered":"\n<p>L&rsquo;\u00e9t\u00e9 approche et avec lui le r\u00eave d\u2019arborer un <strong>bronzage dor\u00e9<\/strong> et <strong>uniforme<\/strong>. Un <strong>h\u00e2le subtil<\/strong> est souvent consid\u00e9r\u00e9 comme un signe de bonne mine et de vitalit\u00e9. Cependant, l&rsquo;<strong>exposition au soleil<\/strong> et aux rayons UV pr\u00e9sente des <strong>risques pour la peau<\/strong>. C&rsquo;est pourquoi une pr\u00e9paration ad\u00e9quate est essentielle pour obtenir <strong>un bronzage optimal<\/strong> tout en prot\u00e9geant son \u00e9piderme. Nous vous livrons 10 conseils pour pr\u00e9parer et maintenir un <strong>bronzage parfait<\/strong>\u00a0tout l&rsquo;\u00e9t\u00e9 !<\/p>\n\n\n\n<h2 class=\"wp-block-heading\"><strong>Nos 10 conseils pour pr\u00e9parer et maintenir le bronzage !<\/strong><\/h2>\n\n\n\n<div class=\"alignnormal\"><div id=\"metaslider-id-1831\" style=\"max-width: 540px;\" class=\"ml-slider-3-106-0 metaslider metaslider-flex metaslider-1831 ml-slider has-dots-nav ms-theme-default\" role=\"region\" aria-label=\"Blog bronzage\" data-height=\"675\" data-width=\"540\">\n    <div id=\"metaslider_container_1831\">\n        <div id=\"metaslider_1831\">\n            <ul class='slides'>\n                <li style=\"display: block; width: 100%;\" class=\"slide-1837 ms-image \" aria-roledescription=\"slide\" data-date=\"2024-05-21 16:57:54\" data-filename=\"15-540x675.png\" data-slide-type=\"image\"><img fetchpriority=\"high\" decoding=\"async\" src=\"https:\/\/www.procoiffure.com\/blog\/wp-content\/uploads\/2024\/05\/15-540x675.png\" height=\"675\" width=\"540\" alt=\"Comment preparer et maintenir ton bronzage\" class=\"slider-1831 slide-1837 msDefaultImage\" title=\"15\" \/><\/li>\n                <li style=\"display: none; width: 100%;\" class=\"slide-1838 ms-image \" aria-roledescription=\"slide\" data-date=\"2024-05-21 16:57:54\" data-filename=\"16-540x675.png\" data-slide-type=\"image\"><img decoding=\"async\" src=\"https:\/\/www.procoiffure.com\/blog\/wp-content\/uploads\/2024\/05\/16-540x675.png\" height=\"675\" width=\"540\" alt=\"gummies solaires pour optimiser le bronzage\" class=\"slider-1831 slide-1838 msDefaultImage\" title=\"16\" \/><\/li>\n                <li style=\"display: none; width: 100%;\" class=\"slide-1839 ms-image \" aria-roledescription=\"slide\" data-date=\"2024-05-21 16:57:54\" data-filename=\"17-540x675.png\" data-slide-type=\"image\"><img decoding=\"async\" src=\"https:\/\/www.procoiffure.com\/blog\/wp-content\/uploads\/2024\/05\/17-540x675.png\" height=\"675\" width=\"540\" alt=\"l&#039;exfoliation pour pr\u00e9parer son bronzage\" class=\"slider-1831 slide-1839 msDefaultImage\" title=\"17\" \/><\/li>\n                <li style=\"display: none; width: 100%;\" class=\"slide-1840 ms-image \" aria-roledescription=\"slide\" data-date=\"2024-05-21 16:57:54\" data-filename=\"18-540x675.png\" data-slide-type=\"image\"><img loading=\"lazy\" decoding=\"async\" src=\"https:\/\/www.procoiffure.com\/blog\/wp-content\/uploads\/2024\/05\/18-540x675.png\" height=\"675\" width=\"540\" alt=\"les autobronzants pour un teint h\u00e2l\u00e9 rapidement\" class=\"slider-1831 slide-1840 msDefaultImage\" title=\"18\" \/><\/li>\n                <li style=\"display: none; width: 100%;\" class=\"slide-1841 ms-image \" aria-roledescription=\"slide\" data-date=\"2024-05-21 16:57:54\" data-filename=\"19-540x675.png\" data-slide-type=\"image\"><img loading=\"lazy\" decoding=\"async\" src=\"https:\/\/www.procoiffure.com\/blog\/wp-content\/uploads\/2024\/05\/19-540x675.png\" height=\"675\" width=\"540\" alt=\"maintenir son bronzage et se prot\u00e9ger du Soleil avec les soins solaires\" class=\"slider-1831 slide-1841 msDefaultImage\" title=\"19\" \/><\/li>\n            <\/ul>\n        <\/div>\n        \n    <\/div>\n<\/div><\/div>\n\n\n\n<h3 class=\"wp-block-heading has-medium-font-size\"><span style=\"background-color:rgba(0, 0, 0, 0);color:#e7017e\" class=\"has-inline-color\"><strong><span style=\"background-color:rgba(0, 0, 0, 0);color:#e7017e\" class=\"has-inline-color\"><strong>#1 &#8211; La cl\u00e9 se trouve dans votre assiette<\/strong><\/span><\/strong><\/span><\/h3>\n\n\n\n<p>Une bonne pr\u00e9paration au bronzage commence par une alimentation riche en vitamines et min\u00e9raux. Les aliments riches en carot\u00e8ne et b\u00e9ta-carot\u00e8ne, comme les carottes et les \u00e9pinards, aident \u00e0 augmenter la pigmentation de la peau et \u00e0 lui donner un \u00e9clat h\u00e2l\u00e9.<\/p>\n\n\n\n<p>Le lycop\u00e8ne, un antioxydant pr\u00e9sent dans les tomates, aide \u00e0 prot\u00e9ger la peau des rayons UV.<\/p>\n\n\n\n<p>Les acides gras om\u00e9ga-3 pr\u00e9sents dans les poissons gras comme le saumon, contribuent, quant-\u00e0-eux, \u00e0 l&rsquo;hydratation de la peau, essentielle pour un bronzage uniforme.<\/p>\n\n\n\n<p><strong>Voici la liste des aliments \u00e0 mettre dans votre panier lors de vos prochaines courses\u00a0:<\/strong><\/p>\n\n\n\n<p><strong>L\u00e9gumes<\/strong>\u00a0: carotte, poivron, \u00e9pinard, laitue, betterave, patate douce, brocoli, courge, ma\u00efs.\ud83e\udd57\ud83e\udd55<br><strong>Fruits<\/strong>\u00a0: tomates, agrumes, mangue, abricot, melon, past\u00e8que, noix.\ud83c\udf49\ud83c\udf4a<br><strong>Epicerie<\/strong> : huile de colza, huile d\u2019olive, huile de p\u00e9pins de raisin <strong>+<\/strong> Poissons gras.\ud83d\udc1f<\/p>\n\n\n\n<h3 class=\"wp-block-heading has-medium-font-size\"><span style=\"background-color:rgba(0, 0, 0, 0);color:#e7017e\" class=\"has-inline-color\"><strong><span style=\"background-color:rgba(0, 0, 0, 0);color:#e7017e\" class=\"has-inline-color\"><strong>#2 &#8211; Compl\u00e9tez votre alimentation<\/strong><\/span><\/strong><\/span><\/h3>\n\n\n\n<p>Les gummies et compl\u00e9ments alimentaires peuvent \u00e9galement \u00eatre b\u00e9n\u00e9fiques pour maximiser votre bronzage. \ud83c\udf6c<\/p>\n\n\n\n<p>Les gummies sont des compl\u00e9ments alimentaires pr\u00e9sent\u00e9s sous forme de bonbons masticables, appr\u00e9ci\u00e9s pour leur saveur agr\u00e9able et leur facilit\u00e9 d&rsquo;utilisation.<strong><\/strong><\/p>\n\n\n\n<p>Ces petits compl\u00e9ments alimentaires, riches en vitamines et min\u00e9raux, favorisent la pigmentation de la peau et aident \u00e0 pr\u00e9parer l&rsquo;\u00e9piderme \u00e0 recevoir les rayons UV. \ud83c\udf1e<\/p>\n\n\n\n<p>Enrichis en b\u00e9ta-carot\u00e8ne, lycop\u00e8ne, vitamine E et vitamine C, ces pastilles stimulent la production de m\u00e9lanine, le pigment responsable du bronzage, tout en prot\u00e9geant la peau contre les agressions solaires et les dommages caus\u00e9s par mes UV. La cure se pr\u00e9pare quelques semaines avant l\u2019\u00e9t\u00e9. <a href=\"https:\/\/www.procoiffure.com\/catalogsearch\/gummies%20vita%20concept&amp;familly=&amp;order=pert\" target=\"_blank\" rel=\"noreferrer noopener\">Shoppez nos gummies solaires et pr\u00e9parez votre bronzage ici<\/a>.<\/p>\n\n\n\n<h3 class=\"wp-block-heading has-medium-font-size\"><span style=\"background-color:rgba(0, 0, 0, 0);color:#e7017e\" class=\"has-inline-color\"><strong>#3 &#8211; Hydratez votre peau au quotidien<\/strong><\/span><\/h3>\n\n\n\n<p>Pour obtenir un bronzage radieux et durable, l&rsquo;hydratation de la peau est une \u00e9tape cruciale \u00e0 ne pas n\u00e9gliger. En effet, une peau bien hydrat\u00e9e permet une meilleure r\u00e9partition de la m\u00e9lanine, le pigment responsable du h\u00e2le, et favorise ainsi une coloration uniforme et lumineuse. \ud83e\uddf4<\/p>\n\n\n\n<p>L\u2019eau aide \u00e9galement \u00e0 pr\u00e9venir les dommages caus\u00e9s par les UV, y compris le vieillissement pr\u00e9matur\u00e9 de la peau.<\/p>\n\n\n\n<p>Ainsi, pour optimiser votre bronzage, il est recommand\u00e9 de boire beaucoup d\u2019eau\u00a0: 1,5litre d\u2019eau par jour minimum. Gardez toujours une gourde \u00e0 port\u00e9e de main ! <a href=\"https:\/\/www.procoiffure.com\/catalogsearch\/gourde&amp;familly=&amp;order=pert\" target=\"_blank\" rel=\"noreferrer noopener\">Choisissez-en une par l\u00e0<\/a> ! \ud83d\udca7<\/p>\n\n\n\n<p>En compl\u00e9ment, et pour lutter contre les agressions du quotidien\u00a0: soleil, pollution, eau calcaire\u2026 hydratez votre peau avec des lotions ou cr\u00e8mes hydratantes riches en vitamines et antioxydants.<\/p>\n\n\n\n<p>Contour des yeux, cr\u00e8me de jour pour le visage, lait pour le corps, masques hydratants, cr\u00e8mes pour les mains et les pieds ou encore shampoings hydratants devront faire partie de votre routine beaut\u00e9\u00a0! <a href=\"https:\/\/www.procoiffure.com\/catalogsearch\/hydratant&amp;familly=&amp;order=pert\">Retrouvez-les dans cette s\u00e9lection de soins hydratants<\/a>.<\/p>\n\n\n\n<h3 class=\"wp-block-heading has-medium-font-size\"><span style=\"background-color:rgba(0, 0, 0, 0);color:#e7017e\" class=\"has-inline-color\"><strong>#<\/strong><\/span><span style=\"background-color: rgba(0, 0, 0, 0);\" class=\"has-inline-color\"><span style=\"\"><span style=\"background-color: rgba(0, 0, 0, 0);\" class=\"has-inline-color\"><strong style=\"color: rgb(231, 1, 126); font-weight: bold;\">4 &#8211; L&rsquo;importance du gommage de la peau<\/strong><\/span><\/span><\/span><\/h3>\n\n\n\n<p><strong>Le r\u00f4le de l&rsquo;exfoliation et du gommage dans la pr\u00e9paration de la peau au bronzage<\/strong><\/p>\n\n\n\n<p>L&rsquo;exfoliation et le gommage sont des proc\u00e9d\u00e9s qui aident \u00e0 pr\u00e9parer la peau en la rendant plus lisse et en am\u00e9liorant sa capacit\u00e9 \u00e0 absorber les UV.<\/p>\n\n\n\n<p>Les cellules mortes \u00e0 la surface de la peau peuvent entraver la p\u00e9n\u00e9tration des rayons UV, ce qui peut conduire \u00e0 un bronzage in\u00e9gal. En \u00e9liminant ces cellules, le processus de bronzage sera donc efficace.<\/p>\n\n\n\n<p>En outre, l&rsquo;exfoliation et le gommage peuvent stimuler la production de m\u00e9lanine, le pigment qui donne \u00e0 la peau sa couleur bronz\u00e9e. Ces techniques stimulant la circulation sanguine, am\u00e9liorent l&rsquo;\u00e9clat de la peau&nbsp;!\ud83d\udec1\ud83e\uddfc<\/p>\n\n\n\n<p>Vous vous demandez si le gommage retire le bronzage ? Non, rassurez-vous ! M\u00eame en \u00e9t\u00e9, le gommage \u00e9limine les cellules mortes et pr\u00e9pare la peau \u00e0 mieux recevoir les soins hydratants. Veillez simplement \u00e0 \u00e9viter une exposition solaire prolong\u00e9e le jour suivant votre gommage.<\/p>\n\n\n\n<p>D\u00e9couvrez notre s\u00e9lection de gommages et d\u2019exfoliants pour le corps ou le visage sur <a href=\"https:\/\/www.procoiffure.com\/\" target=\"_blank\" rel=\"noreferrer noopener\">www.procoiffure.com<\/a> et retrouvez-y :<\/p>\n\n\n\n<p>&#8211; <a href=\"https:\/\/www.procoiffure.com\/catalogsearch\/gommage%20peggy%20sage&amp;familly=&amp;order=pert\" target=\"_blank\" rel=\"noreferrer noopener\">Les gommages Peggy Sage<\/a><br>&#8211; <a href=\"https:\/\/www.procoiffure.com\/catalogsearch\/gommage%20elements&amp;familly=&amp;order=pert\" target=\"_blank\" rel=\"noreferrer noopener\">Les gommages Elements<\/a><br>&#8211; <a href=\"https:\/\/www.procoiffure.com\/bambou-exfo-exfoliant-visage-coreme-500ml\">Le gommage exfoliant pour le visage de Coreme<\/a><\/p>\n\n\n\n<h3 class=\"wp-block-heading has-medium-font-size\"><span style=\"background-color:rgba(0, 0, 0, 0);color:#e7017e\" class=\"has-inline-color\"><strong>#<\/strong><\/span><span style=\"background-color: rgba(0, 0, 0, 0);\" class=\"has-inline-color\"><strong style=\"color: rgb(231, 1, 126);\">5 &#8211; L&rsquo;auto-bronzant pour h\u00e2ler la peau<\/strong><\/span><\/h3>\n\n\n\n<p>Pour intensifier le bronzage, vous pouvez \u00e9galement opter pour un autobronzant qui vous apportera instantan\u00e9ment une peau h\u00e2l\u00e9e et un effet bonne mine\u00a0!<\/p>\n\n\n\n<p>Sous forme de cr\u00e8me, huile, lotion ou mousse, ces produits permettent d\u2019obtenir un bronzage \u00e0 l\u2019effet naturel d\u00e8s l&rsquo;application et pour une dur\u00e9e jusqu&rsquo;\u00e0 1 semaine. <a href=\"https:\/\/www.procoiffure.com\/catalogsearch\/bronzage&amp;familly=&amp;order=pert\" target=\"_blank\" rel=\"noreferrer noopener\">Retrouvez-ici notre s\u00e9lection d&rsquo;auto-bronzants et produits de bronzage.<\/a> \u2728<\/p>\n\n\n\n<p>D\u00e9couvrez \u00e9galement <a href=\"https:\/\/www.procoiffure.com\/brand\/btan&amp;keyword=b.tan\" target=\"_blank\" rel=\"noreferrer noopener\">la gamme auto-bronzante B.tan pour un teint h\u00e2l\u00e9<\/a>, naturel et radieux toute l&rsquo;ann\u00e9e ! Des produits formul\u00e9s avec des ingr\u00e9dients de haute qualit\u00e9 qui nourrissent et hydratent votre peau tout en lui donnant une couleur sublime, uniforme et sans traces. \ud83d\ude09<\/p>\n\n\n\n<h3 class=\"wp-block-heading has-medium-font-size\"><span style=\"background-color:rgba(0, 0, 0, 0);color:#e7017e\" class=\"has-inline-color\"><strong>#6 &#8211; Une exposition tout en douceur<\/strong><\/span><\/h3>\n\n\n\n<p>Une exposition au soleil progressive permettra \u00e0 la peau de s\u2019adapter en douceur ! Vous exposer au soleil toute une apr\u00e8s-midi ou une journ\u00e9e enti\u00e8re d\u00e8s l\u2019arriv\u00e9e des beaux jours sera brutal et n\u00e9faste pour l&rsquo;\u00e9piderme.<\/p>\n\n\n\n<p>Optez plut\u00f4t pour une exposition fr\u00e9quente mais de courte dur\u00e9e (30 minutes \u00e0 1 heure avec une protection solaire adapt\u00e9e) afin de mieux prot\u00e9ger la peau.<br>Sortez en d\u00e9but de matin\u00e9e ou en fin de journ\u00e9e (avant 12h et apr\u00e8s 16h) lorsque le Soleil chauffe moins.<br>Et augmentez progressivement la dur\u00e9e d\u2019exposition au fil des jours. \ud83d\udcc8<\/p>\n\n\n\n<h3 class=\"wp-block-heading has-medium-font-size\"><span style=\"background-color:rgba(0, 0, 0, 0);color:#e7017e\" class=\"has-inline-color\"><strong><strong>#7 &#8211; Prot\u00e9gez votre peau et vos cheveux<\/strong><\/strong><\/span><\/h3>\n\n\n\n<p><strong>La cr\u00e8me solaire, un indispensable<\/strong><\/p>\n\n\n\n<p>L&rsquo;application de cr\u00e8mes solaires est une \u00e9tape essentielle pour pr\u00e9venir les dommages caus\u00e9s par les UV et prolonger la dur\u00e9e de votre bronzage.<\/p>\n\n\n\n<p>Avant toute exposition solaire, il convient d&rsquo;appliquer g\u00e9n\u00e9reusement la cr\u00e8me protectrice sur l&rsquo;ensemble de votre corps, y compris le visage. N&rsquo;oubliez pas de renouveler l&rsquo;application toutes les deux heures et apr\u00e8s chaque baignade. \ud83c\udf0a<\/p>\n\n\n\n<p>\u00c0 la recherche du soin solaire id\u00e9al\u00a0? Prot\u00e9gez-vous avec <a href=\"https:\/\/www.procoiffure.com\/catalogsearch\/solaire&amp;familly=&amp;order=pert\" target=\"_blank\" rel=\"noreferrer noopener\">notre s\u00e9lection\u00a0de produits et shampoings solaires<\/a>.<\/p>\n\n\n\n<p><strong>Misez sur les shampoings solaires<\/strong><\/p>\n\n\n\n<p>Afin de pr\u00e9parer et entretenir sa peau et ses cheveux face aux rayons UV, il est essentiel de choisir des produits de soins appropri\u00e9s. \ud83d\ude46\u200d\u2640\ufe0f<\/p>\n\n\n\n<p>De la s\u00e9lection du shampoing \u00e0 l&rsquo;application des soins solaires, chaque \u00e9tape est cruciale pour assurer un h\u00e2le \u00e9clatant et une chevelure brillante tout l&rsquo;\u00e9t\u00e9.<\/p>\n\n\n\n<p>Les shampoings solaires sont des produits \u00e0 la fois hydratants et nourrissants. En effet, l&rsquo;exposition solaire tend \u00e0 ass\u00e9cher la peau et les cheveux. Un shampoing sp\u00e9cial Soleil prot\u00e9gera le cuir chevelu de ces agressions gr\u00e2ce \u00e0 ses propri\u00e9t\u00e9s hydratantes.<\/p>\n\n\n\n<p>Ce <a href=\"https:\/\/www.procoiffure.com\/capiliplage-shampooing-solaire-250ml\" target=\"_blank\" rel=\"noreferrer noopener\">shampoing solaire Capiliplage<\/a>  \u00e9limine les r\u00e9sidus de sable, de sel, et de chlore. Gr\u00e2ce \u00e0 sa formule incroyablement nourrissante, il agit sur les zones dess\u00e9ch\u00e9es et ab\u00eem\u00e9es par l\u2019\u00e9t\u00e9. La Vitamine A : r\u00e9pare intens\u00e9ment la fibre et les filtres UV prot\u00e8gent des rayons UVA et UVB.<\/p>\n\n\n\n<p>Le <a href=\"https:\/\/www.procoiffure.com\/soin-demelant-instantane-protection-solaire-equave-revlon-100ml\" target=\"_blank\" rel=\"noreferrer noopener\">spray d\u00e9m\u00ealant EQUAVE de Revlon<\/a> hydrate vos cheveux et les prot\u00e8ge aussi des UV !<\/p>\n\n\n\n<p>Retrouvez <a href=\"https:\/\/www.procoiffure.com\/catalogsearch\/shampooing%20solaire&amp;familly=&amp;order=pert\" target=\"_blank\" rel=\"noreferrer noopener\">nos autres shampoings solaires<\/a> et <a href=\"https:\/\/www.procoiffure.com\/catalogsearch\/shampoing%20hydratant&amp;familly=&amp;order=pert\" target=\"_blank\" rel=\"noreferrer noopener\">shampoings hydratants<\/a> !<\/p>\n\n\n\n<p><strong>\u00c0 NE PAS MANQUER EN CE MOMENT&nbsp;!<\/strong><\/p>\n\n\n\n<p>La <a href=\"https:\/\/www.procoiffure.com\/pochette-routine-shampoing-et-spray-solaire-makadamia-soleil\" target=\"_blank\" rel=\"noreferrer noopener\">Routine pochette shampoing + soin cheveux Makadamia Soleil<\/a> de <a href=\"https:\/\/www.procoiffure.com\/brand\/urban-keratin&amp;keyword=urban\">la marque Urban Keratin<\/a><\/p>\n\n\n\n<h3 class=\"wp-block-heading has-medium-font-size\"><span style=\"background-color:rgba(0, 0, 0, 0);color:#e7017e\" class=\"has-inline-color\"><strong><strong>#8 &#8211; L&rsquo;apr\u00e8s-solaire pour entretenir le bronzage<\/strong><\/strong><\/span><\/h3>\n\n\n\n<p>Enfin, n&rsquo;oubliez pas l&rsquo;importance de l&rsquo;apr\u00e8s-soleil. Obtenir un joli teint h\u00e2l\u00e9 est une chose, mais le maintenir en est une autre\u00a0! Les produits tels que les cr\u00e8mes apr\u00e8s-soleil sont g\u00e9n\u00e9ralement riches en ingr\u00e9dients apaisants et hydratants, aideront \u00e0 r\u00e9parer votre peau apr\u00e8s une journ\u00e9e au soleil, tout en prolongeant la dur\u00e9e de votre bronzage\u00a0!<\/p>\n\n\n\n<p>Le secret pour conserver un bronzage durable r\u00e9side dans l&rsquo;hydratation. <a href=\"https:\/\/www.procoiffure.com\/catalogsearch\/apres%20solaire&amp;familly=&amp;order=pert\" target=\"_blank\" rel=\"noreferrer noopener\">Les produits apr\u00e8s-soleil<\/a> sont con\u00e7ues pour hydrater intens\u00e9ment la peau apr\u00e8s une exposition aux rayons UV. Elles aident \u00e0 pr\u00e9venir la desquamation de la peau, qui peut faire dispara\u00eetre le bronzage. \ud83d\ude0e<\/p>\n\n\n\n<p>De plus, certaines cr\u00e8mes apr\u00e8s-soleil contiennent un l\u00e9ger auto-bronzant pour prolonger le h\u00e2le ou intensifier la couleur bronz\u00e9e. Il existe m\u00eame des gels douche permettant de pr\u00e9server le bronzage&nbsp;!<\/p>\n\n\n\n<p>Pour les cheveux, appliquer de l\u2019huile quotidiennement permettra d\u2019hydrater et sublimer votre chevelure.<\/p>\n\n\n\n<p>L\u2019alimentation riche en vitamines et b\u00eata-carot\u00e8ne ainsi que l\u2019hydratation en buvant de l\u2019eau r\u00e9guli\u00e8rement permettra \u00e9galement de pr\u00e9server votre h\u00e2le.<\/p>\n\n\n\n<h3 class=\"wp-block-heading has-medium-font-size\"><span style=\"background-color:rgba(0, 0, 0, 0);color:#e7017e\" class=\"has-inline-color\"><strong><strong><strong>#9 &#8211; Le maquillage pour sublimer votre beau bronz\u00e9e<\/strong><\/strong><\/strong><\/span><\/h3>\n\n\n\n<p>Pour choisir le bon maquillage pour votre peau bronz\u00e9e, misez sur des couleurs qui vont illuminer votre teint. Les tons dor\u00e9s, bronz\u00e9s ou cuivr\u00e9s sont parfaits pour accentuer le h\u00e2le et donner un effet bonne mine.<\/p>\n\n\n\n<p>Opte pour <a href=\"https:\/\/www.procoiffure.com\/filterForm?form_name=DistelProduct_Form_filter&amp;action=catalogsearch&amp;savedFilters=%5B%5D&amp;keyword=&amp;familly_1=1440&amp;familly_2=1484&amp;familly_3=1740&amp;brand=all&amp;order=pert&amp;price1=&amp;price2=&amp;opfilter=%3CSPAN+class%3D%22glyphicon+glyphicon-search%22%3E%3C%2FSPAN%3E+Rechercher\" target=\"_blank\" rel=\"noreferrer noopener\">une poudre bronzante vitamin\u00e9e type \u00ab\u00a0Terracotta\u00a0\u00bb<\/a> pour apporter de la chaleur \u00e0 votre visage et <a href=\"https:\/\/www.procoiffure.com\/filterForm?form_name=DistelProduct_Form_filter&amp;action=catalogsearch&amp;savedFilters=%5B%5D&amp;keyword=blush&amp;familly_1=1440&amp;familly_2=all&amp;familly_3=all&amp;brand=all&amp;order=pert&amp;price1=&amp;price2=&amp;opfilter=%3CSPAN+class%3D%22glyphicon+glyphicon-search%22%3E%3C%2FSPAN%3E+Rechercher\" target=\"_blank\" rel=\"noreferrer noopener\">un blush \u00e0 la teinte p\u00eache ou corail<\/a> pour apporter un \u00e9clat naturel.<\/p>\n\n\n\n<p>Appliquez un fard \u00e0 paupi\u00e8res dor\u00e9 sur tes paupi\u00e8res pour illuminer ton regard. <a href=\"https:\/\/www.procoiffure.com\/catalogsearch\/fard%20%C3%A0%20paupi%C3%A8res&amp;familly=&amp;order=pert\" target=\"_blank\" rel=\"noreferrer noopener\">D\u00e9couvrez toutes nos palettes de fards \u00e0 paupi\u00e8res<\/a>.<\/p>\n\n\n\n<p>L\u2019highlighter, appliqu\u00e9 en touche sous l\u2019arcade sourcili\u00e8re, l\u2019arc de cupidon, arr\u00eate du nez ou le menton illuminera instantan\u00e9ment votre visage. <a href=\"https:\/\/www.procoiffure.com\/catalogsearch\/highlighter&amp;familly=&amp;order=pert\">Shoppez ton highlighter ici<\/a>.<\/p>\n\n\n\n<p>Sur les l\u00e8vres, un rouge \u00e0 l\u00e8vres p\u00eache, corail ou rose mettra en valeur le bronzage du visage. \u00c0 choisir parmi la collection de <a href=\"https:\/\/www.procoiffure.com\/catalogsearch\/rouges%20%C3%A0%20l%C3%A8vres&amp;familly=&amp;order=pert\" target=\"_blank\" rel=\"noreferrer noopener\">rouges \u00e0 l\u00e8vres Peggy Sage<\/a>. \ud83d\udc84<\/p>\n\n\n\n<p>Enfin, osez afficher des griffes flashy avec <a href=\"https:\/\/www.procoiffure.com\/catalogsearch\/longwear&amp;familly=&amp;order=pert\" target=\"_blank\" rel=\"noreferrer noopener\">la gamme de vernis \u00e0 ongles Longwear de ProNails<\/a>. Quant au blanc, il met en valeur les peaux mates ou bronz\u00e9es !<\/p>\n\n\n\n<p>TIPS\u00a0: Terminez par <a href=\"https:\/\/www.procoiffure.com\/catalogsearch\/fixateur%20de%20maquillage&amp;familly=&amp;order=pert\" target=\"_blank\" rel=\"noreferrer noopener\">un spray fixateur<\/a> pour assurer la long\u00e9vit\u00e9 de votre maquillage.\u00a0\ud83d\ude09<\/p>\n\n\n\n<h3 class=\"wp-block-heading has-medium-font-size\"><span style=\"background-color:rgba(0, 0, 0, 0);color:#e7017e\" class=\"has-inline-color\"><strong>#10 &#8211; Les couleurs de cheveux \u00e0 adopter<\/strong><\/span><\/h3>\n\n\n\n<p>Pour une peau bronz\u00e9e, le choix de la couleur de cheveux peut \u00eatre un v\u00e9ritable atout pour sublimer votre teint h\u00e2l\u00e9.<\/p>\n\n\n\n<p>Les tons chauds comme le caramel, le miel ou le cuivr\u00e9 sont particuli\u00e8rement recommand\u00e9s. \ud83e\udde1\ud83e\udd0e<\/p>\n\n\n\n<p>Ces nuances vitamin\u00e9es apportent de l&rsquo;\u00e9clat et illuminent le teint bronz\u00e9, cr\u00e9ant un bel effet ensoleill\u00e9.<\/p>\n\n\n\n<p>Le blond ou des m\u00e8ches claires sont \u00e9galement une valeur s\u00fbre pour l\u2019\u00e9t\u00e9&nbsp;!<\/p>\n\n\n\n<p>N\u2019h\u00e9sitez pas \u00e0 entretenir votre couleur ou vos m\u00e8ches avec des <a href=\"https:\/\/www.procoiffure.com\/catalogsearch\/cheveux%20color%C3%A9s&amp;familly=&amp;order=pert\" target=\"_blank\" rel=\"noreferrer noopener\">shampoings et masques pour cheveux color\u00e9s<\/a> ainsi que des <a href=\"https:\/\/www.procoiffure.com\/catalogsearch\/repigmentant&amp;familly=&amp;order=pert\" target=\"_blank\" rel=\"noreferrer noopener\">shampoings ou soins repigmentants<\/a> qui apporteront brillance et \u00e9clat \u00e0 votre chevelure.<\/p>\n\n\n\n<p>Pour la coiffure, on surfe, cette ann\u00e9e encore, sur la tendance du Wavy et ses boucles de surfeuses\u00a0! <a href=\"https:\/\/www.procoiffure.com\/set-effet-wavy--fer-a-boucler-conique-avec-peigne-et-serum-metal-detox\" target=\"_blank\" rel=\"noreferrer noopener\">Shoppez le Kit pour r\u00e9aliser cette coiffure<\/a>.<\/p>\n","protected":false},"excerpt":{"rendered":"<p>L&rsquo;\u00e9t\u00e9 approche et avec lui le r\u00eave d\u2019arborer un bronzage dor\u00e9 et uniforme. Un h\u00e2le subtil est souvent consid\u00e9r\u00e9 comme un signe de bonne mine et de vitalit\u00e9. Cependant, l&rsquo;exposition au soleil et aux rayons UV pr\u00e9sente des risques pour la peau. C&rsquo;est pourquoi une pr\u00e9paration ad\u00e9quate est essentielle pour obtenir un bronzage optimal tout en prot\u00e9geant son \u00e9piderme. Nous te livrons 10 conseils pour pr\u00e9parer et maintenir un bronzage parfait\u00a0!<\/p>\n","protected":false},"author":2,"featured_media":3086,"comment_status":"open","ping_status":"open","sticky":false,"template":"","format":"standard","meta":{"_jetpack_memberships_contains_paid_content":false,"footnotes":""},"categories":[14,3,13,7,12],"tags":[198,199,92,87,22,142,94,90,74,200,89,52,197],"class_list":["post-1779","post","type-post","status-publish","format-standard","has-post-thumbnail","hentry","category-esthetique","category-make-up","category-onglerie","category-tendance","category-tutoriels-et-conseils","tag-apressolaire","tag-autobronzant","tag-beaute","tag-bronzage","tag-cheveux","tag-corps","tag-esthetique","tag-ete","tag-gommage","tag-hydratation","tag-peau","tag-soin","tag-soleil"],"yoast_head":"<!-- This site is optimized with the Yoast SEO plugin v27.2 - https:\/\/yoast.com\/product\/yoast-seo-wordpress\/ -->\n<title>Les secrets d\u2019un bronzage parfait et durable tout l&#039;\u00e9t\u00e9 ! | L&#039;actu beaut\u00e9 | Pro Coiffure Esht\u00e9tique<\/title>\n<meta name=\"description\" content=\"D\u00e9couvrez 10 conseils pour obtenir un bronzage uniforme et durable tout en prot\u00e9geant votre peau des risques li\u00e9s au soleil.\" \/>\n<meta name=\"robots\" content=\"index, follow, max-snippet:-1, max-image-preview:large, max-video-preview:-1\" \/>\n<link rel=\"canonical\" href=\"https:\/\/www.procoiffure.com\/blog\/comment-preparer-et-maintenir-son-bronzage\/\" \/>\n<meta property=\"og:locale\" content=\"fr_FR\" \/>\n<meta property=\"og:type\" content=\"article\" \/>\n<meta property=\"og:title\" content=\"Les secrets d\u2019un bronzage parfait et durable tout l&#039;\u00e9t\u00e9 ! | L&#039;actu beaut\u00e9 | Pro Coiffure Esht\u00e9tique\" \/>\n<meta property=\"og:description\" content=\"D\u00e9couvrez 10 conseils pour obtenir un bronzage uniforme et durable tout en prot\u00e9geant votre peau des risques li\u00e9s au soleil.\" \/>\n<meta property=\"og:url\" content=\"https:\/\/www.procoiffure.com\/blog\/comment-preparer-et-maintenir-son-bronzage\/\" \/>\n<meta property=\"og:site_name\" content=\"L&#039;actu beaut\u00e9 | Pro Coiffure Esht\u00e9tique\" \/>\n<meta property=\"article:published_time\" content=\"2024-05-21T10:08:04+00:00\" \/>\n<meta property=\"article:modified_time\" content=\"2025-04-02T09:09:01+00:00\" \/>\n<meta property=\"og:image\" content=\"https:\/\/www.procoiffure.com\/blog\/wp-content\/uploads\/2024\/05\/Bronzage-parfait.jpg\" \/>\n\t<meta property=\"og:image:width\" content=\"600\" \/>\n\t<meta property=\"og:image:height\" content=\"600\" \/>\n\t<meta property=\"og:image:type\" content=\"image\/jpeg\" \/>\n<meta name=\"author\" content=\"Salma RHARIB\" \/>\n<meta name=\"twitter:card\" content=\"summary_large_image\" \/>\n<meta name=\"twitter:label1\" content=\"\u00c9crit par\" \/>\n\t<meta name=\"twitter:data1\" content=\"Salma RHARIB\" \/>\n\t<meta name=\"twitter:label2\" content=\"Dur\u00e9e de lecture estim\u00e9e\" \/>\n\t<meta name=\"twitter:data2\" content=\"9 minutes\" \/>\n<script type=\"application\/ld+json\" class=\"yoast-schema-graph\">{\"@context\":\"https:\/\/schema.org\",\"@graph\":[{\"@type\":\"Article\",\"@id\":\"https:\/\/www.procoiffure.com\/blog\/comment-preparer-et-maintenir-son-bronzage\/#article\",\"isPartOf\":{\"@id\":\"https:\/\/www.procoiffure.com\/blog\/comment-preparer-et-maintenir-son-bronzage\/\"},\"author\":{\"name\":\"Salma RHARIB\",\"@id\":\"https:\/\/www.procoiffure.com\/blog\/#\/schema\/person\/0e1a122edba3c6ff7099de5d0170f5b9\"},\"headline\":\"Les secrets d\u2019un bronzage parfait et durable tout l&rsquo;\u00e9t\u00e9 !\",\"datePublished\":\"2024-05-21T10:08:04+00:00\",\"dateModified\":\"2025-04-02T09:09:01+00:00\",\"mainEntityOfPage\":{\"@id\":\"https:\/\/www.procoiffure.com\/blog\/comment-preparer-et-maintenir-son-bronzage\/\"},\"wordCount\":1860,\"commentCount\":0,\"publisher\":{\"@id\":\"https:\/\/www.procoiffure.com\/blog\/#organization\"},\"image\":{\"@id\":\"https:\/\/www.procoiffure.com\/blog\/comment-preparer-et-maintenir-son-bronzage\/#primaryimage\"},\"thumbnailUrl\":\"https:\/\/www.procoiffure.com\/blog\/wp-content\/uploads\/2024\/05\/Bronzage-parfait.jpg\",\"keywords\":[\"apressolaire\",\"autobronzant\",\"beaute\",\"bronzage\",\"cheveux\",\"corps\",\"esthetique\",\"ete\",\"gommage\",\"hydratation\",\"peau\",\"soin\",\"soleil\"],\"articleSection\":[\"Esth\u00e9tique\",\"Make-up\",\"Onglerie\",\"Tendance\",\"Tutoriels &amp; Conseils\"],\"inLanguage\":\"fr-FR\",\"potentialAction\":[{\"@type\":\"CommentAction\",\"name\":\"Comment\",\"target\":[\"https:\/\/www.procoiffure.com\/blog\/comment-preparer-et-maintenir-son-bronzage\/#respond\"]}]},{\"@type\":\"WebPage\",\"@id\":\"https:\/\/www.procoiffure.com\/blog\/comment-preparer-et-maintenir-son-bronzage\/\",\"url\":\"https:\/\/www.procoiffure.com\/blog\/comment-preparer-et-maintenir-son-bronzage\/\",\"name\":\"Les secrets d\u2019un bronzage parfait et durable tout l'\u00e9t\u00e9 ! | L&#039;actu beaut\u00e9 | Pro Coiffure Esht\u00e9tique\",\"isPartOf\":{\"@id\":\"https:\/\/www.procoiffure.com\/blog\/#website\"},\"primaryImageOfPage\":{\"@id\":\"https:\/\/www.procoiffure.com\/blog\/comment-preparer-et-maintenir-son-bronzage\/#primaryimage\"},\"image\":{\"@id\":\"https:\/\/www.procoiffure.com\/blog\/comment-preparer-et-maintenir-son-bronzage\/#primaryimage\"},\"thumbnailUrl\":\"https:\/\/www.procoiffure.com\/blog\/wp-content\/uploads\/2024\/05\/Bronzage-parfait.jpg\",\"datePublished\":\"2024-05-21T10:08:04+00:00\",\"dateModified\":\"2025-04-02T09:09:01+00:00\",\"description\":\"D\u00e9couvrez 10 conseils pour obtenir un bronzage uniforme et durable tout en prot\u00e9geant votre peau des risques li\u00e9s au soleil.\",\"breadcrumb\":{\"@id\":\"https:\/\/www.procoiffure.com\/blog\/comment-preparer-et-maintenir-son-bronzage\/#breadcrumb\"},\"inLanguage\":\"fr-FR\",\"potentialAction\":[{\"@type\":\"ReadAction\",\"target\":[\"https:\/\/www.procoiffure.com\/blog\/comment-preparer-et-maintenir-son-bronzage\/\"]}]},{\"@type\":\"ImageObject\",\"inLanguage\":\"fr-FR\",\"@id\":\"https:\/\/www.procoiffure.com\/blog\/comment-preparer-et-maintenir-son-bronzage\/#primaryimage\",\"url\":\"https:\/\/www.procoiffure.com\/blog\/wp-content\/uploads\/2024\/05\/Bronzage-parfait.jpg\",\"contentUrl\":\"https:\/\/www.procoiffure.com\/blog\/wp-content\/uploads\/2024\/05\/Bronzage-parfait.jpg\",\"width\":600,\"height\":600},{\"@type\":\"BreadcrumbList\",\"@id\":\"https:\/\/www.procoiffure.com\/blog\/comment-preparer-et-maintenir-son-bronzage\/#breadcrumb\",\"itemListElement\":[{\"@type\":\"ListItem\",\"position\":1,\"name\":\"Accueil\",\"item\":\"https:\/\/www.procoiffure.com\/blog\/\"},{\"@type\":\"ListItem\",\"position\":2,\"name\":\"Les secrets d\u2019un bronzage parfait et durable tout l&#8217;\u00e9t\u00e9 !\"}]},{\"@type\":\"WebSite\",\"@id\":\"https:\/\/www.procoiffure.com\/blog\/#website\",\"url\":\"https:\/\/www.procoiffure.com\/blog\/\",\"name\":\"L'actu beaut\u00e9 | Pro Coiffure Esth\u00e9tique\",\"description\":\"\",\"publisher\":{\"@id\":\"https:\/\/www.procoiffure.com\/blog\/#organization\"},\"potentialAction\":[{\"@type\":\"SearchAction\",\"target\":{\"@type\":\"EntryPoint\",\"urlTemplate\":\"https:\/\/www.procoiffure.com\/blog\/?s={search_term_string}\"},\"query-input\":{\"@type\":\"PropertyValueSpecification\",\"valueRequired\":true,\"valueName\":\"search_term_string\"}}],\"inLanguage\":\"fr-FR\"},{\"@type\":\"Organization\",\"@id\":\"https:\/\/www.procoiffure.com\/blog\/#organization\",\"name\":\"Le Blog de No\u00e9mie\",\"url\":\"https:\/\/www.procoiffure.com\/blog\/\",\"logo\":{\"@type\":\"ImageObject\",\"inLanguage\":\"fr-FR\",\"@id\":\"https:\/\/www.procoiffure.com\/blog\/#\/schema\/logo\/image\/\",\"url\":\"https:\/\/www.procoiffure.com\/blog\/wp-content\/uploads\/2025\/03\/LOGO-BLOG-1.png\",\"contentUrl\":\"https:\/\/www.procoiffure.com\/blog\/wp-content\/uploads\/2025\/03\/LOGO-BLOG-1.png\",\"width\":998,\"height\":397,\"caption\":\"Le Blog de No\u00e9mie\"},\"image\":{\"@id\":\"https:\/\/www.procoiffure.com\/blog\/#\/schema\/logo\/image\/\"}},{\"@type\":\"Person\",\"@id\":\"https:\/\/www.procoiffure.com\/blog\/#\/schema\/person\/0e1a122edba3c6ff7099de5d0170f5b9\",\"name\":\"Salma RHARIB\",\"image\":{\"@type\":\"ImageObject\",\"inLanguage\":\"fr-FR\",\"@id\":\"https:\/\/secure.gravatar.com\/avatar\/474c0e28d67a213b71f0ebdb57b798ea3358dd2684e6a8db7c8f5a824c6599eb?s=96&d=color&r=g\",\"url\":\"https:\/\/secure.gravatar.com\/avatar\/474c0e28d67a213b71f0ebdb57b798ea3358dd2684e6a8db7c8f5a824c6599eb?s=96&d=color&r=g\",\"contentUrl\":\"https:\/\/secure.gravatar.com\/avatar\/474c0e28d67a213b71f0ebdb57b798ea3358dd2684e6a8db7c8f5a824c6599eb?s=96&d=color&r=g\",\"caption\":\"Salma RHARIB\"},\"url\":\"https:\/\/www.procoiffure.com\/blog\/author\/salmaprocoiffure-fr\/\"}]}<\/script>\n<!-- \/ Yoast SEO plugin. -->","yoast_head_json":{"title":"Les secrets d\u2019un bronzage parfait et durable tout l'\u00e9t\u00e9 ! | L&#039;actu beaut\u00e9 | Pro Coiffure Esht\u00e9tique","description":"D\u00e9couvrez 10 conseils pour obtenir un bronzage uniforme et durable tout en prot\u00e9geant votre peau des risques li\u00e9s au soleil.","robots":{"index":"index","follow":"follow","max-snippet":"max-snippet:-1","max-image-preview":"max-image-preview:large","max-video-preview":"max-video-preview:-1"},"canonical":"https:\/\/www.procoiffure.com\/blog\/comment-preparer-et-maintenir-son-bronzage\/","og_locale":"fr_FR","og_type":"article","og_title":"Les secrets d\u2019un bronzage parfait et durable tout l'\u00e9t\u00e9 ! | L&#039;actu beaut\u00e9 | Pro Coiffure Esht\u00e9tique","og_description":"D\u00e9couvrez 10 conseils pour obtenir un bronzage uniforme et durable tout en prot\u00e9geant votre peau des risques li\u00e9s au soleil.","og_url":"https:\/\/www.procoiffure.com\/blog\/comment-preparer-et-maintenir-son-bronzage\/","og_site_name":"L&#039;actu beaut\u00e9 | Pro Coiffure Esht\u00e9tique","article_published_time":"2024-05-21T10:08:04+00:00","article_modified_time":"2025-04-02T09:09:01+00:00","og_image":[{"width":600,"height":600,"url":"https:\/\/www.procoiffure.com\/blog\/wp-content\/uploads\/2024\/05\/Bronzage-parfait.jpg","type":"image\/jpeg"}],"author":"Salma RHARIB","twitter_card":"summary_large_image","twitter_misc":{"\u00c9crit par":"Salma RHARIB","Dur\u00e9e de lecture estim\u00e9e":"9 minutes"},"schema":{"@context":"https:\/\/schema.org","@graph":[{"@type":"Article","@id":"https:\/\/www.procoiffure.com\/blog\/comment-preparer-et-maintenir-son-bronzage\/#article","isPartOf":{"@id":"https:\/\/www.procoiffure.com\/blog\/comment-preparer-et-maintenir-son-bronzage\/"},"author":{"name":"Salma RHARIB","@id":"https:\/\/www.procoiffure.com\/blog\/#\/schema\/person\/0e1a122edba3c6ff7099de5d0170f5b9"},"headline":"Les secrets d\u2019un bronzage parfait et durable tout l&rsquo;\u00e9t\u00e9 !","datePublished":"2024-05-21T10:08:04+00:00","dateModified":"2025-04-02T09:09:01+00:00","mainEntityOfPage":{"@id":"https:\/\/www.procoiffure.com\/blog\/comment-preparer-et-maintenir-son-bronzage\/"},"wordCount":1860,"commentCount":0,"publisher":{"@id":"https:\/\/www.procoiffure.com\/blog\/#organization"},"image":{"@id":"https:\/\/www.procoiffure.com\/blog\/comment-preparer-et-maintenir-son-bronzage\/#primaryimage"},"thumbnailUrl":"https:\/\/www.procoiffure.com\/blog\/wp-content\/uploads\/2024\/05\/Bronzage-parfait.jpg","keywords":["apressolaire","autobronzant","beaute","bronzage","cheveux","corps","esthetique","ete","gommage","hydratation","peau","soin","soleil"],"articleSection":["Esth\u00e9tique","Make-up","Onglerie","Tendance","Tutoriels &amp; Conseils"],"inLanguage":"fr-FR","potentialAction":[{"@type":"CommentAction","name":"Comment","target":["https:\/\/www.procoiffure.com\/blog\/comment-preparer-et-maintenir-son-bronzage\/#respond"]}]},{"@type":"WebPage","@id":"https:\/\/www.procoiffure.com\/blog\/comment-preparer-et-maintenir-son-bronzage\/","url":"https:\/\/www.procoiffure.com\/blog\/comment-preparer-et-maintenir-son-bronzage\/","name":"Les secrets d\u2019un bronzage parfait et durable tout l'\u00e9t\u00e9 ! | L&#039;actu beaut\u00e9 | Pro Coiffure Esht\u00e9tique","isPartOf":{"@id":"https:\/\/www.procoiffure.com\/blog\/#website"},"primaryImageOfPage":{"@id":"https:\/\/www.procoiffure.com\/blog\/comment-preparer-et-maintenir-son-bronzage\/#primaryimage"},"image":{"@id":"https:\/\/www.procoiffure.com\/blog\/comment-preparer-et-maintenir-son-bronzage\/#primaryimage"},"thumbnailUrl":"https:\/\/www.procoiffure.com\/blog\/wp-content\/uploads\/2024\/05\/Bronzage-parfait.jpg","datePublished":"2024-05-21T10:08:04+00:00","dateModified":"2025-04-02T09:09:01+00:00","description":"D\u00e9couvrez 10 conseils pour obtenir un bronzage uniforme et durable tout en prot\u00e9geant votre peau des risques li\u00e9s au soleil.","breadcrumb":{"@id":"https:\/\/www.procoiffure.com\/blog\/comment-preparer-et-maintenir-son-bronzage\/#breadcrumb"},"inLanguage":"fr-FR","potentialAction":[{"@type":"ReadAction","target":["https:\/\/www.procoiffure.com\/blog\/comment-preparer-et-maintenir-son-bronzage\/"]}]},{"@type":"ImageObject","inLanguage":"fr-FR","@id":"https:\/\/www.procoiffure.com\/blog\/comment-preparer-et-maintenir-son-bronzage\/#primaryimage","url":"https:\/\/www.procoiffure.com\/blog\/wp-content\/uploads\/2024\/05\/Bronzage-parfait.jpg","contentUrl":"https:\/\/www.procoiffure.com\/blog\/wp-content\/uploads\/2024\/05\/Bronzage-parfait.jpg","width":600,"height":600},{"@type":"BreadcrumbList","@id":"https:\/\/www.procoiffure.com\/blog\/comment-preparer-et-maintenir-son-bronzage\/#breadcrumb","itemListElement":[{"@type":"ListItem","position":1,"name":"Accueil","item":"https:\/\/www.procoiffure.com\/blog\/"},{"@type":"ListItem","position":2,"name":"Les secrets d\u2019un bronzage parfait et durable tout l&#8217;\u00e9t\u00e9 !"}]},{"@type":"WebSite","@id":"https:\/\/www.procoiffure.com\/blog\/#website","url":"https:\/\/www.procoiffure.com\/blog\/","name":"L'actu beaut\u00e9 | Pro Coiffure Esth\u00e9tique","description":"","publisher":{"@id":"https:\/\/www.procoiffure.com\/blog\/#organization"},"potentialAction":[{"@type":"SearchAction","target":{"@type":"EntryPoint","urlTemplate":"https:\/\/www.procoiffure.com\/blog\/?s={search_term_string}"},"query-input":{"@type":"PropertyValueSpecification","valueRequired":true,"valueName":"search_term_string"}}],"inLanguage":"fr-FR"},{"@type":"Organization","@id":"https:\/\/www.procoiffure.com\/blog\/#organization","name":"Le Blog de No\u00e9mie","url":"https:\/\/www.procoiffure.com\/blog\/","logo":{"@type":"ImageObject","inLanguage":"fr-FR","@id":"https:\/\/www.procoiffure.com\/blog\/#\/schema\/logo\/image\/","url":"https:\/\/www.procoiffure.com\/blog\/wp-content\/uploads\/2025\/03\/LOGO-BLOG-1.png","contentUrl":"https:\/\/www.procoiffure.com\/blog\/wp-content\/uploads\/2025\/03\/LOGO-BLOG-1.png","width":998,"height":397,"caption":"Le Blog de No\u00e9mie"},"image":{"@id":"https:\/\/www.procoiffure.com\/blog\/#\/schema\/logo\/image\/"}},{"@type":"Person","@id":"https:\/\/www.procoiffure.com\/blog\/#\/schema\/person\/0e1a122edba3c6ff7099de5d0170f5b9","name":"Salma RHARIB","image":{"@type":"ImageObject","inLanguage":"fr-FR","@id":"https:\/\/secure.gravatar.com\/avatar\/474c0e28d67a213b71f0ebdb57b798ea3358dd2684e6a8db7c8f5a824c6599eb?s=96&d=color&r=g","url":"https:\/\/secure.gravatar.com\/avatar\/474c0e28d67a213b71f0ebdb57b798ea3358dd2684e6a8db7c8f5a824c6599eb?s=96&d=color&r=g","contentUrl":"https:\/\/secure.gravatar.com\/avatar\/474c0e28d67a213b71f0ebdb57b798ea3358dd2684e6a8db7c8f5a824c6599eb?s=96&d=color&r=g","caption":"Salma RHARIB"},"url":"https:\/\/www.procoiffure.com\/blog\/author\/salmaprocoiffure-fr\/"}]}},"jetpack_featured_media_url":"https:\/\/www.procoiffure.com\/blog\/wp-content\/uploads\/2024\/05\/Bronzage-parfait.jpg","jetpack_sharing_enabled":true,"_links":{"self":[{"href":"https:\/\/www.procoiffure.com\/blog\/wp-json\/wp\/v2\/posts\/1779","targetHints":{"allow":["GET"]}}],"collection":[{"href":"https:\/\/www.procoiffure.com\/blog\/wp-json\/wp\/v2\/posts"}],"about":[{"href":"https:\/\/www.procoiffure.com\/blog\/wp-json\/wp\/v2\/types\/post"}],"author":[{"embeddable":true,"href":"https:\/\/www.procoiffure.com\/blog\/wp-json\/wp\/v2\/users\/2"}],"replies":[{"embeddable":true,"href":"https:\/\/www.procoiffure.com\/blog\/wp-json\/wp\/v2\/comments?post=1779"}],"version-history":[{"count":23,"href":"https:\/\/www.procoiffure.com\/blog\/wp-json\/wp\/v2\/posts\/1779\/revisions"}],"predecessor-version":[{"id":3189,"href":"https:\/\/www.procoiffure.com\/blog\/wp-json\/wp\/v2\/posts\/1779\/revisions\/3189"}],"wp:featuredmedia":[{"embeddable":true,"href":"https:\/\/www.procoiffure.com\/blog\/wp-json\/wp\/v2\/media\/3086"}],"wp:attachment":[{"href":"https:\/\/www.procoiffure.com\/blog\/wp-json\/wp\/v2\/media?parent=1779"}],"wp:term":[{"taxonomy":"category","embeddable":true,"href":"https:\/\/www.procoiffure.com\/blog\/wp-json\/wp\/v2\/categories?post=1779"},{"taxonomy":"post_tag","embeddable":true,"href":"https:\/\/www.procoiffure.com\/blog\/wp-json\/wp\/v2\/tags?post=1779"}],"curies":[{"name":"wp","href":"https:\/\/api.w.org\/{rel}","templated":true}]}}