{"id":1728,"date":"2024-03-29T12:27:37","date_gmt":"2024-03-29T11:27:37","guid":{"rendered":"https:\/\/www.procoiffure.com\/blog\/?p=1728"},"modified":"2025-04-02T11:09:25","modified_gmt":"2025-04-02T09:09:25","slug":"ocean-therapy-x-hair-spa-by-urban-keratin-experience-sensorielle","status":"publish","type":"post","link":"https:\/\/www.procoiffure.com\/blog\/ocean-therapy-x-hair-spa-by-urban-keratin-experience-sensorielle\/","title":{"rendered":"\ud83c\udf0aOcean Therapy X HAIR SPA by Urban Keratin\ud83c\udf0a"},"content":{"rendered":"\n<p>Entrez dans l&rsquo;univers des <strong>soins capillaires haut de gamme avec Urban Keratin et sa gamme innovante de produits capillaires Ocean Therapy.<\/strong> Enrichie en <strong>k\u00e9ratine v\u00e9g\u00e9tale<\/strong> et <strong>algues marines<\/strong>, ces soins sont indispensables pour l\u2019entretien du <strong>Lissage Ocean Therapy<\/strong> et surfent sur <strong>la tendance<\/strong> du HAIR SPA.<\/p>\n\n\n\n<h2 class=\"wp-block-heading\"><strong>Plongez au c\u0153ur d&rsquo;une exp\u00e9rience sensorielle unique !<\/strong><\/h2>\n\n\n\n<h3 class=\"wp-block-heading\"><mark style=\"background-color:rgba(0, 0, 0, 0);color:#e2007a\" class=\"has-inline-color\"><strong>Ocean Therapy, c&rsquo;est quoi ?<\/strong><\/mark><\/h3>\n\n\n\n<p>La gamme Ocean Therapy par Urban Keratin est une <strong>r\u00e9volution dans le monde des soins capillaires<\/strong>. Elle promet <strong>une transformation capillaire<\/strong> qui redonne \u00e0 vos cheveux <strong>une brillance<\/strong> et <strong>une souplesse<\/strong> in\u00e9gal\u00e9es ! Cette gamme s&rsquo;inscrit dans <strong>un protocole de HAIR SPA<\/strong> bien sp\u00e9cifique\ud83e\udddc\u200d\u2640\ufe0f.<\/p>\n\n\n\n<div class=\"alignnormal\"><div id=\"metaslider-id-1760\" style=\"max-width: 540px;\" class=\"ml-slider-3-106-0 metaslider metaslider-flex metaslider-1760 ml-slider has-dots-nav ms-theme-default\" role=\"region\" aria-label=\"Ocean Therapy Hair Spa\" data-height=\"675\" data-width=\"540\">\n    <div id=\"metaslider_container_1760\">\n        <div id=\"metaslider_1760\">\n            <ul class='slides'>\n                <li style=\"display: block; width: 100%;\" class=\"slide-1769 ms-image \" aria-roledescription=\"slide\" data-date=\"2024-03-29 16:38:08\" data-filename=\"ocean-therapy-2-540x675.png\" data-slide-type=\"image\"><img fetchpriority=\"high\" decoding=\"async\" src=\"https:\/\/www.procoiffure.com\/blog\/wp-content\/uploads\/2024\/03\/ocean-therapy-2-540x675.png\" height=\"675\" width=\"540\" alt=\"le concept hair spa\" class=\"slider-1760 slide-1769 msDefaultImage\" title=\"ocean-therapy-2\" \/><\/li>\n                <li style=\"display: none; width: 100%;\" class=\"slide-1770 ms-image \" aria-roledescription=\"slide\" data-date=\"2024-03-29 16:38:08\" data-filename=\"ocean-therapy-3-540x675.png\" data-slide-type=\"image\"><img decoding=\"async\" src=\"https:\/\/www.procoiffure.com\/blog\/wp-content\/uploads\/2024\/03\/ocean-therapy-3-540x675.png\" height=\"675\" width=\"540\" alt=\"les ingr\u00e9dients cl\u00e9s de la gamme ocean therapy\" class=\"slider-1760 slide-1770 msDefaultImage\" title=\"ocean-therapy-3\" \/><\/li>\n                <li style=\"display: none; width: 100%;\" class=\"slide-1771 ms-image \" aria-roledescription=\"slide\" data-date=\"2024-03-29 16:38:08\" data-filename=\"ocean-therapy-4-540x675.png\" data-slide-type=\"image\"><img decoding=\"async\" src=\"https:\/\/www.procoiffure.com\/blog\/wp-content\/uploads\/2024\/03\/ocean-therapy-4-540x675.png\" height=\"675\" width=\"540\" alt=\"lissage marin ocean therapy\" class=\"slider-1760 slide-1771 msDefaultImage\" title=\"ocean-therapy-4\" \/><\/li>\n                <li style=\"display: none; width: 100%;\" class=\"slide-1772 ms-image \" aria-roledescription=\"slide\" data-date=\"2024-03-29 16:38:08\" data-filename=\"ocean-therapy-5-540x675.png\" data-slide-type=\"image\"><img loading=\"lazy\" decoding=\"async\" src=\"https:\/\/www.procoiffure.com\/blog\/wp-content\/uploads\/2024\/03\/ocean-therapy-5-540x675.png\" height=\"675\" width=\"540\" alt=\"le protocole hair spa\" class=\"slider-1760 slide-1772 msDefaultImage\" title=\"ocean-therapy-5\" \/><\/li>\n            <\/ul>\n        <\/div>\n        \n    <\/div>\n<\/div><\/div>\n\n\n\n<h4 class=\"wp-block-heading\"><strong><strong>La tendance du Hair Spa<\/strong><\/strong><\/h4>\n\n\n\n<p><strong>Le Hair Spa est un soin sp\u00e9cifique d\u00e9di\u00e9 \u00e0 vos cheveux comprenant un massage profond du cuir chevelu.<\/strong> \ud83d\udc86\ud83c\udffb\u200d\u2640<\/p>\n\n\n\n<p>Le <a href=\"https:\/\/www.procoiffure.com\/blog\/le-hair-spa-la-nouvelle-tendance-qui-vient-tout-droit-du-japan\/\"><strong>Spa capillaire<\/strong> ou <strong>HAIR SPA<\/strong><\/a>, est <strong>une nouvelle approche<\/strong> de la beaut\u00e9 et de la sant\u00e9 des cheveux qui offre <strong>une exp\u00e9rience unique alliant bien-\u00eatre et esth\u00e9tique<\/strong>. Au-del\u00e0 du<strong> soin capillaire<\/strong>, c&rsquo;est <strong>une v\u00e9ritable exp\u00e9rience sensorielle<\/strong> qui prend soin \u00e0 la fois de l&rsquo;esprit et du corps. Cette nouvelle tendance, propos\u00e9e par des <a href=\"https:\/\/www.procoiffure.com\/brand\/urban-keratin&amp;keyword=urban%20keratin\" target=\"_blank\" rel=\"noreferrer noopener\">marques professionnelles comme Urban Keratin<\/a>, repose sur l&rsquo;usage de <strong>produits de haute qualit\u00e9<\/strong>, telle que <a href=\"https:\/\/www.procoiffure.com\/catalogsearch\/ocean%20therapy&amp;familly=&amp;order=pert\" target=\"_blank\" rel=\"noreferrer noopener\">la gamme Ocean Therapy<\/a>, et des <strong>techniques innovantes<\/strong> pour <strong>transformer<\/strong> et <strong>revitaliser les cheveux<\/strong>.<\/p>\n\n\n\n<p>L&rsquo;exp\u00e9rience consiste en <strong>un protocole de soin<\/strong> et <strong>un massage relaxant du cuir chevelu<\/strong>, favorisant <strong>une sensation de d\u00e9tente<\/strong> et <strong>de bien-\u00eatre<\/strong>. Elle se termine par <strong>un coiffage professionnel<\/strong> pour <strong>une chevelure \u00e9clatante et brillante<\/strong>.<\/p>\n\n\n\n<h4 class=\"wp-block-heading\"><strong>L&rsquo;objectif ? Offrir une exp\u00e9rience immersive unique<\/strong><\/h4>\n\n\n\n<p><strong>Ocean Therapy<\/strong> est <strong>une exp\u00e9rience sensorielle<\/strong> qui transcende l&rsquo;ordinaire. C&rsquo;est <strong>un rituel complet<\/strong> et <strong>revitalisant<\/strong>, sublim\u00e9 par <strong>un massage du cuir chevelu<\/strong> au <strong>son des vagues<\/strong>.<br>Une <strong>v\u00e9ritable immersion<\/strong> pour vous, qui en ressort sublim\u00e9e, d\u00e9tendue, avec des <strong>cheveux en pleine sant\u00e9<\/strong>.<\/p>\n\n\n\n<p><strong>Protocole d\u2019application :<\/strong><\/p>\n\n\n\n<p>Pour <strong>une relaxation maximale<\/strong>, ce soin doit \u00eatre combin\u00e9 au <a href=\"https:\/\/www.procoiffure.com\/catalogsearch\/vapomist&amp;familly=&amp;order=pert\" target=\"_blank\" rel=\"noreferrer noopener\">fauteuil VapoMist<\/a> ou \u00e0 <strong>un lit \u00e9quip\u00e9 de fonctions<\/strong> et de <strong>technologies<\/strong> sur lequel vous pouvez  vous allonger confortablement et vous faire dorloter (ex : <a href=\"https:\/\/www.procoiffure.com\/zen-bac-a-shampoing-et-soins-table-massage-karisma\" target=\"_blank\" rel=\"noreferrer noopener\">Lit ZEN de Karisma visible dans l&rsquo;espace P<\/a><a href=\"https:\/\/www.procoiffure.com\/zen-bac-a-shampoing-et-soins-table-massage-karisma\">RO<\/a>).<\/p>\n\n\n\n<p>En plus de ses <strong>propri\u00e9t\u00e9s revitalisantes et hydratantes<\/strong>, cette exp\u00e9rience offre <strong>une sensation de d\u00e9tente<\/strong> et <strong>de bien-\u00eatre<\/strong>.<\/p>\n\n\n\n<h3 class=\"wp-block-heading\"><mark style=\"background-color:rgba(0, 0, 0, 0);color:#e2007a\" class=\"has-inline-color\"><strong>Les ingr\u00e9dients cl\u00e9s de l&rsquo;Ocean Therapy<\/strong><\/mark><\/h3>\n\n\n\n<p>La marque <strong>Urban Keratin<\/strong>, reconnue pour ses <strong>produits de coiffure<\/strong> professionnels, a d\u00e9velopp\u00e9 l&rsquo;Ocean Therapy, <strong>une gamme de soins capillaires innovants<\/strong>. R\u00e9put\u00e9 pour ses <strong>propri\u00e9t\u00e9s revitalisantes et r\u00e9g\u00e9n\u00e9rantes<\/strong>, ce <strong>traitement capillaire<\/strong> combine deux ingr\u00e9dients majeurs : la <strong>k\u00e9ratine v\u00e9g\u00e9tale<\/strong> et les <strong>min\u00e9raux marins<\/strong>. Ils contribuent \u00e0 <strong>renforcer la vitalit\u00e9<\/strong>, <strong>la brillance<\/strong> et <strong>la souplesse<\/strong> des cheveux, tout en assurant leur <strong>nutrition optimale<\/strong>.\u00a0<\/p>\n\n\n\n<h4 class=\"wp-block-heading\"><strong><strong>La k\u00e9ratine v\u00e9g\u00e9tale<\/strong><\/strong><\/h4>\n\n\n\n<p>La <strong>k\u00e9ratine v\u00e9g\u00e9tale<\/strong> est une <strong>prot\u00e9ine essentielle<\/strong> pour la <strong>sant\u00e9 capillaire<\/strong>. Elle assure la r\u00e9sistance, l&rsquo;hydratation et la brillance des cheveux. Les <strong>soins capillaires<\/strong> Urban Keratin utilisent cette prot\u00e9ine pour sa capacit\u00e9 \u00e0 <strong>r\u00e9parer<\/strong> et <strong>revitaliser les cheveux ab\u00eem\u00e9s<\/strong>.<\/p>\n\n\n\n<p>Gr\u00e2ce \u00e0 son <strong>action r\u00e9paratrice<\/strong>, la k\u00e9ratine contribue \u00e0 redonner <strong>force et \u00e9clat aux cheveux<\/strong>, tout en les rendant plus r\u00e9sistants et souples. De plus, la k\u00e9ratine aide \u00e0 <strong>discipliner les cheveux<\/strong>, pour un <strong>lissage<\/strong> et un <strong>d\u00e9nouement<\/strong> parfaits.<\/p>\n\n\n\n<p><strong>Le r\u00e9sultat ?<\/strong> Des cheveux doux, soyeux et brillants, qui respirent la sant\u00e9.<\/p>\n\n\n\n<h4 class=\"wp-block-heading\"><strong>Les min\u00e9raux marins<\/strong><\/h4>\n\n\n\n<p><strong>Le collag\u00e8ne marin v\u00e9g\u00e9tal<\/strong> est un autre ingr\u00e9dient cl\u00e9 de l&rsquo;Ocean Therapy. Ces \u00e9l\u00e9ments naturels sont reconnus pour leurs propri\u00e9t\u00e9s purifiantes et assouplissantes. Ils contribuent \u00e0 \u00e9liminer les impuret\u00e9s, \u00e0 r\u00e9tablir l&rsquo;\u00e9quilibre du cuir chevelu et \u00e0 apporter une hydratation profonde.<\/p>\n\n\n\n<p>En outre, les <strong>min\u00e9raux marins<\/strong> stimulent la r\u00e9g\u00e9n\u00e9ration cellulaire, favorisant ainsi la croissance de cheveux sains et forts. Ils apportent \u00e9galement du volume et de la brillance, pour une chevelure revigor\u00e9e et revitalis\u00e9e. Gr\u00e2ce \u00e0 l&rsquo;<strong>Ocean Therapy<\/strong>, les cheveux retrouvent une <strong>puret\u00e9<\/strong> et une <strong>l\u00e9g\u00e8ret\u00e9<\/strong> incomparables, pour <strong>une sensation de bien-\u00eatre<\/strong> et de <strong>d\u00e9tente<\/strong> in\u00e9gal\u00e9e.<\/p>\n\n\n\n<p><strong>Les algues marines<\/strong> apportent <strong>souplesse<\/strong> et <strong>d\u00e9toxifient la chevelure<\/strong>. Les <strong>algues marines<\/strong> sont riches en <strong>vitamines<\/strong>, <strong>min\u00e9raux<\/strong> et <strong>antioxydants<\/strong> qui sont <strong>essentiels<\/strong> pour <strong>la sant\u00e9 des cheveux<\/strong>.<\/p>\n\n\n\n<p><span style=\"background-color:rgba(0, 0, 0, 0);color:#e7017e\" class=\"has-inline-color\"><strong>INGR\u00c9DIENTS AUX BIENFAITS RECONNUS<\/strong><\/span><\/p>\n\n\n\n<p><strong>Alliance KD<\/strong> : R\u00e9pare, discipline, renforce et illumine <strong>le cheveu<\/strong>.<br><strong>Acides amin\u00e9s<\/strong> : Hydrate et facilite <strong>la pousse<\/strong>.<br><strong>Prot\u00e9ines de bl\u00e9 et soja<\/strong> : Prot\u00e8ge et <strong>fait briller.<\/strong><\/p>\n\n\n\n<p>Cette <strong>exp\u00e9rience sensorielle<\/strong> unique en son genre se d\u00e9roule en plusieurs \u00e9tapes cl\u00e9s, qui se succ\u00e8dent pour offrir \u00e0 vos cheveux <strong>une v\u00e9ritable cure de jouvence<\/strong>.<\/p>\n\n\n\n<h3 class=\"wp-block-heading\"><mark style=\"background-color:rgba(0, 0, 0, 0);color:#e2007a\" class=\"has-inline-color\"><strong>Les \u00e9tapes cl\u00e9s de OCEAN THERAPY &#8211; HAIR SPA<\/strong><\/mark><\/h3>\n\n\n\n<h5 class=\"wp-block-heading\"><strong>\u00c9TAPE N\u00b00 : Le Diagnostic capillaire<\/strong><\/h5>\n\n\n\n<p>La <strong>premi\u00e8re \u00e9tape de l&rsquo;exp\u00e9rience Hair Spa<\/strong> est une consultation capillaire effectu\u00e9e par <strong>un professionnel<\/strong>. Cette \u00e9tape est fondamentale pour d\u00e9terminer l&rsquo;<strong>\u00e9tat de sant\u00e9 de vos cheveux<\/strong> et identifier leurs besoins sp\u00e9cifiques. <br>Que vos cheveux aient besoin de <strong>force<\/strong>, de <strong>vitalit\u00e9<\/strong>, de <strong>douceur<\/strong> ou de <strong>r\u00e9paration<\/strong>, ce diagnostic sur mesure permet d&rsquo;affiner le choix de la <strong>prestation pour la cliente<\/strong>.<\/p>\n\n\n\n<h5 class=\"wp-block-heading\"><strong><strong>\u00c9TAPE N\u00b01 : La R\u00e9hydratation<\/strong><\/strong><\/h5>\n\n\n\n<p>Une fois le <strong>diagnostic capillaire<\/strong> effectu\u00e9, laver les cheveux avec le <a href=\"https:\/\/www.procoiffure.com\/shampoing-aux-algues-ocean-therapy-urban-keratin-400ml\" target=\"_blank\" rel=\"noreferrer noopener\">shampoing marin<\/a> <strong>#3<\/strong> \ud83e\uddf4.<br>Faire <strong>2 shampooings<\/strong> : Un premier lavant et un second relaxant en travaillant le cheveux 2 \u00e0 3 minutes afin de bien ouvrir les \u00e9cailles. <br><br><strong>Bienfaits :<\/strong> D\u00e9toxifie et \u00e9limine les impuret\u00e9s pr\u00e9sents dans le cheveu.<\/p>\n\n\n\n<h5 class=\"wp-block-heading\"><strong><strong><strong>\u00c9TAPE N\u00b02 : La Relaxation<\/strong><\/strong><\/strong><\/h5>\n\n\n\n<p>L&rsquo;<strong>\u00e9tape suivante<\/strong> est un rituel de massage. Ce <strong>moment de d\u00e9tente<\/strong> pure permet de pr\u00e9parer vos cheveux et votre cuir chevelu \u00e0 <strong>recevoir le soin<\/strong> et \u00e0 maximiser son efficacit\u00e9. Il s&rsquo;agit d&rsquo;un <strong>massage de 10min du cr\u00e2ne et du cuir chevelu<\/strong>, puis rin\u00e7age.<br><br><strong>Bienfaits :<\/strong> \u00a0Il est non seulement revigorant pour vos cheveux car il <strong>stimule la circulation sanguine<\/strong>, mais il offre \u00e9galement <strong>un moment de relaxation<\/strong> et de <strong>s\u00e9r\u00e9nit\u00e9<\/strong>.<\/p>\n\n\n\n<h5 class=\"wp-block-heading\"><strong><strong>\u00c9TAPE N\u00b03 : La Revitalisation<\/strong><\/strong><\/h5>\n\n\n\n<p>Application du <a href=\"https:\/\/www.procoiffure.com\/serum-aux-algues-cheveux-ocean-therapy-urban-keratin-50ml\" target=\"_blank\" rel=\"noreferrer noopener\">masque marin<\/a> puis pose sous chaleur durant 10min.<br>Il s&rsquo;agit d&rsquo;<strong>un soin hydratant et revitalisant<\/strong>. Plongez dans <strong>un bain<\/strong> de <strong>fra\u00eecheur<\/strong>, de <strong>douceur<\/strong> et de <strong>nutrition<\/strong> profonde gr\u00e2ce \u00e0 sa texture fondante.<br>Il embellit tous les types de cheveux, m\u00eame les plus fins. Le coiffage est facilit\u00e9, les frisottis diminu\u00e9s, et les cheveux hydrat\u00e9s en profondeur. \ud83d\udc4c<\/p>\n\n\n\n<p><strong>Bienfaits :<\/strong> Revitalise et hydrate intens\u00e9ment la fibre capillaire.<\/p>\n\n\n\n<h5 class=\"wp-block-heading\"><strong><strong>\u00c9TAPE N\u00b04 : La Sublimation<\/strong><\/strong><\/h5>\n\n\n\n<p>Application du <a href=\"https:\/\/www.procoiffure.com\/serum-aux-algues-cheveux-ocean-therapy-urban-keratin-50ml\" target=\"_blank\" rel=\"noreferrer noopener\">S\u00e9rum marin hydratant<\/a> avec apport de chaleur.<br>Sa formule unique non grasse aux vertus hydratantes revitalise la chevelure en laissant <strong>une vague de brillance<\/strong>. <br>Utilis\u00e9 au quotidien, il prot\u00e8ge et embellit la chevelure gr\u00e2ce \u00e0 <strong>sa double-action thermoactive et thermo protectrice<\/strong>, tout en facilitant le coiffage. \ud83c\udf21\ufe0f<\/p>\n\n\n\n<p><strong>Bienfaits :<\/strong> Apporte brillance et protection aux cheveux.<\/p>\n\n\n\n<h3 class=\"wp-block-heading\"><mark style=\"background-color:rgba(0, 0, 0, 0);color:#e2007a\" class=\"has-inline-color\"><strong>Les \u00e9tapes cl\u00e9s du LISSAGE MARIN &#8211; OCEAN THERAPY<\/strong><\/mark><\/h3>\n\n\n\n<h4 class=\"wp-block-heading\"><strong>PROTOCOLE DU LISSAGE EN SALON<\/strong><\/h4>\n\n\n\n<p>Lissant, restructurant &amp; illuminateur \u2600\ufe0f<\/p>\n\n\n\n<p>Laver les cheveux avec le <a href=\"https:\/\/www.procoiffure.com\/shampoing-clarifiant-ocean-therapy-urban-keratin-400ml\" target=\"_blank\" rel=\"noreferrer noopener\">shampoing clarifiant<\/a> <strong>#1<\/strong> (PH 8.5).<br>Faire 2 shampooings et travailler le cheveux 2 \u00e0 3 minutes afin de bien ouvrir les \u00e9cailles.<br>NE PAS D\u00c9M\u00c9LER JUSQU\u2019\u00c0 L\u2019APPLICATION DU LISSAGE MARIN #2.<br><br>Le <a href=\"https:\/\/www.procoiffure.com\/traitement-collagene-cheveux-ocean-therapy-urban-keratin-400ml\" target=\"_blank\" rel=\"noreferrer noopener\">lissage Marin Ocean Therapy<\/a> <strong>#2<\/strong> rend la chevelure parfaitement lisse, d\u00e9tendue et lumineuse sous l\u2019effet de la chaleur. Il apporte douceur, discipline et souplesse tout en \u00e9liminant les frisottis.<br>D&rsquo;une dur\u00e9e de <strong>3 \u00e0 4 mois<\/strong>.<\/p>\n\n\n\n<p>Collag\u00e8ne v\u00e9g\u00e9tal | Prot\u00e9ine de soie | K\u00e9ratine | Acides amin\u00e9s<br>Formule marine | sans formald\u00e9hyde<br><br>IMPORTANT : L\u2019utilisation du lisseur avec <strong>rev\u00eatement en titane<\/strong> est IMP\u00c9RATIVE, \u00e0 <a href=\"https:\/\/www.procoiffure.com\/fer-a-lisser-titane-bleu-ocean-therapy-urban-keratin\" target=\"_blank\" rel=\"noreferrer noopener\">shopper ici<\/a> !<\/p>\n\n\n\n<p>NB : QUALITE PROFESSIONNELLE. SANS FUM\u00c9E, SANS JAUNISSEMENT.<\/p>\n\n\n\n<h4 class=\"wp-block-heading\"><strong>COMMENT ENTRETENIR VOTRE LISSAGE ?<\/strong><\/h4>\n\n\n\n<p><strong>Le duo shampoing marin #3 et soin marin #4<\/strong><\/p>\n\n\n\n<p>Gr\u00e2ce \u00e0 sa <strong>technologie innovante<\/strong> issue d\u2019ingr\u00e9dients exceptionnels, ce duo <a href=\"https:\/\/www.procoiffure.com\/shampoing-aux-algues-ocean-therapy-urban-keratin-400ml\" target=\"_blank\" rel=\"noreferrer noopener\">shampoing marin<\/a> et <a href=\"https:\/\/www.procoiffure.com\/soin-cheveux-aux-algues-ocean-therapy-urban-keratin-400ml\" target=\"_blank\" rel=\"noreferrer noopener\">soin marin<\/a> est l\u2019alli\u00e9 indispensable du <strong>lissage marin<\/strong>.<br>Ils procurent une douceur et une brillance incomparables en <strong>revitalisant le cheveu<\/strong>.<\/p>\n\n\n\n<h4 class=\"wp-block-heading\"><strong>COMMENT INT\u00c9GRER CES SOINS \u00c0 VOTRE ROUTINE CAPILLAIRE ? \ud83d\udcc5<\/strong><\/h4>\n\n\n\n<p>Bien qu&rsquo;il soit recommand\u00e9 de se rendre dans un salon professionnel pour r\u00e9aliser les <strong>soins Ocean Therapy<\/strong> afin de garantir leur efficacit\u00e9, vous pouvez facilement les int\u00e9grer dans votre routine capillaire !<br>Afin de maintenir les r\u00e9sultats obtenus chez votre coiffeur, il est conseill\u00e9 de suivre une <strong>routine d&rsquo;entretien \u00e0 domicile<\/strong>, comprenant l&rsquo;utilisation des <a href=\"https:\/\/www.procoiffure.com\/catalogsearch\/ocean%20therapy&amp;familly=&amp;order=pert\" target=\"_blank\" rel=\"noreferrer noopener\">produits de la gamme<\/a> !<br>Ainsi, avec <strong>une routine de soins capillaires r\u00e9guli\u00e8re<\/strong>, vos cheveux b\u00e9n\u00e9ficieront des <strong>avantages durables<\/strong> de <strong>Ocean Therapy<\/strong> et du <strong>Hair Spa<\/strong> pour des cheveux plein de vitalit\u00e9 et de brillance.<\/p>\n\n\n\n<p><strong><mark style=\"background-color:#ffffff;color:#e2007a\" class=\"has-inline-color\">Conseils de Pro&rsquo;<\/mark><\/strong> \ud83d\ude0d<\/p>\n\n\n\n<ul class=\"wp-block-list\">\n<li>Pour <strong>prolonger les effets du lissage Ocean Therapy<\/strong>, il est indispensable d\u2019ajouter <a data-type=\"link\" data-id=\"https:\/\/www.procoiffure.com\/masque-cheveux-aux-algues-ocean-therapy-urban-keratin-200ml\" href=\"https:\/\/www.procoiffure.com\/masque-cheveux-aux-algues-ocean-therapy-urban-keratin-200ml\" target=\"_blank\" rel=\"noreferrer noopener\">le masque marin<\/a><strong> ainsi que <\/strong><a href=\"https:\/\/www.procoiffure.com\/serum-aux-algues-cheveux-ocean-therapy-urban-keratin-50ml\" target=\"_blank\" rel=\"noreferrer noopener\">le s\u00e9rum<\/a><strong> \u00e0 votre routine<\/strong>.<\/li>\n\n\n\n<li>Le <strong>masque marin<\/strong> est id\u00e9al pour prolonger <a href=\"https:\/\/www.procoiffure.com\/traitement-collagene-cheveux-ocean-therapy-urban-keratin-400ml\" target=\"_blank\" rel=\"noreferrer noopener\">le lissage Ocean Therapy<\/a>, mais aussi en rituel toutes les 2 semaines pour revitaliser intens\u00e9ment votre chevelure.<\/li>\n\n\n\n<li>Pour un coiffage ultra-glossy, <strong>appliquer le s\u00e9rum sur cheveux secs<\/strong>, brosser \u00e0 l\u2019aide de <strong>la brosse Ocean Therapy<\/strong> puis chauffer \u00e0 l\u2019aide du <strong>s\u00e8che-cheveux<\/strong> pour activer <strong>la brillance du s\u00e9rum<\/strong>.<\/li>\n<\/ul>\n\n\n\n<p>Retrouvez en <a href=\"https:\/\/www.instagram.com\/reel\/C40jW7LiiVk\/?igsh=YzloNGFkZWhydHhp\" target=\"_blank\" rel=\"noreferrer noopener\">vid\u00e9o la URBAN CLASS URBAN KERATIN OCEAN THERAPY<\/a> qui a eu lieu dans notre <strong>Centre de Formation \u00e0 Nice<\/strong> ! \ud83d\udc4f\ud83c\udffb <a href=\"https:\/\/www.instagram.com\/procoiffure.esthetique\/\" target=\"_blank\" rel=\"noreferrer noopener\">Suis-nous sur Instagram<\/a> !<\/p>\n\n\n\n<figure class=\"wp-block-image size-medium\"><a href=\"https:\/\/www.instagram.com\/reel\/C40jW7LiiVk\/?igsh=YzloNGFkZWhydHhp\" target=\"_blank\" rel=\"noreferrer noopener\"><img loading=\"lazy\" decoding=\"async\" width=\"240\" height=\"300\" src=\"https:\/\/www.procoiffure.com\/blog\/wp-content\/uploads\/2024\/03\/play-urban-class-oecan-therapy-mars-2024-240x300.png\" alt=\"\" class=\"wp-image-1745\" srcset=\"https:\/\/www.procoiffure.com\/blog\/wp-content\/uploads\/2024\/03\/play-urban-class-oecan-therapy-mars-2024-240x300.png 240w, https:\/\/www.procoiffure.com\/blog\/wp-content\/uploads\/2024\/03\/play-urban-class-oecan-therapy-mars-2024-819x1024.png 819w, https:\/\/www.procoiffure.com\/blog\/wp-content\/uploads\/2024\/03\/play-urban-class-oecan-therapy-mars-2024-768x960.png 768w, https:\/\/www.procoiffure.com\/blog\/wp-content\/uploads\/2024\/03\/play-urban-class-oecan-therapy-mars-2024-48x60.png 48w, https:\/\/www.procoiffure.com\/blog\/wp-content\/uploads\/2024\/03\/play-urban-class-oecan-therapy-mars-2024.png 1080w\" sizes=\"(max-width: 240px) 100vw, 240px\" \/><\/a><\/figure>\n\n\n\n<p>Nous remercions chaleureusement la marque <a href=\"https:\/\/www.procoiffure.com\/brand\/urban-keratin&amp;keyword=urban\" target=\"_blank\" rel=\"noreferrer noopener\">Urban Keratin<\/a>, ses repr\u00e9sentants, les formateurs, les mod\u00e8les ainsi que tous(tes) les professionnel(le)s de la coiffure venu(e)s d\u00e9couvrir cette <strong>nouvelle gamme<\/strong> de <strong>soins prolongateurs de lissage<\/strong> <strong>OCEAN THERAPY<\/strong> ! \ud83d\ude4f\ud83c\udffb<\/p>\n","protected":false},"excerpt":{"rendered":"<p>Entre dans l&rsquo;univers des soins capillaires haut de gamme avec Urban Keratin et sa gamme innovante de produits capillaires Ocean Therapy.\ud83c\udf3e Enrichie en k\u00e9ratine v\u00e9g\u00e9tale et algues marines, ces soins sont indispensables pour l\u2019entretien du Lissage Ocean Therapy et surfent sur la tendance du HAIR SPA.<\/p>\n","protected":false},"author":2,"featured_media":3084,"comment_status":"open","ping_status":"open","sticky":false,"template":"","format":"standard","meta":{"_jetpack_memberships_contains_paid_content":false,"footnotes":""},"categories":[5,18,7,12],"tags":[187,22,188,189,186,56,185,183,190,182,8,184],"class_list":["post-1728","post","type-post","status-publish","format-standard","has-post-thumbnail","hentry","category-coiffure","category-le-coin-des-pros","category-tendance","category-tutoriels-et-conseils","tag-bien-etre","tag-cheveux","tag-detente","tag-experience","tag-hairspa","tag-lissage","tag-mer","tag-oceantherapy","tag-sens","tag-soincapillaire","tag-tendance","tag-urbankeratin"],"yoast_head":"<!-- This site is optimized with the Yoast SEO plugin v27.2 - https:\/\/yoast.com\/product\/yoast-seo-wordpress\/ -->\n<title>\ud83c\udf0aOcean Therapy X HAIR SPA by Urban Keratin\ud83c\udf0a | L&#039;actu beaut\u00e9 | Pro Coiffure Esht\u00e9tique<\/title>\n<meta name=\"description\" content=\"Entrez dans l&#039;univers des soins capillaires haut de gamme avec Urban Keratin et sa gamme innovante de produits capillaires Ocean Therapy.\" \/>\n<meta name=\"robots\" content=\"index, follow, max-snippet:-1, max-image-preview:large, max-video-preview:-1\" \/>\n<link rel=\"canonical\" href=\"https:\/\/www.procoiffure.com\/blog\/ocean-therapy-x-hair-spa-by-urban-keratin-experience-sensorielle\/\" \/>\n<meta property=\"og:locale\" content=\"fr_FR\" \/>\n<meta property=\"og:type\" content=\"article\" \/>\n<meta property=\"og:title\" content=\"\ud83c\udf0aOcean Therapy X HAIR SPA by Urban Keratin\ud83c\udf0a | L&#039;actu beaut\u00e9 | Pro Coiffure Esht\u00e9tique\" \/>\n<meta property=\"og:description\" content=\"Entrez dans l&#039;univers des soins capillaires haut de gamme avec Urban Keratin et sa gamme innovante de produits capillaires Ocean Therapy.\" \/>\n<meta property=\"og:url\" content=\"https:\/\/www.procoiffure.com\/blog\/ocean-therapy-x-hair-spa-by-urban-keratin-experience-sensorielle\/\" \/>\n<meta property=\"og:site_name\" content=\"L&#039;actu beaut\u00e9 | Pro Coiffure Esht\u00e9tique\" \/>\n<meta property=\"article:published_time\" content=\"2024-03-29T11:27:37+00:00\" \/>\n<meta property=\"article:modified_time\" content=\"2025-04-02T09:09:25+00:00\" \/>\n<meta property=\"og:image\" content=\"https:\/\/www.procoiffure.com\/blog\/wp-content\/uploads\/2024\/03\/Ocean-therapy-x-Hair-spa.jpg\" \/>\n\t<meta property=\"og:image:width\" content=\"600\" \/>\n\t<meta property=\"og:image:height\" content=\"600\" \/>\n\t<meta property=\"og:image:type\" content=\"image\/jpeg\" \/>\n<meta name=\"author\" content=\"Salma RHARIB\" \/>\n<meta name=\"twitter:card\" content=\"summary_large_image\" \/>\n<meta name=\"twitter:label1\" content=\"\u00c9crit par\" \/>\n\t<meta name=\"twitter:data1\" content=\"Salma RHARIB\" \/>\n\t<meta name=\"twitter:label2\" content=\"Dur\u00e9e de lecture estim\u00e9e\" \/>\n\t<meta name=\"twitter:data2\" content=\"8 minutes\" \/>\n<script type=\"application\/ld+json\" class=\"yoast-schema-graph\">{\"@context\":\"https:\/\/schema.org\",\"@graph\":[{\"@type\":\"Article\",\"@id\":\"https:\/\/www.procoiffure.com\/blog\/ocean-therapy-x-hair-spa-by-urban-keratin-experience-sensorielle\/#article\",\"isPartOf\":{\"@id\":\"https:\/\/www.procoiffure.com\/blog\/ocean-therapy-x-hair-spa-by-urban-keratin-experience-sensorielle\/\"},\"author\":{\"name\":\"Salma RHARIB\",\"@id\":\"https:\/\/www.procoiffure.com\/blog\/#\/schema\/person\/0e1a122edba3c6ff7099de5d0170f5b9\"},\"headline\":\"\ud83c\udf0aOcean Therapy X HAIR SPA by Urban Keratin\ud83c\udf0a\",\"datePublished\":\"2024-03-29T11:27:37+00:00\",\"dateModified\":\"2025-04-02T09:09:25+00:00\",\"mainEntityOfPage\":{\"@id\":\"https:\/\/www.procoiffure.com\/blog\/ocean-therapy-x-hair-spa-by-urban-keratin-experience-sensorielle\/\"},\"wordCount\":1563,\"commentCount\":0,\"publisher\":{\"@id\":\"https:\/\/www.procoiffure.com\/blog\/#organization\"},\"image\":{\"@id\":\"https:\/\/www.procoiffure.com\/blog\/ocean-therapy-x-hair-spa-by-urban-keratin-experience-sensorielle\/#primaryimage\"},\"thumbnailUrl\":\"https:\/\/www.procoiffure.com\/blog\/wp-content\/uploads\/2024\/03\/Ocean-therapy-x-Hair-spa.jpg\",\"keywords\":[\"bien-\u00eatre\",\"cheveux\",\"detente\",\"experience\",\"hairspa\",\"lissage\",\"mer\",\"oceantherapy\",\"sens\",\"soincapillaire\",\"tendance\",\"urbankeratin\"],\"articleSection\":[\"Coiffure\",\"Le coin des PROS\",\"Tendance\",\"Tutoriels &amp; Conseils\"],\"inLanguage\":\"fr-FR\",\"potentialAction\":[{\"@type\":\"CommentAction\",\"name\":\"Comment\",\"target\":[\"https:\/\/www.procoiffure.com\/blog\/ocean-therapy-x-hair-spa-by-urban-keratin-experience-sensorielle\/#respond\"]}]},{\"@type\":\"WebPage\",\"@id\":\"https:\/\/www.procoiffure.com\/blog\/ocean-therapy-x-hair-spa-by-urban-keratin-experience-sensorielle\/\",\"url\":\"https:\/\/www.procoiffure.com\/blog\/ocean-therapy-x-hair-spa-by-urban-keratin-experience-sensorielle\/\",\"name\":\"\ud83c\udf0aOcean Therapy X HAIR SPA by Urban Keratin\ud83c\udf0a | L&#039;actu beaut\u00e9 | Pro Coiffure Esht\u00e9tique\",\"isPartOf\":{\"@id\":\"https:\/\/www.procoiffure.com\/blog\/#website\"},\"primaryImageOfPage\":{\"@id\":\"https:\/\/www.procoiffure.com\/blog\/ocean-therapy-x-hair-spa-by-urban-keratin-experience-sensorielle\/#primaryimage\"},\"image\":{\"@id\":\"https:\/\/www.procoiffure.com\/blog\/ocean-therapy-x-hair-spa-by-urban-keratin-experience-sensorielle\/#primaryimage\"},\"thumbnailUrl\":\"https:\/\/www.procoiffure.com\/blog\/wp-content\/uploads\/2024\/03\/Ocean-therapy-x-Hair-spa.jpg\",\"datePublished\":\"2024-03-29T11:27:37+00:00\",\"dateModified\":\"2025-04-02T09:09:25+00:00\",\"description\":\"Entrez dans l'univers des soins capillaires haut de gamme avec Urban Keratin et sa gamme innovante de produits capillaires Ocean Therapy.\",\"breadcrumb\":{\"@id\":\"https:\/\/www.procoiffure.com\/blog\/ocean-therapy-x-hair-spa-by-urban-keratin-experience-sensorielle\/#breadcrumb\"},\"inLanguage\":\"fr-FR\",\"potentialAction\":[{\"@type\":\"ReadAction\",\"target\":[\"https:\/\/www.procoiffure.com\/blog\/ocean-therapy-x-hair-spa-by-urban-keratin-experience-sensorielle\/\"]}]},{\"@type\":\"ImageObject\",\"inLanguage\":\"fr-FR\",\"@id\":\"https:\/\/www.procoiffure.com\/blog\/ocean-therapy-x-hair-spa-by-urban-keratin-experience-sensorielle\/#primaryimage\",\"url\":\"https:\/\/www.procoiffure.com\/blog\/wp-content\/uploads\/2024\/03\/Ocean-therapy-x-Hair-spa.jpg\",\"contentUrl\":\"https:\/\/www.procoiffure.com\/blog\/wp-content\/uploads\/2024\/03\/Ocean-therapy-x-Hair-spa.jpg\",\"width\":600,\"height\":600},{\"@type\":\"BreadcrumbList\",\"@id\":\"https:\/\/www.procoiffure.com\/blog\/ocean-therapy-x-hair-spa-by-urban-keratin-experience-sensorielle\/#breadcrumb\",\"itemListElement\":[{\"@type\":\"ListItem\",\"position\":1,\"name\":\"Accueil\",\"item\":\"https:\/\/www.procoiffure.com\/blog\/\"},{\"@type\":\"ListItem\",\"position\":2,\"name\":\"\ud83c\udf0aOcean Therapy X HAIR SPA by Urban Keratin\ud83c\udf0a\"}]},{\"@type\":\"WebSite\",\"@id\":\"https:\/\/www.procoiffure.com\/blog\/#website\",\"url\":\"https:\/\/www.procoiffure.com\/blog\/\",\"name\":\"L'actu beaut\u00e9 | Pro Coiffure Esth\u00e9tique\",\"description\":\"\",\"publisher\":{\"@id\":\"https:\/\/www.procoiffure.com\/blog\/#organization\"},\"potentialAction\":[{\"@type\":\"SearchAction\",\"target\":{\"@type\":\"EntryPoint\",\"urlTemplate\":\"https:\/\/www.procoiffure.com\/blog\/?s={search_term_string}\"},\"query-input\":{\"@type\":\"PropertyValueSpecification\",\"valueRequired\":true,\"valueName\":\"search_term_string\"}}],\"inLanguage\":\"fr-FR\"},{\"@type\":\"Organization\",\"@id\":\"https:\/\/www.procoiffure.com\/blog\/#organization\",\"name\":\"Le Blog de No\u00e9mie\",\"url\":\"https:\/\/www.procoiffure.com\/blog\/\",\"logo\":{\"@type\":\"ImageObject\",\"inLanguage\":\"fr-FR\",\"@id\":\"https:\/\/www.procoiffure.com\/blog\/#\/schema\/logo\/image\/\",\"url\":\"https:\/\/www.procoiffure.com\/blog\/wp-content\/uploads\/2025\/03\/LOGO-BLOG-1.png\",\"contentUrl\":\"https:\/\/www.procoiffure.com\/blog\/wp-content\/uploads\/2025\/03\/LOGO-BLOG-1.png\",\"width\":998,\"height\":397,\"caption\":\"Le Blog de No\u00e9mie\"},\"image\":{\"@id\":\"https:\/\/www.procoiffure.com\/blog\/#\/schema\/logo\/image\/\"}},{\"@type\":\"Person\",\"@id\":\"https:\/\/www.procoiffure.com\/blog\/#\/schema\/person\/0e1a122edba3c6ff7099de5d0170f5b9\",\"name\":\"Salma RHARIB\",\"image\":{\"@type\":\"ImageObject\",\"inLanguage\":\"fr-FR\",\"@id\":\"https:\/\/secure.gravatar.com\/avatar\/474c0e28d67a213b71f0ebdb57b798ea3358dd2684e6a8db7c8f5a824c6599eb?s=96&d=color&r=g\",\"url\":\"https:\/\/secure.gravatar.com\/avatar\/474c0e28d67a213b71f0ebdb57b798ea3358dd2684e6a8db7c8f5a824c6599eb?s=96&d=color&r=g\",\"contentUrl\":\"https:\/\/secure.gravatar.com\/avatar\/474c0e28d67a213b71f0ebdb57b798ea3358dd2684e6a8db7c8f5a824c6599eb?s=96&d=color&r=g\",\"caption\":\"Salma RHARIB\"},\"url\":\"https:\/\/www.procoiffure.com\/blog\/author\/salmaprocoiffure-fr\/\"}]}<\/script>\n<!-- \/ Yoast SEO plugin. -->","yoast_head_json":{"title":"\ud83c\udf0aOcean Therapy X HAIR SPA by Urban Keratin\ud83c\udf0a | L&#039;actu beaut\u00e9 | Pro Coiffure Esht\u00e9tique","description":"Entrez dans l'univers des soins capillaires haut de gamme avec Urban Keratin et sa gamme innovante de produits capillaires Ocean Therapy.","robots":{"index":"index","follow":"follow","max-snippet":"max-snippet:-1","max-image-preview":"max-image-preview:large","max-video-preview":"max-video-preview:-1"},"canonical":"https:\/\/www.procoiffure.com\/blog\/ocean-therapy-x-hair-spa-by-urban-keratin-experience-sensorielle\/","og_locale":"fr_FR","og_type":"article","og_title":"\ud83c\udf0aOcean Therapy X HAIR SPA by Urban Keratin\ud83c\udf0a | L&#039;actu beaut\u00e9 | Pro Coiffure Esht\u00e9tique","og_description":"Entrez dans l'univers des soins capillaires haut de gamme avec Urban Keratin et sa gamme innovante de produits capillaires Ocean Therapy.","og_url":"https:\/\/www.procoiffure.com\/blog\/ocean-therapy-x-hair-spa-by-urban-keratin-experience-sensorielle\/","og_site_name":"L&#039;actu beaut\u00e9 | Pro Coiffure Esht\u00e9tique","article_published_time":"2024-03-29T11:27:37+00:00","article_modified_time":"2025-04-02T09:09:25+00:00","og_image":[{"width":600,"height":600,"url":"https:\/\/www.procoiffure.com\/blog\/wp-content\/uploads\/2024\/03\/Ocean-therapy-x-Hair-spa.jpg","type":"image\/jpeg"}],"author":"Salma RHARIB","twitter_card":"summary_large_image","twitter_misc":{"\u00c9crit par":"Salma RHARIB","Dur\u00e9e de lecture estim\u00e9e":"8 minutes"},"schema":{"@context":"https:\/\/schema.org","@graph":[{"@type":"Article","@id":"https:\/\/www.procoiffure.com\/blog\/ocean-therapy-x-hair-spa-by-urban-keratin-experience-sensorielle\/#article","isPartOf":{"@id":"https:\/\/www.procoiffure.com\/blog\/ocean-therapy-x-hair-spa-by-urban-keratin-experience-sensorielle\/"},"author":{"name":"Salma RHARIB","@id":"https:\/\/www.procoiffure.com\/blog\/#\/schema\/person\/0e1a122edba3c6ff7099de5d0170f5b9"},"headline":"\ud83c\udf0aOcean Therapy X HAIR SPA by Urban Keratin\ud83c\udf0a","datePublished":"2024-03-29T11:27:37+00:00","dateModified":"2025-04-02T09:09:25+00:00","mainEntityOfPage":{"@id":"https:\/\/www.procoiffure.com\/blog\/ocean-therapy-x-hair-spa-by-urban-keratin-experience-sensorielle\/"},"wordCount":1563,"commentCount":0,"publisher":{"@id":"https:\/\/www.procoiffure.com\/blog\/#organization"},"image":{"@id":"https:\/\/www.procoiffure.com\/blog\/ocean-therapy-x-hair-spa-by-urban-keratin-experience-sensorielle\/#primaryimage"},"thumbnailUrl":"https:\/\/www.procoiffure.com\/blog\/wp-content\/uploads\/2024\/03\/Ocean-therapy-x-Hair-spa.jpg","keywords":["bien-\u00eatre","cheveux","detente","experience","hairspa","lissage","mer","oceantherapy","sens","soincapillaire","tendance","urbankeratin"],"articleSection":["Coiffure","Le coin des PROS","Tendance","Tutoriels &amp; Conseils"],"inLanguage":"fr-FR","potentialAction":[{"@type":"CommentAction","name":"Comment","target":["https:\/\/www.procoiffure.com\/blog\/ocean-therapy-x-hair-spa-by-urban-keratin-experience-sensorielle\/#respond"]}]},{"@type":"WebPage","@id":"https:\/\/www.procoiffure.com\/blog\/ocean-therapy-x-hair-spa-by-urban-keratin-experience-sensorielle\/","url":"https:\/\/www.procoiffure.com\/blog\/ocean-therapy-x-hair-spa-by-urban-keratin-experience-sensorielle\/","name":"\ud83c\udf0aOcean Therapy X HAIR SPA by Urban Keratin\ud83c\udf0a | L&#039;actu beaut\u00e9 | Pro Coiffure Esht\u00e9tique","isPartOf":{"@id":"https:\/\/www.procoiffure.com\/blog\/#website"},"primaryImageOfPage":{"@id":"https:\/\/www.procoiffure.com\/blog\/ocean-therapy-x-hair-spa-by-urban-keratin-experience-sensorielle\/#primaryimage"},"image":{"@id":"https:\/\/www.procoiffure.com\/blog\/ocean-therapy-x-hair-spa-by-urban-keratin-experience-sensorielle\/#primaryimage"},"thumbnailUrl":"https:\/\/www.procoiffure.com\/blog\/wp-content\/uploads\/2024\/03\/Ocean-therapy-x-Hair-spa.jpg","datePublished":"2024-03-29T11:27:37+00:00","dateModified":"2025-04-02T09:09:25+00:00","description":"Entrez dans l'univers des soins capillaires haut de gamme avec Urban Keratin et sa gamme innovante de produits capillaires Ocean Therapy.","breadcrumb":{"@id":"https:\/\/www.procoiffure.com\/blog\/ocean-therapy-x-hair-spa-by-urban-keratin-experience-sensorielle\/#breadcrumb"},"inLanguage":"fr-FR","potentialAction":[{"@type":"ReadAction","target":["https:\/\/www.procoiffure.com\/blog\/ocean-therapy-x-hair-spa-by-urban-keratin-experience-sensorielle\/"]}]},{"@type":"ImageObject","inLanguage":"fr-FR","@id":"https:\/\/www.procoiffure.com\/blog\/ocean-therapy-x-hair-spa-by-urban-keratin-experience-sensorielle\/#primaryimage","url":"https:\/\/www.procoiffure.com\/blog\/wp-content\/uploads\/2024\/03\/Ocean-therapy-x-Hair-spa.jpg","contentUrl":"https:\/\/www.procoiffure.com\/blog\/wp-content\/uploads\/2024\/03\/Ocean-therapy-x-Hair-spa.jpg","width":600,"height":600},{"@type":"BreadcrumbList","@id":"https:\/\/www.procoiffure.com\/blog\/ocean-therapy-x-hair-spa-by-urban-keratin-experience-sensorielle\/#breadcrumb","itemListElement":[{"@type":"ListItem","position":1,"name":"Accueil","item":"https:\/\/www.procoiffure.com\/blog\/"},{"@type":"ListItem","position":2,"name":"\ud83c\udf0aOcean Therapy X HAIR SPA by Urban Keratin\ud83c\udf0a"}]},{"@type":"WebSite","@id":"https:\/\/www.procoiffure.com\/blog\/#website","url":"https:\/\/www.procoiffure.com\/blog\/","name":"L'actu beaut\u00e9 | Pro Coiffure Esth\u00e9tique","description":"","publisher":{"@id":"https:\/\/www.procoiffure.com\/blog\/#organization"},"potentialAction":[{"@type":"SearchAction","target":{"@type":"EntryPoint","urlTemplate":"https:\/\/www.procoiffure.com\/blog\/?s={search_term_string}"},"query-input":{"@type":"PropertyValueSpecification","valueRequired":true,"valueName":"search_term_string"}}],"inLanguage":"fr-FR"},{"@type":"Organization","@id":"https:\/\/www.procoiffure.com\/blog\/#organization","name":"Le Blog de No\u00e9mie","url":"https:\/\/www.procoiffure.com\/blog\/","logo":{"@type":"ImageObject","inLanguage":"fr-FR","@id":"https:\/\/www.procoiffure.com\/blog\/#\/schema\/logo\/image\/","url":"https:\/\/www.procoiffure.com\/blog\/wp-content\/uploads\/2025\/03\/LOGO-BLOG-1.png","contentUrl":"https:\/\/www.procoiffure.com\/blog\/wp-content\/uploads\/2025\/03\/LOGO-BLOG-1.png","width":998,"height":397,"caption":"Le Blog de No\u00e9mie"},"image":{"@id":"https:\/\/www.procoiffure.com\/blog\/#\/schema\/logo\/image\/"}},{"@type":"Person","@id":"https:\/\/www.procoiffure.com\/blog\/#\/schema\/person\/0e1a122edba3c6ff7099de5d0170f5b9","name":"Salma RHARIB","image":{"@type":"ImageObject","inLanguage":"fr-FR","@id":"https:\/\/secure.gravatar.com\/avatar\/474c0e28d67a213b71f0ebdb57b798ea3358dd2684e6a8db7c8f5a824c6599eb?s=96&d=color&r=g","url":"https:\/\/secure.gravatar.com\/avatar\/474c0e28d67a213b71f0ebdb57b798ea3358dd2684e6a8db7c8f5a824c6599eb?s=96&d=color&r=g","contentUrl":"https:\/\/secure.gravatar.com\/avatar\/474c0e28d67a213b71f0ebdb57b798ea3358dd2684e6a8db7c8f5a824c6599eb?s=96&d=color&r=g","caption":"Salma RHARIB"},"url":"https:\/\/www.procoiffure.com\/blog\/author\/salmaprocoiffure-fr\/"}]}},"jetpack_featured_media_url":"https:\/\/www.procoiffure.com\/blog\/wp-content\/uploads\/2024\/03\/Ocean-therapy-x-Hair-spa.jpg","jetpack_sharing_enabled":true,"_links":{"self":[{"href":"https:\/\/www.procoiffure.com\/blog\/wp-json\/wp\/v2\/posts\/1728","targetHints":{"allow":["GET"]}}],"collection":[{"href":"https:\/\/www.procoiffure.com\/blog\/wp-json\/wp\/v2\/posts"}],"about":[{"href":"https:\/\/www.procoiffure.com\/blog\/wp-json\/wp\/v2\/types\/post"}],"author":[{"embeddable":true,"href":"https:\/\/www.procoiffure.com\/blog\/wp-json\/wp\/v2\/users\/2"}],"replies":[{"embeddable":true,"href":"https:\/\/www.procoiffure.com\/blog\/wp-json\/wp\/v2\/comments?post=1728"}],"version-history":[{"count":32,"href":"https:\/\/www.procoiffure.com\/blog\/wp-json\/wp\/v2\/posts\/1728\/revisions"}],"predecessor-version":[{"id":3169,"href":"https:\/\/www.procoiffure.com\/blog\/wp-json\/wp\/v2\/posts\/1728\/revisions\/3169"}],"wp:featuredmedia":[{"embeddable":true,"href":"https:\/\/www.procoiffure.com\/blog\/wp-json\/wp\/v2\/media\/3084"}],"wp:attachment":[{"href":"https:\/\/www.procoiffure.com\/blog\/wp-json\/wp\/v2\/media?parent=1728"}],"wp:term":[{"taxonomy":"category","embeddable":true,"href":"https:\/\/www.procoiffure.com\/blog\/wp-json\/wp\/v2\/categories?post=1728"},{"taxonomy":"post_tag","embeddable":true,"href":"https:\/\/www.procoiffure.com\/blog\/wp-json\/wp\/v2\/tags?post=1728"}],"curies":[{"name":"wp","href":"https:\/\/api.w.org\/{rel}","templated":true}]}}