{"id":3,"count":13,"description":"","link":"https:\/\/www.procoiffure.com\/blog\/category\/make-up\/","name":"Make-up","slug":"make-up","taxonomy":"category","parent":0,"meta":[],"yoast_head":"<!-- This site is optimized with the Yoast SEO plugin v27.2 - https:\/\/yoast.com\/product\/yoast-seo-wordpress\/ -->\n<title>Make-up | L&#039;actu beaut\u00e9 | Pro Coiffure Esht\u00e9tique<\/title>\n<meta name=\"description\" content=\"Explorez les derni\u00e8res tendances maquillage, conseils et astuces pour sublimer votre visage et cr\u00e9er des looks vari\u00e9s, du naturel au plus audacieux.\" \/>\n<meta name=\"robots\" content=\"index, follow, max-snippet:-1, max-image-preview:large, max-video-preview:-1\" \/>\n<link rel=\"canonical\" href=\"https:\/\/www.procoiffure.com\/blog\/category\/make-up\/\" \/>\n<meta property=\"og:locale\" content=\"fr_FR\" \/>\n<meta property=\"og:type\" content=\"article\" \/>\n<meta property=\"og:title\" content=\"Make-up | L&#039;actu beaut\u00e9 | Pro Coiffure Esht\u00e9tique\" \/>\n<meta property=\"og:description\" content=\"Explorez les derni\u00e8res tendances maquillage, conseils et astuces pour sublimer votre visage et cr\u00e9er des looks vari\u00e9s, du naturel au plus audacieux.\" \/>\n<meta property=\"og:url\" content=\"https:\/\/www.procoiffure.com\/blog\/category\/make-up\/\" \/>\n<meta property=\"og:site_name\" content=\"L&#039;actu beaut\u00e9 | Pro Coiffure Esht\u00e9tique\" \/>\n<meta name=\"twitter:card\" content=\"summary_large_image\" \/>\n<script type=\"application\/ld+json\" class=\"yoast-schema-graph\">{\"@context\":\"https:\/\/schema.org\",\"@graph\":[{\"@type\":\"CollectionPage\",\"@id\":\"https:\/\/www.procoiffure.com\/blog\/category\/make-up\/\",\"url\":\"https:\/\/www.procoiffure.com\/blog\/category\/make-up\/\",\"name\":\"Make-up | L&#039;actu beaut\u00e9 | Pro Coiffure Esht\u00e9tique\",\"isPartOf\":{\"@id\":\"https:\/\/www.procoiffure.com\/blog\/#website\"},\"description\":\"Explorez les derni\u00e8res tendances maquillage, conseils et astuces pour sublimer votre visage et cr\u00e9er des looks vari\u00e9s, du naturel au plus audacieux.\",\"breadcrumb\":{\"@id\":\"https:\/\/www.procoiffure.com\/blog\/category\/make-up\/#breadcrumb\"},\"inLanguage\":\"fr-FR\"},{\"@type\":\"BreadcrumbList\",\"@id\":\"https:\/\/www.procoiffure.com\/blog\/category\/make-up\/#breadcrumb\",\"itemListElement\":[{\"@type\":\"ListItem\",\"position\":1,\"name\":\"Accueil\",\"item\":\"https:\/\/www.procoiffure.com\/blog\/\"},{\"@type\":\"ListItem\",\"position\":2,\"name\":\"Make-up\"}]},{\"@type\":\"WebSite\",\"@id\":\"https:\/\/www.procoiffure.com\/blog\/#website\",\"url\":\"https:\/\/www.procoiffure.com\/blog\/\",\"name\":\"L'actu beaut\u00e9 | Pro Coiffure Esth\u00e9tique\",\"description\":\"\",\"publisher\":{\"@id\":\"https:\/\/www.procoiffure.com\/blog\/#organization\"},\"potentialAction\":[{\"@type\":\"SearchAction\",\"target\":{\"@type\":\"EntryPoint\",\"urlTemplate\":\"https:\/\/www.procoiffure.com\/blog\/?s={search_term_string}\"},\"query-input\":{\"@type\":\"PropertyValueSpecification\",\"valueRequired\":true,\"valueName\":\"search_term_string\"}}],\"inLanguage\":\"fr-FR\"},{\"@type\":\"Organization\",\"@id\":\"https:\/\/www.procoiffure.com\/blog\/#organization\",\"name\":\"Le Blog de No\u00e9mie\",\"url\":\"https:\/\/www.procoiffure.com\/blog\/\",\"logo\":{\"@type\":\"ImageObject\",\"inLanguage\":\"fr-FR\",\"@id\":\"https:\/\/www.procoiffure.com\/blog\/#\/schema\/logo\/image\/\",\"url\":\"https:\/\/www.procoiffure.com\/blog\/wp-content\/uploads\/2025\/03\/LOGO-BLOG-1.png\",\"contentUrl\":\"https:\/\/www.procoiffure.com\/blog\/wp-content\/uploads\/2025\/03\/LOGO-BLOG-1.png\",\"width\":998,\"height\":397,\"caption\":\"Le Blog de No\u00e9mie\"},\"image\":{\"@id\":\"https:\/\/www.procoiffure.com\/blog\/#\/schema\/logo\/image\/\"}}]}<\/script>\n<!-- \/ Yoast SEO plugin. -->","yoast_head_json":{"title":"Make-up | L&#039;actu beaut\u00e9 | Pro Coiffure Esht\u00e9tique","description":"Explorez les derni\u00e8res tendances maquillage, conseils et astuces pour sublimer votre visage et cr\u00e9er des looks vari\u00e9s, du naturel au plus audacieux.","robots":{"index":"index","follow":"follow","max-snippet":"max-snippet:-1","max-image-preview":"max-image-preview:large","max-video-preview":"max-video-preview:-1"},"canonical":"https:\/\/www.procoiffure.com\/blog\/category\/make-up\/","og_locale":"fr_FR","og_type":"article","og_title":"Make-up | L&#039;actu beaut\u00e9 | Pro Coiffure Esht\u00e9tique","og_description":"Explorez les derni\u00e8res tendances maquillage, conseils et astuces pour sublimer votre visage et cr\u00e9er des looks vari\u00e9s, du naturel au plus audacieux.","og_url":"https:\/\/www.procoiffure.com\/blog\/category\/make-up\/","og_site_name":"L&#039;actu beaut\u00e9 | Pro Coiffure Esht\u00e9tique","twitter_card":"summary_large_image","schema":{"@context":"https:\/\/schema.org","@graph":[{"@type":"CollectionPage","@id":"https:\/\/www.procoiffure.com\/blog\/category\/make-up\/","url":"https:\/\/www.procoiffure.com\/blog\/category\/make-up\/","name":"Make-up | L&#039;actu beaut\u00e9 | Pro Coiffure Esht\u00e9tique","isPartOf":{"@id":"https:\/\/www.procoiffure.com\/blog\/#website"},"description":"Explorez les derni\u00e8res tendances maquillage, conseils et astuces pour sublimer votre visage et cr\u00e9er des looks vari\u00e9s, du naturel au plus audacieux.","breadcrumb":{"@id":"https:\/\/www.procoiffure.com\/blog\/category\/make-up\/#breadcrumb"},"inLanguage":"fr-FR"},{"@type":"BreadcrumbList","@id":"https:\/\/www.procoiffure.com\/blog\/category\/make-up\/#breadcrumb","itemListElement":[{"@type":"ListItem","position":1,"name":"Accueil","item":"https:\/\/www.procoiffure.com\/blog\/"},{"@type":"ListItem","position":2,"name":"Make-up"}]},{"@type":"WebSite","@id":"https:\/\/www.procoiffure.com\/blog\/#website","url":"https:\/\/www.procoiffure.com\/blog\/","name":"L'actu beaut\u00e9 | Pro Coiffure Esth\u00e9tique","description":"","publisher":{"@id":"https:\/\/www.procoiffure.com\/blog\/#organization"},"potentialAction":[{"@type":"SearchAction","target":{"@type":"EntryPoint","urlTemplate":"https:\/\/www.procoiffure.com\/blog\/?s={search_term_string}"},"query-input":{"@type":"PropertyValueSpecification","valueRequired":true,"valueName":"search_term_string"}}],"inLanguage":"fr-FR"},{"@type":"Organization","@id":"https:\/\/www.procoiffure.com\/blog\/#organization","name":"Le Blog de No\u00e9mie","url":"https:\/\/www.procoiffure.com\/blog\/","logo":{"@type":"ImageObject","inLanguage":"fr-FR","@id":"https:\/\/www.procoiffure.com\/blog\/#\/schema\/logo\/image\/","url":"https:\/\/www.procoiffure.com\/blog\/wp-content\/uploads\/2025\/03\/LOGO-BLOG-1.png","contentUrl":"https:\/\/www.procoiffure.com\/blog\/wp-content\/uploads\/2025\/03\/LOGO-BLOG-1.png","width":998,"height":397,"caption":"Le Blog de No\u00e9mie"},"image":{"@id":"https:\/\/www.procoiffure.com\/blog\/#\/schema\/logo\/image\/"}}]}},"_links":{"self":[{"href":"https:\/\/www.procoiffure.com\/blog\/wp-json\/wp\/v2\/categories\/3","targetHints":{"allow":["GET"]}}],"collection":[{"href":"https:\/\/www.procoiffure.com\/blog\/wp-json\/wp\/v2\/categories"}],"about":[{"href":"https:\/\/www.procoiffure.com\/blog\/wp-json\/wp\/v2\/taxonomies\/category"}],"wp:post_type":[{"href":"https:\/\/www.procoiffure.com\/blog\/wp-json\/wp\/v2\/posts?categories=3"}],"curies":[{"name":"wp","href":"https:\/\/api.w.org\/{rel}","templated":true}]}}